{"id":19554,"date":"2014-09-30T11:25:38","date_gmt":"2014-09-30T14:25:38","guid":{"rendered":"https:\/\/www.blogsoestado.com\/danielmatos\/?p=19554"},"modified":"2014-09-30T11:25:38","modified_gmt":"2014-09-30T14:25:38","slug":"workshop-sobre-linguagem-e-matematica-em-paco-do-lumiar","status":"publish","type":"post","link":"https:\/\/www.blogsoestado.com\/danielmatos\/workshop-sobre-linguagem-e-matematica-em-paco-do-lumiar\/","title":{"rendered":"Workshop sobre linguagem e matem\u00e1tica em Pa\u00e7o do Lumiar"},"content":{"rendered":"<figure id=\"attachment_19555\" aria-describedby=\"caption-attachment-19555\" style=\"width: 640px\" class=\"wp-caption aligncenter\"><a href=\"https:\/\/www.blogsoestado.com\/danielmatos\/files\/2014\/09\/pa\u00e7o-workshop.jpg\"><img fetchpriority=\"high\" decoding=\"async\" class=\"size-full wp-image-19555\" src=\"https:\/\/www.blogsoestado.com\/danielmatos\/files\/2014\/09\/pa\u00e7o-workshop.jpg\" alt=\"Workshop envolveu 172 professores e 19 coordenadores pedag\u00f3gicos para aperfei\u00e7oar pr\u00e1tica pedag\u00f3gica\" width=\"640\" height=\"427\" \/><\/a><figcaption id=\"caption-attachment-19555\" class=\"wp-caption-text\">Workshop envolveu 172 professores e 19 coordenadores pedag\u00f3gicos para aperfei\u00e7oar pr\u00e1tica pedag\u00f3gica<\/figcaption><\/figure>\n<p>Os professores da rede municipal de ensino de Pa\u00e7o do Lumiar que desenvolvem o Pacto Nacional pela Alfabetiza\u00e7\u00e3o na Idade Certa (PNAIC) participaram nos dias 26 e 27 de setembro de workshop com oficinas de jogos matem\u00e1ticos.<\/p>\n<p>O workshop envolveu 172 professores e 19 coordenadores pedag\u00f3gicos com o objetivo de aperfei\u00e7oar ainda mais a pr\u00e1tica pedag\u00f3gica na perspectiva do letramento em linguagem e matem\u00e1tica.<\/p>\n<p>Para a secret\u00e1ria municipal de Educa\u00e7\u00e3o, Ana Paula Pires, \u201cos encontros ampliam as reflex\u00f5es sobre as experi\u00eancias em sala de aula com resultados expressivos no aprendizado de alunos do 1\u00ba e 3\u00ba ano\u201d.<\/p>\n<p>Pa\u00e7o do Lumiar aderiu ao PENAIC no in\u00edcio de 2013 e j\u00e1 est\u00e1 na segunda etapa da forma\u00e7\u00e3o que prev\u00ea a alfabetiza\u00e7\u00e3o de alunos do 1\u00ba ciclo at\u00e9 os 8 anos de idade.<\/p>\n<p><strong>Metodologia <\/strong><\/p>\n<p>As oficinas aconteceram em forma de rod\u00edzio e cada professor confeccionou seu pr\u00f3prio acervo de jogos que ir\u00e1 compor sua caixa pedag\u00f3gica. \u201cNossa meta \u00e9 atingir mais de 200 professores e alfabetizar 100% das nossas crian\u00e7as at\u00e9 os oito anos de idade elevando o \u00edndice do IDEB do munic\u00edpio\u201d, ressaltou a coordenadora municipal do PENAIC, Izoila Lucena.<\/p>\n<p>A equipe de orientadores de estudos \u00e9 formada por nove professores efetivos da rede com forma\u00e7\u00e3o ministrada por t\u00e9cnicos Universidade Federal do Maranh\u00e3o (UFMA) e Secretaria Municipal de Educa\u00e7\u00e3o de Pa\u00e7o do Lumiar (Semed).<\/p>\n","protected":false},"excerpt":{"rendered":"<p>Os professores da rede municipal de ensino de Pa\u00e7o do Lumiar que desenvolvem o Pacto Nacional pela Alfabetiza\u00e7\u00e3o na Idade [&hellip;]<\/p>\n","protected":false},"author":0,"featured_media":0,"comment_status":"open","ping_status":"open","sticky":false,"template":"","format":"standard","meta":{"site-sidebar-layout":"default","site-content-layout":"","ast-site-content-layout":"default","site-content-style":"default","site-sidebar-style":"default","ast-global-header-display":"","ast-banner-title-visibility":"","ast-main-header-display":"","ast-hfb-above-header-display":"","ast-hfb-below-header-display":"","ast-hfb-mobile-header-display":"","site-post-title":"","ast-breadcrumbs-content":"","ast-featured-img":"","footer-sml-layout":"","ast-disable-related-posts":"","theme-transparent-header-meta":"","adv-header-id-meta":"","stick-header-meta":"","header-above-stick-meta":"","header-main-stick-meta":"","header-below-stick-meta":"","astra-migrate-meta-layouts":"default","ast-page-background-enabled":"default","ast-page-background-meta":{"desktop":{"background-color":"var(--ast-global-color-5)","background-image":"","background-repeat":"repeat","background-position":"center center","background-size":"auto","background-attachment":"scroll","background-type":"","background-media":"","overlay-type":"","overlay-color":"","overlay-opacity":"","overlay-gradient":""},"tablet":{"background-color":"","background-image":"","background-repeat":"repeat","background-position":"center center","background-size":"auto","background-attachment":"scroll","background-type":"","background-media":"","overlay-type":"","overlay-color":"","overlay-opacity":"","overlay-gradient":""},"mobile":{"background-color":"","background-image":"","background-repeat":"repeat","background-position":"center center","background-size":"auto","background-attachment":"scroll","background-type":"","background-media":"","overlay-type":"","overlay-color":"","overlay-opacity":"","overlay-gradient":""}},"ast-content-background-meta":{"desktop":{"background-color":"var(--ast-global-color-4)","background-image":"","background-repeat":"repeat","background-position":"center center","background-size":"auto","background-attachment":"scroll","background-type":"","background-media":"","overlay-type":"","overlay-color":"","overlay-opacity":"","overlay-gradient":""},"tablet":{"background-color":"var(--ast-global-color-4)","background-image":"","background-repeat":"repeat","background-position":"center center","background-size":"auto","background-attachment":"scroll","background-type":"","background-media":"","overlay-type":"","overlay-color":"","overlay-opacity":"","overlay-gradient":""},"mobile":{"background-color":"var(--ast-global-color-4)","background-image":"","background-repeat":"repeat","background-position":"center center","background-size":"auto","background-attachment":"scroll","background-type":"","background-media":"","overlay-type":"","overlay-color":"","overlay-opacity":"","overlay-gradient":""}},"footnotes":""},"categories":[1],"tags":[],"class_list":["post-19554","post","type-post","status-publish","format-standard","hentry","category-sem-categoria"],"yoast_head":"<!-- This site is optimized with the Yoast SEO plugin v26.6 - https:\/\/yoast.com\/wordpress\/plugins\/seo\/ -->\n<title>Workshop sobre linguagem e matem\u00e1tica em Pa\u00e7o do Lumiar - Daniel Matos<\/title>\n<meta name=\"robots\" content=\"index, follow, max-snippet:-1, max-image-preview:large, max-video-preview:-1\" \/>\n<link rel=\"canonical\" href=\"https:\/\/www.blogsoestado.com\/danielmatos\/workshop-sobre-linguagem-e-matematica-em-paco-do-lumiar\/\" \/>\n<meta property=\"og:locale\" content=\"pt_BR\" \/>\n<meta property=\"og:type\" content=\"article\" \/>\n<meta property=\"og:title\" content=\"Workshop sobre linguagem e matem\u00e1tica em Pa\u00e7o do Lumiar - Daniel Matos\" \/>\n<meta property=\"og:description\" content=\"Os professores da rede municipal de ensino de Pa\u00e7o do Lumiar que desenvolvem o Pacto Nacional pela Alfabetiza\u00e7\u00e3o na Idade [&hellip;]\" \/>\n<meta property=\"og:url\" content=\"https:\/\/www.blogsoestado.com\/danielmatos\/workshop-sobre-linguagem-e-matematica-em-paco-do-lumiar\/\" \/>\n<meta property=\"og:site_name\" content=\"Daniel Matos\" \/>\n<meta property=\"article:published_time\" content=\"2014-09-30T14:25:38+00:00\" \/>\n<meta name=\"twitter:card\" content=\"summary_large_image\" \/>\n<meta name=\"twitter:label1\" content=\"Est. tempo de leitura\" \/>\n\t<meta name=\"twitter:data1\" content=\"1 minuto\" \/>\n<script type=\"application\/ld+json\" class=\"yoast-schema-graph\">{\"@context\":\"https:\/\/schema.org\",\"@graph\":[{\"@type\":\"WebPage\",\"@id\":\"https:\/\/www.blogsoestado.com\/danielmatos\/workshop-sobre-linguagem-e-matematica-em-paco-do-lumiar\/\",\"url\":\"https:\/\/www.blogsoestado.com\/danielmatos\/workshop-sobre-linguagem-e-matematica-em-paco-do-lumiar\/\",\"name\":\"Workshop sobre linguagem e matem\u00e1tica em Pa\u00e7o do Lumiar - Daniel Matos\",\"isPartOf\":{\"@id\":\"https:\/\/www.blogsoestado.com\/danielmatos\/#website\"},\"datePublished\":\"2014-09-30T14:25:38+00:00\",\"author\":{\"@id\":\"\"},\"breadcrumb\":{\"@id\":\"https:\/\/www.blogsoestado.com\/danielmatos\/workshop-sobre-linguagem-e-matematica-em-paco-do-lumiar\/#breadcrumb\"},\"inLanguage\":\"pt-BR\",\"potentialAction\":[{\"@type\":\"ReadAction\",\"target\":[\"https:\/\/www.blogsoestado.com\/danielmatos\/workshop-sobre-linguagem-e-matematica-em-paco-do-lumiar\/\"]}]},{\"@type\":\"BreadcrumbList\",\"@id\":\"https:\/\/www.blogsoestado.com\/danielmatos\/workshop-sobre-linguagem-e-matematica-em-paco-do-lumiar\/#breadcrumb\",\"itemListElement\":[{\"@type\":\"ListItem\",\"position\":1,\"name\":\"In\u00edcio\",\"item\":\"https:\/\/www.blogsoestado.com\/danielmatos\/\"},{\"@type\":\"ListItem\",\"position\":2,\"name\":\"Workshop sobre linguagem e matem\u00e1tica em Pa\u00e7o do Lumiar\"}]},{\"@type\":\"WebSite\",\"@id\":\"https:\/\/www.blogsoestado.com\/danielmatos\/#website\",\"url\":\"https:\/\/www.blogsoestado.com\/danielmatos\/\",\"name\":\"Daniel Matos\",\"description\":\"\",\"potentialAction\":[{\"@type\":\"SearchAction\",\"target\":{\"@type\":\"EntryPoint\",\"urlTemplate\":\"https:\/\/www.blogsoestado.com\/danielmatos\/?s={search_term_string}\"},\"query-input\":{\"@type\":\"PropertyValueSpecification\",\"valueRequired\":true,\"valueName\":\"search_term_string\"}}],\"inLanguage\":\"pt-BR\"}]}<\/script>\n<!-- \/ Yoast SEO plugin. -->","yoast_head_json":{"title":"Workshop sobre linguagem e matem\u00e1tica em Pa\u00e7o do Lumiar - Daniel Matos","robots":{"index":"index","follow":"follow","max-snippet":"max-snippet:-1","max-image-preview":"max-image-preview:large","max-video-preview":"max-video-preview:-1"},"canonical":"https:\/\/www.blogsoestado.com\/danielmatos\/workshop-sobre-linguagem-e-matematica-em-paco-do-lumiar\/","og_locale":"pt_BR","og_type":"article","og_title":"Workshop sobre linguagem e matem\u00e1tica em Pa\u00e7o do Lumiar - Daniel Matos","og_description":"Os professores da rede municipal de ensino de Pa\u00e7o do Lumiar que desenvolvem o Pacto Nacional pela Alfabetiza\u00e7\u00e3o na Idade [&hellip;]","og_url":"https:\/\/www.blogsoestado.com\/danielmatos\/workshop-sobre-linguagem-e-matematica-em-paco-do-lumiar\/","og_site_name":"Daniel Matos","article_published_time":"2014-09-30T14:25:38+00:00","twitter_card":"summary_large_image","twitter_misc":{"Est. tempo de leitura":"1 minuto"},"schema":{"@context":"https:\/\/schema.org","@graph":[{"@type":"WebPage","@id":"https:\/\/www.blogsoestado.com\/danielmatos\/workshop-sobre-linguagem-e-matematica-em-paco-do-lumiar\/","url":"https:\/\/www.blogsoestado.com\/danielmatos\/workshop-sobre-linguagem-e-matematica-em-paco-do-lumiar\/","name":"Workshop sobre linguagem e matem\u00e1tica em Pa\u00e7o do Lumiar - Daniel Matos","isPartOf":{"@id":"https:\/\/www.blogsoestado.com\/danielmatos\/#website"},"datePublished":"2014-09-30T14:25:38+00:00","author":{"@id":""},"breadcrumb":{"@id":"https:\/\/www.blogsoestado.com\/danielmatos\/workshop-sobre-linguagem-e-matematica-em-paco-do-lumiar\/#breadcrumb"},"inLanguage":"pt-BR","potentialAction":[{"@type":"ReadAction","target":["https:\/\/www.blogsoestado.com\/danielmatos\/workshop-sobre-linguagem-e-matematica-em-paco-do-lumiar\/"]}]},{"@type":"BreadcrumbList","@id":"https:\/\/www.blogsoestado.com\/danielmatos\/workshop-sobre-linguagem-e-matematica-em-paco-do-lumiar\/#breadcrumb","itemListElement":[{"@type":"ListItem","position":1,"name":"In\u00edcio","item":"https:\/\/www.blogsoestado.com\/danielmatos\/"},{"@type":"ListItem","position":2,"name":"Workshop sobre linguagem e matem\u00e1tica em Pa\u00e7o do Lumiar"}]},{"@type":"WebSite","@id":"https:\/\/www.blogsoestado.com\/danielmatos\/#website","url":"https:\/\/www.blogsoestado.com\/danielmatos\/","name":"Daniel Matos","description":"","potentialAction":[{"@type":"SearchAction","target":{"@type":"EntryPoint","urlTemplate":"https:\/\/www.blogsoestado.com\/danielmatos\/?s={search_term_string}"},"query-input":{"@type":"PropertyValueSpecification","valueRequired":true,"valueName":"search_term_string"}}],"inLanguage":"pt-BR"}]}},"jetpack_featured_media_url":"","_links":{"self":[{"href":"https:\/\/www.blogsoestado.com\/danielmatos\/wp-json\/wp\/v2\/posts\/19554","targetHints":{"allow":["GET"]}}],"collection":[{"href":"https:\/\/www.blogsoestado.com\/danielmatos\/wp-json\/wp\/v2\/posts"}],"about":[{"href":"https:\/\/www.blogsoestado.com\/danielmatos\/wp-json\/wp\/v2\/types\/post"}],"replies":[{"embeddable":true,"href":"https:\/\/www.blogsoestado.com\/danielmatos\/wp-json\/wp\/v2\/comments?post=19554"}],"version-history":[{"count":0,"href":"https:\/\/www.blogsoestado.com\/danielmatos\/wp-json\/wp\/v2\/posts\/19554\/revisions"}],"wp:attachment":[{"href":"https:\/\/www.blogsoestado.com\/danielmatos\/wp-json\/wp\/v2\/media?parent=19554"}],"wp:term":[{"taxonomy":"category","embeddable":true,"href":"https:\/\/www.blogsoestado.com\/danielmatos\/wp-json\/wp\/v2\/categories?post=19554"},{"taxonomy":"post_tag","embeddable":true,"href":"https:\/\/www.blogsoestado.com\/danielmatos\/wp-json\/wp\/v2\/tags?post=19554"}],"curies":[{"name":"wp","href":"https:\/\/api.w.org\/{rel}","templated":true}]}}