{"id":19558,"date":"2014-09-30T12:18:59","date_gmt":"2014-09-30T15:18:59","guid":{"rendered":"https:\/\/www.blogsoestado.com\/danielmatos\/?p=19558"},"modified":"2014-09-30T12:18:59","modified_gmt":"2014-09-30T15:18:59","slug":"lobao-filho-discute-relacionamento-entre-governo-e-igreja-com-lideres-evangelicos","status":"publish","type":"post","link":"https:\/\/www.blogsoestado.com\/danielmatos\/lobao-filho-discute-relacionamento-entre-governo-e-igreja-com-lideres-evangelicos\/","title":{"rendered":"Lob\u00e3o Filho discute relacionamento entre governo e igreja com l\u00edderes evang\u00e9licos"},"content":{"rendered":"<figure id=\"attachment_19559\" aria-describedby=\"caption-attachment-19559\" style=\"width: 640px\" class=\"wp-caption aligncenter\"><a href=\"https:\/\/www.blogsoestado.com\/danielmatos\/files\/2014\/09\/lobao-evangelicos.jpg\"><img fetchpriority=\"high\" decoding=\"async\" class=\"size-full wp-image-19559\" src=\"https:\/\/www.blogsoestado.com\/danielmatos\/files\/2014\/09\/lobao-evangelicos.jpg\" alt=\"Lob\u00e3o Filho discutiu com pastores de v\u00e1rias congrega\u00e7\u00f5es relacionamento entre o governo e as igrejas evang\u00e9lica do Maranh\u00e3o\" width=\"640\" height=\"427\" \/><\/a><figcaption id=\"caption-attachment-19559\" class=\"wp-caption-text\">Lob\u00e3o Filho discutiu com pastores de v\u00e1rias congrega\u00e7\u00f5es relacionamento entre o governo e as igrejas evang\u00e9lica do Maranh\u00e3o (<strong>Fotos:<\/strong> J\u00fanior Foicinha)<\/figcaption><\/figure>\n<p>O candidato ao governo do Estado, senador Lob\u00e3o Filho (PMDB), reuniu-se, nesta segunda-feira (30), em S\u00e3o Lu\u00eds, com lideran\u00e7as evang\u00e9licas para discutir o relacionamento entre o governo e as igrejas do Maranh\u00e3o. Pastores e membros de diversas congrega\u00e7\u00f5es compareceram ao evento e discutiram propostas de alian\u00e7as para o desenvolvimento de servi\u00e7os sociais em prol do estado.<\/p>\n<p>\u201cO governo n\u00e3o pode financiar a igreja, mas pode instrument\u00e1-la para que voc\u00eas atuem na sociedade junto ao governo. A igreja \u00e9 um bom caminho, por exemplo, para tirar os jovens das drogas. N\u00e3o vou tirar os jovens do crack com a pol\u00edcia, mas pela f\u00e9 e pela alma e n\u00e3o h\u00e1 como chegar ao cora\u00e7\u00e3o das pessoas sem voc\u00eas\u201d, afirmou Lob\u00e3o Filho aos pastores.<\/p>\n<p>O mission\u00e1rio Vilas Boas, presidente da Unipas (Uni\u00e3o Internacional de Pastores e Capel\u00e3es Volunt\u00e1rios) no Maranh\u00e3o levantou a necessidade de albergues e casas de repouso para abrigar mendigos no estado. \u201cN\u00f3s capel\u00e3es distribu\u00edmos alimentos e cobertores \u00e0 noite para os moradores de rua, mas n\u00e3o temos para onde leva-los\u201d. Vilas Boas citou o exemplo de estados como S\u00e3o Paulo e Santa Catarina em que o estado oferece albergues com banho e dormit\u00f3rio para que essas pessoas passem a noite.<\/p>\n<p>Lob\u00e3o Filho prop\u00f4s um servi\u00e7o em larga escala, equiparando o trabalho de todos os pastores \u00e0 capelania. \u201cMinha proposta \u00e9 que os pastores n\u00e3o se direcionem apenas aos fieis, mas que assistam \u00e0s fam\u00edlias em situa\u00e7\u00f5es de dificuldade, aos presos e demais setores da sociedade carente de amparo espiritual\u201d, sugeriu. \u201cH\u00e1 traficantes nas portas das escolas e a igreja \u00e9 o ex\u00e9rcito do bem para enfrentar esse mal. Para enfrentar o traficante, o governo tem a pol\u00edcia, mas a igreja \u00e9 uma grande aliada das v\u00edtimas\u201d, completou.<\/p>\n<p><strong>Juventude<\/strong><\/p>\n<figure id=\"attachment_19560\" aria-describedby=\"caption-attachment-19560\" style=\"width: 640px\" class=\"wp-caption aligncenter\"><a href=\"https:\/\/www.blogsoestado.com\/danielmatos\/files\/2014\/09\/lobao-evangelicos2.jpg\"><img decoding=\"async\" class=\"size-full wp-image-19560\" src=\"https:\/\/www.blogsoestado.com\/danielmatos\/files\/2014\/09\/lobao-evangelicos2.jpg\" alt=\"Pastor enumera ao candidato ao PMDB assuntos de interesse das igrejas evang\u00e9licas \" width=\"640\" height=\"373\" \/><\/a><figcaption id=\"caption-attachment-19560\" class=\"wp-caption-text\">Pastor enumera ao candidato ao PMDB assuntos de interesse da comunidade\u00a0evang\u00e9lica do Maranh\u00e3o<\/figcaption><\/figure>\n<p>O estudante Mizael Junior, participante do programa do governo federal Ci\u00eancia sem Fronteiras, destacou a participa\u00e7\u00e3o do senador Lob\u00e3o Filho na aprova\u00e7\u00e3o do programa no Congresso Nacional e afirmou que o candidato tem muito a fazer pela juventude do estado. \u201cA juventude evang\u00e9lica apoia Lob\u00e3o Filho. Em terra que o comunismo pisa n\u00e3o cresce grama. Quem conhece a verdade, n\u00e3o apoia o outro lado\u201d, declarou.<\/p>\n<p>Lob\u00e3o Filho recebeu as ora\u00e7\u00f5es dos l\u00edderes evang\u00e9licos para a obten\u00e7\u00e3o de intelig\u00eancia emocional e habilidade para lidar com as press\u00f5es da reta final da campanha. O candidato agradeceu as preces e finalizou o evento com um pedido. \u201cN\u00e3o venho aqui pedir votos, mas pe\u00e7o que voc\u00eas orem para que seja escolhido o melhor candidato para o Maranh\u00e3o. O nosso estado pode ser muito maravilhoso para o nosso povo e, se Deus permitir, h\u00e1 de ser muito em breve\u201d.<\/p>\n","protected":false},"excerpt":{"rendered":"<p>O candidato ao governo do Estado, senador Lob\u00e3o Filho (PMDB), reuniu-se, nesta segunda-feira (30), em S\u00e3o Lu\u00eds, com lideran\u00e7as evang\u00e9licas [&hellip;]<\/p>\n","protected":false},"author":0,"featured_media":0,"comment_status":"open","ping_status":"open","sticky":false,"template":"","format":"standard","meta":{"site-sidebar-layout":"default","site-content-layout":"","ast-site-content-layout":"default","site-content-style":"default","site-sidebar-style":"default","ast-global-header-display":"","ast-banner-title-visibility":"","ast-main-header-display":"","ast-hfb-above-header-display":"","ast-hfb-below-header-display":"","ast-hfb-mobile-header-display":"","site-post-title":"","ast-breadcrumbs-content":"","ast-featured-img":"","footer-sml-layout":"","ast-disable-related-posts":"","theme-transparent-header-meta":"","adv-header-id-meta":"","stick-header-meta":"","header-above-stick-meta":"","header-main-stick-meta":"","header-below-stick-meta":"","astra-migrate-meta-layouts":"default","ast-page-background-enabled":"default","ast-page-background-meta":{"desktop":{"background-color":"var(--ast-global-color-5)","background-image":"","background-repeat":"repeat","background-position":"center center","background-size":"auto","background-attachment":"scroll","background-type":"","background-media":"","overlay-type":"","overlay-color":"","overlay-opacity":"","overlay-gradient":""},"tablet":{"background-color":"","background-image":"","background-repeat":"repeat","background-position":"center center","background-size":"auto","background-attachment":"scroll","background-type":"","background-media":"","overlay-type":"","overlay-color":"","overlay-opacity":"","overlay-gradient":""},"mobile":{"background-color":"","background-image":"","background-repeat":"repeat","background-position":"center center","background-size":"auto","background-attachment":"scroll","background-type":"","background-media":"","overlay-type":"","overlay-color":"","overlay-opacity":"","overlay-gradient":""}},"ast-content-background-meta":{"desktop":{"background-color":"var(--ast-global-color-4)","background-image":"","background-repeat":"repeat","background-position":"center center","background-size":"auto","background-attachment":"scroll","background-type":"","background-media":"","overlay-type":"","overlay-color":"","overlay-opacity":"","overlay-gradient":""},"tablet":{"background-color":"var(--ast-global-color-4)","background-image":"","background-repeat":"repeat","background-position":"center center","background-size":"auto","background-attachment":"scroll","background-type":"","background-media":"","overlay-type":"","overlay-color":"","overlay-opacity":"","overlay-gradient":""},"mobile":{"background-color":"var(--ast-global-color-4)","background-image":"","background-repeat":"repeat","background-position":"center center","background-size":"auto","background-attachment":"scroll","background-type":"","background-media":"","overlay-type":"","overlay-color":"","overlay-opacity":"","overlay-gradient":""}},"footnotes":""},"categories":[1],"tags":[],"class_list":["post-19558","post","type-post","status-publish","format-standard","hentry","category-sem-categoria"],"yoast_head":"<!-- This site is optimized with the Yoast SEO plugin v26.6 - https:\/\/yoast.com\/wordpress\/plugins\/seo\/ -->\n<title>Lob\u00e3o Filho discute relacionamento entre governo e igreja com l\u00edderes evang\u00e9licos - Daniel Matos<\/title>\n<meta name=\"robots\" content=\"index, follow, max-snippet:-1, max-image-preview:large, max-video-preview:-1\" \/>\n<link rel=\"canonical\" href=\"https:\/\/www.blogsoestado.com\/danielmatos\/lobao-filho-discute-relacionamento-entre-governo-e-igreja-com-lideres-evangelicos\/\" \/>\n<meta property=\"og:locale\" content=\"pt_BR\" \/>\n<meta property=\"og:type\" content=\"article\" \/>\n<meta property=\"og:title\" content=\"Lob\u00e3o Filho discute relacionamento entre governo e igreja com l\u00edderes evang\u00e9licos - Daniel Matos\" \/>\n<meta property=\"og:description\" content=\"O candidato ao governo do Estado, senador Lob\u00e3o Filho (PMDB), reuniu-se, nesta segunda-feira (30), em S\u00e3o Lu\u00eds, com lideran\u00e7as evang\u00e9licas [&hellip;]\" \/>\n<meta property=\"og:url\" content=\"https:\/\/www.blogsoestado.com\/danielmatos\/lobao-filho-discute-relacionamento-entre-governo-e-igreja-com-lideres-evangelicos\/\" \/>\n<meta property=\"og:site_name\" content=\"Daniel Matos\" \/>\n<meta property=\"article:published_time\" content=\"2014-09-30T15:18:59+00:00\" \/>\n<meta property=\"og:image\" content=\"https:\/\/www.blogsoestado.com\/danielmatos\/files\/2014\/09\/lobao-evangelicos.jpg\" \/>\n<meta name=\"twitter:card\" content=\"summary_large_image\" \/>\n<meta name=\"twitter:label1\" content=\"Est. tempo de leitura\" \/>\n\t<meta name=\"twitter:data1\" content=\"3 minutos\" \/>\n<script type=\"application\/ld+json\" class=\"yoast-schema-graph\">{\"@context\":\"https:\/\/schema.org\",\"@graph\":[{\"@type\":\"WebPage\",\"@id\":\"https:\/\/www.blogsoestado.com\/danielmatos\/lobao-filho-discute-relacionamento-entre-governo-e-igreja-com-lideres-evangelicos\/\",\"url\":\"https:\/\/www.blogsoestado.com\/danielmatos\/lobao-filho-discute-relacionamento-entre-governo-e-igreja-com-lideres-evangelicos\/\",\"name\":\"Lob\u00e3o Filho discute relacionamento entre governo e igreja com l\u00edderes evang\u00e9licos - Daniel Matos\",\"isPartOf\":{\"@id\":\"https:\/\/www.blogsoestado.com\/danielmatos\/#website\"},\"primaryImageOfPage\":{\"@id\":\"https:\/\/www.blogsoestado.com\/danielmatos\/lobao-filho-discute-relacionamento-entre-governo-e-igreja-com-lideres-evangelicos\/#primaryimage\"},\"image\":{\"@id\":\"https:\/\/www.blogsoestado.com\/danielmatos\/lobao-filho-discute-relacionamento-entre-governo-e-igreja-com-lideres-evangelicos\/#primaryimage\"},\"thumbnailUrl\":\"https:\/\/www.blogsoestado.com\/danielmatos\/files\/2014\/09\/lobao-evangelicos.jpg\",\"datePublished\":\"2014-09-30T15:18:59+00:00\",\"author\":{\"@id\":\"\"},\"breadcrumb\":{\"@id\":\"https:\/\/www.blogsoestado.com\/danielmatos\/lobao-filho-discute-relacionamento-entre-governo-e-igreja-com-lideres-evangelicos\/#breadcrumb\"},\"inLanguage\":\"pt-BR\",\"potentialAction\":[{\"@type\":\"ReadAction\",\"target\":[\"https:\/\/www.blogsoestado.com\/danielmatos\/lobao-filho-discute-relacionamento-entre-governo-e-igreja-com-lideres-evangelicos\/\"]}]},{\"@type\":\"ImageObject\",\"inLanguage\":\"pt-BR\",\"@id\":\"https:\/\/www.blogsoestado.com\/danielmatos\/lobao-filho-discute-relacionamento-entre-governo-e-igreja-com-lideres-evangelicos\/#primaryimage\",\"url\":\"https:\/\/www.blogsoestado.com\/danielmatos\/files\/2014\/09\/lobao-evangelicos.jpg\",\"contentUrl\":\"https:\/\/www.blogsoestado.com\/danielmatos\/files\/2014\/09\/lobao-evangelicos.jpg\"},{\"@type\":\"BreadcrumbList\",\"@id\":\"https:\/\/www.blogsoestado.com\/danielmatos\/lobao-filho-discute-relacionamento-entre-governo-e-igreja-com-lideres-evangelicos\/#breadcrumb\",\"itemListElement\":[{\"@type\":\"ListItem\",\"position\":1,\"name\":\"In\u00edcio\",\"item\":\"https:\/\/www.blogsoestado.com\/danielmatos\/\"},{\"@type\":\"ListItem\",\"position\":2,\"name\":\"Lob\u00e3o Filho discute relacionamento entre governo e igreja com l\u00edderes evang\u00e9licos\"}]},{\"@type\":\"WebSite\",\"@id\":\"https:\/\/www.blogsoestado.com\/danielmatos\/#website\",\"url\":\"https:\/\/www.blogsoestado.com\/danielmatos\/\",\"name\":\"Daniel Matos\",\"description\":\"\",\"potentialAction\":[{\"@type\":\"SearchAction\",\"target\":{\"@type\":\"EntryPoint\",\"urlTemplate\":\"https:\/\/www.blogsoestado.com\/danielmatos\/?s={search_term_string}\"},\"query-input\":{\"@type\":\"PropertyValueSpecification\",\"valueRequired\":true,\"valueName\":\"search_term_string\"}}],\"inLanguage\":\"pt-BR\"}]}<\/script>\n<!-- \/ Yoast SEO plugin. -->","yoast_head_json":{"title":"Lob\u00e3o Filho discute relacionamento entre governo e igreja com l\u00edderes evang\u00e9licos - Daniel Matos","robots":{"index":"index","follow":"follow","max-snippet":"max-snippet:-1","max-image-preview":"max-image-preview:large","max-video-preview":"max-video-preview:-1"},"canonical":"https:\/\/www.blogsoestado.com\/danielmatos\/lobao-filho-discute-relacionamento-entre-governo-e-igreja-com-lideres-evangelicos\/","og_locale":"pt_BR","og_type":"article","og_title":"Lob\u00e3o Filho discute relacionamento entre governo e igreja com l\u00edderes evang\u00e9licos - Daniel Matos","og_description":"O candidato ao governo do Estado, senador Lob\u00e3o Filho (PMDB), reuniu-se, nesta segunda-feira (30), em S\u00e3o Lu\u00eds, com lideran\u00e7as evang\u00e9licas [&hellip;]","og_url":"https:\/\/www.blogsoestado.com\/danielmatos\/lobao-filho-discute-relacionamento-entre-governo-e-igreja-com-lideres-evangelicos\/","og_site_name":"Daniel Matos","article_published_time":"2014-09-30T15:18:59+00:00","og_image":[{"url":"https:\/\/www.blogsoestado.com\/danielmatos\/files\/2014\/09\/lobao-evangelicos.jpg","type":"","width":"","height":""}],"twitter_card":"summary_large_image","twitter_misc":{"Est. tempo de leitura":"3 minutos"},"schema":{"@context":"https:\/\/schema.org","@graph":[{"@type":"WebPage","@id":"https:\/\/www.blogsoestado.com\/danielmatos\/lobao-filho-discute-relacionamento-entre-governo-e-igreja-com-lideres-evangelicos\/","url":"https:\/\/www.blogsoestado.com\/danielmatos\/lobao-filho-discute-relacionamento-entre-governo-e-igreja-com-lideres-evangelicos\/","name":"Lob\u00e3o Filho discute relacionamento entre governo e igreja com l\u00edderes evang\u00e9licos - Daniel Matos","isPartOf":{"@id":"https:\/\/www.blogsoestado.com\/danielmatos\/#website"},"primaryImageOfPage":{"@id":"https:\/\/www.blogsoestado.com\/danielmatos\/lobao-filho-discute-relacionamento-entre-governo-e-igreja-com-lideres-evangelicos\/#primaryimage"},"image":{"@id":"https:\/\/www.blogsoestado.com\/danielmatos\/lobao-filho-discute-relacionamento-entre-governo-e-igreja-com-lideres-evangelicos\/#primaryimage"},"thumbnailUrl":"https:\/\/www.blogsoestado.com\/danielmatos\/files\/2014\/09\/lobao-evangelicos.jpg","datePublished":"2014-09-30T15:18:59+00:00","author":{"@id":""},"breadcrumb":{"@id":"https:\/\/www.blogsoestado.com\/danielmatos\/lobao-filho-discute-relacionamento-entre-governo-e-igreja-com-lideres-evangelicos\/#breadcrumb"},"inLanguage":"pt-BR","potentialAction":[{"@type":"ReadAction","target":["https:\/\/www.blogsoestado.com\/danielmatos\/lobao-filho-discute-relacionamento-entre-governo-e-igreja-com-lideres-evangelicos\/"]}]},{"@type":"ImageObject","inLanguage":"pt-BR","@id":"https:\/\/www.blogsoestado.com\/danielmatos\/lobao-filho-discute-relacionamento-entre-governo-e-igreja-com-lideres-evangelicos\/#primaryimage","url":"https:\/\/www.blogsoestado.com\/danielmatos\/files\/2014\/09\/lobao-evangelicos.jpg","contentUrl":"https:\/\/www.blogsoestado.com\/danielmatos\/files\/2014\/09\/lobao-evangelicos.jpg"},{"@type":"BreadcrumbList","@id":"https:\/\/www.blogsoestado.com\/danielmatos\/lobao-filho-discute-relacionamento-entre-governo-e-igreja-com-lideres-evangelicos\/#breadcrumb","itemListElement":[{"@type":"ListItem","position":1,"name":"In\u00edcio","item":"https:\/\/www.blogsoestado.com\/danielmatos\/"},{"@type":"ListItem","position":2,"name":"Lob\u00e3o Filho discute relacionamento entre governo e igreja com l\u00edderes evang\u00e9licos"}]},{"@type":"WebSite","@id":"https:\/\/www.blogsoestado.com\/danielmatos\/#website","url":"https:\/\/www.blogsoestado.com\/danielmatos\/","name":"Daniel Matos","description":"","potentialAction":[{"@type":"SearchAction","target":{"@type":"EntryPoint","urlTemplate":"https:\/\/www.blogsoestado.com\/danielmatos\/?s={search_term_string}"},"query-input":{"@type":"PropertyValueSpecification","valueRequired":true,"valueName":"search_term_string"}}],"inLanguage":"pt-BR"}]}},"jetpack_featured_media_url":"","_links":{"self":[{"href":"https:\/\/www.blogsoestado.com\/danielmatos\/wp-json\/wp\/v2\/posts\/19558","targetHints":{"allow":["GET"]}}],"collection":[{"href":"https:\/\/www.blogsoestado.com\/danielmatos\/wp-json\/wp\/v2\/posts"}],"about":[{"href":"https:\/\/www.blogsoestado.com\/danielmatos\/wp-json\/wp\/v2\/types\/post"}],"replies":[{"embeddable":true,"href":"https:\/\/www.blogsoestado.com\/danielmatos\/wp-json\/wp\/v2\/comments?post=19558"}],"version-history":[{"count":0,"href":"https:\/\/www.blogsoestado.com\/danielmatos\/wp-json\/wp\/v2\/posts\/19558\/revisions"}],"wp:attachment":[{"href":"https:\/\/www.blogsoestado.com\/danielmatos\/wp-json\/wp\/v2\/media?parent=19558"}],"wp:term":[{"taxonomy":"category","embeddable":true,"href":"https:\/\/www.blogsoestado.com\/danielmatos\/wp-json\/wp\/v2\/categories?post=19558"},{"taxonomy":"post_tag","embeddable":true,"href":"https:\/\/www.blogsoestado.com\/danielmatos\/wp-json\/wp\/v2\/tags?post=19558"}],"curies":[{"name":"wp","href":"https:\/\/api.w.org\/{rel}","templated":true}]}}