{"id":1956,"date":"2010-03-25T19:42:22","date_gmt":"2010-03-25T22:42:22","guid":{"rendered":"https:\/\/www.blogsoestado.com\/danielmatos\/?p=1956"},"modified":"2010-03-25T19:42:22","modified_gmt":"2010-03-25T22:42:22","slug":"misterio-desfeito-sueli-tonial-sera-a-nova-secretaria-municipal-de-educacao","status":"publish","type":"post","link":"https:\/\/www.blogsoestado.com\/danielmatos\/misterio-desfeito-sueli-tonial-sera-a-nova-secretaria-municipal-de-educacao\/","title":{"rendered":"Mist\u00e9rio desfeito: Sueli Tonial ser\u00e1 a nova secret\u00e1ria municipal de Educa\u00e7\u00e3o"},"content":{"rendered":"<p><img decoding=\"async\" class=\"alignright size-full wp-image-1957\" src=\"https:\/\/www.blogsoestado.com\/danielmatos\/files\/2010\/03\/sueli-tonial.jpg\" alt=\"sueli tonial\" width=\"100\" height=\"100\" \/><strong>Em primeira m\u00e3o:<\/strong> a\u00a0nutricionista, professora da Universidade Federal do Maranh\u00e3o (UFMA) e empres\u00e1ria Sueli Tonial (foto) ser\u00e1 empossada nesta sexta-feira (26), \u00e0s 10h30, no audit\u00f3rio da Prefeitura de S\u00e3o Lu\u00eds,\u00a0no cargo de secret\u00e1ria municipal de Educa\u00e7\u00e3o, segundo uma fonte do blog ligada \u00e0 \u00e1rea de ensino. Ela substituir\u00e1 o professor Moacir Feitosa, que precisar\u00e1 se desincompatibilizar do cargo para disputar uma vaga na C\u00e2mara Federal, em outubro.<\/p>\n<p>Ex-secret\u00e1ria de Sa\u00fade no governo de Jos\u00e9 Reinaldo Tavares (2002-2006), Sueli Tonial atualmente dedica-se muito mais ao ramo empresarial. Desde 2004, ela est\u00e1 \u00e0 frente da escola profissionalizante Laboro Excel\u00eancia em P\u00f3s-Gradua\u00e7\u00e3o, onde ocupa o cargo de diretora. Doutora em Sa\u00fade da Mulher e da Crian\u00e7a pela Fiocruz, ela tamb\u00e9m \u00e9\u00a0consultora do Minist\u00e9rio da Sa\u00fade.<\/p>\n<p>A indica\u00e7\u00e3o de Sueli Tonial para a Semed vinha sendo mantida em segredo pelo prefeito Jo\u00e3o Castelo (PSDB).\u00a0O mist\u00e9rio era tanto que nem mesmo o convite para a posse enviado \u00e0 imprensa na tarde de\u00a0ontem pela Secretaria Municipal de Comunica\u00e7\u00e3o (Secom) trazia o nome da nova titular da pasta. A mensagem se referia t\u00e3o somente \u00e0 sa\u00edda de Moacir Feitosa e informava hor\u00e1rio\u00a0e local da solenidade.<\/p>\n<p>Profissional habituada a atuar na \u00e1rea sa\u00fade, a nova secret\u00e1ria\u00a0n\u00e3o traz na bagagem nenhuma\u00a0experi\u00eancia significativa como gestora educacional.\u00a0Sua \u00fanica atua\u00e7\u00e3o nessa fun\u00e7\u00e3o at\u00e9 o momento \u00e9 como dirigente de uma institui\u00e7\u00e3o privada. Distor\u00e7\u00f5es curriculares \u00e0 parte,\u00a0caber\u00e1 a\u00a0Sueli Tonial,\u00a0a partir de hoje, a miss\u00e3o de\u00a0gerir a complexa\u00a0e numerosa rede de ensino da capital.<\/p>\n","protected":false},"excerpt":{"rendered":"<p>Em primeira m\u00e3o: a\u00a0nutricionista, professora da Universidade Federal do Maranh\u00e3o (UFMA) e empres\u00e1ria Sueli Tonial (foto) ser\u00e1 empossada nesta sexta-feira [&hellip;]<\/p>\n","protected":false},"author":0,"featured_media":0,"comment_status":"open","ping_status":"open","sticky":false,"template":"","format":"standard","meta":{"site-sidebar-layout":"default","site-content-layout":"","ast-site-content-layout":"default","site-content-style":"default","site-sidebar-style":"default","ast-global-header-display":"","ast-banner-title-visibility":"","ast-main-header-display":"","ast-hfb-above-header-display":"","ast-hfb-below-header-display":"","ast-hfb-mobile-header-display":"","site-post-title":"","ast-breadcrumbs-content":"","ast-featured-img":"","footer-sml-layout":"","ast-disable-related-posts":"","theme-transparent-header-meta":"","adv-header-id-meta":"","stick-header-meta":"","header-above-stick-meta":"","header-main-stick-meta":"","header-below-stick-meta":"","astra-migrate-meta-layouts":"default","ast-page-background-enabled":"default","ast-page-background-meta":{"desktop":{"background-color":"var(--ast-global-color-5)","background-image":"","background-repeat":"repeat","background-position":"center center","background-size":"auto","background-attachment":"scroll","background-type":"","background-media":"","overlay-type":"","overlay-color":"","overlay-opacity":"","overlay-gradient":""},"tablet":{"background-color":"","background-image":"","background-repeat":"repeat","background-position":"center center","background-size":"auto","background-attachment":"scroll","background-type":"","background-media":"","overlay-type":"","overlay-color":"","overlay-opacity":"","overlay-gradient":""},"mobile":{"background-color":"","background-image":"","background-repeat":"repeat","background-position":"center center","background-size":"auto","background-attachment":"scroll","background-type":"","background-media":"","overlay-type":"","overlay-color":"","overlay-opacity":"","overlay-gradient":""}},"ast-content-background-meta":{"desktop":{"background-color":"var(--ast-global-color-4)","background-image":"","background-repeat":"repeat","background-position":"center center","background-size":"auto","background-attachment":"scroll","background-type":"","background-media":"","overlay-type":"","overlay-color":"","overlay-opacity":"","overlay-gradient":""},"tablet":{"background-color":"var(--ast-global-color-4)","background-image":"","background-repeat":"repeat","background-position":"center center","background-size":"auto","background-attachment":"scroll","background-type":"","background-media":"","overlay-type":"","overlay-color":"","overlay-opacity":"","overlay-gradient":""},"mobile":{"background-color":"var(--ast-global-color-4)","background-image":"","background-repeat":"repeat","background-position":"center center","background-size":"auto","background-attachment":"scroll","background-type":"","background-media":"","overlay-type":"","overlay-color":"","overlay-opacity":"","overlay-gradient":""}},"footnotes":""},"categories":[1],"tags":[],"class_list":["post-1956","post","type-post","status-publish","format-standard","hentry","category-sem-categoria"],"yoast_head":"<!-- This site is optimized with the Yoast SEO plugin v26.6 - https:\/\/yoast.com\/wordpress\/plugins\/seo\/ -->\n<title>Mist\u00e9rio desfeito: Sueli Tonial ser\u00e1 a nova secret\u00e1ria municipal de Educa\u00e7\u00e3o - Daniel Matos<\/title>\n<meta name=\"robots\" content=\"index, follow, max-snippet:-1, max-image-preview:large, max-video-preview:-1\" \/>\n<link rel=\"canonical\" href=\"https:\/\/www.blogsoestado.com\/danielmatos\/misterio-desfeito-sueli-tonial-sera-a-nova-secretaria-municipal-de-educacao\/\" \/>\n<meta property=\"og:locale\" content=\"pt_BR\" \/>\n<meta property=\"og:type\" content=\"article\" \/>\n<meta property=\"og:title\" content=\"Mist\u00e9rio desfeito: Sueli Tonial ser\u00e1 a nova secret\u00e1ria municipal de Educa\u00e7\u00e3o - Daniel Matos\" \/>\n<meta property=\"og:description\" content=\"Em primeira m\u00e3o: a\u00a0nutricionista, professora da Universidade Federal do Maranh\u00e3o (UFMA) e empres\u00e1ria Sueli Tonial (foto) ser\u00e1 empossada nesta sexta-feira [&hellip;]\" \/>\n<meta property=\"og:url\" content=\"https:\/\/www.blogsoestado.com\/danielmatos\/misterio-desfeito-sueli-tonial-sera-a-nova-secretaria-municipal-de-educacao\/\" \/>\n<meta property=\"og:site_name\" content=\"Daniel Matos\" \/>\n<meta property=\"article:published_time\" content=\"2010-03-25T22:42:22+00:00\" \/>\n<meta property=\"og:image\" content=\"https:\/\/www.blogsoestado.com\/danielmatos\/files\/2010\/03\/sueli-tonial.jpg\" \/>\n<meta name=\"twitter:card\" content=\"summary_large_image\" \/>\n<meta name=\"twitter:label1\" content=\"Est. tempo de leitura\" \/>\n\t<meta name=\"twitter:data1\" content=\"1 minuto\" \/>\n<script type=\"application\/ld+json\" class=\"yoast-schema-graph\">{\"@context\":\"https:\/\/schema.org\",\"@graph\":[{\"@type\":\"WebPage\",\"@id\":\"https:\/\/www.blogsoestado.com\/danielmatos\/misterio-desfeito-sueli-tonial-sera-a-nova-secretaria-municipal-de-educacao\/\",\"url\":\"https:\/\/www.blogsoestado.com\/danielmatos\/misterio-desfeito-sueli-tonial-sera-a-nova-secretaria-municipal-de-educacao\/\",\"name\":\"Mist\u00e9rio desfeito: Sueli Tonial ser\u00e1 a nova secret\u00e1ria municipal de Educa\u00e7\u00e3o - Daniel Matos\",\"isPartOf\":{\"@id\":\"https:\/\/www.blogsoestado.com\/danielmatos\/#website\"},\"primaryImageOfPage\":{\"@id\":\"https:\/\/www.blogsoestado.com\/danielmatos\/misterio-desfeito-sueli-tonial-sera-a-nova-secretaria-municipal-de-educacao\/#primaryimage\"},\"image\":{\"@id\":\"https:\/\/www.blogsoestado.com\/danielmatos\/misterio-desfeito-sueli-tonial-sera-a-nova-secretaria-municipal-de-educacao\/#primaryimage\"},\"thumbnailUrl\":\"https:\/\/www.blogsoestado.com\/danielmatos\/files\/2010\/03\/sueli-tonial.jpg\",\"datePublished\":\"2010-03-25T22:42:22+00:00\",\"author\":{\"@id\":\"\"},\"breadcrumb\":{\"@id\":\"https:\/\/www.blogsoestado.com\/danielmatos\/misterio-desfeito-sueli-tonial-sera-a-nova-secretaria-municipal-de-educacao\/#breadcrumb\"},\"inLanguage\":\"pt-BR\",\"potentialAction\":[{\"@type\":\"ReadAction\",\"target\":[\"https:\/\/www.blogsoestado.com\/danielmatos\/misterio-desfeito-sueli-tonial-sera-a-nova-secretaria-municipal-de-educacao\/\"]}]},{\"@type\":\"ImageObject\",\"inLanguage\":\"pt-BR\",\"@id\":\"https:\/\/www.blogsoestado.com\/danielmatos\/misterio-desfeito-sueli-tonial-sera-a-nova-secretaria-municipal-de-educacao\/#primaryimage\",\"url\":\"https:\/\/www.blogsoestado.com\/danielmatos\/files\/2010\/03\/sueli-tonial.jpg\",\"contentUrl\":\"https:\/\/www.blogsoestado.com\/danielmatos\/files\/2010\/03\/sueli-tonial.jpg\"},{\"@type\":\"BreadcrumbList\",\"@id\":\"https:\/\/www.blogsoestado.com\/danielmatos\/misterio-desfeito-sueli-tonial-sera-a-nova-secretaria-municipal-de-educacao\/#breadcrumb\",\"itemListElement\":[{\"@type\":\"ListItem\",\"position\":1,\"name\":\"In\u00edcio\",\"item\":\"https:\/\/www.blogsoestado.com\/danielmatos\/\"},{\"@type\":\"ListItem\",\"position\":2,\"name\":\"Mist\u00e9rio desfeito: Sueli Tonial ser\u00e1 a nova secret\u00e1ria municipal de Educa\u00e7\u00e3o\"}]},{\"@type\":\"WebSite\",\"@id\":\"https:\/\/www.blogsoestado.com\/danielmatos\/#website\",\"url\":\"https:\/\/www.blogsoestado.com\/danielmatos\/\",\"name\":\"Daniel Matos\",\"description\":\"\",\"potentialAction\":[{\"@type\":\"SearchAction\",\"target\":{\"@type\":\"EntryPoint\",\"urlTemplate\":\"https:\/\/www.blogsoestado.com\/danielmatos\/?s={search_term_string}\"},\"query-input\":{\"@type\":\"PropertyValueSpecification\",\"valueRequired\":true,\"valueName\":\"search_term_string\"}}],\"inLanguage\":\"pt-BR\"}]}<\/script>\n<!-- \/ Yoast SEO plugin. -->","yoast_head_json":{"title":"Mist\u00e9rio desfeito: Sueli Tonial ser\u00e1 a nova secret\u00e1ria municipal de Educa\u00e7\u00e3o - Daniel Matos","robots":{"index":"index","follow":"follow","max-snippet":"max-snippet:-1","max-image-preview":"max-image-preview:large","max-video-preview":"max-video-preview:-1"},"canonical":"https:\/\/www.blogsoestado.com\/danielmatos\/misterio-desfeito-sueli-tonial-sera-a-nova-secretaria-municipal-de-educacao\/","og_locale":"pt_BR","og_type":"article","og_title":"Mist\u00e9rio desfeito: Sueli Tonial ser\u00e1 a nova secret\u00e1ria municipal de Educa\u00e7\u00e3o - Daniel Matos","og_description":"Em primeira m\u00e3o: a\u00a0nutricionista, professora da Universidade Federal do Maranh\u00e3o (UFMA) e empres\u00e1ria Sueli Tonial (foto) ser\u00e1 empossada nesta sexta-feira [&hellip;]","og_url":"https:\/\/www.blogsoestado.com\/danielmatos\/misterio-desfeito-sueli-tonial-sera-a-nova-secretaria-municipal-de-educacao\/","og_site_name":"Daniel Matos","article_published_time":"2010-03-25T22:42:22+00:00","og_image":[{"url":"https:\/\/www.blogsoestado.com\/danielmatos\/files\/2010\/03\/sueli-tonial.jpg","type":"","width":"","height":""}],"twitter_card":"summary_large_image","twitter_misc":{"Est. tempo de leitura":"1 minuto"},"schema":{"@context":"https:\/\/schema.org","@graph":[{"@type":"WebPage","@id":"https:\/\/www.blogsoestado.com\/danielmatos\/misterio-desfeito-sueli-tonial-sera-a-nova-secretaria-municipal-de-educacao\/","url":"https:\/\/www.blogsoestado.com\/danielmatos\/misterio-desfeito-sueli-tonial-sera-a-nova-secretaria-municipal-de-educacao\/","name":"Mist\u00e9rio desfeito: Sueli Tonial ser\u00e1 a nova secret\u00e1ria municipal de Educa\u00e7\u00e3o - Daniel Matos","isPartOf":{"@id":"https:\/\/www.blogsoestado.com\/danielmatos\/#website"},"primaryImageOfPage":{"@id":"https:\/\/www.blogsoestado.com\/danielmatos\/misterio-desfeito-sueli-tonial-sera-a-nova-secretaria-municipal-de-educacao\/#primaryimage"},"image":{"@id":"https:\/\/www.blogsoestado.com\/danielmatos\/misterio-desfeito-sueli-tonial-sera-a-nova-secretaria-municipal-de-educacao\/#primaryimage"},"thumbnailUrl":"https:\/\/www.blogsoestado.com\/danielmatos\/files\/2010\/03\/sueli-tonial.jpg","datePublished":"2010-03-25T22:42:22+00:00","author":{"@id":""},"breadcrumb":{"@id":"https:\/\/www.blogsoestado.com\/danielmatos\/misterio-desfeito-sueli-tonial-sera-a-nova-secretaria-municipal-de-educacao\/#breadcrumb"},"inLanguage":"pt-BR","potentialAction":[{"@type":"ReadAction","target":["https:\/\/www.blogsoestado.com\/danielmatos\/misterio-desfeito-sueli-tonial-sera-a-nova-secretaria-municipal-de-educacao\/"]}]},{"@type":"ImageObject","inLanguage":"pt-BR","@id":"https:\/\/www.blogsoestado.com\/danielmatos\/misterio-desfeito-sueli-tonial-sera-a-nova-secretaria-municipal-de-educacao\/#primaryimage","url":"https:\/\/www.blogsoestado.com\/danielmatos\/files\/2010\/03\/sueli-tonial.jpg","contentUrl":"https:\/\/www.blogsoestado.com\/danielmatos\/files\/2010\/03\/sueli-tonial.jpg"},{"@type":"BreadcrumbList","@id":"https:\/\/www.blogsoestado.com\/danielmatos\/misterio-desfeito-sueli-tonial-sera-a-nova-secretaria-municipal-de-educacao\/#breadcrumb","itemListElement":[{"@type":"ListItem","position":1,"name":"In\u00edcio","item":"https:\/\/www.blogsoestado.com\/danielmatos\/"},{"@type":"ListItem","position":2,"name":"Mist\u00e9rio desfeito: Sueli Tonial ser\u00e1 a nova secret\u00e1ria municipal de Educa\u00e7\u00e3o"}]},{"@type":"WebSite","@id":"https:\/\/www.blogsoestado.com\/danielmatos\/#website","url":"https:\/\/www.blogsoestado.com\/danielmatos\/","name":"Daniel Matos","description":"","potentialAction":[{"@type":"SearchAction","target":{"@type":"EntryPoint","urlTemplate":"https:\/\/www.blogsoestado.com\/danielmatos\/?s={search_term_string}"},"query-input":{"@type":"PropertyValueSpecification","valueRequired":true,"valueName":"search_term_string"}}],"inLanguage":"pt-BR"}]}},"jetpack_featured_media_url":"","_links":{"self":[{"href":"https:\/\/www.blogsoestado.com\/danielmatos\/wp-json\/wp\/v2\/posts\/1956","targetHints":{"allow":["GET"]}}],"collection":[{"href":"https:\/\/www.blogsoestado.com\/danielmatos\/wp-json\/wp\/v2\/posts"}],"about":[{"href":"https:\/\/www.blogsoestado.com\/danielmatos\/wp-json\/wp\/v2\/types\/post"}],"replies":[{"embeddable":true,"href":"https:\/\/www.blogsoestado.com\/danielmatos\/wp-json\/wp\/v2\/comments?post=1956"}],"version-history":[{"count":0,"href":"https:\/\/www.blogsoestado.com\/danielmatos\/wp-json\/wp\/v2\/posts\/1956\/revisions"}],"wp:attachment":[{"href":"https:\/\/www.blogsoestado.com\/danielmatos\/wp-json\/wp\/v2\/media?parent=1956"}],"wp:term":[{"taxonomy":"category","embeddable":true,"href":"https:\/\/www.blogsoestado.com\/danielmatos\/wp-json\/wp\/v2\/categories?post=1956"},{"taxonomy":"post_tag","embeddable":true,"href":"https:\/\/www.blogsoestado.com\/danielmatos\/wp-json\/wp\/v2\/tags?post=1956"}],"curies":[{"name":"wp","href":"https:\/\/api.w.org\/{rel}","templated":true}]}}