{"id":19567,"date":"2014-09-30T17:57:44","date_gmt":"2014-09-30T20:57:44","guid":{"rendered":"https:\/\/www.blogsoestado.com\/danielmatos\/?p=19567"},"modified":"2014-09-30T17:57:44","modified_gmt":"2014-09-30T20:57:44","slug":"quando-deputado-dino-tentou-ensinar-congresso-a-legislar-mas-tomou-licao-do-supremo","status":"publish","type":"post","link":"https:\/\/www.blogsoestado.com\/danielmatos\/quando-deputado-dino-tentou-ensinar-congresso-a-legislar-mas-tomou-licao-do-supremo\/","title":{"rendered":"Quando deputado, Dino tentou ensinar Congresso a legislar, mas tomou li\u00e7\u00e3o do Supremo"},"content":{"rendered":"<figure id=\"attachment_19568\" aria-describedby=\"caption-attachment-19568\" style=\"width: 448px\" class=\"wp-caption alignleft\"><a href=\"https:\/\/www.blogsoestado.com\/danielmatos\/files\/2014\/09\/dino-mello.jpg\"><img fetchpriority=\"high\" decoding=\"async\" class=\"size-full wp-image-19568\" src=\"https:\/\/www.blogsoestado.com\/danielmatos\/files\/2014\/09\/dino-mello.jpg\" alt=\"Arrog\u00e2ncia de Fl\u00e1vio Dino esbarrou no saber jur\u00eddico do ministro Celso de Mello \" width=\"448\" height=\"194\" \/><\/a><figcaption id=\"caption-attachment-19568\" class=\"wp-caption-text\">Arrog\u00e2ncia de Fl\u00e1vio Dino esbarrou no saber jur\u00eddico do ministro Celso de Mello<\/figcaption><\/figure>\n<p>O candidato comunista ao governo, Fl\u00e1vio Dino, tomou uma verdadeira li\u00e7\u00e3o do Supremo Tribunal Federal ao tentar modificar uma norma adotada pela Congresso\u00a0Nacional referente \u00e0 tramita\u00e7\u00e3o de Medidas Provis\u00f3rias. Em abril de 2009, o\u00a0ent\u00e3o deputado federal, que acabara de trocar a magistratura pela pol\u00edtica,\u00a0ajuizou a\u00e7\u00e3o no STF com a inten\u00e7\u00e3o de\u00a0alterar a referida regra, mas seu argumento foi sumariamente rejeitado pela corte, fazendo-o engolir a seco toda a sua arrog\u00e2ncia.<\/p>\n<p>Dino contestou, via mandado de seguran\u00e7a, a pr\u00e1tica das mesas diretoras do Congresso Nacional (C\u00e2mara e Senado) de enviar projetos de convers\u00e3o de Medidas Provis\u00f3rias (MPs) aos respectivos plen\u00e1rios, sem que antes seus textos fossem avaliados por comiss\u00e3o mista incumbida de julgar a admissibilidade das mat\u00e9rias no \u00e2mbito do Poder Legislativo.<\/p>\n<p>Para tanto, tentou juntar ao\u00a0processo\u00a0notas taquigr\u00e1ficas de uma sess\u00e3o p\u00fablica da C\u00e2mara Federal como elementos de prova. Entretanto, o ministro Celso de Mello determinou sua\u00a0exclus\u00e3o dos autos e ordenou a devolu\u00e7\u00e3o da peti\u00e7\u00e3o e das referidas notas \u00e0 defesa.<\/p>\n<p>Ao faz\u00ea-lo, Celso de Mello argumentou que &#8220;n\u00e3o se justifica&#8221;, em sede de mandado de seguran\u00e7a, a produ\u00e7\u00e3o tardia de documentos, eis que estes h\u00e3o de ser produzidos pelo impetrante quando do ajuizamento da referida a\u00e7\u00e3o constitucional, conforme\u00a0adverte\u00a0a\u00a0pr\u00f3pria corte.<\/p>\n<p>Com base nesse entendimento\u00a0e nas\u00a0informa\u00e7\u00f5es prestadas pelos presidentes da C\u00e2mara e do Senado, que descaracterizaram a necessidade urgente da concess\u00e3o de liminar, Celso de Mello rejeitou o pedido feito por Dino.<\/p>\n<p>Em sua decis\u00e3o,\u00a0o ministro frisou n\u00e3o ter verificado a exist\u00eancia de plausibilidade jur\u00eddica e nem a possibilidade de dano irrepar\u00e1vel caso a liminar n\u00e3o fosse\u00a0concedida,\u00a0requisitos que\u00a0justificariam a concess\u00e3o do pleito.<\/p>\n<p>Do alto de sua soberba, o comunista\u00a0sucumbiu ao saber jur\u00eddico do ministro, li\u00e7\u00e3o que certamente nunca esqueceu.<\/p>\n<p><strong>Leia\u00a0<a href=\"http:\/\/www.stf.jus.br\/portal\/cms\/verNoticiaDetalhe.asp?idConteudo=110610&amp;caixaBusca=N\" target=\"_blank\">aqui<\/a> mat\u00e9ria publicada no site do STF informando sobre a rejei\u00e7\u00e3o da liminar pleiteada por Fl\u00e1vio Dino.<\/strong><\/p>\n","protected":false},"excerpt":{"rendered":"<p>O candidato comunista ao governo, Fl\u00e1vio Dino, tomou uma verdadeira li\u00e7\u00e3o do Supremo Tribunal Federal ao tentar modificar uma norma [&hellip;]<\/p>\n","protected":false},"author":0,"featured_media":0,"comment_status":"open","ping_status":"open","sticky":false,"template":"","format":"standard","meta":{"site-sidebar-layout":"default","site-content-layout":"","ast-site-content-layout":"default","site-content-style":"default","site-sidebar-style":"default","ast-global-header-display":"","ast-banner-title-visibility":"","ast-main-header-display":"","ast-hfb-above-header-display":"","ast-hfb-below-header-display":"","ast-hfb-mobile-header-display":"","site-post-title":"","ast-breadcrumbs-content":"","ast-featured-img":"","footer-sml-layout":"","ast-disable-related-posts":"","theme-transparent-header-meta":"","adv-header-id-meta":"","stick-header-meta":"","header-above-stick-meta":"","header-main-stick-meta":"","header-below-stick-meta":"","astra-migrate-meta-layouts":"default","ast-page-background-enabled":"default","ast-page-background-meta":{"desktop":{"background-color":"var(--ast-global-color-5)","background-image":"","background-repeat":"repeat","background-position":"center center","background-size":"auto","background-attachment":"scroll","background-type":"","background-media":"","overlay-type":"","overlay-color":"","overlay-opacity":"","overlay-gradient":""},"tablet":{"background-color":"","background-image":"","background-repeat":"repeat","background-position":"center center","background-size":"auto","background-attachment":"scroll","background-type":"","background-media":"","overlay-type":"","overlay-color":"","overlay-opacity":"","overlay-gradient":""},"mobile":{"background-color":"","background-image":"","background-repeat":"repeat","background-position":"center center","background-size":"auto","background-attachment":"scroll","background-type":"","background-media":"","overlay-type":"","overlay-color":"","overlay-opacity":"","overlay-gradient":""}},"ast-content-background-meta":{"desktop":{"background-color":"var(--ast-global-color-4)","background-image":"","background-repeat":"repeat","background-position":"center center","background-size":"auto","background-attachment":"scroll","background-type":"","background-media":"","overlay-type":"","overlay-color":"","overlay-opacity":"","overlay-gradient":""},"tablet":{"background-color":"var(--ast-global-color-4)","background-image":"","background-repeat":"repeat","background-position":"center center","background-size":"auto","background-attachment":"scroll","background-type":"","background-media":"","overlay-type":"","overlay-color":"","overlay-opacity":"","overlay-gradient":""},"mobile":{"background-color":"var(--ast-global-color-4)","background-image":"","background-repeat":"repeat","background-position":"center center","background-size":"auto","background-attachment":"scroll","background-type":"","background-media":"","overlay-type":"","overlay-color":"","overlay-opacity":"","overlay-gradient":""}},"footnotes":""},"categories":[1],"tags":[],"class_list":["post-19567","post","type-post","status-publish","format-standard","hentry","category-sem-categoria"],"yoast_head":"<!-- This site is optimized with the Yoast SEO plugin v26.6 - https:\/\/yoast.com\/wordpress\/plugins\/seo\/ -->\n<title>Quando deputado, Dino tentou ensinar Congresso a legislar, mas tomou li\u00e7\u00e3o do Supremo - Daniel Matos<\/title>\n<meta name=\"robots\" content=\"index, follow, max-snippet:-1, max-image-preview:large, max-video-preview:-1\" \/>\n<link rel=\"canonical\" href=\"https:\/\/www.blogsoestado.com\/danielmatos\/quando-deputado-dino-tentou-ensinar-congresso-a-legislar-mas-tomou-licao-do-supremo\/\" \/>\n<meta property=\"og:locale\" content=\"pt_BR\" \/>\n<meta property=\"og:type\" content=\"article\" \/>\n<meta property=\"og:title\" content=\"Quando deputado, Dino tentou ensinar Congresso a legislar, mas tomou li\u00e7\u00e3o do Supremo - Daniel Matos\" \/>\n<meta property=\"og:description\" content=\"O candidato comunista ao governo, Fl\u00e1vio Dino, tomou uma verdadeira li\u00e7\u00e3o do Supremo Tribunal Federal ao tentar modificar uma norma [&hellip;]\" \/>\n<meta property=\"og:url\" content=\"https:\/\/www.blogsoestado.com\/danielmatos\/quando-deputado-dino-tentou-ensinar-congresso-a-legislar-mas-tomou-licao-do-supremo\/\" \/>\n<meta property=\"og:site_name\" content=\"Daniel Matos\" \/>\n<meta property=\"article:published_time\" content=\"2014-09-30T20:57:44+00:00\" \/>\n<meta property=\"og:image\" content=\"https:\/\/www.blogsoestado.com\/danielmatos\/files\/2014\/09\/dino-mello.jpg\" \/>\n<meta name=\"twitter:card\" content=\"summary_large_image\" \/>\n<meta name=\"twitter:label1\" content=\"Est. tempo de leitura\" \/>\n\t<meta name=\"twitter:data1\" content=\"2 minutos\" \/>\n<script type=\"application\/ld+json\" class=\"yoast-schema-graph\">{\"@context\":\"https:\/\/schema.org\",\"@graph\":[{\"@type\":\"WebPage\",\"@id\":\"https:\/\/www.blogsoestado.com\/danielmatos\/quando-deputado-dino-tentou-ensinar-congresso-a-legislar-mas-tomou-licao-do-supremo\/\",\"url\":\"https:\/\/www.blogsoestado.com\/danielmatos\/quando-deputado-dino-tentou-ensinar-congresso-a-legislar-mas-tomou-licao-do-supremo\/\",\"name\":\"Quando deputado, Dino tentou ensinar Congresso a legislar, mas tomou li\u00e7\u00e3o do Supremo - Daniel Matos\",\"isPartOf\":{\"@id\":\"https:\/\/www.blogsoestado.com\/danielmatos\/#website\"},\"primaryImageOfPage\":{\"@id\":\"https:\/\/www.blogsoestado.com\/danielmatos\/quando-deputado-dino-tentou-ensinar-congresso-a-legislar-mas-tomou-licao-do-supremo\/#primaryimage\"},\"image\":{\"@id\":\"https:\/\/www.blogsoestado.com\/danielmatos\/quando-deputado-dino-tentou-ensinar-congresso-a-legislar-mas-tomou-licao-do-supremo\/#primaryimage\"},\"thumbnailUrl\":\"https:\/\/www.blogsoestado.com\/danielmatos\/files\/2014\/09\/dino-mello.jpg\",\"datePublished\":\"2014-09-30T20:57:44+00:00\",\"author\":{\"@id\":\"\"},\"breadcrumb\":{\"@id\":\"https:\/\/www.blogsoestado.com\/danielmatos\/quando-deputado-dino-tentou-ensinar-congresso-a-legislar-mas-tomou-licao-do-supremo\/#breadcrumb\"},\"inLanguage\":\"pt-BR\",\"potentialAction\":[{\"@type\":\"ReadAction\",\"target\":[\"https:\/\/www.blogsoestado.com\/danielmatos\/quando-deputado-dino-tentou-ensinar-congresso-a-legislar-mas-tomou-licao-do-supremo\/\"]}]},{\"@type\":\"ImageObject\",\"inLanguage\":\"pt-BR\",\"@id\":\"https:\/\/www.blogsoestado.com\/danielmatos\/quando-deputado-dino-tentou-ensinar-congresso-a-legislar-mas-tomou-licao-do-supremo\/#primaryimage\",\"url\":\"https:\/\/www.blogsoestado.com\/danielmatos\/files\/2014\/09\/dino-mello.jpg\",\"contentUrl\":\"https:\/\/www.blogsoestado.com\/danielmatos\/files\/2014\/09\/dino-mello.jpg\"},{\"@type\":\"BreadcrumbList\",\"@id\":\"https:\/\/www.blogsoestado.com\/danielmatos\/quando-deputado-dino-tentou-ensinar-congresso-a-legislar-mas-tomou-licao-do-supremo\/#breadcrumb\",\"itemListElement\":[{\"@type\":\"ListItem\",\"position\":1,\"name\":\"In\u00edcio\",\"item\":\"https:\/\/www.blogsoestado.com\/danielmatos\/\"},{\"@type\":\"ListItem\",\"position\":2,\"name\":\"Quando deputado, Dino tentou ensinar Congresso a legislar, mas tomou li\u00e7\u00e3o do Supremo\"}]},{\"@type\":\"WebSite\",\"@id\":\"https:\/\/www.blogsoestado.com\/danielmatos\/#website\",\"url\":\"https:\/\/www.blogsoestado.com\/danielmatos\/\",\"name\":\"Daniel Matos\",\"description\":\"\",\"potentialAction\":[{\"@type\":\"SearchAction\",\"target\":{\"@type\":\"EntryPoint\",\"urlTemplate\":\"https:\/\/www.blogsoestado.com\/danielmatos\/?s={search_term_string}\"},\"query-input\":{\"@type\":\"PropertyValueSpecification\",\"valueRequired\":true,\"valueName\":\"search_term_string\"}}],\"inLanguage\":\"pt-BR\"}]}<\/script>\n<!-- \/ Yoast SEO plugin. -->","yoast_head_json":{"title":"Quando deputado, Dino tentou ensinar Congresso a legislar, mas tomou li\u00e7\u00e3o do Supremo - Daniel Matos","robots":{"index":"index","follow":"follow","max-snippet":"max-snippet:-1","max-image-preview":"max-image-preview:large","max-video-preview":"max-video-preview:-1"},"canonical":"https:\/\/www.blogsoestado.com\/danielmatos\/quando-deputado-dino-tentou-ensinar-congresso-a-legislar-mas-tomou-licao-do-supremo\/","og_locale":"pt_BR","og_type":"article","og_title":"Quando deputado, Dino tentou ensinar Congresso a legislar, mas tomou li\u00e7\u00e3o do Supremo - Daniel Matos","og_description":"O candidato comunista ao governo, Fl\u00e1vio Dino, tomou uma verdadeira li\u00e7\u00e3o do Supremo Tribunal Federal ao tentar modificar uma norma [&hellip;]","og_url":"https:\/\/www.blogsoestado.com\/danielmatos\/quando-deputado-dino-tentou-ensinar-congresso-a-legislar-mas-tomou-licao-do-supremo\/","og_site_name":"Daniel Matos","article_published_time":"2014-09-30T20:57:44+00:00","og_image":[{"url":"https:\/\/www.blogsoestado.com\/danielmatos\/files\/2014\/09\/dino-mello.jpg","type":"","width":"","height":""}],"twitter_card":"summary_large_image","twitter_misc":{"Est. tempo de leitura":"2 minutos"},"schema":{"@context":"https:\/\/schema.org","@graph":[{"@type":"WebPage","@id":"https:\/\/www.blogsoestado.com\/danielmatos\/quando-deputado-dino-tentou-ensinar-congresso-a-legislar-mas-tomou-licao-do-supremo\/","url":"https:\/\/www.blogsoestado.com\/danielmatos\/quando-deputado-dino-tentou-ensinar-congresso-a-legislar-mas-tomou-licao-do-supremo\/","name":"Quando deputado, Dino tentou ensinar Congresso a legislar, mas tomou li\u00e7\u00e3o do Supremo - Daniel Matos","isPartOf":{"@id":"https:\/\/www.blogsoestado.com\/danielmatos\/#website"},"primaryImageOfPage":{"@id":"https:\/\/www.blogsoestado.com\/danielmatos\/quando-deputado-dino-tentou-ensinar-congresso-a-legislar-mas-tomou-licao-do-supremo\/#primaryimage"},"image":{"@id":"https:\/\/www.blogsoestado.com\/danielmatos\/quando-deputado-dino-tentou-ensinar-congresso-a-legislar-mas-tomou-licao-do-supremo\/#primaryimage"},"thumbnailUrl":"https:\/\/www.blogsoestado.com\/danielmatos\/files\/2014\/09\/dino-mello.jpg","datePublished":"2014-09-30T20:57:44+00:00","author":{"@id":""},"breadcrumb":{"@id":"https:\/\/www.blogsoestado.com\/danielmatos\/quando-deputado-dino-tentou-ensinar-congresso-a-legislar-mas-tomou-licao-do-supremo\/#breadcrumb"},"inLanguage":"pt-BR","potentialAction":[{"@type":"ReadAction","target":["https:\/\/www.blogsoestado.com\/danielmatos\/quando-deputado-dino-tentou-ensinar-congresso-a-legislar-mas-tomou-licao-do-supremo\/"]}]},{"@type":"ImageObject","inLanguage":"pt-BR","@id":"https:\/\/www.blogsoestado.com\/danielmatos\/quando-deputado-dino-tentou-ensinar-congresso-a-legislar-mas-tomou-licao-do-supremo\/#primaryimage","url":"https:\/\/www.blogsoestado.com\/danielmatos\/files\/2014\/09\/dino-mello.jpg","contentUrl":"https:\/\/www.blogsoestado.com\/danielmatos\/files\/2014\/09\/dino-mello.jpg"},{"@type":"BreadcrumbList","@id":"https:\/\/www.blogsoestado.com\/danielmatos\/quando-deputado-dino-tentou-ensinar-congresso-a-legislar-mas-tomou-licao-do-supremo\/#breadcrumb","itemListElement":[{"@type":"ListItem","position":1,"name":"In\u00edcio","item":"https:\/\/www.blogsoestado.com\/danielmatos\/"},{"@type":"ListItem","position":2,"name":"Quando deputado, Dino tentou ensinar Congresso a legislar, mas tomou li\u00e7\u00e3o do Supremo"}]},{"@type":"WebSite","@id":"https:\/\/www.blogsoestado.com\/danielmatos\/#website","url":"https:\/\/www.blogsoestado.com\/danielmatos\/","name":"Daniel Matos","description":"","potentialAction":[{"@type":"SearchAction","target":{"@type":"EntryPoint","urlTemplate":"https:\/\/www.blogsoestado.com\/danielmatos\/?s={search_term_string}"},"query-input":{"@type":"PropertyValueSpecification","valueRequired":true,"valueName":"search_term_string"}}],"inLanguage":"pt-BR"}]}},"jetpack_featured_media_url":"","_links":{"self":[{"href":"https:\/\/www.blogsoestado.com\/danielmatos\/wp-json\/wp\/v2\/posts\/19567","targetHints":{"allow":["GET"]}}],"collection":[{"href":"https:\/\/www.blogsoestado.com\/danielmatos\/wp-json\/wp\/v2\/posts"}],"about":[{"href":"https:\/\/www.blogsoestado.com\/danielmatos\/wp-json\/wp\/v2\/types\/post"}],"replies":[{"embeddable":true,"href":"https:\/\/www.blogsoestado.com\/danielmatos\/wp-json\/wp\/v2\/comments?post=19567"}],"version-history":[{"count":0,"href":"https:\/\/www.blogsoestado.com\/danielmatos\/wp-json\/wp\/v2\/posts\/19567\/revisions"}],"wp:attachment":[{"href":"https:\/\/www.blogsoestado.com\/danielmatos\/wp-json\/wp\/v2\/media?parent=19567"}],"wp:term":[{"taxonomy":"category","embeddable":true,"href":"https:\/\/www.blogsoestado.com\/danielmatos\/wp-json\/wp\/v2\/categories?post=19567"},{"taxonomy":"post_tag","embeddable":true,"href":"https:\/\/www.blogsoestado.com\/danielmatos\/wp-json\/wp\/v2\/tags?post=19567"}],"curies":[{"name":"wp","href":"https:\/\/api.w.org\/{rel}","templated":true}]}}