{"id":19579,"date":"2014-10-01T08:26:47","date_gmt":"2014-10-01T11:26:47","guid":{"rendered":"https:\/\/www.blogsoestado.com\/danielmatos\/?p=19579"},"modified":"2014-10-01T08:26:47","modified_gmt":"2014-10-01T11:26:47","slug":"roseana-inaugura-unidade-de-seguranca-comunitaria-do-coroadinho","status":"publish","type":"post","link":"https:\/\/www.blogsoestado.com\/danielmatos\/roseana-inaugura-unidade-de-seguranca-comunitaria-do-coroadinho\/","title":{"rendered":"Roseana inaugura Unidade de Seguran\u00e7a Comunit\u00e1ria do Coroadinho"},"content":{"rendered":"<figure id=\"attachment_19580\" aria-describedby=\"caption-attachment-19580\" style=\"width: 640px\" class=\"wp-caption aligncenter\"><a href=\"https:\/\/www.blogsoestado.com\/danielmatos\/files\/2014\/10\/usc-coroadinho3.jpg\"><img fetchpriority=\"high\" decoding=\"async\" class=\"size-full wp-image-19580\" src=\"https:\/\/www.blogsoestado.com\/danielmatos\/files\/2014\/10\/usc-coroadinho3.jpg\" alt=\"Governadora Roseana Sarney e o comandante da PM, Zanoni Porto, descerram a placa de inaugura\u00e7\u00e3o da USC\" width=\"640\" height=\"428\" \/><\/a><figcaption id=\"caption-attachment-19580\" class=\"wp-caption-text\">Governadora Roseana Sarney e o comandante da PM, Zanoni Porto, descerram a placa de inaugura\u00e7\u00e3o da USC<\/figcaption><\/figure>\n<p>A governadora Roseana Sarney inaugurou, nesta ter\u00e7a-feira (30), a Unidade de Seguran\u00e7a Comunit\u00e1ria (USC) Bom Jesus\/Coroadinho, em S\u00e3o Lu\u00eds. Acompanhada do secret\u00e1rio de Estado de Seguran\u00e7a P\u00fablica, Marcos Affonso J\u00fanior; do comandante Geral da Pol\u00edcia Militar, coronel Zanoni Porto, a governadora disse que a estrat\u00e9gia \u00e9 contar com o apoio dos moradores para combater a criminalidade. &#8220;O projeto da USC \u00e9 uma realidade no Maranh\u00e3o e serve de exemplo para todo o pa\u00eds&#8221;, declarou.<\/p>\n<p>Roseana Sarney disse que o local \u00e9, na verdade, um centro comunit\u00e1rio de converg\u00eancia onde os moradores que devem colaborar com a pol\u00edcia. &#8220;O atendimento \u00e9 24 horas, uma unidade que disp\u00f5e de equipamentos para combater a criminalidade&#8221;, ressaltou.<br \/>\nA governadora revelou que outras 18 USCs est\u00e3o sendo constru\u00eddas no interior do estado em munic\u00edpios como Imperatriz, Balsas, Barra do Corda, Timon, entre outros. Somente em obras e reaparelhamento da pol\u00edcia os investimentos superam R$ 100 milh\u00f5es, somente em 2014.<\/p>\n<p>A USC Bom Jesus\/Coroadinho est\u00e1 localizada na Avenida Jos\u00e9 Sarney, s\/n\u00ba. A Unidade de Seguran\u00e7a vai contar com um aparato de 60 policiais, 3 viaturas, 8 motocicletas, al\u00e9m do sistema de videomonitoramento. O espa\u00e7o tamb\u00e9m \u00e9 destinado \u00e0 inclus\u00e3o social dos moradores, com a oferta de cursos profissionalizantes e projetos sociais.<\/p>\n<p>&#8220;\u00c9 um projeto diferenciado, pois al\u00e9m do seu trabalho ostensivo de combate ao crime, alia tamb\u00e9m o trabalho social&#8221;, declarou o secret\u00e1rio de Seguran\u00e7a P\u00fablica, Marcos Affonso J\u00fanior. Ele revelou que a proposta nasceu a partir das ideias das Unidades Pacificadoras do Rio de Janeiro, mas foi aprimorado e incluiu a participa\u00e7\u00e3o da sociedade como parceira. &#8220;Hoje temos o reconhecimento da Secretaria Nacional de Seguran\u00e7a P\u00fablica, que apresenta o projeto para os demais estados da federa\u00e7\u00e3o como modelo a ser adotado de resultado positivo&#8221;, destacou.<\/p>\n<figure id=\"attachment_19581\" aria-describedby=\"caption-attachment-19581\" style=\"width: 640px\" class=\"wp-caption aligncenter\"><a href=\"https:\/\/www.blogsoestado.com\/danielmatos\/files\/2014\/10\/usc-coroadinho.jpg\"><img decoding=\"async\" class=\"size-full wp-image-19581\" src=\"https:\/\/www.blogsoestado.com\/danielmatos\/files\/2014\/10\/usc-coroadinho.jpg\" alt=\"Roseana Sarney afirmou que as USCs contribuem para a redu\u00e7\u00e3o da criminalidade\" width=\"640\" height=\"360\" \/><\/a><figcaption id=\"caption-attachment-19581\" class=\"wp-caption-text\">Roseana Sarney afirmou que as USCs contribuem para a redu\u00e7\u00e3o da criminalidade nas regi\u00f5es onde s\u00e3o instaladas<\/figcaption><\/figure>\n<p>O comandante da USC, capit\u00e3o Joselito Mendes, disse que o trabalho na \u00e1rea foi definido ap\u00f3s um levantamento de toda a comunidade. &#8220;Fizemos um mapeamento de todas as ruas, conversamos com as lideran\u00e7as das comunidades do Coroadinho e definimos que o trabalho ser\u00e1 desenvolvido com o apoio de motos&#8221;, revelou. As vias dos 28 bairros que comp\u00f5e o Polo Coroadinho v\u00e3o ser patrulhadas de motos pelo Esquadr\u00e3o Tigre.<\/p>\n<p>Para o comandante Geral da Pol\u00edcia Militar, coronel Zanoni Porto, a USC nasceu de uma proposta do governo estadual de combater a criminalidade de maneira efetiva em 2009. &#8220;Os investimentos foram fundamentais, pois sa\u00edmos de 7 mil para 9 mil o n\u00famero de PMs, houve renova\u00e7\u00e3o da frota nos munic\u00edpios, ampliamos de um para cinco os comandos na regi\u00e3o metropolitana; de 11 para 16 o n\u00famero de batalh\u00f5es e de 13 para 16 as Companhias Independentes&#8221;, revelou.<\/p>\n<p>Ele disse que o trabalho dos policiais na UCS vai precisar da colabora\u00e7\u00e3o dos moradores. &#8220;A regra \u00e9 manter o estado civilizado, nossa meta \u00e9 atender os 28 bairros que comp\u00f5em o polo, beneficiando mais de 80 mil pessoas que moram na \u00e1rea&#8221;.<\/p>\n<p><strong>Videomonitoramento<\/strong><\/p>\n<figure id=\"attachment_19582\" aria-describedby=\"caption-attachment-19582\" style=\"width: 640px\" class=\"wp-caption aligncenter\"><a href=\"https:\/\/www.blogsoestado.com\/danielmatos\/files\/2014\/10\/usc-coroadinho2.jpg\"><img decoding=\"async\" class=\"size-full wp-image-19582\" src=\"https:\/\/www.blogsoestado.com\/danielmatos\/files\/2014\/10\/usc-coroadinho2.jpg\" alt=\"Governadora Roseana e secret\u00e1rio Marcos Affonso na sala de videomonitoramento da USC Coroadinho\" width=\"640\" height=\"428\" \/><\/a><figcaption id=\"caption-attachment-19582\" class=\"wp-caption-text\">Governadora Roseana e secret\u00e1rio Marcos Affonso na sala de videomonitoramento da USC Coroadinho<\/figcaption><\/figure>\n<p>Considerada uma das principais armas de combate ao crime, o sistema de videomonitoramento do Polo Coroadinho vai contar com 10 c\u00e2meras de alta resolu\u00e7\u00e3o instaladas nos pontos mais cr\u00edticos da \u00e1rea.<\/p>\n<p>As c\u00e2meras de videomonitoramento, que t\u00eam um alcance \u00f3ptico de 600 metros (mais zoom digital, podendo chegar a 1.000 metros), ir\u00e3o permitir o controle 24 horas por dia, de toda a movimenta\u00e7\u00e3o na \u00e1rea. Os equipamentos est\u00e3o interligados a um centro de comando na pr\u00f3pria USC e tamb\u00e9m ao Ciops, na sede da Secretaria de Estado de Seguran\u00e7a P\u00fablica (SSP). Os equipamentos devem ajudar na preven\u00e7\u00e3o e combate \u00e0 criminalidade.<\/p>\n<p><strong>Moradores<\/strong><\/p>\n<p>A inaugura\u00e7\u00e3o da UCS Bom Jesus\/Coroadinho deixou os moradores satisfeitos. Segundo o presidente da Uni\u00e3o de Moradores do Bom Jesus, Maximiano Cantanhede, a iniciativa \u00e9 pioneira no bairro e vai mudar a realidade dos moradores. &#8220;Vai valorizar a nossa \u00e1rea, as nossas casas, esperamos ver no futuro um bairro sem viol\u00eancia&#8221;, declarou.<br \/>\nA \u00e1rea da USC foi doada pela Uni\u00e3o de Moradores que fez um grande esfor\u00e7o para contar com a unidade em funcionamento. Segundo Jo\u00e3o Batista Moraes, que h\u00e1 30 anos mora na comunidade, a UCS \u00e9 um al\u00edvio e um alento para todos.<br \/>\n&#8220;Representa a chegada da paz, da tranquilidade para as fam\u00edlias que vivem aqui. Muitos pensavam em sair daqui pela falta de seguran\u00e7a, mas agora j\u00e1 come\u00e7amos a sentir a mudan\u00e7a, esse \u00e9 um grande investimento que vai mudar o nosso bairro&#8221;, considerou.<\/p>\n<p><strong>Fonte:<\/strong> Secretaria Estadual de Comunica\u00e7\u00e3o (Secom)<\/p>\n","protected":false},"excerpt":{"rendered":"<p>A governadora Roseana Sarney inaugurou, nesta ter\u00e7a-feira (30), a Unidade de Seguran\u00e7a Comunit\u00e1ria (USC) Bom Jesus\/Coroadinho, em S\u00e3o Lu\u00eds. Acompanhada [&hellip;]<\/p>\n","protected":false},"author":0,"featured_media":0,"comment_status":"open","ping_status":"open","sticky":false,"template":"","format":"standard","meta":{"site-sidebar-layout":"default","site-content-layout":"","ast-site-content-layout":"default","site-content-style":"default","site-sidebar-style":"default","ast-global-header-display":"","ast-banner-title-visibility":"","ast-main-header-display":"","ast-hfb-above-header-display":"","ast-hfb-below-header-display":"","ast-hfb-mobile-header-display":"","site-post-title":"","ast-breadcrumbs-content":"","ast-featured-img":"","footer-sml-layout":"","ast-disable-related-posts":"","theme-transparent-header-meta":"","adv-header-id-meta":"","stick-header-meta":"","header-above-stick-meta":"","header-main-stick-meta":"","header-below-stick-meta":"","astra-migrate-meta-layouts":"default","ast-page-background-enabled":"default","ast-page-background-meta":{"desktop":{"background-color":"var(--ast-global-color-5)","background-image":"","background-repeat":"repeat","background-position":"center center","background-size":"auto","background-attachment":"scroll","background-type":"","background-media":"","overlay-type":"","overlay-color":"","overlay-opacity":"","overlay-gradient":""},"tablet":{"background-color":"","background-image":"","background-repeat":"repeat","background-position":"center center","background-size":"auto","background-attachment":"scroll","background-type":"","background-media":"","overlay-type":"","overlay-color":"","overlay-opacity":"","overlay-gradient":""},"mobile":{"background-color":"","background-image":"","background-repeat":"repeat","background-position":"center center","background-size":"auto","background-attachment":"scroll","background-type":"","background-media":"","overlay-type":"","overlay-color":"","overlay-opacity":"","overlay-gradient":""}},"ast-content-background-meta":{"desktop":{"background-color":"var(--ast-global-color-4)","background-image":"","background-repeat":"repeat","background-position":"center center","background-size":"auto","background-attachment":"scroll","background-type":"","background-media":"","overlay-type":"","overlay-color":"","overlay-opacity":"","overlay-gradient":""},"tablet":{"background-color":"var(--ast-global-color-4)","background-image":"","background-repeat":"repeat","background-position":"center center","background-size":"auto","background-attachment":"scroll","background-type":"","background-media":"","overlay-type":"","overlay-color":"","overlay-opacity":"","overlay-gradient":""},"mobile":{"background-color":"var(--ast-global-color-4)","background-image":"","background-repeat":"repeat","background-position":"center center","background-size":"auto","background-attachment":"scroll","background-type":"","background-media":"","overlay-type":"","overlay-color":"","overlay-opacity":"","overlay-gradient":""}},"footnotes":""},"categories":[1],"tags":[],"class_list":["post-19579","post","type-post","status-publish","format-standard","hentry","category-sem-categoria"],"yoast_head":"<!-- This site is optimized with the Yoast SEO plugin v26.6 - https:\/\/yoast.com\/wordpress\/plugins\/seo\/ -->\n<title>Roseana inaugura Unidade de Seguran\u00e7a Comunit\u00e1ria do Coroadinho - Daniel Matos<\/title>\n<meta name=\"robots\" content=\"index, follow, max-snippet:-1, max-image-preview:large, max-video-preview:-1\" \/>\n<link rel=\"canonical\" href=\"https:\/\/www.blogsoestado.com\/danielmatos\/roseana-inaugura-unidade-de-seguranca-comunitaria-do-coroadinho\/\" \/>\n<meta property=\"og:locale\" content=\"pt_BR\" \/>\n<meta property=\"og:type\" content=\"article\" \/>\n<meta property=\"og:title\" content=\"Roseana inaugura Unidade de Seguran\u00e7a Comunit\u00e1ria do Coroadinho - Daniel Matos\" \/>\n<meta property=\"og:description\" content=\"A governadora Roseana Sarney inaugurou, nesta ter\u00e7a-feira (30), a Unidade de Seguran\u00e7a Comunit\u00e1ria (USC) Bom Jesus\/Coroadinho, em S\u00e3o Lu\u00eds. Acompanhada [&hellip;]\" \/>\n<meta property=\"og:url\" content=\"https:\/\/www.blogsoestado.com\/danielmatos\/roseana-inaugura-unidade-de-seguranca-comunitaria-do-coroadinho\/\" \/>\n<meta property=\"og:site_name\" content=\"Daniel Matos\" \/>\n<meta property=\"article:published_time\" content=\"2014-10-01T11:26:47+00:00\" \/>\n<meta property=\"og:image\" content=\"https:\/\/www.blogsoestado.com\/danielmatos\/files\/2014\/10\/usc-coroadinho3.jpg\" \/>\n<meta name=\"twitter:card\" content=\"summary_large_image\" \/>\n<meta name=\"twitter:label1\" content=\"Est. tempo de leitura\" \/>\n\t<meta name=\"twitter:data1\" content=\"4 minutos\" \/>\n<script type=\"application\/ld+json\" class=\"yoast-schema-graph\">{\"@context\":\"https:\/\/schema.org\",\"@graph\":[{\"@type\":\"WebPage\",\"@id\":\"https:\/\/www.blogsoestado.com\/danielmatos\/roseana-inaugura-unidade-de-seguranca-comunitaria-do-coroadinho\/\",\"url\":\"https:\/\/www.blogsoestado.com\/danielmatos\/roseana-inaugura-unidade-de-seguranca-comunitaria-do-coroadinho\/\",\"name\":\"Roseana inaugura Unidade de Seguran\u00e7a Comunit\u00e1ria do Coroadinho - Daniel Matos\",\"isPartOf\":{\"@id\":\"https:\/\/www.blogsoestado.com\/danielmatos\/#website\"},\"primaryImageOfPage\":{\"@id\":\"https:\/\/www.blogsoestado.com\/danielmatos\/roseana-inaugura-unidade-de-seguranca-comunitaria-do-coroadinho\/#primaryimage\"},\"image\":{\"@id\":\"https:\/\/www.blogsoestado.com\/danielmatos\/roseana-inaugura-unidade-de-seguranca-comunitaria-do-coroadinho\/#primaryimage\"},\"thumbnailUrl\":\"https:\/\/www.blogsoestado.com\/danielmatos\/files\/2014\/10\/usc-coroadinho3.jpg\",\"datePublished\":\"2014-10-01T11:26:47+00:00\",\"author\":{\"@id\":\"\"},\"breadcrumb\":{\"@id\":\"https:\/\/www.blogsoestado.com\/danielmatos\/roseana-inaugura-unidade-de-seguranca-comunitaria-do-coroadinho\/#breadcrumb\"},\"inLanguage\":\"pt-BR\",\"potentialAction\":[{\"@type\":\"ReadAction\",\"target\":[\"https:\/\/www.blogsoestado.com\/danielmatos\/roseana-inaugura-unidade-de-seguranca-comunitaria-do-coroadinho\/\"]}]},{\"@type\":\"ImageObject\",\"inLanguage\":\"pt-BR\",\"@id\":\"https:\/\/www.blogsoestado.com\/danielmatos\/roseana-inaugura-unidade-de-seguranca-comunitaria-do-coroadinho\/#primaryimage\",\"url\":\"https:\/\/www.blogsoestado.com\/danielmatos\/files\/2014\/10\/usc-coroadinho3.jpg\",\"contentUrl\":\"https:\/\/www.blogsoestado.com\/danielmatos\/files\/2014\/10\/usc-coroadinho3.jpg\"},{\"@type\":\"BreadcrumbList\",\"@id\":\"https:\/\/www.blogsoestado.com\/danielmatos\/roseana-inaugura-unidade-de-seguranca-comunitaria-do-coroadinho\/#breadcrumb\",\"itemListElement\":[{\"@type\":\"ListItem\",\"position\":1,\"name\":\"In\u00edcio\",\"item\":\"https:\/\/www.blogsoestado.com\/danielmatos\/\"},{\"@type\":\"ListItem\",\"position\":2,\"name\":\"Roseana inaugura Unidade de Seguran\u00e7a Comunit\u00e1ria do Coroadinho\"}]},{\"@type\":\"WebSite\",\"@id\":\"https:\/\/www.blogsoestado.com\/danielmatos\/#website\",\"url\":\"https:\/\/www.blogsoestado.com\/danielmatos\/\",\"name\":\"Daniel Matos\",\"description\":\"\",\"potentialAction\":[{\"@type\":\"SearchAction\",\"target\":{\"@type\":\"EntryPoint\",\"urlTemplate\":\"https:\/\/www.blogsoestado.com\/danielmatos\/?s={search_term_string}\"},\"query-input\":{\"@type\":\"PropertyValueSpecification\",\"valueRequired\":true,\"valueName\":\"search_term_string\"}}],\"inLanguage\":\"pt-BR\"}]}<\/script>\n<!-- \/ Yoast SEO plugin. -->","yoast_head_json":{"title":"Roseana inaugura Unidade de Seguran\u00e7a Comunit\u00e1ria do Coroadinho - Daniel Matos","robots":{"index":"index","follow":"follow","max-snippet":"max-snippet:-1","max-image-preview":"max-image-preview:large","max-video-preview":"max-video-preview:-1"},"canonical":"https:\/\/www.blogsoestado.com\/danielmatos\/roseana-inaugura-unidade-de-seguranca-comunitaria-do-coroadinho\/","og_locale":"pt_BR","og_type":"article","og_title":"Roseana inaugura Unidade de Seguran\u00e7a Comunit\u00e1ria do Coroadinho - Daniel Matos","og_description":"A governadora Roseana Sarney inaugurou, nesta ter\u00e7a-feira (30), a Unidade de Seguran\u00e7a Comunit\u00e1ria (USC) Bom Jesus\/Coroadinho, em S\u00e3o Lu\u00eds. Acompanhada [&hellip;]","og_url":"https:\/\/www.blogsoestado.com\/danielmatos\/roseana-inaugura-unidade-de-seguranca-comunitaria-do-coroadinho\/","og_site_name":"Daniel Matos","article_published_time":"2014-10-01T11:26:47+00:00","og_image":[{"url":"https:\/\/www.blogsoestado.com\/danielmatos\/files\/2014\/10\/usc-coroadinho3.jpg","type":"","width":"","height":""}],"twitter_card":"summary_large_image","twitter_misc":{"Est. tempo de leitura":"4 minutos"},"schema":{"@context":"https:\/\/schema.org","@graph":[{"@type":"WebPage","@id":"https:\/\/www.blogsoestado.com\/danielmatos\/roseana-inaugura-unidade-de-seguranca-comunitaria-do-coroadinho\/","url":"https:\/\/www.blogsoestado.com\/danielmatos\/roseana-inaugura-unidade-de-seguranca-comunitaria-do-coroadinho\/","name":"Roseana inaugura Unidade de Seguran\u00e7a Comunit\u00e1ria do Coroadinho - Daniel Matos","isPartOf":{"@id":"https:\/\/www.blogsoestado.com\/danielmatos\/#website"},"primaryImageOfPage":{"@id":"https:\/\/www.blogsoestado.com\/danielmatos\/roseana-inaugura-unidade-de-seguranca-comunitaria-do-coroadinho\/#primaryimage"},"image":{"@id":"https:\/\/www.blogsoestado.com\/danielmatos\/roseana-inaugura-unidade-de-seguranca-comunitaria-do-coroadinho\/#primaryimage"},"thumbnailUrl":"https:\/\/www.blogsoestado.com\/danielmatos\/files\/2014\/10\/usc-coroadinho3.jpg","datePublished":"2014-10-01T11:26:47+00:00","author":{"@id":""},"breadcrumb":{"@id":"https:\/\/www.blogsoestado.com\/danielmatos\/roseana-inaugura-unidade-de-seguranca-comunitaria-do-coroadinho\/#breadcrumb"},"inLanguage":"pt-BR","potentialAction":[{"@type":"ReadAction","target":["https:\/\/www.blogsoestado.com\/danielmatos\/roseana-inaugura-unidade-de-seguranca-comunitaria-do-coroadinho\/"]}]},{"@type":"ImageObject","inLanguage":"pt-BR","@id":"https:\/\/www.blogsoestado.com\/danielmatos\/roseana-inaugura-unidade-de-seguranca-comunitaria-do-coroadinho\/#primaryimage","url":"https:\/\/www.blogsoestado.com\/danielmatos\/files\/2014\/10\/usc-coroadinho3.jpg","contentUrl":"https:\/\/www.blogsoestado.com\/danielmatos\/files\/2014\/10\/usc-coroadinho3.jpg"},{"@type":"BreadcrumbList","@id":"https:\/\/www.blogsoestado.com\/danielmatos\/roseana-inaugura-unidade-de-seguranca-comunitaria-do-coroadinho\/#breadcrumb","itemListElement":[{"@type":"ListItem","position":1,"name":"In\u00edcio","item":"https:\/\/www.blogsoestado.com\/danielmatos\/"},{"@type":"ListItem","position":2,"name":"Roseana inaugura Unidade de Seguran\u00e7a Comunit\u00e1ria do Coroadinho"}]},{"@type":"WebSite","@id":"https:\/\/www.blogsoestado.com\/danielmatos\/#website","url":"https:\/\/www.blogsoestado.com\/danielmatos\/","name":"Daniel Matos","description":"","potentialAction":[{"@type":"SearchAction","target":{"@type":"EntryPoint","urlTemplate":"https:\/\/www.blogsoestado.com\/danielmatos\/?s={search_term_string}"},"query-input":{"@type":"PropertyValueSpecification","valueRequired":true,"valueName":"search_term_string"}}],"inLanguage":"pt-BR"}]}},"jetpack_featured_media_url":"","_links":{"self":[{"href":"https:\/\/www.blogsoestado.com\/danielmatos\/wp-json\/wp\/v2\/posts\/19579","targetHints":{"allow":["GET"]}}],"collection":[{"href":"https:\/\/www.blogsoestado.com\/danielmatos\/wp-json\/wp\/v2\/posts"}],"about":[{"href":"https:\/\/www.blogsoestado.com\/danielmatos\/wp-json\/wp\/v2\/types\/post"}],"replies":[{"embeddable":true,"href":"https:\/\/www.blogsoestado.com\/danielmatos\/wp-json\/wp\/v2\/comments?post=19579"}],"version-history":[{"count":0,"href":"https:\/\/www.blogsoestado.com\/danielmatos\/wp-json\/wp\/v2\/posts\/19579\/revisions"}],"wp:attachment":[{"href":"https:\/\/www.blogsoestado.com\/danielmatos\/wp-json\/wp\/v2\/media?parent=19579"}],"wp:term":[{"taxonomy":"category","embeddable":true,"href":"https:\/\/www.blogsoestado.com\/danielmatos\/wp-json\/wp\/v2\/categories?post=19579"},{"taxonomy":"post_tag","embeddable":true,"href":"https:\/\/www.blogsoestado.com\/danielmatos\/wp-json\/wp\/v2\/tags?post=19579"}],"curies":[{"name":"wp","href":"https:\/\/api.w.org\/{rel}","templated":true}]}}