{"id":19584,"date":"2014-10-01T10:22:48","date_gmt":"2014-10-01T13:22:48","guid":{"rendered":"https:\/\/www.blogsoestado.com\/danielmatos\/?p=19584"},"modified":"2014-10-01T10:22:48","modified_gmt":"2014-10-01T13:22:48","slug":"cautela-excessiva-de-candidatos-marcou-debate","status":"publish","type":"post","link":"https:\/\/www.blogsoestado.com\/danielmatos\/cautela-excessiva-de-candidatos-marcou-debate\/","title":{"rendered":"Cautela excessiva de candidatos marcou debate"},"content":{"rendered":"<figure id=\"attachment_19586\" aria-describedby=\"caption-attachment-19586\" style=\"width: 640px\" class=\"wp-caption aligncenter\"><a href=\"https:\/\/www.blogsoestado.com\/danielmatos\/files\/2014\/10\/debate-mirante2.jpg\"><img fetchpriority=\"high\" decoding=\"async\" class=\"size-full wp-image-19586\" src=\"https:\/\/www.blogsoestado.com\/danielmatos\/files\/2014\/10\/debate-mirante2.jpg\" alt=\"Debate promovido pela TV Mirante foi marcado por cautela excessiva dos candidatos\" width=\"640\" height=\"427\" \/><\/a><figcaption id=\"caption-attachment-19586\" class=\"wp-caption-text\">Debate promovido pela TV Mirante foi marcado por cautela excessiva dos candidatos (<strong>Foto:<\/strong> De Jesus\/<strong>O Estado<\/strong>)<\/figcaption><\/figure>\n<p>O debate realizado pela TV Mirante na noite e madrugada passadas com tr\u00eas dos seis candidatos ao governo transcorreu quase o tempo todo em clima ameno, apesar de estarmos na reta final da campanha e da troca de acusa\u00e7\u00f5es que vem marcando as \u00faltimas semanas que antecedem o pleito.\u00a0A\u00a0organiza\u00e7\u00e3o foi impec\u00e1vel e seguiu o padr\u00e3o imposto pela Rede Globo \u00e0s suas afiliadas. Mas, durante uma hora\u00a0de programa,\u00a0o que se viu\u00a0foi o excesso de cautela de Fl\u00e1vio Dino (PCdoB), Lob\u00e3o Filho (PCdoB) e Ant\u00f4nio Pedrosa (PSol) na abordagem dos temas, at\u00e9 mesmo os mais pol\u00eamicos.<\/p>\n<p>Somente no segundo bloco houve um princ\u00edpio de tens\u00e3o entre Dino e Lob\u00e3o, os \u00fanicos com chance na disputa. De resto, o\u00a0tom foi brando,\u00a0o que levou o mediador F\u00e1bio Willian a elogiar os tr\u00eas concorrentes pelo alto n\u00edvel das discuss\u00f5es, sinal de que os debatedores apresentaram desempenho\u00a0fraco.<\/p>\n<p>O tema seguran\u00e7a p\u00fablica predominou no primeiro bloco. Cada candidato exp\u00f4s o que pretende fazer nessa \u00e1rea caso seja eleito. Apesar de divergirem uns dos outros em quase todos os pontos, os postulantes\u00a0n\u00e3o partiram\u00a0para a agress\u00e3o. No m\u00e1ximo, houve tentativa de desqualifica\u00e7\u00e3o de uma ou outra proposta, como a inten\u00e7\u00e3o de Fl\u00e1vio Dino de dobrar o efetivo da Pol\u00edcia Militar de 8 mil para 16 mil homens, algo temer\u00e1rio, segundo Lob\u00e3o Filho, pelo risco de viola\u00e7\u00e3o da Lei de Responsabilidade Fiscal, e a ideia do peemedebista de implodir o Complexo Penitenci\u00e1rio de Pedrinhas, criticada por Pedrosa.<\/p>\n<p>No bloco seguinte o clima esquentou quando\u00a0o mediador sorteou o tema corrup\u00e7\u00e3o. Era a vez de\u00a0Lob\u00e3o Filho perguntar e o peemedebista n\u00e3o hesitou em dirigir seu questionamento a Fl\u00e1vio Dino, indagando-o sobre os processos que ele responde da \u00e9poca em que presidiu a Embratur. Dino n\u00e3o s\u00f3 negou como atribuiu condena\u00e7\u00f5es ao rival, que, na tr\u00e9plica, classificou a acusa\u00e7\u00e3o de\u00a0mentirosa e criminosa.<\/p>\n<p>Outros temas foram abordados, como sa\u00fade, saneamento, economia\u00a0e\u00a0desenvolvimento humano, sempre com cordialidade. Ficaram de fora do debate assuntos espinhosos levados ao p\u00fablico\u00a0durante a campanha, como o v\u00eddeo em que um criminoso acusa Fl\u00e1vio Dino de liderar uma quadrilha especializada em assaltos a bancos e tr\u00e1fico de drogas; a revista feita pela Pol\u00edcia Federal no avi\u00e3o, em carros e nos integrantes da comitiva de\u00a0Lob\u00e3o Filho\u00a0no aeroporto de Imperatriz e as acusa\u00e7\u00f5es feitas pelo ex-diretor da Petrobras Paulo Roberto Costa contra a governadora Roseana Sarney e o\u00a0ministro de Minas e Energia, Edison Lob\u00e3o.<\/p>\n<p>Considerado\u00a0o \u00faltimo evento significativo da campanha eleitoral, o debate promovido pela TV Mirante provavelmente n\u00e3o ter\u00e1 o peso esperado na disputa.\u00a0Tudo porque os candidatos foram comedidos ao extremo.<\/p>\n","protected":false},"excerpt":{"rendered":"<p>O debate realizado pela TV Mirante na noite e madrugada passadas com tr\u00eas dos seis candidatos ao governo transcorreu quase [&hellip;]<\/p>\n","protected":false},"author":0,"featured_media":0,"comment_status":"open","ping_status":"open","sticky":false,"template":"","format":"standard","meta":{"site-sidebar-layout":"default","site-content-layout":"","ast-site-content-layout":"default","site-content-style":"default","site-sidebar-style":"default","ast-global-header-display":"","ast-banner-title-visibility":"","ast-main-header-display":"","ast-hfb-above-header-display":"","ast-hfb-below-header-display":"","ast-hfb-mobile-header-display":"","site-post-title":"","ast-breadcrumbs-content":"","ast-featured-img":"","footer-sml-layout":"","ast-disable-related-posts":"","theme-transparent-header-meta":"","adv-header-id-meta":"","stick-header-meta":"","header-above-stick-meta":"","header-main-stick-meta":"","header-below-stick-meta":"","astra-migrate-meta-layouts":"default","ast-page-background-enabled":"default","ast-page-background-meta":{"desktop":{"background-color":"var(--ast-global-color-5)","background-image":"","background-repeat":"repeat","background-position":"center center","background-size":"auto","background-attachment":"scroll","background-type":"","background-media":"","overlay-type":"","overlay-color":"","overlay-opacity":"","overlay-gradient":""},"tablet":{"background-color":"","background-image":"","background-repeat":"repeat","background-position":"center center","background-size":"auto","background-attachment":"scroll","background-type":"","background-media":"","overlay-type":"","overlay-color":"","overlay-opacity":"","overlay-gradient":""},"mobile":{"background-color":"","background-image":"","background-repeat":"repeat","background-position":"center center","background-size":"auto","background-attachment":"scroll","background-type":"","background-media":"","overlay-type":"","overlay-color":"","overlay-opacity":"","overlay-gradient":""}},"ast-content-background-meta":{"desktop":{"background-color":"var(--ast-global-color-4)","background-image":"","background-repeat":"repeat","background-position":"center center","background-size":"auto","background-attachment":"scroll","background-type":"","background-media":"","overlay-type":"","overlay-color":"","overlay-opacity":"","overlay-gradient":""},"tablet":{"background-color":"var(--ast-global-color-4)","background-image":"","background-repeat":"repeat","background-position":"center center","background-size":"auto","background-attachment":"scroll","background-type":"","background-media":"","overlay-type":"","overlay-color":"","overlay-opacity":"","overlay-gradient":""},"mobile":{"background-color":"var(--ast-global-color-4)","background-image":"","background-repeat":"repeat","background-position":"center center","background-size":"auto","background-attachment":"scroll","background-type":"","background-media":"","overlay-type":"","overlay-color":"","overlay-opacity":"","overlay-gradient":""}},"footnotes":""},"categories":[1],"tags":[],"class_list":["post-19584","post","type-post","status-publish","format-standard","hentry","category-sem-categoria"],"yoast_head":"<!-- This site is optimized with the Yoast SEO plugin v26.6 - https:\/\/yoast.com\/wordpress\/plugins\/seo\/ -->\n<title>Cautela excessiva de candidatos marcou debate - Daniel Matos<\/title>\n<meta name=\"robots\" content=\"index, follow, max-snippet:-1, max-image-preview:large, max-video-preview:-1\" \/>\n<link rel=\"canonical\" href=\"https:\/\/www.blogsoestado.com\/danielmatos\/cautela-excessiva-de-candidatos-marcou-debate\/\" \/>\n<meta property=\"og:locale\" content=\"pt_BR\" \/>\n<meta property=\"og:type\" content=\"article\" \/>\n<meta property=\"og:title\" content=\"Cautela excessiva de candidatos marcou debate - Daniel Matos\" \/>\n<meta property=\"og:description\" content=\"O debate realizado pela TV Mirante na noite e madrugada passadas com tr\u00eas dos seis candidatos ao governo transcorreu quase [&hellip;]\" \/>\n<meta property=\"og:url\" content=\"https:\/\/www.blogsoestado.com\/danielmatos\/cautela-excessiva-de-candidatos-marcou-debate\/\" \/>\n<meta property=\"og:site_name\" content=\"Daniel Matos\" \/>\n<meta property=\"article:published_time\" content=\"2014-10-01T13:22:48+00:00\" \/>\n<meta property=\"og:image\" content=\"https:\/\/www.blogsoestado.com\/danielmatos\/files\/2014\/10\/debate-mirante2.jpg\" \/>\n<meta name=\"twitter:card\" content=\"summary_large_image\" \/>\n<meta name=\"twitter:label1\" content=\"Est. tempo de leitura\" \/>\n\t<meta name=\"twitter:data1\" content=\"3 minutos\" \/>\n<script type=\"application\/ld+json\" class=\"yoast-schema-graph\">{\"@context\":\"https:\/\/schema.org\",\"@graph\":[{\"@type\":\"WebPage\",\"@id\":\"https:\/\/www.blogsoestado.com\/danielmatos\/cautela-excessiva-de-candidatos-marcou-debate\/\",\"url\":\"https:\/\/www.blogsoestado.com\/danielmatos\/cautela-excessiva-de-candidatos-marcou-debate\/\",\"name\":\"Cautela excessiva de candidatos marcou debate - Daniel Matos\",\"isPartOf\":{\"@id\":\"https:\/\/www.blogsoestado.com\/danielmatos\/#website\"},\"primaryImageOfPage\":{\"@id\":\"https:\/\/www.blogsoestado.com\/danielmatos\/cautela-excessiva-de-candidatos-marcou-debate\/#primaryimage\"},\"image\":{\"@id\":\"https:\/\/www.blogsoestado.com\/danielmatos\/cautela-excessiva-de-candidatos-marcou-debate\/#primaryimage\"},\"thumbnailUrl\":\"https:\/\/www.blogsoestado.com\/danielmatos\/files\/2014\/10\/debate-mirante2.jpg\",\"datePublished\":\"2014-10-01T13:22:48+00:00\",\"author\":{\"@id\":\"\"},\"breadcrumb\":{\"@id\":\"https:\/\/www.blogsoestado.com\/danielmatos\/cautela-excessiva-de-candidatos-marcou-debate\/#breadcrumb\"},\"inLanguage\":\"pt-BR\",\"potentialAction\":[{\"@type\":\"ReadAction\",\"target\":[\"https:\/\/www.blogsoestado.com\/danielmatos\/cautela-excessiva-de-candidatos-marcou-debate\/\"]}]},{\"@type\":\"ImageObject\",\"inLanguage\":\"pt-BR\",\"@id\":\"https:\/\/www.blogsoestado.com\/danielmatos\/cautela-excessiva-de-candidatos-marcou-debate\/#primaryimage\",\"url\":\"https:\/\/www.blogsoestado.com\/danielmatos\/files\/2014\/10\/debate-mirante2.jpg\",\"contentUrl\":\"https:\/\/www.blogsoestado.com\/danielmatos\/files\/2014\/10\/debate-mirante2.jpg\"},{\"@type\":\"BreadcrumbList\",\"@id\":\"https:\/\/www.blogsoestado.com\/danielmatos\/cautela-excessiva-de-candidatos-marcou-debate\/#breadcrumb\",\"itemListElement\":[{\"@type\":\"ListItem\",\"position\":1,\"name\":\"In\u00edcio\",\"item\":\"https:\/\/www.blogsoestado.com\/danielmatos\/\"},{\"@type\":\"ListItem\",\"position\":2,\"name\":\"Cautela excessiva de candidatos marcou debate\"}]},{\"@type\":\"WebSite\",\"@id\":\"https:\/\/www.blogsoestado.com\/danielmatos\/#website\",\"url\":\"https:\/\/www.blogsoestado.com\/danielmatos\/\",\"name\":\"Daniel Matos\",\"description\":\"\",\"potentialAction\":[{\"@type\":\"SearchAction\",\"target\":{\"@type\":\"EntryPoint\",\"urlTemplate\":\"https:\/\/www.blogsoestado.com\/danielmatos\/?s={search_term_string}\"},\"query-input\":{\"@type\":\"PropertyValueSpecification\",\"valueRequired\":true,\"valueName\":\"search_term_string\"}}],\"inLanguage\":\"pt-BR\"}]}<\/script>\n<!-- \/ Yoast SEO plugin. -->","yoast_head_json":{"title":"Cautela excessiva de candidatos marcou debate - Daniel Matos","robots":{"index":"index","follow":"follow","max-snippet":"max-snippet:-1","max-image-preview":"max-image-preview:large","max-video-preview":"max-video-preview:-1"},"canonical":"https:\/\/www.blogsoestado.com\/danielmatos\/cautela-excessiva-de-candidatos-marcou-debate\/","og_locale":"pt_BR","og_type":"article","og_title":"Cautela excessiva de candidatos marcou debate - Daniel Matos","og_description":"O debate realizado pela TV Mirante na noite e madrugada passadas com tr\u00eas dos seis candidatos ao governo transcorreu quase [&hellip;]","og_url":"https:\/\/www.blogsoestado.com\/danielmatos\/cautela-excessiva-de-candidatos-marcou-debate\/","og_site_name":"Daniel Matos","article_published_time":"2014-10-01T13:22:48+00:00","og_image":[{"url":"https:\/\/www.blogsoestado.com\/danielmatos\/files\/2014\/10\/debate-mirante2.jpg","type":"","width":"","height":""}],"twitter_card":"summary_large_image","twitter_misc":{"Est. tempo de leitura":"3 minutos"},"schema":{"@context":"https:\/\/schema.org","@graph":[{"@type":"WebPage","@id":"https:\/\/www.blogsoestado.com\/danielmatos\/cautela-excessiva-de-candidatos-marcou-debate\/","url":"https:\/\/www.blogsoestado.com\/danielmatos\/cautela-excessiva-de-candidatos-marcou-debate\/","name":"Cautela excessiva de candidatos marcou debate - Daniel Matos","isPartOf":{"@id":"https:\/\/www.blogsoestado.com\/danielmatos\/#website"},"primaryImageOfPage":{"@id":"https:\/\/www.blogsoestado.com\/danielmatos\/cautela-excessiva-de-candidatos-marcou-debate\/#primaryimage"},"image":{"@id":"https:\/\/www.blogsoestado.com\/danielmatos\/cautela-excessiva-de-candidatos-marcou-debate\/#primaryimage"},"thumbnailUrl":"https:\/\/www.blogsoestado.com\/danielmatos\/files\/2014\/10\/debate-mirante2.jpg","datePublished":"2014-10-01T13:22:48+00:00","author":{"@id":""},"breadcrumb":{"@id":"https:\/\/www.blogsoestado.com\/danielmatos\/cautela-excessiva-de-candidatos-marcou-debate\/#breadcrumb"},"inLanguage":"pt-BR","potentialAction":[{"@type":"ReadAction","target":["https:\/\/www.blogsoestado.com\/danielmatos\/cautela-excessiva-de-candidatos-marcou-debate\/"]}]},{"@type":"ImageObject","inLanguage":"pt-BR","@id":"https:\/\/www.blogsoestado.com\/danielmatos\/cautela-excessiva-de-candidatos-marcou-debate\/#primaryimage","url":"https:\/\/www.blogsoestado.com\/danielmatos\/files\/2014\/10\/debate-mirante2.jpg","contentUrl":"https:\/\/www.blogsoestado.com\/danielmatos\/files\/2014\/10\/debate-mirante2.jpg"},{"@type":"BreadcrumbList","@id":"https:\/\/www.blogsoestado.com\/danielmatos\/cautela-excessiva-de-candidatos-marcou-debate\/#breadcrumb","itemListElement":[{"@type":"ListItem","position":1,"name":"In\u00edcio","item":"https:\/\/www.blogsoestado.com\/danielmatos\/"},{"@type":"ListItem","position":2,"name":"Cautela excessiva de candidatos marcou debate"}]},{"@type":"WebSite","@id":"https:\/\/www.blogsoestado.com\/danielmatos\/#website","url":"https:\/\/www.blogsoestado.com\/danielmatos\/","name":"Daniel Matos","description":"","potentialAction":[{"@type":"SearchAction","target":{"@type":"EntryPoint","urlTemplate":"https:\/\/www.blogsoestado.com\/danielmatos\/?s={search_term_string}"},"query-input":{"@type":"PropertyValueSpecification","valueRequired":true,"valueName":"search_term_string"}}],"inLanguage":"pt-BR"}]}},"jetpack_featured_media_url":"","_links":{"self":[{"href":"https:\/\/www.blogsoestado.com\/danielmatos\/wp-json\/wp\/v2\/posts\/19584","targetHints":{"allow":["GET"]}}],"collection":[{"href":"https:\/\/www.blogsoestado.com\/danielmatos\/wp-json\/wp\/v2\/posts"}],"about":[{"href":"https:\/\/www.blogsoestado.com\/danielmatos\/wp-json\/wp\/v2\/types\/post"}],"replies":[{"embeddable":true,"href":"https:\/\/www.blogsoestado.com\/danielmatos\/wp-json\/wp\/v2\/comments?post=19584"}],"version-history":[{"count":0,"href":"https:\/\/www.blogsoestado.com\/danielmatos\/wp-json\/wp\/v2\/posts\/19584\/revisions"}],"wp:attachment":[{"href":"https:\/\/www.blogsoestado.com\/danielmatos\/wp-json\/wp\/v2\/media?parent=19584"}],"wp:term":[{"taxonomy":"category","embeddable":true,"href":"https:\/\/www.blogsoestado.com\/danielmatos\/wp-json\/wp\/v2\/categories?post=19584"},{"taxonomy":"post_tag","embeddable":true,"href":"https:\/\/www.blogsoestado.com\/danielmatos\/wp-json\/wp\/v2\/tags?post=19584"}],"curies":[{"name":"wp","href":"https:\/\/api.w.org\/{rel}","templated":true}]}}