{"id":19595,"date":"2014-10-01T11:45:20","date_gmt":"2014-10-01T14:45:20","guid":{"rendered":"https:\/\/www.blogsoestado.com\/danielmatos\/?p=19595"},"modified":"2014-10-01T11:45:20","modified_gmt":"2014-10-01T14:45:20","slug":"prefeitura-amplia-recuperacao-de-pavimento-no-eixo-cidade-operaria","status":"publish","type":"post","link":"https:\/\/www.blogsoestado.com\/danielmatos\/prefeitura-amplia-recuperacao-de-pavimento-no-eixo-cidade-operaria\/","title":{"rendered":"Prefeitura amplia recupera\u00e7\u00e3o de pavimento no eixo Cidade Oper\u00e1ria"},"content":{"rendered":"<figure id=\"attachment_19596\" aria-describedby=\"caption-attachment-19596\" style=\"width: 640px\" class=\"wp-caption aligncenter\"><a href=\"https:\/\/www.blogsoestado.com\/danielmatos\/files\/2014\/10\/obras-co.jpg\"><img fetchpriority=\"high\" decoding=\"async\" class=\"size-full wp-image-19596\" src=\"https:\/\/www.blogsoestado.com\/danielmatos\/files\/2014\/10\/obras-co.jpg\" alt=\" Entre os locais beneficiados com as interven\u00e7\u00f5es est\u00e1 a Rua 3 na Vila Am\u00e9rica, que interliga os bairros Jardim Am\u00e9rica e Recanto dos P\u00e1ssaros\" width=\"640\" height=\"427\" \/><\/a><figcaption id=\"caption-attachment-19596\" class=\"wp-caption-text\">Entre os locais beneficiados com as interven\u00e7\u00f5es est\u00e1 a Rua 3 na Vila Am\u00e9rica, que interliga os bairros Jardim Am\u00e9rica e Recanto dos P\u00e1ssaros<\/figcaption><\/figure>\n<p>A Prefeitura de S\u00e3o Lu\u00eds est\u00e1 ampliando as obras de recupera\u00e7\u00e3o asf\u00e1ltica na regi\u00e3o da Cidade Oper\u00e1ria. Nesta semana, as equipes da Secretaria de Obras e Servi\u00e7os P\u00fablicos (Semosp) iniciaram o servi\u00e7o de recapeamento da Rua 3, na Vila Am\u00e9rica, que liga o bairro Jardim Am\u00e9rica ao Recanto dos P\u00e1ssaros. Com cerca de 200 metros, a rua \u00e9 utilizada como rota de um dos \u00f4nibus que faz linha para o bairro Jardim Tropical.<\/p>\n<p>Para reparar o trecho danificado da via, uma extens\u00e3o de aproximadamente 150 metros, a Semosp utilizou 40 toneladas de asfalto de alta qualidade (CBUQ). De acordo com o titular da Semosp, Ant\u00f4nio Ara\u00fajo, a a\u00e7\u00e3o tem um impacto positivo para melhoria da qualidade de vida da popula\u00e7\u00e3o dessa \u00e1rea.<\/p>\n<p>\u201cOs moradores dessa regi\u00e3o reclamavam sobre as dificuldades que enfrentavam devido ao estado da rua, com infraestrutura prec\u00e1ria. O prefeito Edivaldo, sens\u00edvel aos problemas da popula\u00e7\u00e3o, orientou a execu\u00e7\u00e3o dos servi\u00e7os. Estamos realizando v\u00e1rias interven\u00e7\u00f5es dessa natureza na Cidade Oper\u00e1ria, al\u00e9m de obras de drenagem superficial\u201d, informou Ant\u00f4nio Ara\u00fajo.<\/p>\n<p>Ainda como parte das interven\u00e7\u00f5es para melhoria da via e acesso a essa regi\u00e3o da cidade, a Prefeitura come\u00e7ou nesta ter\u00e7a-feira (30) a instala\u00e7\u00e3o de canaletas de concreto. Com a interven\u00e7\u00e3o, o fluxo de \u00e1gua ser\u00e1 orientado para a sarjeta evitando o ac\u00famulo sobre a pista, o que provocava danos \u00e0 cobertura asf\u00e1ltica.<\/p>\n<figure id=\"attachment_19597\" aria-describedby=\"caption-attachment-19597\" style=\"width: 638px\" class=\"wp-caption aligncenter\"><a href=\"https:\/\/www.blogsoestado.com\/danielmatos\/files\/2014\/10\/obras-co2.jpg\"><img decoding=\"async\" class=\"size-full wp-image-19597\" src=\"https:\/\/www.blogsoestado.com\/danielmatos\/files\/2014\/10\/obras-co2.jpg\" alt=\"Para os moradores, a obra colabora com o bem estar da popula\u00e7\u00e3o da regi\u00e3o, uma das mais populosas da capital \" width=\"638\" height=\"480\" \/><\/a><figcaption id=\"caption-attachment-19597\" class=\"wp-caption-text\">Para os moradores, a obra colabora com o bem estar da popula\u00e7\u00e3o da regi\u00e3o, uma das mais populosas da capital<\/figcaption><\/figure>\n<p>Para os moradores, a obra colabora com o bem estar da popula\u00e7\u00e3o local. \u201cN\u00f3s j\u00e1 hav\u00edamos solicitado das outras administra\u00e7\u00f5es, mas s\u00f3 ficava na promessa. Tendo vontade, o prefeito trabalha\u201d, afirmou o vigilante Francisco de Assis Serra, 58 anos. J\u00e1 para Aldenir Carvalho, propriet\u00e1ria de um sal\u00e3o de beleza, a conclus\u00e3o do servi\u00e7o vai aumentar a clientela. \u201cMeu sal\u00e3o estava quase fechado devido \u00e0 dificuldade de acesso para rua e, antes de come\u00e7ar as obras, os m\u00f3veis em casa ficavam cobertos por causa de poeira\u201d, contou.<\/p>\n<p><strong>Anil\u00a0e S\u00e3o Bernardo<\/strong><\/p>\n<p>As obras de recupera\u00e7\u00e3o do pavimento avan\u00e7am em outros pontos da cidade. Na semana passada, a Prefeitura concluiu o asfaltamento de um trecho de 500 metros da Avenida Casemiro J\u00fanior, no bairro Anil, onde est\u00e3o sendo realizadas interven\u00e7\u00f5es para a melhoria do tr\u00e2nsito. Os trechos mais danificados da avenida foram recapeados com o CBUQ, o que amplia a vida \u00fatil da via.<\/p>\n<p>A Rua Nova, utilizada como rota do transporte coletivo, tamb\u00e9m recebeu nova cobertura asf\u00e1ltica, assim como os locais onde foi retirada a estrutura de meio-fio para coloca\u00e7\u00e3o de nova sinaliza\u00e7\u00e3o de tr\u00e2nsito.<\/p>\n<p>No bairro S\u00e3o Bernardo, as equipes da Semosp trabalharam na semana passada para recompor a camada asf\u00e1ltica da Rua Eliezer Silva, principal acesso ao bairro. O asfaltamento de um trecho de 30 metros da via ocorreu ap\u00f3s a implanta\u00e7\u00e3o de canaletas de concreto, para evitar \u00e1gua parada sobre a pista, o que danificava o asfalto.<\/p>\n<p><strong>Fonte:<\/strong> Secretaria Municipal de Comunica\u00e7\u00e3o (Secom)<\/p>\n","protected":false},"excerpt":{"rendered":"<p>A Prefeitura de S\u00e3o Lu\u00eds est\u00e1 ampliando as obras de recupera\u00e7\u00e3o asf\u00e1ltica na regi\u00e3o da Cidade Oper\u00e1ria. Nesta semana, as [&hellip;]<\/p>\n","protected":false},"author":0,"featured_media":0,"comment_status":"open","ping_status":"open","sticky":false,"template":"","format":"standard","meta":{"site-sidebar-layout":"default","site-content-layout":"","ast-site-content-layout":"default","site-content-style":"default","site-sidebar-style":"default","ast-global-header-display":"","ast-banner-title-visibility":"","ast-main-header-display":"","ast-hfb-above-header-display":"","ast-hfb-below-header-display":"","ast-hfb-mobile-header-display":"","site-post-title":"","ast-breadcrumbs-content":"","ast-featured-img":"","footer-sml-layout":"","ast-disable-related-posts":"","theme-transparent-header-meta":"","adv-header-id-meta":"","stick-header-meta":"","header-above-stick-meta":"","header-main-stick-meta":"","header-below-stick-meta":"","astra-migrate-meta-layouts":"default","ast-page-background-enabled":"default","ast-page-background-meta":{"desktop":{"background-color":"var(--ast-global-color-5)","background-image":"","background-repeat":"repeat","background-position":"center center","background-size":"auto","background-attachment":"scroll","background-type":"","background-media":"","overlay-type":"","overlay-color":"","overlay-opacity":"","overlay-gradient":""},"tablet":{"background-color":"","background-image":"","background-repeat":"repeat","background-position":"center center","background-size":"auto","background-attachment":"scroll","background-type":"","background-media":"","overlay-type":"","overlay-color":"","overlay-opacity":"","overlay-gradient":""},"mobile":{"background-color":"","background-image":"","background-repeat":"repeat","background-position":"center center","background-size":"auto","background-attachment":"scroll","background-type":"","background-media":"","overlay-type":"","overlay-color":"","overlay-opacity":"","overlay-gradient":""}},"ast-content-background-meta":{"desktop":{"background-color":"var(--ast-global-color-4)","background-image":"","background-repeat":"repeat","background-position":"center center","background-size":"auto","background-attachment":"scroll","background-type":"","background-media":"","overlay-type":"","overlay-color":"","overlay-opacity":"","overlay-gradient":""},"tablet":{"background-color":"var(--ast-global-color-4)","background-image":"","background-repeat":"repeat","background-position":"center center","background-size":"auto","background-attachment":"scroll","background-type":"","background-media":"","overlay-type":"","overlay-color":"","overlay-opacity":"","overlay-gradient":""},"mobile":{"background-color":"var(--ast-global-color-4)","background-image":"","background-repeat":"repeat","background-position":"center center","background-size":"auto","background-attachment":"scroll","background-type":"","background-media":"","overlay-type":"","overlay-color":"","overlay-opacity":"","overlay-gradient":""}},"footnotes":""},"categories":[1],"tags":[],"class_list":["post-19595","post","type-post","status-publish","format-standard","hentry","category-sem-categoria"],"yoast_head":"<!-- This site is optimized with the Yoast SEO plugin v26.6 - https:\/\/yoast.com\/wordpress\/plugins\/seo\/ -->\n<title>Prefeitura amplia recupera\u00e7\u00e3o de pavimento no eixo Cidade Oper\u00e1ria - Daniel Matos<\/title>\n<meta name=\"robots\" content=\"index, follow, max-snippet:-1, max-image-preview:large, max-video-preview:-1\" \/>\n<link rel=\"canonical\" href=\"https:\/\/www.blogsoestado.com\/danielmatos\/prefeitura-amplia-recuperacao-de-pavimento-no-eixo-cidade-operaria\/\" \/>\n<meta property=\"og:locale\" content=\"pt_BR\" \/>\n<meta property=\"og:type\" content=\"article\" \/>\n<meta property=\"og:title\" content=\"Prefeitura amplia recupera\u00e7\u00e3o de pavimento no eixo Cidade Oper\u00e1ria - Daniel Matos\" \/>\n<meta property=\"og:description\" content=\"A Prefeitura de S\u00e3o Lu\u00eds est\u00e1 ampliando as obras de recupera\u00e7\u00e3o asf\u00e1ltica na regi\u00e3o da Cidade Oper\u00e1ria. Nesta semana, as [&hellip;]\" \/>\n<meta property=\"og:url\" content=\"https:\/\/www.blogsoestado.com\/danielmatos\/prefeitura-amplia-recuperacao-de-pavimento-no-eixo-cidade-operaria\/\" \/>\n<meta property=\"og:site_name\" content=\"Daniel Matos\" \/>\n<meta property=\"article:published_time\" content=\"2014-10-01T14:45:20+00:00\" \/>\n<meta property=\"og:image\" content=\"https:\/\/www.blogsoestado.com\/danielmatos\/files\/2014\/10\/obras-co.jpg\" \/>\n<meta name=\"twitter:card\" content=\"summary_large_image\" \/>\n<meta name=\"twitter:label1\" content=\"Est. tempo de leitura\" \/>\n\t<meta name=\"twitter:data1\" content=\"3 minutos\" \/>\n<script type=\"application\/ld+json\" class=\"yoast-schema-graph\">{\"@context\":\"https:\/\/schema.org\",\"@graph\":[{\"@type\":\"WebPage\",\"@id\":\"https:\/\/www.blogsoestado.com\/danielmatos\/prefeitura-amplia-recuperacao-de-pavimento-no-eixo-cidade-operaria\/\",\"url\":\"https:\/\/www.blogsoestado.com\/danielmatos\/prefeitura-amplia-recuperacao-de-pavimento-no-eixo-cidade-operaria\/\",\"name\":\"Prefeitura amplia recupera\u00e7\u00e3o de pavimento no eixo Cidade Oper\u00e1ria - Daniel Matos\",\"isPartOf\":{\"@id\":\"https:\/\/www.blogsoestado.com\/danielmatos\/#website\"},\"primaryImageOfPage\":{\"@id\":\"https:\/\/www.blogsoestado.com\/danielmatos\/prefeitura-amplia-recuperacao-de-pavimento-no-eixo-cidade-operaria\/#primaryimage\"},\"image\":{\"@id\":\"https:\/\/www.blogsoestado.com\/danielmatos\/prefeitura-amplia-recuperacao-de-pavimento-no-eixo-cidade-operaria\/#primaryimage\"},\"thumbnailUrl\":\"https:\/\/www.blogsoestado.com\/danielmatos\/files\/2014\/10\/obras-co.jpg\",\"datePublished\":\"2014-10-01T14:45:20+00:00\",\"author\":{\"@id\":\"\"},\"breadcrumb\":{\"@id\":\"https:\/\/www.blogsoestado.com\/danielmatos\/prefeitura-amplia-recuperacao-de-pavimento-no-eixo-cidade-operaria\/#breadcrumb\"},\"inLanguage\":\"pt-BR\",\"potentialAction\":[{\"@type\":\"ReadAction\",\"target\":[\"https:\/\/www.blogsoestado.com\/danielmatos\/prefeitura-amplia-recuperacao-de-pavimento-no-eixo-cidade-operaria\/\"]}]},{\"@type\":\"ImageObject\",\"inLanguage\":\"pt-BR\",\"@id\":\"https:\/\/www.blogsoestado.com\/danielmatos\/prefeitura-amplia-recuperacao-de-pavimento-no-eixo-cidade-operaria\/#primaryimage\",\"url\":\"https:\/\/www.blogsoestado.com\/danielmatos\/files\/2014\/10\/obras-co.jpg\",\"contentUrl\":\"https:\/\/www.blogsoestado.com\/danielmatos\/files\/2014\/10\/obras-co.jpg\"},{\"@type\":\"BreadcrumbList\",\"@id\":\"https:\/\/www.blogsoestado.com\/danielmatos\/prefeitura-amplia-recuperacao-de-pavimento-no-eixo-cidade-operaria\/#breadcrumb\",\"itemListElement\":[{\"@type\":\"ListItem\",\"position\":1,\"name\":\"In\u00edcio\",\"item\":\"https:\/\/www.blogsoestado.com\/danielmatos\/\"},{\"@type\":\"ListItem\",\"position\":2,\"name\":\"Prefeitura amplia recupera\u00e7\u00e3o de pavimento no eixo Cidade Oper\u00e1ria\"}]},{\"@type\":\"WebSite\",\"@id\":\"https:\/\/www.blogsoestado.com\/danielmatos\/#website\",\"url\":\"https:\/\/www.blogsoestado.com\/danielmatos\/\",\"name\":\"Daniel Matos\",\"description\":\"\",\"potentialAction\":[{\"@type\":\"SearchAction\",\"target\":{\"@type\":\"EntryPoint\",\"urlTemplate\":\"https:\/\/www.blogsoestado.com\/danielmatos\/?s={search_term_string}\"},\"query-input\":{\"@type\":\"PropertyValueSpecification\",\"valueRequired\":true,\"valueName\":\"search_term_string\"}}],\"inLanguage\":\"pt-BR\"}]}<\/script>\n<!-- \/ Yoast SEO plugin. -->","yoast_head_json":{"title":"Prefeitura amplia recupera\u00e7\u00e3o de pavimento no eixo Cidade Oper\u00e1ria - Daniel Matos","robots":{"index":"index","follow":"follow","max-snippet":"max-snippet:-1","max-image-preview":"max-image-preview:large","max-video-preview":"max-video-preview:-1"},"canonical":"https:\/\/www.blogsoestado.com\/danielmatos\/prefeitura-amplia-recuperacao-de-pavimento-no-eixo-cidade-operaria\/","og_locale":"pt_BR","og_type":"article","og_title":"Prefeitura amplia recupera\u00e7\u00e3o de pavimento no eixo Cidade Oper\u00e1ria - Daniel Matos","og_description":"A Prefeitura de S\u00e3o Lu\u00eds est\u00e1 ampliando as obras de recupera\u00e7\u00e3o asf\u00e1ltica na regi\u00e3o da Cidade Oper\u00e1ria. Nesta semana, as [&hellip;]","og_url":"https:\/\/www.blogsoestado.com\/danielmatos\/prefeitura-amplia-recuperacao-de-pavimento-no-eixo-cidade-operaria\/","og_site_name":"Daniel Matos","article_published_time":"2014-10-01T14:45:20+00:00","og_image":[{"url":"https:\/\/www.blogsoestado.com\/danielmatos\/files\/2014\/10\/obras-co.jpg","type":"","width":"","height":""}],"twitter_card":"summary_large_image","twitter_misc":{"Est. tempo de leitura":"3 minutos"},"schema":{"@context":"https:\/\/schema.org","@graph":[{"@type":"WebPage","@id":"https:\/\/www.blogsoestado.com\/danielmatos\/prefeitura-amplia-recuperacao-de-pavimento-no-eixo-cidade-operaria\/","url":"https:\/\/www.blogsoestado.com\/danielmatos\/prefeitura-amplia-recuperacao-de-pavimento-no-eixo-cidade-operaria\/","name":"Prefeitura amplia recupera\u00e7\u00e3o de pavimento no eixo Cidade Oper\u00e1ria - Daniel Matos","isPartOf":{"@id":"https:\/\/www.blogsoestado.com\/danielmatos\/#website"},"primaryImageOfPage":{"@id":"https:\/\/www.blogsoestado.com\/danielmatos\/prefeitura-amplia-recuperacao-de-pavimento-no-eixo-cidade-operaria\/#primaryimage"},"image":{"@id":"https:\/\/www.blogsoestado.com\/danielmatos\/prefeitura-amplia-recuperacao-de-pavimento-no-eixo-cidade-operaria\/#primaryimage"},"thumbnailUrl":"https:\/\/www.blogsoestado.com\/danielmatos\/files\/2014\/10\/obras-co.jpg","datePublished":"2014-10-01T14:45:20+00:00","author":{"@id":""},"breadcrumb":{"@id":"https:\/\/www.blogsoestado.com\/danielmatos\/prefeitura-amplia-recuperacao-de-pavimento-no-eixo-cidade-operaria\/#breadcrumb"},"inLanguage":"pt-BR","potentialAction":[{"@type":"ReadAction","target":["https:\/\/www.blogsoestado.com\/danielmatos\/prefeitura-amplia-recuperacao-de-pavimento-no-eixo-cidade-operaria\/"]}]},{"@type":"ImageObject","inLanguage":"pt-BR","@id":"https:\/\/www.blogsoestado.com\/danielmatos\/prefeitura-amplia-recuperacao-de-pavimento-no-eixo-cidade-operaria\/#primaryimage","url":"https:\/\/www.blogsoestado.com\/danielmatos\/files\/2014\/10\/obras-co.jpg","contentUrl":"https:\/\/www.blogsoestado.com\/danielmatos\/files\/2014\/10\/obras-co.jpg"},{"@type":"BreadcrumbList","@id":"https:\/\/www.blogsoestado.com\/danielmatos\/prefeitura-amplia-recuperacao-de-pavimento-no-eixo-cidade-operaria\/#breadcrumb","itemListElement":[{"@type":"ListItem","position":1,"name":"In\u00edcio","item":"https:\/\/www.blogsoestado.com\/danielmatos\/"},{"@type":"ListItem","position":2,"name":"Prefeitura amplia recupera\u00e7\u00e3o de pavimento no eixo Cidade Oper\u00e1ria"}]},{"@type":"WebSite","@id":"https:\/\/www.blogsoestado.com\/danielmatos\/#website","url":"https:\/\/www.blogsoestado.com\/danielmatos\/","name":"Daniel Matos","description":"","potentialAction":[{"@type":"SearchAction","target":{"@type":"EntryPoint","urlTemplate":"https:\/\/www.blogsoestado.com\/danielmatos\/?s={search_term_string}"},"query-input":{"@type":"PropertyValueSpecification","valueRequired":true,"valueName":"search_term_string"}}],"inLanguage":"pt-BR"}]}},"jetpack_featured_media_url":"","_links":{"self":[{"href":"https:\/\/www.blogsoestado.com\/danielmatos\/wp-json\/wp\/v2\/posts\/19595","targetHints":{"allow":["GET"]}}],"collection":[{"href":"https:\/\/www.blogsoestado.com\/danielmatos\/wp-json\/wp\/v2\/posts"}],"about":[{"href":"https:\/\/www.blogsoestado.com\/danielmatos\/wp-json\/wp\/v2\/types\/post"}],"replies":[{"embeddable":true,"href":"https:\/\/www.blogsoestado.com\/danielmatos\/wp-json\/wp\/v2\/comments?post=19595"}],"version-history":[{"count":0,"href":"https:\/\/www.blogsoestado.com\/danielmatos\/wp-json\/wp\/v2\/posts\/19595\/revisions"}],"wp:attachment":[{"href":"https:\/\/www.blogsoestado.com\/danielmatos\/wp-json\/wp\/v2\/media?parent=19595"}],"wp:term":[{"taxonomy":"category","embeddable":true,"href":"https:\/\/www.blogsoestado.com\/danielmatos\/wp-json\/wp\/v2\/categories?post=19595"},{"taxonomy":"post_tag","embeddable":true,"href":"https:\/\/www.blogsoestado.com\/danielmatos\/wp-json\/wp\/v2\/tags?post=19595"}],"curies":[{"name":"wp","href":"https:\/\/api.w.org\/{rel}","templated":true}]}}