{"id":19600,"date":"2014-10-01T15:03:36","date_gmt":"2014-10-01T18:03:36","guid":{"rendered":"https:\/\/www.blogsoestado.com\/danielmatos\/?p=19600"},"modified":"2014-10-01T15:03:36","modified_gmt":"2014-10-01T18:03:36","slug":"apos-novos-incendios-onibus-voltam-a-ser-recolhidos","status":"publish","type":"post","link":"https:\/\/www.blogsoestado.com\/danielmatos\/apos-novos-incendios-onibus-voltam-a-ser-recolhidos\/","title":{"rendered":"Ap\u00f3s novos inc\u00eandios, \u00f4nibus voltam a ser recolhidos"},"content":{"rendered":"<figure id=\"attachment_19601\" aria-describedby=\"caption-attachment-19601\" style=\"width: 640px\" class=\"wp-caption aligncenter\"><a href=\"https:\/\/www.blogsoestado.com\/danielmatos\/files\/2014\/10\/onibus-queima-vinhais.jpg\"><img fetchpriority=\"high\" decoding=\"async\" class=\"size-full wp-image-19601\" src=\"https:\/\/www.blogsoestado.com\/danielmatos\/files\/2014\/10\/onibus-queima-vinhais.jpg\" alt=\"\u00d4nibus em chamas no Recanto dos Vinhais ap\u00f3s mais um ataque criminoso cometido por fac\u00e7\u00f5es \" width=\"640\" height=\"480\" \/><\/a><figcaption id=\"caption-attachment-19601\" class=\"wp-caption-text\">\u00d4nibus em chamas no Recanto dos Vinhais ap\u00f3s novo\u00a0atentado cometido por fac\u00e7\u00e3o criminosa\u00a0que\u00a0atua na capital<\/figcaption><\/figure>\n<p>Depois de dois novos inc\u00eandios a \u00f4nibus, ocorridos na manh\u00e3 de hoje no Recanto dos Vinhais e no P\u00e3o de A\u00e7\u00facar, as empresas que operam as linhas voltaram a\u00a0recolher toda a frota de coletivos de S\u00e3o Lu\u00eds, deixando a cidade mais uma vez sem transporte. Os sindicatos das Empresas de Transportes de Passageiros de S\u00e3o Luis (SET) e dos Trabalhadores em Transporte Rodovi\u00e1rio no Estado do Maranh\u00e3o (STTREMA)\u00a0alegam que a medida \u00e9 necess\u00e1ria para garantir a seguran\u00e7a dos usu\u00e1rios do servi\u00e7o e de motoristas e cobradores.<\/p>\n<p>A rotina da cidade est\u00e1 alterada desde o in\u00edcio\u00a0da tarde, quando houve o an\u00fancio do recolhimento da frota de \u00f4nibus. Trabalhadores come\u00e7aram a voltar para casa nos \u00faltimos coletivos que ainda cumpriam o itiner\u00e1rio. Muitos ficaram revoltados com a interrup\u00e7\u00e3o repentina do servi\u00e7o de transporte.<\/p>\n<p>Dois\u00a0suspeitos de queimar um \u00f4nibus\u00a0no Recanto dos Vinhais\u00a0foram presos pela Pol\u00edcia Militar na Vila Progresso. Os acusados s\u00e3o irm\u00e3os e foram identificados como Gilmar Delgado Sousa, 20 anos, e Alan Delgado Sousa, 19.\u00a0As buscas aos demais autores dos ataques continua por tempo indeterminado, at\u00e9 que todos sejam presos.<\/p>\n<p>Os sindicatos das empresas e dos trabalhadores do transporte rodovi\u00e1rio informaram que o\u00a0sistema s\u00f3 ser\u00e1 normalizado ap\u00f3s reuni\u00e3o com as autoridades de seguran\u00e7a, com a presen\u00e7a da governadora Roseana Sarney.\u00a0\u00a0Assista abaixo\u00a0ao\u00a0v\u00eddeo que mostra\u00a0um\u00a0\u00f4nibus em chamas no Recanto dos Vinhais:<\/p>\n<p>[youtube Mjrz7A-C5Ss]<\/p>\n<p>&nbsp;<\/p>\n<p><strong>NOTA \u00c0 IMPRENSA SOBRE RECOLHIMENTO IMEDIATO DA FROTA DE \u00d4NIBUS<\/strong><\/p>\n<p><em>O Sindicato das Empresas de Transportes de Passageiros de S\u00e3o Luis (SET) e o Sindicato dos Trabalhadores em Transporte Rodovi\u00e1rio no Estado do Maranh\u00e3o (STTREMA) informam que houve na manh\u00e3 desta quarta-feira (01.10) dois casos de inc\u00eandio a \u00f4nibus em S\u00e3o Luis.<\/em><\/p>\n<p><em>A Secretaria de Seguran\u00e7a e a For\u00e7a Nacional j\u00e1 foram informadas, e est\u00e3o tomando as provid\u00eancias para a captura dos v\u00e2ndalos envolvidos.<\/em><\/p>\n<p><em>Por\u00e9m, visando \u00e0\u00a0seguran\u00e7a dos usu\u00e1rios, bem como dos operadores do sistema de transporte de S\u00e3o Luis, o SET e o STTREMA informam que a frota de ve\u00edculos est\u00e1 sendo totalmente recolhida de forma imediata.<\/em><\/p>\n<p><em>O retorno da opera\u00e7\u00e3o dever\u00e1 ocorrer somente quando houver uma reuni\u00e3o com o sistema de seguran\u00e7a e a governadora do Estado do Maranh\u00e3o, para dar garantia aos ve\u00edculos e aos usu\u00e1rios.<\/em><\/p>\n<p><strong>SET \u2013 Sindicato das Empresas de Transportes de Passageiros de S\u00e3o Lu\u00eds<\/strong><br \/>\n<strong> STTREMA \u2013 Sindicato dos Trabalhadores em Transporte Rodovi\u00e1rio no Estado do Maranh\u00e3o<\/strong><\/p>\n","protected":false},"excerpt":{"rendered":"<p>Depois de dois novos inc\u00eandios a \u00f4nibus, ocorridos na manh\u00e3 de hoje no Recanto dos Vinhais e no P\u00e3o de [&hellip;]<\/p>\n","protected":false},"author":0,"featured_media":0,"comment_status":"open","ping_status":"open","sticky":false,"template":"","format":"standard","meta":{"site-sidebar-layout":"default","site-content-layout":"","ast-site-content-layout":"default","site-content-style":"default","site-sidebar-style":"default","ast-global-header-display":"","ast-banner-title-visibility":"","ast-main-header-display":"","ast-hfb-above-header-display":"","ast-hfb-below-header-display":"","ast-hfb-mobile-header-display":"","site-post-title":"","ast-breadcrumbs-content":"","ast-featured-img":"","footer-sml-layout":"","ast-disable-related-posts":"","theme-transparent-header-meta":"","adv-header-id-meta":"","stick-header-meta":"","header-above-stick-meta":"","header-main-stick-meta":"","header-below-stick-meta":"","astra-migrate-meta-layouts":"default","ast-page-background-enabled":"default","ast-page-background-meta":{"desktop":{"background-color":"var(--ast-global-color-5)","background-image":"","background-repeat":"repeat","background-position":"center center","background-size":"auto","background-attachment":"scroll","background-type":"","background-media":"","overlay-type":"","overlay-color":"","overlay-opacity":"","overlay-gradient":""},"tablet":{"background-color":"","background-image":"","background-repeat":"repeat","background-position":"center center","background-size":"auto","background-attachment":"scroll","background-type":"","background-media":"","overlay-type":"","overlay-color":"","overlay-opacity":"","overlay-gradient":""},"mobile":{"background-color":"","background-image":"","background-repeat":"repeat","background-position":"center center","background-size":"auto","background-attachment":"scroll","background-type":"","background-media":"","overlay-type":"","overlay-color":"","overlay-opacity":"","overlay-gradient":""}},"ast-content-background-meta":{"desktop":{"background-color":"var(--ast-global-color-4)","background-image":"","background-repeat":"repeat","background-position":"center center","background-size":"auto","background-attachment":"scroll","background-type":"","background-media":"","overlay-type":"","overlay-color":"","overlay-opacity":"","overlay-gradient":""},"tablet":{"background-color":"var(--ast-global-color-4)","background-image":"","background-repeat":"repeat","background-position":"center center","background-size":"auto","background-attachment":"scroll","background-type":"","background-media":"","overlay-type":"","overlay-color":"","overlay-opacity":"","overlay-gradient":""},"mobile":{"background-color":"var(--ast-global-color-4)","background-image":"","background-repeat":"repeat","background-position":"center center","background-size":"auto","background-attachment":"scroll","background-type":"","background-media":"","overlay-type":"","overlay-color":"","overlay-opacity":"","overlay-gradient":""}},"footnotes":""},"categories":[1],"tags":[],"class_list":["post-19600","post","type-post","status-publish","format-standard","hentry","category-sem-categoria"],"yoast_head":"<!-- This site is optimized with the Yoast SEO plugin v26.6 - https:\/\/yoast.com\/wordpress\/plugins\/seo\/ -->\n<title>Ap\u00f3s novos inc\u00eandios, \u00f4nibus voltam a ser recolhidos - Daniel Matos<\/title>\n<meta name=\"robots\" content=\"index, follow, max-snippet:-1, max-image-preview:large, max-video-preview:-1\" \/>\n<link rel=\"canonical\" href=\"https:\/\/www.blogsoestado.com\/danielmatos\/apos-novos-incendios-onibus-voltam-a-ser-recolhidos\/\" \/>\n<meta property=\"og:locale\" content=\"pt_BR\" \/>\n<meta property=\"og:type\" content=\"article\" \/>\n<meta property=\"og:title\" content=\"Ap\u00f3s novos inc\u00eandios, \u00f4nibus voltam a ser recolhidos - Daniel Matos\" \/>\n<meta property=\"og:description\" content=\"Depois de dois novos inc\u00eandios a \u00f4nibus, ocorridos na manh\u00e3 de hoje no Recanto dos Vinhais e no P\u00e3o de [&hellip;]\" \/>\n<meta property=\"og:url\" content=\"https:\/\/www.blogsoestado.com\/danielmatos\/apos-novos-incendios-onibus-voltam-a-ser-recolhidos\/\" \/>\n<meta property=\"og:site_name\" content=\"Daniel Matos\" \/>\n<meta property=\"article:published_time\" content=\"2014-10-01T18:03:36+00:00\" \/>\n<meta property=\"og:image\" content=\"https:\/\/www.blogsoestado.com\/danielmatos\/files\/2014\/10\/onibus-queima-vinhais.jpg\" \/>\n<meta name=\"twitter:card\" content=\"summary_large_image\" \/>\n<meta name=\"twitter:label1\" content=\"Est. tempo de leitura\" \/>\n\t<meta name=\"twitter:data1\" content=\"2 minutos\" \/>\n<script type=\"application\/ld+json\" class=\"yoast-schema-graph\">{\"@context\":\"https:\/\/schema.org\",\"@graph\":[{\"@type\":\"WebPage\",\"@id\":\"https:\/\/www.blogsoestado.com\/danielmatos\/apos-novos-incendios-onibus-voltam-a-ser-recolhidos\/\",\"url\":\"https:\/\/www.blogsoestado.com\/danielmatos\/apos-novos-incendios-onibus-voltam-a-ser-recolhidos\/\",\"name\":\"Ap\u00f3s novos inc\u00eandios, \u00f4nibus voltam a ser recolhidos - Daniel Matos\",\"isPartOf\":{\"@id\":\"https:\/\/www.blogsoestado.com\/danielmatos\/#website\"},\"primaryImageOfPage\":{\"@id\":\"https:\/\/www.blogsoestado.com\/danielmatos\/apos-novos-incendios-onibus-voltam-a-ser-recolhidos\/#primaryimage\"},\"image\":{\"@id\":\"https:\/\/www.blogsoestado.com\/danielmatos\/apos-novos-incendios-onibus-voltam-a-ser-recolhidos\/#primaryimage\"},\"thumbnailUrl\":\"https:\/\/www.blogsoestado.com\/danielmatos\/files\/2014\/10\/onibus-queima-vinhais.jpg\",\"datePublished\":\"2014-10-01T18:03:36+00:00\",\"author\":{\"@id\":\"\"},\"breadcrumb\":{\"@id\":\"https:\/\/www.blogsoestado.com\/danielmatos\/apos-novos-incendios-onibus-voltam-a-ser-recolhidos\/#breadcrumb\"},\"inLanguage\":\"pt-BR\",\"potentialAction\":[{\"@type\":\"ReadAction\",\"target\":[\"https:\/\/www.blogsoestado.com\/danielmatos\/apos-novos-incendios-onibus-voltam-a-ser-recolhidos\/\"]}]},{\"@type\":\"ImageObject\",\"inLanguage\":\"pt-BR\",\"@id\":\"https:\/\/www.blogsoestado.com\/danielmatos\/apos-novos-incendios-onibus-voltam-a-ser-recolhidos\/#primaryimage\",\"url\":\"https:\/\/www.blogsoestado.com\/danielmatos\/files\/2014\/10\/onibus-queima-vinhais.jpg\",\"contentUrl\":\"https:\/\/www.blogsoestado.com\/danielmatos\/files\/2014\/10\/onibus-queima-vinhais.jpg\"},{\"@type\":\"BreadcrumbList\",\"@id\":\"https:\/\/www.blogsoestado.com\/danielmatos\/apos-novos-incendios-onibus-voltam-a-ser-recolhidos\/#breadcrumb\",\"itemListElement\":[{\"@type\":\"ListItem\",\"position\":1,\"name\":\"In\u00edcio\",\"item\":\"https:\/\/www.blogsoestado.com\/danielmatos\/\"},{\"@type\":\"ListItem\",\"position\":2,\"name\":\"Ap\u00f3s novos inc\u00eandios, \u00f4nibus voltam a ser recolhidos\"}]},{\"@type\":\"WebSite\",\"@id\":\"https:\/\/www.blogsoestado.com\/danielmatos\/#website\",\"url\":\"https:\/\/www.blogsoestado.com\/danielmatos\/\",\"name\":\"Daniel Matos\",\"description\":\"\",\"potentialAction\":[{\"@type\":\"SearchAction\",\"target\":{\"@type\":\"EntryPoint\",\"urlTemplate\":\"https:\/\/www.blogsoestado.com\/danielmatos\/?s={search_term_string}\"},\"query-input\":{\"@type\":\"PropertyValueSpecification\",\"valueRequired\":true,\"valueName\":\"search_term_string\"}}],\"inLanguage\":\"pt-BR\"}]}<\/script>\n<!-- \/ Yoast SEO plugin. -->","yoast_head_json":{"title":"Ap\u00f3s novos inc\u00eandios, \u00f4nibus voltam a ser recolhidos - Daniel Matos","robots":{"index":"index","follow":"follow","max-snippet":"max-snippet:-1","max-image-preview":"max-image-preview:large","max-video-preview":"max-video-preview:-1"},"canonical":"https:\/\/www.blogsoestado.com\/danielmatos\/apos-novos-incendios-onibus-voltam-a-ser-recolhidos\/","og_locale":"pt_BR","og_type":"article","og_title":"Ap\u00f3s novos inc\u00eandios, \u00f4nibus voltam a ser recolhidos - Daniel Matos","og_description":"Depois de dois novos inc\u00eandios a \u00f4nibus, ocorridos na manh\u00e3 de hoje no Recanto dos Vinhais e no P\u00e3o de [&hellip;]","og_url":"https:\/\/www.blogsoestado.com\/danielmatos\/apos-novos-incendios-onibus-voltam-a-ser-recolhidos\/","og_site_name":"Daniel Matos","article_published_time":"2014-10-01T18:03:36+00:00","og_image":[{"url":"https:\/\/www.blogsoestado.com\/danielmatos\/files\/2014\/10\/onibus-queima-vinhais.jpg","type":"","width":"","height":""}],"twitter_card":"summary_large_image","twitter_misc":{"Est. tempo de leitura":"2 minutos"},"schema":{"@context":"https:\/\/schema.org","@graph":[{"@type":"WebPage","@id":"https:\/\/www.blogsoestado.com\/danielmatos\/apos-novos-incendios-onibus-voltam-a-ser-recolhidos\/","url":"https:\/\/www.blogsoestado.com\/danielmatos\/apos-novos-incendios-onibus-voltam-a-ser-recolhidos\/","name":"Ap\u00f3s novos inc\u00eandios, \u00f4nibus voltam a ser recolhidos - Daniel Matos","isPartOf":{"@id":"https:\/\/www.blogsoestado.com\/danielmatos\/#website"},"primaryImageOfPage":{"@id":"https:\/\/www.blogsoestado.com\/danielmatos\/apos-novos-incendios-onibus-voltam-a-ser-recolhidos\/#primaryimage"},"image":{"@id":"https:\/\/www.blogsoestado.com\/danielmatos\/apos-novos-incendios-onibus-voltam-a-ser-recolhidos\/#primaryimage"},"thumbnailUrl":"https:\/\/www.blogsoestado.com\/danielmatos\/files\/2014\/10\/onibus-queima-vinhais.jpg","datePublished":"2014-10-01T18:03:36+00:00","author":{"@id":""},"breadcrumb":{"@id":"https:\/\/www.blogsoestado.com\/danielmatos\/apos-novos-incendios-onibus-voltam-a-ser-recolhidos\/#breadcrumb"},"inLanguage":"pt-BR","potentialAction":[{"@type":"ReadAction","target":["https:\/\/www.blogsoestado.com\/danielmatos\/apos-novos-incendios-onibus-voltam-a-ser-recolhidos\/"]}]},{"@type":"ImageObject","inLanguage":"pt-BR","@id":"https:\/\/www.blogsoestado.com\/danielmatos\/apos-novos-incendios-onibus-voltam-a-ser-recolhidos\/#primaryimage","url":"https:\/\/www.blogsoestado.com\/danielmatos\/files\/2014\/10\/onibus-queima-vinhais.jpg","contentUrl":"https:\/\/www.blogsoestado.com\/danielmatos\/files\/2014\/10\/onibus-queima-vinhais.jpg"},{"@type":"BreadcrumbList","@id":"https:\/\/www.blogsoestado.com\/danielmatos\/apos-novos-incendios-onibus-voltam-a-ser-recolhidos\/#breadcrumb","itemListElement":[{"@type":"ListItem","position":1,"name":"In\u00edcio","item":"https:\/\/www.blogsoestado.com\/danielmatos\/"},{"@type":"ListItem","position":2,"name":"Ap\u00f3s novos inc\u00eandios, \u00f4nibus voltam a ser recolhidos"}]},{"@type":"WebSite","@id":"https:\/\/www.blogsoestado.com\/danielmatos\/#website","url":"https:\/\/www.blogsoestado.com\/danielmatos\/","name":"Daniel Matos","description":"","potentialAction":[{"@type":"SearchAction","target":{"@type":"EntryPoint","urlTemplate":"https:\/\/www.blogsoestado.com\/danielmatos\/?s={search_term_string}"},"query-input":{"@type":"PropertyValueSpecification","valueRequired":true,"valueName":"search_term_string"}}],"inLanguage":"pt-BR"}]}},"jetpack_featured_media_url":"","_links":{"self":[{"href":"https:\/\/www.blogsoestado.com\/danielmatos\/wp-json\/wp\/v2\/posts\/19600","targetHints":{"allow":["GET"]}}],"collection":[{"href":"https:\/\/www.blogsoestado.com\/danielmatos\/wp-json\/wp\/v2\/posts"}],"about":[{"href":"https:\/\/www.blogsoestado.com\/danielmatos\/wp-json\/wp\/v2\/types\/post"}],"replies":[{"embeddable":true,"href":"https:\/\/www.blogsoestado.com\/danielmatos\/wp-json\/wp\/v2\/comments?post=19600"}],"version-history":[{"count":0,"href":"https:\/\/www.blogsoestado.com\/danielmatos\/wp-json\/wp\/v2\/posts\/19600\/revisions"}],"wp:attachment":[{"href":"https:\/\/www.blogsoestado.com\/danielmatos\/wp-json\/wp\/v2\/media?parent=19600"}],"wp:term":[{"taxonomy":"category","embeddable":true,"href":"https:\/\/www.blogsoestado.com\/danielmatos\/wp-json\/wp\/v2\/categories?post=19600"},{"taxonomy":"post_tag","embeddable":true,"href":"https:\/\/www.blogsoestado.com\/danielmatos\/wp-json\/wp\/v2\/tags?post=19600"}],"curies":[{"name":"wp","href":"https:\/\/api.w.org\/{rel}","templated":true}]}}