{"id":19614,"date":"2014-10-01T17:23:10","date_gmt":"2014-10-01T20:23:10","guid":{"rendered":"https:\/\/www.blogsoestado.com\/danielmatos\/?p=19614"},"modified":"2014-10-01T17:23:10","modified_gmt":"2014-10-01T20:23:10","slug":"sao-luis-continuara-sem-onibus-por-tempo-indeterminado","status":"publish","type":"post","link":"https:\/\/www.blogsoestado.com\/danielmatos\/sao-luis-continuara-sem-onibus-por-tempo-indeterminado\/","title":{"rendered":"S\u00e3o Lu\u00eds continuar\u00e1 sem \u00f4nibus por tempo indeterminado"},"content":{"rendered":"<figure id=\"attachment_19601\" aria-describedby=\"caption-attachment-19601\" style=\"width: 640px\" class=\"wp-caption aligncenter\"><a href=\"https:\/\/www.blogsoestado.com\/danielmatos\/files\/2014\/10\/onibus-queima-vinhais.jpg\"><img fetchpriority=\"high\" decoding=\"async\" class=\"size-full wp-image-19601\" src=\"https:\/\/www.blogsoestado.com\/danielmatos\/files\/2014\/10\/onibus-queima-vinhais.jpg\" alt=\"\u00d4nibus em chamas no Recanto dos Vinhais ap\u00f3s mais um ataque criminoso cometido por fac\u00e7\u00f5es \" width=\"640\" height=\"480\" \/><\/a><figcaption id=\"caption-attachment-19601\" class=\"wp-caption-text\">\u00d4nibus da Primor foi um dos dois incendiados hoje, na retomada\u00a0da onda de ataques ao sistema de transporte p\u00fablico<\/figcaption><\/figure>\n<p>Em reuni\u00e3o realizada na tarde de hoje para definir que medidas tomar ap\u00f3s dois novos inc\u00eandios a \u00f4nibus, ocorridos no Recantos dos Vinhais e no Piquizeiro, diretores dos sindicatos da Empresas de Transporte de Passageiros de S\u00e3o Lu\u00eds (SET) e dos Trabalhadores em Transporte Rodovi\u00e1rio do Maranh\u00e3o (STRREMA) decidiram que a cidade permanecer\u00e1 sem coletivos\u00a0por tempo indeterminado. A ordem\u00a0\u00e9 que nesta\u00a0quinta-feira\u00a0nenhum\u00a0ve\u00edculo\u00a0saia da garagem.<\/p>\n<p>Patr\u00f5es e empregados do\u00a0transporte p\u00fablico aguardam o agendamento de uma reuni\u00e3o com a governadora Roseana Sarney para reivindicar mais seguran\u00e7a para o sistema, que voltou a ser alvo de ataques cometidos por fac\u00e7\u00f5es criminosas desde o \u00faltimo dia 20. Na nova onda de atentados, 12 \u00f4nibus j\u00e1 foram incendiados.<\/p>\n<p>Faltando quatro dias para a elei\u00e7\u00e3o, \u00e9 preciso que o impasse seja logo solucionado, sob pena de afetar a frequ\u00eancia de eleitores no local de vota\u00e7\u00e3o e, consequentemente, no resultado do pleito.<\/p>\n","protected":false},"excerpt":{"rendered":"<p>Em reuni\u00e3o realizada na tarde de hoje para definir que medidas tomar ap\u00f3s dois novos inc\u00eandios a \u00f4nibus, ocorridos no [&hellip;]<\/p>\n","protected":false},"author":0,"featured_media":0,"comment_status":"open","ping_status":"open","sticky":false,"template":"","format":"standard","meta":{"site-sidebar-layout":"default","site-content-layout":"","ast-site-content-layout":"default","site-content-style":"default","site-sidebar-style":"default","ast-global-header-display":"","ast-banner-title-visibility":"","ast-main-header-display":"","ast-hfb-above-header-display":"","ast-hfb-below-header-display":"","ast-hfb-mobile-header-display":"","site-post-title":"","ast-breadcrumbs-content":"","ast-featured-img":"","footer-sml-layout":"","ast-disable-related-posts":"","theme-transparent-header-meta":"","adv-header-id-meta":"","stick-header-meta":"","header-above-stick-meta":"","header-main-stick-meta":"","header-below-stick-meta":"","astra-migrate-meta-layouts":"default","ast-page-background-enabled":"default","ast-page-background-meta":{"desktop":{"background-color":"var(--ast-global-color-5)","background-image":"","background-repeat":"repeat","background-position":"center center","background-size":"auto","background-attachment":"scroll","background-type":"","background-media":"","overlay-type":"","overlay-color":"","overlay-opacity":"","overlay-gradient":""},"tablet":{"background-color":"","background-image":"","background-repeat":"repeat","background-position":"center center","background-size":"auto","background-attachment":"scroll","background-type":"","background-media":"","overlay-type":"","overlay-color":"","overlay-opacity":"","overlay-gradient":""},"mobile":{"background-color":"","background-image":"","background-repeat":"repeat","background-position":"center center","background-size":"auto","background-attachment":"scroll","background-type":"","background-media":"","overlay-type":"","overlay-color":"","overlay-opacity":"","overlay-gradient":""}},"ast-content-background-meta":{"desktop":{"background-color":"var(--ast-global-color-4)","background-image":"","background-repeat":"repeat","background-position":"center center","background-size":"auto","background-attachment":"scroll","background-type":"","background-media":"","overlay-type":"","overlay-color":"","overlay-opacity":"","overlay-gradient":""},"tablet":{"background-color":"var(--ast-global-color-4)","background-image":"","background-repeat":"repeat","background-position":"center center","background-size":"auto","background-attachment":"scroll","background-type":"","background-media":"","overlay-type":"","overlay-color":"","overlay-opacity":"","overlay-gradient":""},"mobile":{"background-color":"var(--ast-global-color-4)","background-image":"","background-repeat":"repeat","background-position":"center center","background-size":"auto","background-attachment":"scroll","background-type":"","background-media":"","overlay-type":"","overlay-color":"","overlay-opacity":"","overlay-gradient":""}},"footnotes":""},"categories":[1],"tags":[],"class_list":["post-19614","post","type-post","status-publish","format-standard","hentry","category-sem-categoria"],"yoast_head":"<!-- This site is optimized with the Yoast SEO plugin v26.6 - https:\/\/yoast.com\/wordpress\/plugins\/seo\/ -->\n<title>S\u00e3o Lu\u00eds continuar\u00e1 sem \u00f4nibus por tempo indeterminado - Daniel Matos<\/title>\n<meta name=\"robots\" content=\"index, follow, max-snippet:-1, max-image-preview:large, max-video-preview:-1\" \/>\n<link rel=\"canonical\" href=\"https:\/\/www.blogsoestado.com\/danielmatos\/sao-luis-continuara-sem-onibus-por-tempo-indeterminado\/\" \/>\n<meta property=\"og:locale\" content=\"pt_BR\" \/>\n<meta property=\"og:type\" content=\"article\" \/>\n<meta property=\"og:title\" content=\"S\u00e3o Lu\u00eds continuar\u00e1 sem \u00f4nibus por tempo indeterminado - Daniel Matos\" \/>\n<meta property=\"og:description\" content=\"Em reuni\u00e3o realizada na tarde de hoje para definir que medidas tomar ap\u00f3s dois novos inc\u00eandios a \u00f4nibus, ocorridos no [&hellip;]\" \/>\n<meta property=\"og:url\" content=\"https:\/\/www.blogsoestado.com\/danielmatos\/sao-luis-continuara-sem-onibus-por-tempo-indeterminado\/\" \/>\n<meta property=\"og:site_name\" content=\"Daniel Matos\" \/>\n<meta property=\"article:published_time\" content=\"2014-10-01T20:23:10+00:00\" \/>\n<meta property=\"og:image\" content=\"https:\/\/www.blogsoestado.com\/danielmatos\/files\/2014\/10\/onibus-queima-vinhais.jpg\" \/>\n<meta name=\"twitter:card\" content=\"summary_large_image\" \/>\n<meta name=\"twitter:label1\" content=\"Est. tempo de leitura\" \/>\n\t<meta name=\"twitter:data1\" content=\"1 minuto\" \/>\n<script type=\"application\/ld+json\" class=\"yoast-schema-graph\">{\"@context\":\"https:\/\/schema.org\",\"@graph\":[{\"@type\":\"WebPage\",\"@id\":\"https:\/\/www.blogsoestado.com\/danielmatos\/sao-luis-continuara-sem-onibus-por-tempo-indeterminado\/\",\"url\":\"https:\/\/www.blogsoestado.com\/danielmatos\/sao-luis-continuara-sem-onibus-por-tempo-indeterminado\/\",\"name\":\"S\u00e3o Lu\u00eds continuar\u00e1 sem \u00f4nibus por tempo indeterminado - Daniel Matos\",\"isPartOf\":{\"@id\":\"https:\/\/www.blogsoestado.com\/danielmatos\/#website\"},\"primaryImageOfPage\":{\"@id\":\"https:\/\/www.blogsoestado.com\/danielmatos\/sao-luis-continuara-sem-onibus-por-tempo-indeterminado\/#primaryimage\"},\"image\":{\"@id\":\"https:\/\/www.blogsoestado.com\/danielmatos\/sao-luis-continuara-sem-onibus-por-tempo-indeterminado\/#primaryimage\"},\"thumbnailUrl\":\"https:\/\/www.blogsoestado.com\/danielmatos\/files\/2014\/10\/onibus-queima-vinhais.jpg\",\"datePublished\":\"2014-10-01T20:23:10+00:00\",\"author\":{\"@id\":\"\"},\"breadcrumb\":{\"@id\":\"https:\/\/www.blogsoestado.com\/danielmatos\/sao-luis-continuara-sem-onibus-por-tempo-indeterminado\/#breadcrumb\"},\"inLanguage\":\"pt-BR\",\"potentialAction\":[{\"@type\":\"ReadAction\",\"target\":[\"https:\/\/www.blogsoestado.com\/danielmatos\/sao-luis-continuara-sem-onibus-por-tempo-indeterminado\/\"]}]},{\"@type\":\"ImageObject\",\"inLanguage\":\"pt-BR\",\"@id\":\"https:\/\/www.blogsoestado.com\/danielmatos\/sao-luis-continuara-sem-onibus-por-tempo-indeterminado\/#primaryimage\",\"url\":\"https:\/\/www.blogsoestado.com\/danielmatos\/files\/2014\/10\/onibus-queima-vinhais.jpg\",\"contentUrl\":\"https:\/\/www.blogsoestado.com\/danielmatos\/files\/2014\/10\/onibus-queima-vinhais.jpg\"},{\"@type\":\"BreadcrumbList\",\"@id\":\"https:\/\/www.blogsoestado.com\/danielmatos\/sao-luis-continuara-sem-onibus-por-tempo-indeterminado\/#breadcrumb\",\"itemListElement\":[{\"@type\":\"ListItem\",\"position\":1,\"name\":\"In\u00edcio\",\"item\":\"https:\/\/www.blogsoestado.com\/danielmatos\/\"},{\"@type\":\"ListItem\",\"position\":2,\"name\":\"S\u00e3o Lu\u00eds continuar\u00e1 sem \u00f4nibus por tempo indeterminado\"}]},{\"@type\":\"WebSite\",\"@id\":\"https:\/\/www.blogsoestado.com\/danielmatos\/#website\",\"url\":\"https:\/\/www.blogsoestado.com\/danielmatos\/\",\"name\":\"Daniel Matos\",\"description\":\"\",\"potentialAction\":[{\"@type\":\"SearchAction\",\"target\":{\"@type\":\"EntryPoint\",\"urlTemplate\":\"https:\/\/www.blogsoestado.com\/danielmatos\/?s={search_term_string}\"},\"query-input\":{\"@type\":\"PropertyValueSpecification\",\"valueRequired\":true,\"valueName\":\"search_term_string\"}}],\"inLanguage\":\"pt-BR\"}]}<\/script>\n<!-- \/ Yoast SEO plugin. -->","yoast_head_json":{"title":"S\u00e3o Lu\u00eds continuar\u00e1 sem \u00f4nibus por tempo indeterminado - Daniel Matos","robots":{"index":"index","follow":"follow","max-snippet":"max-snippet:-1","max-image-preview":"max-image-preview:large","max-video-preview":"max-video-preview:-1"},"canonical":"https:\/\/www.blogsoestado.com\/danielmatos\/sao-luis-continuara-sem-onibus-por-tempo-indeterminado\/","og_locale":"pt_BR","og_type":"article","og_title":"S\u00e3o Lu\u00eds continuar\u00e1 sem \u00f4nibus por tempo indeterminado - Daniel Matos","og_description":"Em reuni\u00e3o realizada na tarde de hoje para definir que medidas tomar ap\u00f3s dois novos inc\u00eandios a \u00f4nibus, ocorridos no [&hellip;]","og_url":"https:\/\/www.blogsoestado.com\/danielmatos\/sao-luis-continuara-sem-onibus-por-tempo-indeterminado\/","og_site_name":"Daniel Matos","article_published_time":"2014-10-01T20:23:10+00:00","og_image":[{"url":"https:\/\/www.blogsoestado.com\/danielmatos\/files\/2014\/10\/onibus-queima-vinhais.jpg","type":"","width":"","height":""}],"twitter_card":"summary_large_image","twitter_misc":{"Est. tempo de leitura":"1 minuto"},"schema":{"@context":"https:\/\/schema.org","@graph":[{"@type":"WebPage","@id":"https:\/\/www.blogsoestado.com\/danielmatos\/sao-luis-continuara-sem-onibus-por-tempo-indeterminado\/","url":"https:\/\/www.blogsoestado.com\/danielmatos\/sao-luis-continuara-sem-onibus-por-tempo-indeterminado\/","name":"S\u00e3o Lu\u00eds continuar\u00e1 sem \u00f4nibus por tempo indeterminado - Daniel Matos","isPartOf":{"@id":"https:\/\/www.blogsoestado.com\/danielmatos\/#website"},"primaryImageOfPage":{"@id":"https:\/\/www.blogsoestado.com\/danielmatos\/sao-luis-continuara-sem-onibus-por-tempo-indeterminado\/#primaryimage"},"image":{"@id":"https:\/\/www.blogsoestado.com\/danielmatos\/sao-luis-continuara-sem-onibus-por-tempo-indeterminado\/#primaryimage"},"thumbnailUrl":"https:\/\/www.blogsoestado.com\/danielmatos\/files\/2014\/10\/onibus-queima-vinhais.jpg","datePublished":"2014-10-01T20:23:10+00:00","author":{"@id":""},"breadcrumb":{"@id":"https:\/\/www.blogsoestado.com\/danielmatos\/sao-luis-continuara-sem-onibus-por-tempo-indeterminado\/#breadcrumb"},"inLanguage":"pt-BR","potentialAction":[{"@type":"ReadAction","target":["https:\/\/www.blogsoestado.com\/danielmatos\/sao-luis-continuara-sem-onibus-por-tempo-indeterminado\/"]}]},{"@type":"ImageObject","inLanguage":"pt-BR","@id":"https:\/\/www.blogsoestado.com\/danielmatos\/sao-luis-continuara-sem-onibus-por-tempo-indeterminado\/#primaryimage","url":"https:\/\/www.blogsoestado.com\/danielmatos\/files\/2014\/10\/onibus-queima-vinhais.jpg","contentUrl":"https:\/\/www.blogsoestado.com\/danielmatos\/files\/2014\/10\/onibus-queima-vinhais.jpg"},{"@type":"BreadcrumbList","@id":"https:\/\/www.blogsoestado.com\/danielmatos\/sao-luis-continuara-sem-onibus-por-tempo-indeterminado\/#breadcrumb","itemListElement":[{"@type":"ListItem","position":1,"name":"In\u00edcio","item":"https:\/\/www.blogsoestado.com\/danielmatos\/"},{"@type":"ListItem","position":2,"name":"S\u00e3o Lu\u00eds continuar\u00e1 sem \u00f4nibus por tempo indeterminado"}]},{"@type":"WebSite","@id":"https:\/\/www.blogsoestado.com\/danielmatos\/#website","url":"https:\/\/www.blogsoestado.com\/danielmatos\/","name":"Daniel Matos","description":"","potentialAction":[{"@type":"SearchAction","target":{"@type":"EntryPoint","urlTemplate":"https:\/\/www.blogsoestado.com\/danielmatos\/?s={search_term_string}"},"query-input":{"@type":"PropertyValueSpecification","valueRequired":true,"valueName":"search_term_string"}}],"inLanguage":"pt-BR"}]}},"jetpack_featured_media_url":"","_links":{"self":[{"href":"https:\/\/www.blogsoestado.com\/danielmatos\/wp-json\/wp\/v2\/posts\/19614","targetHints":{"allow":["GET"]}}],"collection":[{"href":"https:\/\/www.blogsoestado.com\/danielmatos\/wp-json\/wp\/v2\/posts"}],"about":[{"href":"https:\/\/www.blogsoestado.com\/danielmatos\/wp-json\/wp\/v2\/types\/post"}],"replies":[{"embeddable":true,"href":"https:\/\/www.blogsoestado.com\/danielmatos\/wp-json\/wp\/v2\/comments?post=19614"}],"version-history":[{"count":0,"href":"https:\/\/www.blogsoestado.com\/danielmatos\/wp-json\/wp\/v2\/posts\/19614\/revisions"}],"wp:attachment":[{"href":"https:\/\/www.blogsoestado.com\/danielmatos\/wp-json\/wp\/v2\/media?parent=19614"}],"wp:term":[{"taxonomy":"category","embeddable":true,"href":"https:\/\/www.blogsoestado.com\/danielmatos\/wp-json\/wp\/v2\/categories?post=19614"},{"taxonomy":"post_tag","embeddable":true,"href":"https:\/\/www.blogsoestado.com\/danielmatos\/wp-json\/wp\/v2\/tags?post=19614"}],"curies":[{"name":"wp","href":"https:\/\/api.w.org\/{rel}","templated":true}]}}