{"id":19618,"date":"2014-10-01T18:04:29","date_gmt":"2014-10-01T21:04:29","guid":{"rendered":"https:\/\/www.blogsoestado.com\/danielmatos\/?p=19618"},"modified":"2014-10-01T18:04:29","modified_gmt":"2014-10-01T21:04:29","slug":"lobao-filho-defende-preservacao-da-cultura-e-economia-criativa","status":"publish","type":"post","link":"https:\/\/www.blogsoestado.com\/danielmatos\/lobao-filho-defende-preservacao-da-cultura-e-economia-criativa\/","title":{"rendered":"Lob\u00e3o Filho defende preserva\u00e7\u00e3o da cultura e economia criativa"},"content":{"rendered":"<figure id=\"attachment_19619\" aria-describedby=\"caption-attachment-19619\" style=\"width: 336px\" class=\"wp-caption alignright\"><a href=\"https:\/\/www.blogsoestado.com\/danielmatos\/files\/2014\/10\/lob\u00e3o-ifma.jpg\"><img fetchpriority=\"high\" decoding=\"async\" class=\"size-full wp-image-19619\" src=\"https:\/\/www.blogsoestado.com\/danielmatos\/files\/2014\/10\/lob\u00e3o-ifma.jpg\" alt=\"Lob\u00e3o Filho disse que a diversidade cultural maranhense ser\u00e1 utilizada como forte indutor do turismo no estado\" width=\"336\" height=\"433\" \/><\/a><figcaption id=\"caption-attachment-19619\" class=\"wp-caption-text\">Lob\u00e3o Filho disse que a diversidade cultural maranhense ser\u00e1 utilizada como forte indutor do turismo no estado<\/figcaption><\/figure>\n<p>O candidato a governador Lob\u00e3o Filho, da coliga\u00e7\u00e3o \u201cPra frente, Maranh\u00e3o\u201d, disse nesta ter\u00e7a-feira que a diversidade cultural maranhense ser\u00e1 utilizada como forte indutor do turismo no estado. Ele explicou que, com o apoio do governo federal ou por meio de parcerias p\u00fablico-privadas, far\u00e1 investimentos em projetos de restaura\u00e7\u00e3o e reocupa\u00e7\u00e3o do Centro Hist\u00f3rico de S\u00e3o Lu\u00eds.<\/p>\n<p>Lob\u00e3o Filho defendeu a descentraliza\u00e7\u00e3o das a\u00e7\u00f5es culturais do governo atrav\u00e9s de projetos de incentivo \u00e0s manifesta\u00e7\u00f5es art\u00edsticas em todos os munic\u00edpios do estado. O Maranh\u00e3o, segundo ele, tem um grande potencial na \u00e1rea da cultura, como o seu patrim\u00f4nio hist\u00f3rico, o artesanato, a m\u00fasica, a culin\u00e1ria e o folclore, atrativos que o diferenciam de outros estados do Brasil.<\/p>\n<p>Um dos pontos defendidos por Lob\u00e3o Filho no seu Programa de Acelera\u00e7\u00e3o do Crescimento (PAM) \u00e9 o fomento \u00e0 economia criativa, com a\u00e7\u00f5es capazes de transformar a produ\u00e7\u00e3o cultural em bens de consumo. \u201cNosso objetivo \u00e9 valorizar a criatividade regional, como forma de preservar nossas origens e ao mesmo tempo oferecer oportunidades de mercado aos nossos artistas e produtores culturais\u201d, justificou.<\/p>\n<p>O candidato informou que vai construir um centro cultural permanente nas proximidades do bairro da Madre de Deus, um dos celeiros da cultura do Maranh\u00e3o. O espa\u00e7o ser\u00e1 destinado a desfiles de agremia\u00e7\u00f5es carnavalescas e apresenta\u00e7\u00f5es de grupos folcl\u00f3ricos nos festejos juninos, e contar\u00e1 com programa\u00e7\u00e3o variada durante todo o ano. \u201cO nosso maior patrim\u00f4nio \u00e9 o nosso povo. \u00c9 ele quem faz do Maranh\u00e3o um estado maior e mais bonito\u201d, frisou Lob\u00e3o Filho.<\/p>\n","protected":false},"excerpt":{"rendered":"<p>O candidato a governador Lob\u00e3o Filho, da coliga\u00e7\u00e3o \u201cPra frente, Maranh\u00e3o\u201d, disse nesta ter\u00e7a-feira que a diversidade cultural maranhense ser\u00e1 [&hellip;]<\/p>\n","protected":false},"author":0,"featured_media":0,"comment_status":"open","ping_status":"open","sticky":false,"template":"","format":"standard","meta":{"site-sidebar-layout":"default","site-content-layout":"","ast-site-content-layout":"default","site-content-style":"default","site-sidebar-style":"default","ast-global-header-display":"","ast-banner-title-visibility":"","ast-main-header-display":"","ast-hfb-above-header-display":"","ast-hfb-below-header-display":"","ast-hfb-mobile-header-display":"","site-post-title":"","ast-breadcrumbs-content":"","ast-featured-img":"","footer-sml-layout":"","ast-disable-related-posts":"","theme-transparent-header-meta":"","adv-header-id-meta":"","stick-header-meta":"","header-above-stick-meta":"","header-main-stick-meta":"","header-below-stick-meta":"","astra-migrate-meta-layouts":"default","ast-page-background-enabled":"default","ast-page-background-meta":{"desktop":{"background-color":"var(--ast-global-color-5)","background-image":"","background-repeat":"repeat","background-position":"center center","background-size":"auto","background-attachment":"scroll","background-type":"","background-media":"","overlay-type":"","overlay-color":"","overlay-opacity":"","overlay-gradient":""},"tablet":{"background-color":"","background-image":"","background-repeat":"repeat","background-position":"center center","background-size":"auto","background-attachment":"scroll","background-type":"","background-media":"","overlay-type":"","overlay-color":"","overlay-opacity":"","overlay-gradient":""},"mobile":{"background-color":"","background-image":"","background-repeat":"repeat","background-position":"center center","background-size":"auto","background-attachment":"scroll","background-type":"","background-media":"","overlay-type":"","overlay-color":"","overlay-opacity":"","overlay-gradient":""}},"ast-content-background-meta":{"desktop":{"background-color":"var(--ast-global-color-4)","background-image":"","background-repeat":"repeat","background-position":"center center","background-size":"auto","background-attachment":"scroll","background-type":"","background-media":"","overlay-type":"","overlay-color":"","overlay-opacity":"","overlay-gradient":""},"tablet":{"background-color":"var(--ast-global-color-4)","background-image":"","background-repeat":"repeat","background-position":"center center","background-size":"auto","background-attachment":"scroll","background-type":"","background-media":"","overlay-type":"","overlay-color":"","overlay-opacity":"","overlay-gradient":""},"mobile":{"background-color":"var(--ast-global-color-4)","background-image":"","background-repeat":"repeat","background-position":"center center","background-size":"auto","background-attachment":"scroll","background-type":"","background-media":"","overlay-type":"","overlay-color":"","overlay-opacity":"","overlay-gradient":""}},"footnotes":""},"categories":[1],"tags":[],"class_list":["post-19618","post","type-post","status-publish","format-standard","hentry","category-sem-categoria"],"yoast_head":"<!-- This site is optimized with the Yoast SEO plugin v26.6 - https:\/\/yoast.com\/wordpress\/plugins\/seo\/ -->\n<title>Lob\u00e3o Filho defende preserva\u00e7\u00e3o da cultura e economia criativa - Daniel Matos<\/title>\n<meta name=\"robots\" content=\"index, follow, max-snippet:-1, max-image-preview:large, max-video-preview:-1\" \/>\n<link rel=\"canonical\" href=\"https:\/\/www.blogsoestado.com\/danielmatos\/lobao-filho-defende-preservacao-da-cultura-e-economia-criativa\/\" \/>\n<meta property=\"og:locale\" content=\"pt_BR\" \/>\n<meta property=\"og:type\" content=\"article\" \/>\n<meta property=\"og:title\" content=\"Lob\u00e3o Filho defende preserva\u00e7\u00e3o da cultura e economia criativa - Daniel Matos\" \/>\n<meta property=\"og:description\" content=\"O candidato a governador Lob\u00e3o Filho, da coliga\u00e7\u00e3o \u201cPra frente, Maranh\u00e3o\u201d, disse nesta ter\u00e7a-feira que a diversidade cultural maranhense ser\u00e1 [&hellip;]\" \/>\n<meta property=\"og:url\" content=\"https:\/\/www.blogsoestado.com\/danielmatos\/lobao-filho-defende-preservacao-da-cultura-e-economia-criativa\/\" \/>\n<meta property=\"og:site_name\" content=\"Daniel Matos\" \/>\n<meta property=\"article:published_time\" content=\"2014-10-01T21:04:29+00:00\" \/>\n<meta name=\"twitter:card\" content=\"summary_large_image\" \/>\n<meta name=\"twitter:label1\" content=\"Est. tempo de leitura\" \/>\n\t<meta name=\"twitter:data1\" content=\"2 minutos\" \/>\n<script type=\"application\/ld+json\" class=\"yoast-schema-graph\">{\"@context\":\"https:\/\/schema.org\",\"@graph\":[{\"@type\":\"WebPage\",\"@id\":\"https:\/\/www.blogsoestado.com\/danielmatos\/lobao-filho-defende-preservacao-da-cultura-e-economia-criativa\/\",\"url\":\"https:\/\/www.blogsoestado.com\/danielmatos\/lobao-filho-defende-preservacao-da-cultura-e-economia-criativa\/\",\"name\":\"Lob\u00e3o Filho defende preserva\u00e7\u00e3o da cultura e economia criativa - Daniel Matos\",\"isPartOf\":{\"@id\":\"https:\/\/www.blogsoestado.com\/danielmatos\/#website\"},\"datePublished\":\"2014-10-01T21:04:29+00:00\",\"author\":{\"@id\":\"\"},\"breadcrumb\":{\"@id\":\"https:\/\/www.blogsoestado.com\/danielmatos\/lobao-filho-defende-preservacao-da-cultura-e-economia-criativa\/#breadcrumb\"},\"inLanguage\":\"pt-BR\",\"potentialAction\":[{\"@type\":\"ReadAction\",\"target\":[\"https:\/\/www.blogsoestado.com\/danielmatos\/lobao-filho-defende-preservacao-da-cultura-e-economia-criativa\/\"]}]},{\"@type\":\"BreadcrumbList\",\"@id\":\"https:\/\/www.blogsoestado.com\/danielmatos\/lobao-filho-defende-preservacao-da-cultura-e-economia-criativa\/#breadcrumb\",\"itemListElement\":[{\"@type\":\"ListItem\",\"position\":1,\"name\":\"In\u00edcio\",\"item\":\"https:\/\/www.blogsoestado.com\/danielmatos\/\"},{\"@type\":\"ListItem\",\"position\":2,\"name\":\"Lob\u00e3o Filho defende preserva\u00e7\u00e3o da cultura e economia criativa\"}]},{\"@type\":\"WebSite\",\"@id\":\"https:\/\/www.blogsoestado.com\/danielmatos\/#website\",\"url\":\"https:\/\/www.blogsoestado.com\/danielmatos\/\",\"name\":\"Daniel Matos\",\"description\":\"\",\"potentialAction\":[{\"@type\":\"SearchAction\",\"target\":{\"@type\":\"EntryPoint\",\"urlTemplate\":\"https:\/\/www.blogsoestado.com\/danielmatos\/?s={search_term_string}\"},\"query-input\":{\"@type\":\"PropertyValueSpecification\",\"valueRequired\":true,\"valueName\":\"search_term_string\"}}],\"inLanguage\":\"pt-BR\"}]}<\/script>\n<!-- \/ Yoast SEO plugin. -->","yoast_head_json":{"title":"Lob\u00e3o Filho defende preserva\u00e7\u00e3o da cultura e economia criativa - Daniel Matos","robots":{"index":"index","follow":"follow","max-snippet":"max-snippet:-1","max-image-preview":"max-image-preview:large","max-video-preview":"max-video-preview:-1"},"canonical":"https:\/\/www.blogsoestado.com\/danielmatos\/lobao-filho-defende-preservacao-da-cultura-e-economia-criativa\/","og_locale":"pt_BR","og_type":"article","og_title":"Lob\u00e3o Filho defende preserva\u00e7\u00e3o da cultura e economia criativa - Daniel Matos","og_description":"O candidato a governador Lob\u00e3o Filho, da coliga\u00e7\u00e3o \u201cPra frente, Maranh\u00e3o\u201d, disse nesta ter\u00e7a-feira que a diversidade cultural maranhense ser\u00e1 [&hellip;]","og_url":"https:\/\/www.blogsoestado.com\/danielmatos\/lobao-filho-defende-preservacao-da-cultura-e-economia-criativa\/","og_site_name":"Daniel Matos","article_published_time":"2014-10-01T21:04:29+00:00","twitter_card":"summary_large_image","twitter_misc":{"Est. tempo de leitura":"2 minutos"},"schema":{"@context":"https:\/\/schema.org","@graph":[{"@type":"WebPage","@id":"https:\/\/www.blogsoestado.com\/danielmatos\/lobao-filho-defende-preservacao-da-cultura-e-economia-criativa\/","url":"https:\/\/www.blogsoestado.com\/danielmatos\/lobao-filho-defende-preservacao-da-cultura-e-economia-criativa\/","name":"Lob\u00e3o Filho defende preserva\u00e7\u00e3o da cultura e economia criativa - Daniel Matos","isPartOf":{"@id":"https:\/\/www.blogsoestado.com\/danielmatos\/#website"},"datePublished":"2014-10-01T21:04:29+00:00","author":{"@id":""},"breadcrumb":{"@id":"https:\/\/www.blogsoestado.com\/danielmatos\/lobao-filho-defende-preservacao-da-cultura-e-economia-criativa\/#breadcrumb"},"inLanguage":"pt-BR","potentialAction":[{"@type":"ReadAction","target":["https:\/\/www.blogsoestado.com\/danielmatos\/lobao-filho-defende-preservacao-da-cultura-e-economia-criativa\/"]}]},{"@type":"BreadcrumbList","@id":"https:\/\/www.blogsoestado.com\/danielmatos\/lobao-filho-defende-preservacao-da-cultura-e-economia-criativa\/#breadcrumb","itemListElement":[{"@type":"ListItem","position":1,"name":"In\u00edcio","item":"https:\/\/www.blogsoestado.com\/danielmatos\/"},{"@type":"ListItem","position":2,"name":"Lob\u00e3o Filho defende preserva\u00e7\u00e3o da cultura e economia criativa"}]},{"@type":"WebSite","@id":"https:\/\/www.blogsoestado.com\/danielmatos\/#website","url":"https:\/\/www.blogsoestado.com\/danielmatos\/","name":"Daniel Matos","description":"","potentialAction":[{"@type":"SearchAction","target":{"@type":"EntryPoint","urlTemplate":"https:\/\/www.blogsoestado.com\/danielmatos\/?s={search_term_string}"},"query-input":{"@type":"PropertyValueSpecification","valueRequired":true,"valueName":"search_term_string"}}],"inLanguage":"pt-BR"}]}},"jetpack_featured_media_url":"","_links":{"self":[{"href":"https:\/\/www.blogsoestado.com\/danielmatos\/wp-json\/wp\/v2\/posts\/19618","targetHints":{"allow":["GET"]}}],"collection":[{"href":"https:\/\/www.blogsoestado.com\/danielmatos\/wp-json\/wp\/v2\/posts"}],"about":[{"href":"https:\/\/www.blogsoestado.com\/danielmatos\/wp-json\/wp\/v2\/types\/post"}],"replies":[{"embeddable":true,"href":"https:\/\/www.blogsoestado.com\/danielmatos\/wp-json\/wp\/v2\/comments?post=19618"}],"version-history":[{"count":0,"href":"https:\/\/www.blogsoestado.com\/danielmatos\/wp-json\/wp\/v2\/posts\/19618\/revisions"}],"wp:attachment":[{"href":"https:\/\/www.blogsoestado.com\/danielmatos\/wp-json\/wp\/v2\/media?parent=19618"}],"wp:term":[{"taxonomy":"category","embeddable":true,"href":"https:\/\/www.blogsoestado.com\/danielmatos\/wp-json\/wp\/v2\/categories?post=19618"},{"taxonomy":"post_tag","embeddable":true,"href":"https:\/\/www.blogsoestado.com\/danielmatos\/wp-json\/wp\/v2\/tags?post=19618"}],"curies":[{"name":"wp","href":"https:\/\/api.w.org\/{rel}","templated":true}]}}