{"id":19621,"date":"2014-10-01T18:22:15","date_gmt":"2014-10-01T21:22:15","guid":{"rendered":"https:\/\/www.blogsoestado.com\/danielmatos\/?p=19621"},"modified":"2014-10-01T18:22:15","modified_gmt":"2014-10-01T21:22:15","slug":"lei-seca-proibe-venda-e-consumo-de-bebida-alcoolica-na-eleicao","status":"publish","type":"post","link":"https:\/\/www.blogsoestado.com\/danielmatos\/lei-seca-proibe-venda-e-consumo-de-bebida-alcoolica-na-eleicao\/","title":{"rendered":"Lei Seca pro\u00edbe venda e consumo de bebida alco\u00f3lica na elei\u00e7\u00e3o"},"content":{"rendered":"<p><a href=\"https:\/\/www.blogsoestado.com\/danielmatos\/files\/2014\/10\/lei-seca-elei\u00e7\u00e3o.jpg\"><img fetchpriority=\"high\" decoding=\"async\" class=\"alignleft size-full wp-image-19622\" src=\"https:\/\/www.blogsoestado.com\/danielmatos\/files\/2014\/10\/lei-seca-elei\u00e7\u00e3o.jpg\" alt=\"lei seca elei\u00e7\u00e3o\" width=\"500\" height=\"328\" \/><\/a>O secret\u00e1rio de Estado da Seguran\u00e7a P\u00fablica, Marcos Affonso Junior, assinou, nesta quarta-feira (1\u00ba), a Portaria da Lei Seca (n\u00ba 888\/2014), que pro\u00edbe a venda e consumo de bebida alco\u00f3lica das 18h de s\u00e1bado (4) at\u00e9 a 0h de segunda-feira (6) em todo o Maranh\u00e3o. A medida visa garantir a tranquilidade e manter a ordem do processo eleitoral, especialmente durante as elei\u00e7\u00f5es do domingo (5 de outubro).<\/p>\n<p>Ainda segundo a portaria, o descumprimento da determina\u00e7\u00e3o consistir\u00e1 em crime de desobedi\u00eancia previsto no artigo 330 do C\u00f3digo Penal Brasileiro, sujeito a penalidades de deten\u00e7\u00e3o e multa.<\/p>\n<p>Confira <a href=\"file:\/\/\/C:\/Users\/danielm\/Downloads\/portaria%20Elei%C3%A7%C3%A3o%202014.pdf\" target=\"_blank\">aqui<\/a> a \u00edntegra da portaria.<\/p>\n","protected":false},"excerpt":{"rendered":"<p>O secret\u00e1rio de Estado da Seguran\u00e7a P\u00fablica, Marcos Affonso Junior, assinou, nesta quarta-feira (1\u00ba), a Portaria da Lei Seca (n\u00ba [&hellip;]<\/p>\n","protected":false},"author":0,"featured_media":0,"comment_status":"open","ping_status":"open","sticky":false,"template":"","format":"standard","meta":{"site-sidebar-layout":"default","site-content-layout":"","ast-site-content-layout":"default","site-content-style":"default","site-sidebar-style":"default","ast-global-header-display":"","ast-banner-title-visibility":"","ast-main-header-display":"","ast-hfb-above-header-display":"","ast-hfb-below-header-display":"","ast-hfb-mobile-header-display":"","site-post-title":"","ast-breadcrumbs-content":"","ast-featured-img":"","footer-sml-layout":"","ast-disable-related-posts":"","theme-transparent-header-meta":"","adv-header-id-meta":"","stick-header-meta":"","header-above-stick-meta":"","header-main-stick-meta":"","header-below-stick-meta":"","astra-migrate-meta-layouts":"default","ast-page-background-enabled":"default","ast-page-background-meta":{"desktop":{"background-color":"var(--ast-global-color-5)","background-image":"","background-repeat":"repeat","background-position":"center center","background-size":"auto","background-attachment":"scroll","background-type":"","background-media":"","overlay-type":"","overlay-color":"","overlay-opacity":"","overlay-gradient":""},"tablet":{"background-color":"","background-image":"","background-repeat":"repeat","background-position":"center center","background-size":"auto","background-attachment":"scroll","background-type":"","background-media":"","overlay-type":"","overlay-color":"","overlay-opacity":"","overlay-gradient":""},"mobile":{"background-color":"","background-image":"","background-repeat":"repeat","background-position":"center center","background-size":"auto","background-attachment":"scroll","background-type":"","background-media":"","overlay-type":"","overlay-color":"","overlay-opacity":"","overlay-gradient":""}},"ast-content-background-meta":{"desktop":{"background-color":"var(--ast-global-color-4)","background-image":"","background-repeat":"repeat","background-position":"center center","background-size":"auto","background-attachment":"scroll","background-type":"","background-media":"","overlay-type":"","overlay-color":"","overlay-opacity":"","overlay-gradient":""},"tablet":{"background-color":"var(--ast-global-color-4)","background-image":"","background-repeat":"repeat","background-position":"center center","background-size":"auto","background-attachment":"scroll","background-type":"","background-media":"","overlay-type":"","overlay-color":"","overlay-opacity":"","overlay-gradient":""},"mobile":{"background-color":"var(--ast-global-color-4)","background-image":"","background-repeat":"repeat","background-position":"center center","background-size":"auto","background-attachment":"scroll","background-type":"","background-media":"","overlay-type":"","overlay-color":"","overlay-opacity":"","overlay-gradient":""}},"footnotes":""},"categories":[1],"tags":[],"class_list":["post-19621","post","type-post","status-publish","format-standard","hentry","category-sem-categoria"],"yoast_head":"<!-- This site is optimized with the Yoast SEO plugin v26.6 - https:\/\/yoast.com\/wordpress\/plugins\/seo\/ -->\n<title>Lei Seca pro\u00edbe venda e consumo de bebida alco\u00f3lica na elei\u00e7\u00e3o - Daniel Matos<\/title>\n<meta name=\"robots\" content=\"index, follow, max-snippet:-1, max-image-preview:large, max-video-preview:-1\" \/>\n<link rel=\"canonical\" href=\"https:\/\/www.blogsoestado.com\/danielmatos\/lei-seca-proibe-venda-e-consumo-de-bebida-alcoolica-na-eleicao\/\" \/>\n<meta property=\"og:locale\" content=\"pt_BR\" \/>\n<meta property=\"og:type\" content=\"article\" \/>\n<meta property=\"og:title\" content=\"Lei Seca pro\u00edbe venda e consumo de bebida alco\u00f3lica na elei\u00e7\u00e3o - Daniel Matos\" \/>\n<meta property=\"og:description\" content=\"O secret\u00e1rio de Estado da Seguran\u00e7a P\u00fablica, Marcos Affonso Junior, assinou, nesta quarta-feira (1\u00ba), a Portaria da Lei Seca (n\u00ba [&hellip;]\" \/>\n<meta property=\"og:url\" content=\"https:\/\/www.blogsoestado.com\/danielmatos\/lei-seca-proibe-venda-e-consumo-de-bebida-alcoolica-na-eleicao\/\" \/>\n<meta property=\"og:site_name\" content=\"Daniel Matos\" \/>\n<meta property=\"article:published_time\" content=\"2014-10-01T21:22:15+00:00\" \/>\n<meta name=\"twitter:card\" content=\"summary_large_image\" \/>\n<meta name=\"twitter:label1\" content=\"Est. tempo de leitura\" \/>\n\t<meta name=\"twitter:data1\" content=\"1 minuto\" \/>\n<script type=\"application\/ld+json\" class=\"yoast-schema-graph\">{\"@context\":\"https:\/\/schema.org\",\"@graph\":[{\"@type\":\"WebPage\",\"@id\":\"https:\/\/www.blogsoestado.com\/danielmatos\/lei-seca-proibe-venda-e-consumo-de-bebida-alcoolica-na-eleicao\/\",\"url\":\"https:\/\/www.blogsoestado.com\/danielmatos\/lei-seca-proibe-venda-e-consumo-de-bebida-alcoolica-na-eleicao\/\",\"name\":\"Lei Seca pro\u00edbe venda e consumo de bebida alco\u00f3lica na elei\u00e7\u00e3o - Daniel Matos\",\"isPartOf\":{\"@id\":\"https:\/\/www.blogsoestado.com\/danielmatos\/#website\"},\"datePublished\":\"2014-10-01T21:22:15+00:00\",\"author\":{\"@id\":\"\"},\"breadcrumb\":{\"@id\":\"https:\/\/www.blogsoestado.com\/danielmatos\/lei-seca-proibe-venda-e-consumo-de-bebida-alcoolica-na-eleicao\/#breadcrumb\"},\"inLanguage\":\"pt-BR\",\"potentialAction\":[{\"@type\":\"ReadAction\",\"target\":[\"https:\/\/www.blogsoestado.com\/danielmatos\/lei-seca-proibe-venda-e-consumo-de-bebida-alcoolica-na-eleicao\/\"]}]},{\"@type\":\"BreadcrumbList\",\"@id\":\"https:\/\/www.blogsoestado.com\/danielmatos\/lei-seca-proibe-venda-e-consumo-de-bebida-alcoolica-na-eleicao\/#breadcrumb\",\"itemListElement\":[{\"@type\":\"ListItem\",\"position\":1,\"name\":\"In\u00edcio\",\"item\":\"https:\/\/www.blogsoestado.com\/danielmatos\/\"},{\"@type\":\"ListItem\",\"position\":2,\"name\":\"Lei Seca pro\u00edbe venda e consumo de bebida alco\u00f3lica na elei\u00e7\u00e3o\"}]},{\"@type\":\"WebSite\",\"@id\":\"https:\/\/www.blogsoestado.com\/danielmatos\/#website\",\"url\":\"https:\/\/www.blogsoestado.com\/danielmatos\/\",\"name\":\"Daniel Matos\",\"description\":\"\",\"potentialAction\":[{\"@type\":\"SearchAction\",\"target\":{\"@type\":\"EntryPoint\",\"urlTemplate\":\"https:\/\/www.blogsoestado.com\/danielmatos\/?s={search_term_string}\"},\"query-input\":{\"@type\":\"PropertyValueSpecification\",\"valueRequired\":true,\"valueName\":\"search_term_string\"}}],\"inLanguage\":\"pt-BR\"}]}<\/script>\n<!-- \/ Yoast SEO plugin. -->","yoast_head_json":{"title":"Lei Seca pro\u00edbe venda e consumo de bebida alco\u00f3lica na elei\u00e7\u00e3o - Daniel Matos","robots":{"index":"index","follow":"follow","max-snippet":"max-snippet:-1","max-image-preview":"max-image-preview:large","max-video-preview":"max-video-preview:-1"},"canonical":"https:\/\/www.blogsoestado.com\/danielmatos\/lei-seca-proibe-venda-e-consumo-de-bebida-alcoolica-na-eleicao\/","og_locale":"pt_BR","og_type":"article","og_title":"Lei Seca pro\u00edbe venda e consumo de bebida alco\u00f3lica na elei\u00e7\u00e3o - Daniel Matos","og_description":"O secret\u00e1rio de Estado da Seguran\u00e7a P\u00fablica, Marcos Affonso Junior, assinou, nesta quarta-feira (1\u00ba), a Portaria da Lei Seca (n\u00ba [&hellip;]","og_url":"https:\/\/www.blogsoestado.com\/danielmatos\/lei-seca-proibe-venda-e-consumo-de-bebida-alcoolica-na-eleicao\/","og_site_name":"Daniel Matos","article_published_time":"2014-10-01T21:22:15+00:00","twitter_card":"summary_large_image","twitter_misc":{"Est. tempo de leitura":"1 minuto"},"schema":{"@context":"https:\/\/schema.org","@graph":[{"@type":"WebPage","@id":"https:\/\/www.blogsoestado.com\/danielmatos\/lei-seca-proibe-venda-e-consumo-de-bebida-alcoolica-na-eleicao\/","url":"https:\/\/www.blogsoestado.com\/danielmatos\/lei-seca-proibe-venda-e-consumo-de-bebida-alcoolica-na-eleicao\/","name":"Lei Seca pro\u00edbe venda e consumo de bebida alco\u00f3lica na elei\u00e7\u00e3o - Daniel Matos","isPartOf":{"@id":"https:\/\/www.blogsoestado.com\/danielmatos\/#website"},"datePublished":"2014-10-01T21:22:15+00:00","author":{"@id":""},"breadcrumb":{"@id":"https:\/\/www.blogsoestado.com\/danielmatos\/lei-seca-proibe-venda-e-consumo-de-bebida-alcoolica-na-eleicao\/#breadcrumb"},"inLanguage":"pt-BR","potentialAction":[{"@type":"ReadAction","target":["https:\/\/www.blogsoestado.com\/danielmatos\/lei-seca-proibe-venda-e-consumo-de-bebida-alcoolica-na-eleicao\/"]}]},{"@type":"BreadcrumbList","@id":"https:\/\/www.blogsoestado.com\/danielmatos\/lei-seca-proibe-venda-e-consumo-de-bebida-alcoolica-na-eleicao\/#breadcrumb","itemListElement":[{"@type":"ListItem","position":1,"name":"In\u00edcio","item":"https:\/\/www.blogsoestado.com\/danielmatos\/"},{"@type":"ListItem","position":2,"name":"Lei Seca pro\u00edbe venda e consumo de bebida alco\u00f3lica na elei\u00e7\u00e3o"}]},{"@type":"WebSite","@id":"https:\/\/www.blogsoestado.com\/danielmatos\/#website","url":"https:\/\/www.blogsoestado.com\/danielmatos\/","name":"Daniel Matos","description":"","potentialAction":[{"@type":"SearchAction","target":{"@type":"EntryPoint","urlTemplate":"https:\/\/www.blogsoestado.com\/danielmatos\/?s={search_term_string}"},"query-input":{"@type":"PropertyValueSpecification","valueRequired":true,"valueName":"search_term_string"}}],"inLanguage":"pt-BR"}]}},"jetpack_featured_media_url":"","_links":{"self":[{"href":"https:\/\/www.blogsoestado.com\/danielmatos\/wp-json\/wp\/v2\/posts\/19621","targetHints":{"allow":["GET"]}}],"collection":[{"href":"https:\/\/www.blogsoestado.com\/danielmatos\/wp-json\/wp\/v2\/posts"}],"about":[{"href":"https:\/\/www.blogsoestado.com\/danielmatos\/wp-json\/wp\/v2\/types\/post"}],"replies":[{"embeddable":true,"href":"https:\/\/www.blogsoestado.com\/danielmatos\/wp-json\/wp\/v2\/comments?post=19621"}],"version-history":[{"count":0,"href":"https:\/\/www.blogsoestado.com\/danielmatos\/wp-json\/wp\/v2\/posts\/19621\/revisions"}],"wp:attachment":[{"href":"https:\/\/www.blogsoestado.com\/danielmatos\/wp-json\/wp\/v2\/media?parent=19621"}],"wp:term":[{"taxonomy":"category","embeddable":true,"href":"https:\/\/www.blogsoestado.com\/danielmatos\/wp-json\/wp\/v2\/categories?post=19621"},{"taxonomy":"post_tag","embeddable":true,"href":"https:\/\/www.blogsoestado.com\/danielmatos\/wp-json\/wp\/v2\/tags?post=19621"}],"curies":[{"name":"wp","href":"https:\/\/api.w.org\/{rel}","templated":true}]}}