{"id":19629,"date":"2014-10-02T08:35:22","date_gmt":"2014-10-02T11:35:22","guid":{"rendered":"https:\/\/www.blogsoestado.com\/danielmatos\/?p=19629"},"modified":"2014-10-02T08:35:22","modified_gmt":"2014-10-02T11:35:22","slug":"ana-carolina-faz-show-em-sao-luis-neste-sabado","status":"publish","type":"post","link":"https:\/\/www.blogsoestado.com\/danielmatos\/ana-carolina-faz-show-em-sao-luis-neste-sabado\/","title":{"rendered":"Ana Carolina faz show em S\u00e3o Lu\u00eds neste s\u00e1bado"},"content":{"rendered":"<figure id=\"attachment_19630\" aria-describedby=\"caption-attachment-19630\" style=\"width: 620px\" class=\"wp-caption aligncenter\"><a href=\"https:\/\/www.blogsoestado.com\/danielmatos\/files\/2014\/10\/ana-carolina2.jpg\"><img fetchpriority=\"high\" decoding=\"async\" class=\"size-full wp-image-19630\" src=\"https:\/\/www.blogsoestado.com\/danielmatos\/files\/2014\/10\/ana-carolina2.jpg\" alt=\"Turn\u00ea \u00e9 baseada nas can\u00e7\u00f5es in\u00e9ditas do disco hom\u00f4nimo da cantora\" width=\"620\" height=\"465\" \/><\/a><figcaption id=\"caption-attachment-19630\" class=\"wp-caption-text\">Turn\u00ea \u00e9 baseada nas can\u00e7\u00f5es in\u00e9ditas do disco hom\u00f4nimo da cantora e traz elementos inusitados<\/figcaption><\/figure>\n<p>A cantora Ana Carolina traz o seu mais novo show, &#8220;#AC&#8221;, para S\u00e3o Lu\u00eds neste s\u00e1bado, 04, \u00e0s 21h30, no Gin\u00e1sio do Castelinho. A turn\u00ea \u00e9 baseada nas can\u00e7\u00f5es in\u00e9ditas do disco hom\u00f4nimo da cantora, lan\u00e7ado em 2013, produzido por Al\u00ea Siqueira. O novo trabalho conta com a dire\u00e7\u00e3o da cineasta Monique Gardenberg (de &#8220;\u00d3 Pai, \u00d3&#8221;).<\/p>\n<p>Quando se fala em Ana Carolina, algumas &#8220;marcas registradas&#8221; da cantora v\u00eam \u00e0 mente: a voz grave, a irrever\u00eancia no palco (e nas letras) e, claro, o inconfund\u00edvel terninho preto. No entanto, um desses elementos estar\u00e1 ausente no pr\u00f3ximo show da mineira na capital maranhense. N\u00e3o, Ana Carolina n\u00e3o est\u00e1 cantando m\u00fasicas mais &#8220;comportadas&#8221; nem deixou de lado o tom caracter\u00edstico de sua voz. O que muda na turn\u00ea \u00e9 o terninho, que dar\u00e1 lugar a um blazer com brilho.<\/p>\n<p>O repert\u00f3rio tamb\u00e9m traz elementos inusitados: al\u00e9m dos sucessos e das can\u00e7\u00f5es do novo disco, a cantora trar\u00e1 vers\u00f5es para as m\u00fasicas &#8220;Fire&#8221;, de Bruce Springsteen; &#8220;Periguete&#8221;, do MC Papo, que vir\u00e1 em um &#8220;mash up&#8221; com o hit da Calcinha Preta &#8220;Voc\u00ea N\u00e3o Vale Nada&#8221;; e &#8220;Cora\u00e7\u00e3o Selvagem&#8221;, de Belchior.<\/p>\n<p>Tamb\u00e9m, os hits que por muito tempo, vem sendo trilha musical dos \u2018cora\u00e7\u00f5es apaixonados\u2019, como, \u00c9 isso a\u00ed, Garganta, Pra rua me levar, Rosas, Quem de n\u00f3s dois, entre outras.<\/p>\n<p>Para casar com a modernidade do disco, o show, como n\u00e3o podia deixar de ser, apresenta uma sonoridade toda nova, com interfer\u00eancias de beats, samplers, scratchs, vinhetas e instrumentos tecnol\u00f3gicos. Alguns v\u00eddeos que ser\u00e3o inseridos durante a apresenta\u00e7\u00e3o t\u00eam edi\u00e7\u00e3o e dire\u00e7\u00e3o da pr\u00f3pria cantora que foram criados especialmente para o espet\u00e1culo.<\/p>\n<p><strong>PROGRAMA\u00c7\u00c3O<\/strong><\/p>\n<p>20h30 \u2013 Abertura dos port\u00f5es<\/p>\n<p>21h30 \u2013 In\u00edcio do show #AC<\/p>\n<p><strong>#SERVI\u00c7OS<\/strong><\/p>\n<p>O QUE: Ana Carolina em S\u00e3o Lu\u00eds<\/p>\n<p>QUANDO: 04 de outubro, s\u00e1bado, \u00e0s 21h<\/p>\n<p>ONDE: Gin\u00e1sio do Castelinho<\/p>\n<p>INGRESSOS: A cadeira ouro custa R$ 150,00 e a prata R$ 90. J\u00e1 arquibancada R$ 50. Os ingressos est\u00e3o \u00e0 venda na Central da Folia (Jaracati Shopping), \u00d3ticas Carol (Rua Grande, Shopping da Ilha, Tropical Shopping e Rio Anil Shopping) e tamb\u00e9m no site www.dringresso.com.br.<\/p>\n<p><strong>INFORMA\u00c7\u00d5ES:<\/strong> (98) 3016-6663 \/ 3235-8785.<\/p>\n<p><strong>REALIZA\u00c7\u00c3O:<\/strong> Marafolia \u2013 20 anos<\/p>\n","protected":false},"excerpt":{"rendered":"<p>A cantora Ana Carolina traz o seu mais novo show, &#8220;#AC&#8221;, para S\u00e3o Lu\u00eds neste s\u00e1bado, 04, \u00e0s 21h30, no [&hellip;]<\/p>\n","protected":false},"author":0,"featured_media":0,"comment_status":"open","ping_status":"open","sticky":false,"template":"","format":"standard","meta":{"site-sidebar-layout":"default","site-content-layout":"","ast-site-content-layout":"default","site-content-style":"default","site-sidebar-style":"default","ast-global-header-display":"","ast-banner-title-visibility":"","ast-main-header-display":"","ast-hfb-above-header-display":"","ast-hfb-below-header-display":"","ast-hfb-mobile-header-display":"","site-post-title":"","ast-breadcrumbs-content":"","ast-featured-img":"","footer-sml-layout":"","ast-disable-related-posts":"","theme-transparent-header-meta":"","adv-header-id-meta":"","stick-header-meta":"","header-above-stick-meta":"","header-main-stick-meta":"","header-below-stick-meta":"","astra-migrate-meta-layouts":"default","ast-page-background-enabled":"default","ast-page-background-meta":{"desktop":{"background-color":"var(--ast-global-color-5)","background-image":"","background-repeat":"repeat","background-position":"center center","background-size":"auto","background-attachment":"scroll","background-type":"","background-media":"","overlay-type":"","overlay-color":"","overlay-opacity":"","overlay-gradient":""},"tablet":{"background-color":"","background-image":"","background-repeat":"repeat","background-position":"center center","background-size":"auto","background-attachment":"scroll","background-type":"","background-media":"","overlay-type":"","overlay-color":"","overlay-opacity":"","overlay-gradient":""},"mobile":{"background-color":"","background-image":"","background-repeat":"repeat","background-position":"center center","background-size":"auto","background-attachment":"scroll","background-type":"","background-media":"","overlay-type":"","overlay-color":"","overlay-opacity":"","overlay-gradient":""}},"ast-content-background-meta":{"desktop":{"background-color":"var(--ast-global-color-4)","background-image":"","background-repeat":"repeat","background-position":"center center","background-size":"auto","background-attachment":"scroll","background-type":"","background-media":"","overlay-type":"","overlay-color":"","overlay-opacity":"","overlay-gradient":""},"tablet":{"background-color":"var(--ast-global-color-4)","background-image":"","background-repeat":"repeat","background-position":"center center","background-size":"auto","background-attachment":"scroll","background-type":"","background-media":"","overlay-type":"","overlay-color":"","overlay-opacity":"","overlay-gradient":""},"mobile":{"background-color":"var(--ast-global-color-4)","background-image":"","background-repeat":"repeat","background-position":"center center","background-size":"auto","background-attachment":"scroll","background-type":"","background-media":"","overlay-type":"","overlay-color":"","overlay-opacity":"","overlay-gradient":""}},"footnotes":""},"categories":[1],"tags":[],"class_list":["post-19629","post","type-post","status-publish","format-standard","hentry","category-sem-categoria"],"yoast_head":"<!-- This site is optimized with the Yoast SEO plugin v26.6 - https:\/\/yoast.com\/wordpress\/plugins\/seo\/ -->\n<title>Ana Carolina faz show em S\u00e3o Lu\u00eds neste s\u00e1bado - Daniel Matos<\/title>\n<meta name=\"robots\" content=\"index, follow, max-snippet:-1, max-image-preview:large, max-video-preview:-1\" \/>\n<link rel=\"canonical\" href=\"https:\/\/www.blogsoestado.com\/danielmatos\/ana-carolina-faz-show-em-sao-luis-neste-sabado\/\" \/>\n<meta property=\"og:locale\" content=\"pt_BR\" \/>\n<meta property=\"og:type\" content=\"article\" \/>\n<meta property=\"og:title\" content=\"Ana Carolina faz show em S\u00e3o Lu\u00eds neste s\u00e1bado - Daniel Matos\" \/>\n<meta property=\"og:description\" content=\"A cantora Ana Carolina traz o seu mais novo show, &#8220;#AC&#8221;, para S\u00e3o Lu\u00eds neste s\u00e1bado, 04, \u00e0s 21h30, no [&hellip;]\" \/>\n<meta property=\"og:url\" content=\"https:\/\/www.blogsoestado.com\/danielmatos\/ana-carolina-faz-show-em-sao-luis-neste-sabado\/\" \/>\n<meta property=\"og:site_name\" content=\"Daniel Matos\" \/>\n<meta property=\"article:published_time\" content=\"2014-10-02T11:35:22+00:00\" \/>\n<meta property=\"og:image\" content=\"https:\/\/www.blogsoestado.com\/danielmatos\/files\/2014\/10\/ana-carolina2.jpg\" \/>\n<meta name=\"twitter:card\" content=\"summary_large_image\" \/>\n<meta name=\"twitter:label1\" content=\"Est. tempo de leitura\" \/>\n\t<meta name=\"twitter:data1\" content=\"2 minutos\" \/>\n<script type=\"application\/ld+json\" class=\"yoast-schema-graph\">{\"@context\":\"https:\/\/schema.org\",\"@graph\":[{\"@type\":\"WebPage\",\"@id\":\"https:\/\/www.blogsoestado.com\/danielmatos\/ana-carolina-faz-show-em-sao-luis-neste-sabado\/\",\"url\":\"https:\/\/www.blogsoestado.com\/danielmatos\/ana-carolina-faz-show-em-sao-luis-neste-sabado\/\",\"name\":\"Ana Carolina faz show em S\u00e3o Lu\u00eds neste s\u00e1bado - Daniel Matos\",\"isPartOf\":{\"@id\":\"https:\/\/www.blogsoestado.com\/danielmatos\/#website\"},\"primaryImageOfPage\":{\"@id\":\"https:\/\/www.blogsoestado.com\/danielmatos\/ana-carolina-faz-show-em-sao-luis-neste-sabado\/#primaryimage\"},\"image\":{\"@id\":\"https:\/\/www.blogsoestado.com\/danielmatos\/ana-carolina-faz-show-em-sao-luis-neste-sabado\/#primaryimage\"},\"thumbnailUrl\":\"https:\/\/www.blogsoestado.com\/danielmatos\/files\/2014\/10\/ana-carolina2.jpg\",\"datePublished\":\"2014-10-02T11:35:22+00:00\",\"author\":{\"@id\":\"\"},\"breadcrumb\":{\"@id\":\"https:\/\/www.blogsoestado.com\/danielmatos\/ana-carolina-faz-show-em-sao-luis-neste-sabado\/#breadcrumb\"},\"inLanguage\":\"pt-BR\",\"potentialAction\":[{\"@type\":\"ReadAction\",\"target\":[\"https:\/\/www.blogsoestado.com\/danielmatos\/ana-carolina-faz-show-em-sao-luis-neste-sabado\/\"]}]},{\"@type\":\"ImageObject\",\"inLanguage\":\"pt-BR\",\"@id\":\"https:\/\/www.blogsoestado.com\/danielmatos\/ana-carolina-faz-show-em-sao-luis-neste-sabado\/#primaryimage\",\"url\":\"https:\/\/www.blogsoestado.com\/danielmatos\/files\/2014\/10\/ana-carolina2.jpg\",\"contentUrl\":\"https:\/\/www.blogsoestado.com\/danielmatos\/files\/2014\/10\/ana-carolina2.jpg\"},{\"@type\":\"BreadcrumbList\",\"@id\":\"https:\/\/www.blogsoestado.com\/danielmatos\/ana-carolina-faz-show-em-sao-luis-neste-sabado\/#breadcrumb\",\"itemListElement\":[{\"@type\":\"ListItem\",\"position\":1,\"name\":\"In\u00edcio\",\"item\":\"https:\/\/www.blogsoestado.com\/danielmatos\/\"},{\"@type\":\"ListItem\",\"position\":2,\"name\":\"Ana Carolina faz show em S\u00e3o Lu\u00eds neste s\u00e1bado\"}]},{\"@type\":\"WebSite\",\"@id\":\"https:\/\/www.blogsoestado.com\/danielmatos\/#website\",\"url\":\"https:\/\/www.blogsoestado.com\/danielmatos\/\",\"name\":\"Daniel Matos\",\"description\":\"\",\"potentialAction\":[{\"@type\":\"SearchAction\",\"target\":{\"@type\":\"EntryPoint\",\"urlTemplate\":\"https:\/\/www.blogsoestado.com\/danielmatos\/?s={search_term_string}\"},\"query-input\":{\"@type\":\"PropertyValueSpecification\",\"valueRequired\":true,\"valueName\":\"search_term_string\"}}],\"inLanguage\":\"pt-BR\"}]}<\/script>\n<!-- \/ Yoast SEO plugin. -->","yoast_head_json":{"title":"Ana Carolina faz show em S\u00e3o Lu\u00eds neste s\u00e1bado - Daniel Matos","robots":{"index":"index","follow":"follow","max-snippet":"max-snippet:-1","max-image-preview":"max-image-preview:large","max-video-preview":"max-video-preview:-1"},"canonical":"https:\/\/www.blogsoestado.com\/danielmatos\/ana-carolina-faz-show-em-sao-luis-neste-sabado\/","og_locale":"pt_BR","og_type":"article","og_title":"Ana Carolina faz show em S\u00e3o Lu\u00eds neste s\u00e1bado - Daniel Matos","og_description":"A cantora Ana Carolina traz o seu mais novo show, &#8220;#AC&#8221;, para S\u00e3o Lu\u00eds neste s\u00e1bado, 04, \u00e0s 21h30, no [&hellip;]","og_url":"https:\/\/www.blogsoestado.com\/danielmatos\/ana-carolina-faz-show-em-sao-luis-neste-sabado\/","og_site_name":"Daniel Matos","article_published_time":"2014-10-02T11:35:22+00:00","og_image":[{"url":"https:\/\/www.blogsoestado.com\/danielmatos\/files\/2014\/10\/ana-carolina2.jpg","type":"","width":"","height":""}],"twitter_card":"summary_large_image","twitter_misc":{"Est. tempo de leitura":"2 minutos"},"schema":{"@context":"https:\/\/schema.org","@graph":[{"@type":"WebPage","@id":"https:\/\/www.blogsoestado.com\/danielmatos\/ana-carolina-faz-show-em-sao-luis-neste-sabado\/","url":"https:\/\/www.blogsoestado.com\/danielmatos\/ana-carolina-faz-show-em-sao-luis-neste-sabado\/","name":"Ana Carolina faz show em S\u00e3o Lu\u00eds neste s\u00e1bado - Daniel Matos","isPartOf":{"@id":"https:\/\/www.blogsoestado.com\/danielmatos\/#website"},"primaryImageOfPage":{"@id":"https:\/\/www.blogsoestado.com\/danielmatos\/ana-carolina-faz-show-em-sao-luis-neste-sabado\/#primaryimage"},"image":{"@id":"https:\/\/www.blogsoestado.com\/danielmatos\/ana-carolina-faz-show-em-sao-luis-neste-sabado\/#primaryimage"},"thumbnailUrl":"https:\/\/www.blogsoestado.com\/danielmatos\/files\/2014\/10\/ana-carolina2.jpg","datePublished":"2014-10-02T11:35:22+00:00","author":{"@id":""},"breadcrumb":{"@id":"https:\/\/www.blogsoestado.com\/danielmatos\/ana-carolina-faz-show-em-sao-luis-neste-sabado\/#breadcrumb"},"inLanguage":"pt-BR","potentialAction":[{"@type":"ReadAction","target":["https:\/\/www.blogsoestado.com\/danielmatos\/ana-carolina-faz-show-em-sao-luis-neste-sabado\/"]}]},{"@type":"ImageObject","inLanguage":"pt-BR","@id":"https:\/\/www.blogsoestado.com\/danielmatos\/ana-carolina-faz-show-em-sao-luis-neste-sabado\/#primaryimage","url":"https:\/\/www.blogsoestado.com\/danielmatos\/files\/2014\/10\/ana-carolina2.jpg","contentUrl":"https:\/\/www.blogsoestado.com\/danielmatos\/files\/2014\/10\/ana-carolina2.jpg"},{"@type":"BreadcrumbList","@id":"https:\/\/www.blogsoestado.com\/danielmatos\/ana-carolina-faz-show-em-sao-luis-neste-sabado\/#breadcrumb","itemListElement":[{"@type":"ListItem","position":1,"name":"In\u00edcio","item":"https:\/\/www.blogsoestado.com\/danielmatos\/"},{"@type":"ListItem","position":2,"name":"Ana Carolina faz show em S\u00e3o Lu\u00eds neste s\u00e1bado"}]},{"@type":"WebSite","@id":"https:\/\/www.blogsoestado.com\/danielmatos\/#website","url":"https:\/\/www.blogsoestado.com\/danielmatos\/","name":"Daniel Matos","description":"","potentialAction":[{"@type":"SearchAction","target":{"@type":"EntryPoint","urlTemplate":"https:\/\/www.blogsoestado.com\/danielmatos\/?s={search_term_string}"},"query-input":{"@type":"PropertyValueSpecification","valueRequired":true,"valueName":"search_term_string"}}],"inLanguage":"pt-BR"}]}},"jetpack_featured_media_url":"","_links":{"self":[{"href":"https:\/\/www.blogsoestado.com\/danielmatos\/wp-json\/wp\/v2\/posts\/19629","targetHints":{"allow":["GET"]}}],"collection":[{"href":"https:\/\/www.blogsoestado.com\/danielmatos\/wp-json\/wp\/v2\/posts"}],"about":[{"href":"https:\/\/www.blogsoestado.com\/danielmatos\/wp-json\/wp\/v2\/types\/post"}],"replies":[{"embeddable":true,"href":"https:\/\/www.blogsoestado.com\/danielmatos\/wp-json\/wp\/v2\/comments?post=19629"}],"version-history":[{"count":0,"href":"https:\/\/www.blogsoestado.com\/danielmatos\/wp-json\/wp\/v2\/posts\/19629\/revisions"}],"wp:attachment":[{"href":"https:\/\/www.blogsoestado.com\/danielmatos\/wp-json\/wp\/v2\/media?parent=19629"}],"wp:term":[{"taxonomy":"category","embeddable":true,"href":"https:\/\/www.blogsoestado.com\/danielmatos\/wp-json\/wp\/v2\/categories?post=19629"},{"taxonomy":"post_tag","embeddable":true,"href":"https:\/\/www.blogsoestado.com\/danielmatos\/wp-json\/wp\/v2\/tags?post=19629"}],"curies":[{"name":"wp","href":"https:\/\/api.w.org\/{rel}","templated":true}]}}