{"id":19636,"date":"2014-10-02T11:16:42","date_gmt":"2014-10-02T14:16:42","guid":{"rendered":"https:\/\/www.blogsoestado.com\/danielmatos\/?p=19636"},"modified":"2014-10-02T11:16:42","modified_gmt":"2014-10-02T14:16:42","slug":"video-bandidos-incendeiam-carro-do-vereador-ivaldo-rodrigues","status":"publish","type":"post","link":"https:\/\/www.blogsoestado.com\/danielmatos\/video-bandidos-incendeiam-carro-do-vereador-ivaldo-rodrigues\/","title":{"rendered":"V\u00eddeo: bandidos incendeiam carro do vereador Ivaldo Rodrigues"},"content":{"rendered":"<figure id=\"attachment_19637\" aria-describedby=\"caption-attachment-19637\" style=\"width: 296px\" class=\"wp-caption alignleft\"><a href=\"https:\/\/www.blogsoestado.com\/danielmatos\/files\/2014\/10\/ivaldo-rodrigues.jpg\"><img fetchpriority=\"high\" decoding=\"async\" class=\"size-full wp-image-19637\" src=\"https:\/\/www.blogsoestado.com\/danielmatos\/files\/2014\/10\/ivaldo-rodrigues.jpg\" alt=\"Ivaldo ainda n\u00e3o sabe se atentado foi motivado por disputa pol\u00edtica ou se foi pratica por fac\u00e7\u00e3o criminosa\" width=\"296\" height=\"251\" \/><\/a><figcaption id=\"caption-attachment-19637\" class=\"wp-caption-text\">Ivaldo ainda n\u00e3o sabe se atentado foi motivado por disputa pol\u00edtica ou se foi praticado por fac\u00e7\u00e3o criminosa<\/figcaption><\/figure>\n<p>Bandidos\u00a0incendiaram ontem um dos carros utilizados na campanha eleitoral pelo\u00a0vereador Ivaldo Rodrigues (PDT),\u00a0que disputa vaga\u00a0na Assembleia Legislativa. O atentado aconteceu no fim da tarde, em frente \u00e0 casa do pol\u00edtico, na Vila Luiz\u00e3o, horas depois dos inc\u00eandios a dois \u00f4nibus, no Recanto dos Vinhais e no Piquizeiro, bairro vizinho ao Anil.<\/p>\n<p>C\u00e2meras\u00a0do circuito de TV de um dos im\u00f3veis da rua flagraram\u00a0quando dois homens em uma moto parara pr\u00f3ximo ao carro, um Gol. O que estava na garupa derramou uma subst\u00e2ncia l\u00edquida, provavelmente gasolina, sobre o cap\u00f4 do ve\u00edculo e depois ateou fogo. Enquanto as\u00a0chamas come\u00e7avam a consumir o carro, os dois criminosos fugiram.<\/p>\n<p>Um terceiro bandido, que estava em outra moto e dava cobertura \u00e0 dupla, se aproximou e em seguida se evadiu do local junto com os comparsas.<\/p>\n<p>Ivaldo Rodrigues disse n\u00e3o saber o atentado tem alguma rela\u00e7\u00e3o com a disputa pol\u00edtica, j\u00e1 que ele \u00e9 inclu\u00eddo entre os favoritos na elei\u00e7\u00e3o de deputado federal, ou se tem a ver com os ataques cometidos por fac\u00e7\u00f5es criminosas na capital. Assista ao v\u00eddeo:<\/p>\n<p>[youtube 2Woqb5GEsIQ]<\/p>\n","protected":false},"excerpt":{"rendered":"<p>Bandidos\u00a0incendiaram ontem um dos carros utilizados na campanha eleitoral pelo\u00a0vereador Ivaldo Rodrigues (PDT),\u00a0que disputa vaga\u00a0na Assembleia Legislativa. O atentado aconteceu [&hellip;]<\/p>\n","protected":false},"author":0,"featured_media":0,"comment_status":"open","ping_status":"open","sticky":false,"template":"","format":"standard","meta":{"site-sidebar-layout":"default","site-content-layout":"","ast-site-content-layout":"default","site-content-style":"default","site-sidebar-style":"default","ast-global-header-display":"","ast-banner-title-visibility":"","ast-main-header-display":"","ast-hfb-above-header-display":"","ast-hfb-below-header-display":"","ast-hfb-mobile-header-display":"","site-post-title":"","ast-breadcrumbs-content":"","ast-featured-img":"","footer-sml-layout":"","ast-disable-related-posts":"","theme-transparent-header-meta":"","adv-header-id-meta":"","stick-header-meta":"","header-above-stick-meta":"","header-main-stick-meta":"","header-below-stick-meta":"","astra-migrate-meta-layouts":"default","ast-page-background-enabled":"default","ast-page-background-meta":{"desktop":{"background-color":"var(--ast-global-color-5)","background-image":"","background-repeat":"repeat","background-position":"center center","background-size":"auto","background-attachment":"scroll","background-type":"","background-media":"","overlay-type":"","overlay-color":"","overlay-opacity":"","overlay-gradient":""},"tablet":{"background-color":"","background-image":"","background-repeat":"repeat","background-position":"center center","background-size":"auto","background-attachment":"scroll","background-type":"","background-media":"","overlay-type":"","overlay-color":"","overlay-opacity":"","overlay-gradient":""},"mobile":{"background-color":"","background-image":"","background-repeat":"repeat","background-position":"center center","background-size":"auto","background-attachment":"scroll","background-type":"","background-media":"","overlay-type":"","overlay-color":"","overlay-opacity":"","overlay-gradient":""}},"ast-content-background-meta":{"desktop":{"background-color":"var(--ast-global-color-4)","background-image":"","background-repeat":"repeat","background-position":"center center","background-size":"auto","background-attachment":"scroll","background-type":"","background-media":"","overlay-type":"","overlay-color":"","overlay-opacity":"","overlay-gradient":""},"tablet":{"background-color":"var(--ast-global-color-4)","background-image":"","background-repeat":"repeat","background-position":"center center","background-size":"auto","background-attachment":"scroll","background-type":"","background-media":"","overlay-type":"","overlay-color":"","overlay-opacity":"","overlay-gradient":""},"mobile":{"background-color":"var(--ast-global-color-4)","background-image":"","background-repeat":"repeat","background-position":"center center","background-size":"auto","background-attachment":"scroll","background-type":"","background-media":"","overlay-type":"","overlay-color":"","overlay-opacity":"","overlay-gradient":""}},"footnotes":""},"categories":[1],"tags":[],"class_list":["post-19636","post","type-post","status-publish","format-standard","hentry","category-sem-categoria"],"yoast_head":"<!-- This site is optimized with the Yoast SEO plugin v26.6 - https:\/\/yoast.com\/wordpress\/plugins\/seo\/ -->\n<title>V\u00eddeo: bandidos incendeiam carro do vereador Ivaldo Rodrigues - Daniel Matos<\/title>\n<meta name=\"robots\" content=\"index, follow, max-snippet:-1, max-image-preview:large, max-video-preview:-1\" \/>\n<link rel=\"canonical\" href=\"https:\/\/www.blogsoestado.com\/danielmatos\/video-bandidos-incendeiam-carro-do-vereador-ivaldo-rodrigues\/\" \/>\n<meta property=\"og:locale\" content=\"pt_BR\" \/>\n<meta property=\"og:type\" content=\"article\" \/>\n<meta property=\"og:title\" content=\"V\u00eddeo: bandidos incendeiam carro do vereador Ivaldo Rodrigues - Daniel Matos\" \/>\n<meta property=\"og:description\" content=\"Bandidos\u00a0incendiaram ontem um dos carros utilizados na campanha eleitoral pelo\u00a0vereador Ivaldo Rodrigues (PDT),\u00a0que disputa vaga\u00a0na Assembleia Legislativa. O atentado aconteceu [&hellip;]\" \/>\n<meta property=\"og:url\" content=\"https:\/\/www.blogsoestado.com\/danielmatos\/video-bandidos-incendeiam-carro-do-vereador-ivaldo-rodrigues\/\" \/>\n<meta property=\"og:site_name\" content=\"Daniel Matos\" \/>\n<meta property=\"article:published_time\" content=\"2014-10-02T14:16:42+00:00\" \/>\n<meta property=\"og:image\" content=\"https:\/\/www.blogsoestado.com\/danielmatos\/files\/2014\/10\/ivaldo-rodrigues.jpg\" \/>\n<meta name=\"twitter:card\" content=\"summary_large_image\" \/>\n<meta name=\"twitter:label1\" content=\"Est. tempo de leitura\" \/>\n\t<meta name=\"twitter:data1\" content=\"1 minuto\" \/>\n<script type=\"application\/ld+json\" class=\"yoast-schema-graph\">{\"@context\":\"https:\/\/schema.org\",\"@graph\":[{\"@type\":\"WebPage\",\"@id\":\"https:\/\/www.blogsoestado.com\/danielmatos\/video-bandidos-incendeiam-carro-do-vereador-ivaldo-rodrigues\/\",\"url\":\"https:\/\/www.blogsoestado.com\/danielmatos\/video-bandidos-incendeiam-carro-do-vereador-ivaldo-rodrigues\/\",\"name\":\"V\u00eddeo: bandidos incendeiam carro do vereador Ivaldo Rodrigues - Daniel Matos\",\"isPartOf\":{\"@id\":\"https:\/\/www.blogsoestado.com\/danielmatos\/#website\"},\"primaryImageOfPage\":{\"@id\":\"https:\/\/www.blogsoestado.com\/danielmatos\/video-bandidos-incendeiam-carro-do-vereador-ivaldo-rodrigues\/#primaryimage\"},\"image\":{\"@id\":\"https:\/\/www.blogsoestado.com\/danielmatos\/video-bandidos-incendeiam-carro-do-vereador-ivaldo-rodrigues\/#primaryimage\"},\"thumbnailUrl\":\"https:\/\/www.blogsoestado.com\/danielmatos\/files\/2014\/10\/ivaldo-rodrigues.jpg\",\"datePublished\":\"2014-10-02T14:16:42+00:00\",\"author\":{\"@id\":\"\"},\"breadcrumb\":{\"@id\":\"https:\/\/www.blogsoestado.com\/danielmatos\/video-bandidos-incendeiam-carro-do-vereador-ivaldo-rodrigues\/#breadcrumb\"},\"inLanguage\":\"pt-BR\",\"potentialAction\":[{\"@type\":\"ReadAction\",\"target\":[\"https:\/\/www.blogsoestado.com\/danielmatos\/video-bandidos-incendeiam-carro-do-vereador-ivaldo-rodrigues\/\"]}]},{\"@type\":\"ImageObject\",\"inLanguage\":\"pt-BR\",\"@id\":\"https:\/\/www.blogsoestado.com\/danielmatos\/video-bandidos-incendeiam-carro-do-vereador-ivaldo-rodrigues\/#primaryimage\",\"url\":\"https:\/\/www.blogsoestado.com\/danielmatos\/files\/2014\/10\/ivaldo-rodrigues.jpg\",\"contentUrl\":\"https:\/\/www.blogsoestado.com\/danielmatos\/files\/2014\/10\/ivaldo-rodrigues.jpg\"},{\"@type\":\"BreadcrumbList\",\"@id\":\"https:\/\/www.blogsoestado.com\/danielmatos\/video-bandidos-incendeiam-carro-do-vereador-ivaldo-rodrigues\/#breadcrumb\",\"itemListElement\":[{\"@type\":\"ListItem\",\"position\":1,\"name\":\"In\u00edcio\",\"item\":\"https:\/\/www.blogsoestado.com\/danielmatos\/\"},{\"@type\":\"ListItem\",\"position\":2,\"name\":\"V\u00eddeo: bandidos incendeiam carro do vereador Ivaldo Rodrigues\"}]},{\"@type\":\"WebSite\",\"@id\":\"https:\/\/www.blogsoestado.com\/danielmatos\/#website\",\"url\":\"https:\/\/www.blogsoestado.com\/danielmatos\/\",\"name\":\"Daniel Matos\",\"description\":\"\",\"potentialAction\":[{\"@type\":\"SearchAction\",\"target\":{\"@type\":\"EntryPoint\",\"urlTemplate\":\"https:\/\/www.blogsoestado.com\/danielmatos\/?s={search_term_string}\"},\"query-input\":{\"@type\":\"PropertyValueSpecification\",\"valueRequired\":true,\"valueName\":\"search_term_string\"}}],\"inLanguage\":\"pt-BR\"}]}<\/script>\n<!-- \/ Yoast SEO plugin. -->","yoast_head_json":{"title":"V\u00eddeo: bandidos incendeiam carro do vereador Ivaldo Rodrigues - Daniel Matos","robots":{"index":"index","follow":"follow","max-snippet":"max-snippet:-1","max-image-preview":"max-image-preview:large","max-video-preview":"max-video-preview:-1"},"canonical":"https:\/\/www.blogsoestado.com\/danielmatos\/video-bandidos-incendeiam-carro-do-vereador-ivaldo-rodrigues\/","og_locale":"pt_BR","og_type":"article","og_title":"V\u00eddeo: bandidos incendeiam carro do vereador Ivaldo Rodrigues - Daniel Matos","og_description":"Bandidos\u00a0incendiaram ontem um dos carros utilizados na campanha eleitoral pelo\u00a0vereador Ivaldo Rodrigues (PDT),\u00a0que disputa vaga\u00a0na Assembleia Legislativa. O atentado aconteceu [&hellip;]","og_url":"https:\/\/www.blogsoestado.com\/danielmatos\/video-bandidos-incendeiam-carro-do-vereador-ivaldo-rodrigues\/","og_site_name":"Daniel Matos","article_published_time":"2014-10-02T14:16:42+00:00","og_image":[{"url":"https:\/\/www.blogsoestado.com\/danielmatos\/files\/2014\/10\/ivaldo-rodrigues.jpg","type":"","width":"","height":""}],"twitter_card":"summary_large_image","twitter_misc":{"Est. tempo de leitura":"1 minuto"},"schema":{"@context":"https:\/\/schema.org","@graph":[{"@type":"WebPage","@id":"https:\/\/www.blogsoestado.com\/danielmatos\/video-bandidos-incendeiam-carro-do-vereador-ivaldo-rodrigues\/","url":"https:\/\/www.blogsoestado.com\/danielmatos\/video-bandidos-incendeiam-carro-do-vereador-ivaldo-rodrigues\/","name":"V\u00eddeo: bandidos incendeiam carro do vereador Ivaldo Rodrigues - Daniel Matos","isPartOf":{"@id":"https:\/\/www.blogsoestado.com\/danielmatos\/#website"},"primaryImageOfPage":{"@id":"https:\/\/www.blogsoestado.com\/danielmatos\/video-bandidos-incendeiam-carro-do-vereador-ivaldo-rodrigues\/#primaryimage"},"image":{"@id":"https:\/\/www.blogsoestado.com\/danielmatos\/video-bandidos-incendeiam-carro-do-vereador-ivaldo-rodrigues\/#primaryimage"},"thumbnailUrl":"https:\/\/www.blogsoestado.com\/danielmatos\/files\/2014\/10\/ivaldo-rodrigues.jpg","datePublished":"2014-10-02T14:16:42+00:00","author":{"@id":""},"breadcrumb":{"@id":"https:\/\/www.blogsoestado.com\/danielmatos\/video-bandidos-incendeiam-carro-do-vereador-ivaldo-rodrigues\/#breadcrumb"},"inLanguage":"pt-BR","potentialAction":[{"@type":"ReadAction","target":["https:\/\/www.blogsoestado.com\/danielmatos\/video-bandidos-incendeiam-carro-do-vereador-ivaldo-rodrigues\/"]}]},{"@type":"ImageObject","inLanguage":"pt-BR","@id":"https:\/\/www.blogsoestado.com\/danielmatos\/video-bandidos-incendeiam-carro-do-vereador-ivaldo-rodrigues\/#primaryimage","url":"https:\/\/www.blogsoestado.com\/danielmatos\/files\/2014\/10\/ivaldo-rodrigues.jpg","contentUrl":"https:\/\/www.blogsoestado.com\/danielmatos\/files\/2014\/10\/ivaldo-rodrigues.jpg"},{"@type":"BreadcrumbList","@id":"https:\/\/www.blogsoestado.com\/danielmatos\/video-bandidos-incendeiam-carro-do-vereador-ivaldo-rodrigues\/#breadcrumb","itemListElement":[{"@type":"ListItem","position":1,"name":"In\u00edcio","item":"https:\/\/www.blogsoestado.com\/danielmatos\/"},{"@type":"ListItem","position":2,"name":"V\u00eddeo: bandidos incendeiam carro do vereador Ivaldo Rodrigues"}]},{"@type":"WebSite","@id":"https:\/\/www.blogsoestado.com\/danielmatos\/#website","url":"https:\/\/www.blogsoestado.com\/danielmatos\/","name":"Daniel Matos","description":"","potentialAction":[{"@type":"SearchAction","target":{"@type":"EntryPoint","urlTemplate":"https:\/\/www.blogsoestado.com\/danielmatos\/?s={search_term_string}"},"query-input":{"@type":"PropertyValueSpecification","valueRequired":true,"valueName":"search_term_string"}}],"inLanguage":"pt-BR"}]}},"jetpack_featured_media_url":"","_links":{"self":[{"href":"https:\/\/www.blogsoestado.com\/danielmatos\/wp-json\/wp\/v2\/posts\/19636","targetHints":{"allow":["GET"]}}],"collection":[{"href":"https:\/\/www.blogsoestado.com\/danielmatos\/wp-json\/wp\/v2\/posts"}],"about":[{"href":"https:\/\/www.blogsoestado.com\/danielmatos\/wp-json\/wp\/v2\/types\/post"}],"replies":[{"embeddable":true,"href":"https:\/\/www.blogsoestado.com\/danielmatos\/wp-json\/wp\/v2\/comments?post=19636"}],"version-history":[{"count":0,"href":"https:\/\/www.blogsoestado.com\/danielmatos\/wp-json\/wp\/v2\/posts\/19636\/revisions"}],"wp:attachment":[{"href":"https:\/\/www.blogsoestado.com\/danielmatos\/wp-json\/wp\/v2\/media?parent=19636"}],"wp:term":[{"taxonomy":"category","embeddable":true,"href":"https:\/\/www.blogsoestado.com\/danielmatos\/wp-json\/wp\/v2\/categories?post=19636"},{"taxonomy":"post_tag","embeddable":true,"href":"https:\/\/www.blogsoestado.com\/danielmatos\/wp-json\/wp\/v2\/tags?post=19636"}],"curies":[{"name":"wp","href":"https:\/\/api.w.org\/{rel}","templated":true}]}}