{"id":19641,"date":"2014-10-02T12:11:19","date_gmt":"2014-10-02T15:11:19","guid":{"rendered":"https:\/\/www.blogsoestado.com\/danielmatos\/?p=19641"},"modified":"2014-10-02T12:11:19","modified_gmt":"2014-10-02T15:11:19","slug":"tse-autorizou-emprego-de-forca-federal-para-26-municipios-maranhenses","status":"publish","type":"post","link":"https:\/\/www.blogsoestado.com\/danielmatos\/tse-autorizou-emprego-de-forca-federal-para-26-municipios-maranhenses\/","title":{"rendered":"TSE autorizou emprego de for\u00e7a federal para 26 munic\u00edpios maranhenses"},"content":{"rendered":"<p><a href=\"https:\/\/www.blogsoestado.com\/danielmatos\/files\/2014\/10\/tropa-federal.jpg\"><img fetchpriority=\"high\" decoding=\"async\" class=\"alignright size-full wp-image-19642\" src=\"https:\/\/www.blogsoestado.com\/danielmatos\/files\/2014\/10\/tropa-federal.jpg\" alt=\"tropa federal\" width=\"448\" height=\"257\" \/><\/a>O Tribunal Superior Eleitoral (TSE) autorizou emprego de for\u00e7a federal para 26 munic\u00edpios maranhenses durante as elei\u00e7\u00f5es 2014.<\/p>\n<p>S\u00e3o eles: S\u00e3o Lu\u00eds, S\u00e3o Jos\u00e9 de Ribamar, Coroat\u00e1, Buriticupu, Bom Jesus das Selvas, S\u00e3o Vicente de F\u00e9rrer, Cajapi\u00f3, Cod\u00f3, Bacabal, Chapadinha, Colinas, Graja\u00fa, Itaipava do Graja\u00fa, Formosa da Serra Negra, Pa\u00e7o do Lumiar, Raposa, Santa Luzia, Alto Alegre do Pindar\u00e9, Barra do Corda, Fernando Falc\u00e3o, Jenipapo das Vieiras, S\u00e3o Mateus, Z\u00e9 Doca, Santa Luzia do Paru\u00e1, Nova Olinda e Benedito Leite.<\/p>\n<p>A autoriza\u00e7\u00e3o se deu ap\u00f3s o TSE acolher os motivos apresentados pelo Tribunal Regional Eleitoral do Maranh\u00e3o com vistas a garantir a normalidade e a lisura do pleito no pr\u00f3ximo dia 5 de outubro nos referidos munic\u00edpios.<\/p>\n<p><strong>Fonte:<\/strong> Tribunal Superior Eleitoral (TSE)<\/p>\n","protected":false},"excerpt":{"rendered":"<p>O Tribunal Superior Eleitoral (TSE) autorizou emprego de for\u00e7a federal para 26 munic\u00edpios maranhenses durante as elei\u00e7\u00f5es 2014. S\u00e3o eles: [&hellip;]<\/p>\n","protected":false},"author":0,"featured_media":0,"comment_status":"open","ping_status":"open","sticky":false,"template":"","format":"standard","meta":{"site-sidebar-layout":"default","site-content-layout":"","ast-site-content-layout":"default","site-content-style":"default","site-sidebar-style":"default","ast-global-header-display":"","ast-banner-title-visibility":"","ast-main-header-display":"","ast-hfb-above-header-display":"","ast-hfb-below-header-display":"","ast-hfb-mobile-header-display":"","site-post-title":"","ast-breadcrumbs-content":"","ast-featured-img":"","footer-sml-layout":"","ast-disable-related-posts":"","theme-transparent-header-meta":"","adv-header-id-meta":"","stick-header-meta":"","header-above-stick-meta":"","header-main-stick-meta":"","header-below-stick-meta":"","astra-migrate-meta-layouts":"default","ast-page-background-enabled":"default","ast-page-background-meta":{"desktop":{"background-color":"var(--ast-global-color-5)","background-image":"","background-repeat":"repeat","background-position":"center center","background-size":"auto","background-attachment":"scroll","background-type":"","background-media":"","overlay-type":"","overlay-color":"","overlay-opacity":"","overlay-gradient":""},"tablet":{"background-color":"","background-image":"","background-repeat":"repeat","background-position":"center center","background-size":"auto","background-attachment":"scroll","background-type":"","background-media":"","overlay-type":"","overlay-color":"","overlay-opacity":"","overlay-gradient":""},"mobile":{"background-color":"","background-image":"","background-repeat":"repeat","background-position":"center center","background-size":"auto","background-attachment":"scroll","background-type":"","background-media":"","overlay-type":"","overlay-color":"","overlay-opacity":"","overlay-gradient":""}},"ast-content-background-meta":{"desktop":{"background-color":"var(--ast-global-color-4)","background-image":"","background-repeat":"repeat","background-position":"center center","background-size":"auto","background-attachment":"scroll","background-type":"","background-media":"","overlay-type":"","overlay-color":"","overlay-opacity":"","overlay-gradient":""},"tablet":{"background-color":"var(--ast-global-color-4)","background-image":"","background-repeat":"repeat","background-position":"center center","background-size":"auto","background-attachment":"scroll","background-type":"","background-media":"","overlay-type":"","overlay-color":"","overlay-opacity":"","overlay-gradient":""},"mobile":{"background-color":"var(--ast-global-color-4)","background-image":"","background-repeat":"repeat","background-position":"center center","background-size":"auto","background-attachment":"scroll","background-type":"","background-media":"","overlay-type":"","overlay-color":"","overlay-opacity":"","overlay-gradient":""}},"footnotes":""},"categories":[1],"tags":[],"class_list":["post-19641","post","type-post","status-publish","format-standard","hentry","category-sem-categoria"],"yoast_head":"<!-- This site is optimized with the Yoast SEO plugin v26.6 - https:\/\/yoast.com\/wordpress\/plugins\/seo\/ -->\n<title>TSE autorizou emprego de for\u00e7a federal para 26 munic\u00edpios maranhenses - Daniel Matos<\/title>\n<meta name=\"robots\" content=\"index, follow, max-snippet:-1, max-image-preview:large, max-video-preview:-1\" \/>\n<link rel=\"canonical\" href=\"https:\/\/www.blogsoestado.com\/danielmatos\/tse-autorizou-emprego-de-forca-federal-para-26-municipios-maranhenses\/\" \/>\n<meta property=\"og:locale\" content=\"pt_BR\" \/>\n<meta property=\"og:type\" content=\"article\" \/>\n<meta property=\"og:title\" content=\"TSE autorizou emprego de for\u00e7a federal para 26 munic\u00edpios maranhenses - Daniel Matos\" \/>\n<meta property=\"og:description\" content=\"O Tribunal Superior Eleitoral (TSE) autorizou emprego de for\u00e7a federal para 26 munic\u00edpios maranhenses durante as elei\u00e7\u00f5es 2014. S\u00e3o eles: [&hellip;]\" \/>\n<meta property=\"og:url\" content=\"https:\/\/www.blogsoestado.com\/danielmatos\/tse-autorizou-emprego-de-forca-federal-para-26-municipios-maranhenses\/\" \/>\n<meta property=\"og:site_name\" content=\"Daniel Matos\" \/>\n<meta property=\"article:published_time\" content=\"2014-10-02T15:11:19+00:00\" \/>\n<meta property=\"og:image\" content=\"https:\/\/www.blogsoestado.com\/danielmatos\/files\/2014\/10\/tropa-federal.jpg\" \/>\n<meta name=\"twitter:card\" content=\"summary_large_image\" \/>\n<meta name=\"twitter:label1\" content=\"Est. tempo de leitura\" \/>\n\t<meta name=\"twitter:data1\" content=\"1 minuto\" \/>\n<script type=\"application\/ld+json\" class=\"yoast-schema-graph\">{\"@context\":\"https:\/\/schema.org\",\"@graph\":[{\"@type\":\"WebPage\",\"@id\":\"https:\/\/www.blogsoestado.com\/danielmatos\/tse-autorizou-emprego-de-forca-federal-para-26-municipios-maranhenses\/\",\"url\":\"https:\/\/www.blogsoestado.com\/danielmatos\/tse-autorizou-emprego-de-forca-federal-para-26-municipios-maranhenses\/\",\"name\":\"TSE autorizou emprego de for\u00e7a federal para 26 munic\u00edpios maranhenses - Daniel Matos\",\"isPartOf\":{\"@id\":\"https:\/\/www.blogsoestado.com\/danielmatos\/#website\"},\"primaryImageOfPage\":{\"@id\":\"https:\/\/www.blogsoestado.com\/danielmatos\/tse-autorizou-emprego-de-forca-federal-para-26-municipios-maranhenses\/#primaryimage\"},\"image\":{\"@id\":\"https:\/\/www.blogsoestado.com\/danielmatos\/tse-autorizou-emprego-de-forca-federal-para-26-municipios-maranhenses\/#primaryimage\"},\"thumbnailUrl\":\"https:\/\/www.blogsoestado.com\/danielmatos\/files\/2014\/10\/tropa-federal.jpg\",\"datePublished\":\"2014-10-02T15:11:19+00:00\",\"author\":{\"@id\":\"\"},\"breadcrumb\":{\"@id\":\"https:\/\/www.blogsoestado.com\/danielmatos\/tse-autorizou-emprego-de-forca-federal-para-26-municipios-maranhenses\/#breadcrumb\"},\"inLanguage\":\"pt-BR\",\"potentialAction\":[{\"@type\":\"ReadAction\",\"target\":[\"https:\/\/www.blogsoestado.com\/danielmatos\/tse-autorizou-emprego-de-forca-federal-para-26-municipios-maranhenses\/\"]}]},{\"@type\":\"ImageObject\",\"inLanguage\":\"pt-BR\",\"@id\":\"https:\/\/www.blogsoestado.com\/danielmatos\/tse-autorizou-emprego-de-forca-federal-para-26-municipios-maranhenses\/#primaryimage\",\"url\":\"https:\/\/www.blogsoestado.com\/danielmatos\/files\/2014\/10\/tropa-federal.jpg\",\"contentUrl\":\"https:\/\/www.blogsoestado.com\/danielmatos\/files\/2014\/10\/tropa-federal.jpg\"},{\"@type\":\"BreadcrumbList\",\"@id\":\"https:\/\/www.blogsoestado.com\/danielmatos\/tse-autorizou-emprego-de-forca-federal-para-26-municipios-maranhenses\/#breadcrumb\",\"itemListElement\":[{\"@type\":\"ListItem\",\"position\":1,\"name\":\"In\u00edcio\",\"item\":\"https:\/\/www.blogsoestado.com\/danielmatos\/\"},{\"@type\":\"ListItem\",\"position\":2,\"name\":\"TSE autorizou emprego de for\u00e7a federal para 26 munic\u00edpios maranhenses\"}]},{\"@type\":\"WebSite\",\"@id\":\"https:\/\/www.blogsoestado.com\/danielmatos\/#website\",\"url\":\"https:\/\/www.blogsoestado.com\/danielmatos\/\",\"name\":\"Daniel Matos\",\"description\":\"\",\"potentialAction\":[{\"@type\":\"SearchAction\",\"target\":{\"@type\":\"EntryPoint\",\"urlTemplate\":\"https:\/\/www.blogsoestado.com\/danielmatos\/?s={search_term_string}\"},\"query-input\":{\"@type\":\"PropertyValueSpecification\",\"valueRequired\":true,\"valueName\":\"search_term_string\"}}],\"inLanguage\":\"pt-BR\"}]}<\/script>\n<!-- \/ Yoast SEO plugin. -->","yoast_head_json":{"title":"TSE autorizou emprego de for\u00e7a federal para 26 munic\u00edpios maranhenses - Daniel Matos","robots":{"index":"index","follow":"follow","max-snippet":"max-snippet:-1","max-image-preview":"max-image-preview:large","max-video-preview":"max-video-preview:-1"},"canonical":"https:\/\/www.blogsoestado.com\/danielmatos\/tse-autorizou-emprego-de-forca-federal-para-26-municipios-maranhenses\/","og_locale":"pt_BR","og_type":"article","og_title":"TSE autorizou emprego de for\u00e7a federal para 26 munic\u00edpios maranhenses - Daniel Matos","og_description":"O Tribunal Superior Eleitoral (TSE) autorizou emprego de for\u00e7a federal para 26 munic\u00edpios maranhenses durante as elei\u00e7\u00f5es 2014. S\u00e3o eles: [&hellip;]","og_url":"https:\/\/www.blogsoestado.com\/danielmatos\/tse-autorizou-emprego-de-forca-federal-para-26-municipios-maranhenses\/","og_site_name":"Daniel Matos","article_published_time":"2014-10-02T15:11:19+00:00","og_image":[{"url":"https:\/\/www.blogsoestado.com\/danielmatos\/files\/2014\/10\/tropa-federal.jpg","type":"","width":"","height":""}],"twitter_card":"summary_large_image","twitter_misc":{"Est. tempo de leitura":"1 minuto"},"schema":{"@context":"https:\/\/schema.org","@graph":[{"@type":"WebPage","@id":"https:\/\/www.blogsoestado.com\/danielmatos\/tse-autorizou-emprego-de-forca-federal-para-26-municipios-maranhenses\/","url":"https:\/\/www.blogsoestado.com\/danielmatos\/tse-autorizou-emprego-de-forca-federal-para-26-municipios-maranhenses\/","name":"TSE autorizou emprego de for\u00e7a federal para 26 munic\u00edpios maranhenses - Daniel Matos","isPartOf":{"@id":"https:\/\/www.blogsoestado.com\/danielmatos\/#website"},"primaryImageOfPage":{"@id":"https:\/\/www.blogsoestado.com\/danielmatos\/tse-autorizou-emprego-de-forca-federal-para-26-municipios-maranhenses\/#primaryimage"},"image":{"@id":"https:\/\/www.blogsoestado.com\/danielmatos\/tse-autorizou-emprego-de-forca-federal-para-26-municipios-maranhenses\/#primaryimage"},"thumbnailUrl":"https:\/\/www.blogsoestado.com\/danielmatos\/files\/2014\/10\/tropa-federal.jpg","datePublished":"2014-10-02T15:11:19+00:00","author":{"@id":""},"breadcrumb":{"@id":"https:\/\/www.blogsoestado.com\/danielmatos\/tse-autorizou-emprego-de-forca-federal-para-26-municipios-maranhenses\/#breadcrumb"},"inLanguage":"pt-BR","potentialAction":[{"@type":"ReadAction","target":["https:\/\/www.blogsoestado.com\/danielmatos\/tse-autorizou-emprego-de-forca-federal-para-26-municipios-maranhenses\/"]}]},{"@type":"ImageObject","inLanguage":"pt-BR","@id":"https:\/\/www.blogsoestado.com\/danielmatos\/tse-autorizou-emprego-de-forca-federal-para-26-municipios-maranhenses\/#primaryimage","url":"https:\/\/www.blogsoestado.com\/danielmatos\/files\/2014\/10\/tropa-federal.jpg","contentUrl":"https:\/\/www.blogsoestado.com\/danielmatos\/files\/2014\/10\/tropa-federal.jpg"},{"@type":"BreadcrumbList","@id":"https:\/\/www.blogsoestado.com\/danielmatos\/tse-autorizou-emprego-de-forca-federal-para-26-municipios-maranhenses\/#breadcrumb","itemListElement":[{"@type":"ListItem","position":1,"name":"In\u00edcio","item":"https:\/\/www.blogsoestado.com\/danielmatos\/"},{"@type":"ListItem","position":2,"name":"TSE autorizou emprego de for\u00e7a federal para 26 munic\u00edpios maranhenses"}]},{"@type":"WebSite","@id":"https:\/\/www.blogsoestado.com\/danielmatos\/#website","url":"https:\/\/www.blogsoestado.com\/danielmatos\/","name":"Daniel Matos","description":"","potentialAction":[{"@type":"SearchAction","target":{"@type":"EntryPoint","urlTemplate":"https:\/\/www.blogsoestado.com\/danielmatos\/?s={search_term_string}"},"query-input":{"@type":"PropertyValueSpecification","valueRequired":true,"valueName":"search_term_string"}}],"inLanguage":"pt-BR"}]}},"jetpack_featured_media_url":"","_links":{"self":[{"href":"https:\/\/www.blogsoestado.com\/danielmatos\/wp-json\/wp\/v2\/posts\/19641","targetHints":{"allow":["GET"]}}],"collection":[{"href":"https:\/\/www.blogsoestado.com\/danielmatos\/wp-json\/wp\/v2\/posts"}],"about":[{"href":"https:\/\/www.blogsoestado.com\/danielmatos\/wp-json\/wp\/v2\/types\/post"}],"replies":[{"embeddable":true,"href":"https:\/\/www.blogsoestado.com\/danielmatos\/wp-json\/wp\/v2\/comments?post=19641"}],"version-history":[{"count":0,"href":"https:\/\/www.blogsoestado.com\/danielmatos\/wp-json\/wp\/v2\/posts\/19641\/revisions"}],"wp:attachment":[{"href":"https:\/\/www.blogsoestado.com\/danielmatos\/wp-json\/wp\/v2\/media?parent=19641"}],"wp:term":[{"taxonomy":"category","embeddable":true,"href":"https:\/\/www.blogsoestado.com\/danielmatos\/wp-json\/wp\/v2\/categories?post=19641"},{"taxonomy":"post_tag","embeddable":true,"href":"https:\/\/www.blogsoestado.com\/danielmatos\/wp-json\/wp\/v2\/tags?post=19641"}],"curies":[{"name":"wp","href":"https:\/\/api.w.org\/{rel}","templated":true}]}}