{"id":19645,"date":"2014-10-02T15:32:56","date_gmt":"2014-10-02T18:32:56","guid":{"rendered":"https:\/\/www.blogsoestado.com\/danielmatos\/?p=19645"},"modified":"2014-10-02T15:32:56","modified_gmt":"2014-10-02T18:32:56","slug":"prefeitura-inicia-sinalizacao-de-faixa-preferencial-para-onibus-na-avenida-colares-moreira","status":"publish","type":"post","link":"https:\/\/www.blogsoestado.com\/danielmatos\/prefeitura-inicia-sinalizacao-de-faixa-preferencial-para-onibus-na-avenida-colares-moreira\/","title":{"rendered":"Prefeitura inicia sinaliza\u00e7\u00e3o de faixa preferencial para \u00f4nibus na Avenida Colares Moreira"},"content":{"rendered":"<figure id=\"attachment_19646\" aria-describedby=\"caption-attachment-19646\" style=\"width: 640px\" class=\"wp-caption aligncenter\"><a href=\"https:\/\/www.blogsoestado.com\/danielmatos\/files\/2014\/10\/sinaliza\u00e7\u00e3o-colares.jpg\"><img fetchpriority=\"high\" decoding=\"async\" class=\"size-full wp-image-19646\" src=\"https:\/\/www.blogsoestado.com\/danielmatos\/files\/2014\/10\/sinaliza\u00e7\u00e3o-colares.jpg\" alt=\"Previs\u00e3o \u00e9 que a faixa comece a funcionar at\u00e9 o final deste m\u00eas, quando a sinaliza\u00e7\u00e3o deve ser conclu\u00edda\" width=\"640\" height=\"427\" \/><\/a><figcaption id=\"caption-attachment-19646\" class=\"wp-caption-text\">Previs\u00e3o \u00e9 que a faixa comece a funcionar at\u00e9 o final deste m\u00eas, quando a sinaliza\u00e7\u00e3o deve ser conclu\u00edda<\/figcaption><\/figure>\n<p>A Prefeitura de S\u00e3o Lu\u00eds, por meio da Secretaria de Tr\u00e2nsito e Transportes (SMTT), est\u00e1 realizando uma s\u00e9rie de interven\u00e7\u00f5es para a melhoria do tr\u00e2nsito na capital. Al\u00e9m da implanta\u00e7\u00e3o de retornos de quadras, altera\u00e7\u00f5es geom\u00e9tricas, reordenamento de estacionamentos, entre outras interven\u00e7\u00f5es, a SMTT iniciou a sinaliza\u00e7\u00e3o de uma faixa preferencial para \u00f4nibus na Avenida Colares Moreira. A previs\u00e3o \u00e9 que a faixa comece a funcionar at\u00e9 o final deste m\u00eas, quando a sinaliza\u00e7\u00e3o deve ser conclu\u00edda.<\/p>\n<p>Segundo o secret\u00e1rio municipal de Tr\u00e2nsito e Transportes, Canind\u00e9 Barros, essa e outras modifica\u00e7\u00f5es nas vias de S\u00e3o Lu\u00eds primam pela melhoria da mobilidade urbana e por maior seguran\u00e7a para os condutores e pedestres. \u201cCom essas a\u00e7\u00f5es, estamos seguindo a determina\u00e7\u00e3o do prefeito Edivaldo para que possamos dar respostas eficazes \u00e0 popula\u00e7\u00e3o. S\u00e3o melhorias que estamos realizando em v\u00e1rios pontos da cidade para dar mais fluidez ao tr\u00e2nsito e reduzir os \u00edndices de acidentes\u201d, afirmou o titular da pasta.<\/p>\n<figure id=\"attachment_19647\" aria-describedby=\"caption-attachment-19647\" style=\"width: 640px\" class=\"wp-caption aligncenter\"><a href=\"https:\/\/www.blogsoestado.com\/danielmatos\/files\/2014\/10\/sinaliza\u00e7\u00e3o-colares2.jpg\"><img decoding=\"async\" class=\"size-full wp-image-19647\" src=\"https:\/\/www.blogsoestado.com\/danielmatos\/files\/2014\/10\/sinaliza\u00e7\u00e3o-colares2.jpg\" alt=\"Avenida foi escolhida como a primeira a ter uma faixa preferencial para \u00f4nibus por ser uma das com maior fluxo de ve\u00edculos\" width=\"640\" height=\"427\" \/><\/a><figcaption id=\"caption-attachment-19647\" class=\"wp-caption-text\">Avenida foi escolhida como a primeira a ter uma faixa preferencial para \u00f4nibus por ser uma das com maior fluxo de ve\u00edculos<\/figcaption><\/figure>\n<p>A avenida foi escolhida como a primeira a ter uma faixa preferencial para \u00f4nibus por ser uma das que apresentam maior fluxo de ve\u00edculos. A faixa, que tem in\u00edcio no Elevado do Trabalhador e se estender\u00e1 at\u00e9 a ponte do S\u00e3o Francisco, \u00e9 considerada preferencial e n\u00e3o exclusiva por conta da exist\u00eancia de convers\u00f5es \u00e0 direita para realiza\u00e7\u00e3o de retornos e cruzamentos. Somente os condutores de \u00f4nibus poder\u00e3o permanecer na via, os motoristas dos demais ve\u00edculos s\u00f3 poder\u00e3o trafegar na faixa para realizar as convers\u00f5es ou ter acesso a estacionamentos.<\/p>\n<p>Inicialmente, a SMTT realizar\u00e1 uma campanha educativa para explicar aos condutores como funcionar\u00e1 o fluxo na via. A fase de adapta\u00e7\u00e3o ocorrer\u00e1 at\u00e9 que os motoristas compreendam a import\u00e2ncia da faixa preferencial para a melhoria da mobilidade urbana. A proposta \u00e9 que as vias priorit\u00e1rias para \u00f4nibus sejam implantadas em outras avenidas da cidade.<\/p>\n<p><strong>Fonte:<\/strong> Secretaria Estadual de Comunica\u00e7\u00e3o (Secom)<\/p>\n","protected":false},"excerpt":{"rendered":"<p>A Prefeitura de S\u00e3o Lu\u00eds, por meio da Secretaria de Tr\u00e2nsito e Transportes (SMTT), est\u00e1 realizando uma s\u00e9rie de interven\u00e7\u00f5es [&hellip;]<\/p>\n","protected":false},"author":0,"featured_media":0,"comment_status":"open","ping_status":"open","sticky":false,"template":"","format":"standard","meta":{"site-sidebar-layout":"default","site-content-layout":"","ast-site-content-layout":"default","site-content-style":"default","site-sidebar-style":"default","ast-global-header-display":"","ast-banner-title-visibility":"","ast-main-header-display":"","ast-hfb-above-header-display":"","ast-hfb-below-header-display":"","ast-hfb-mobile-header-display":"","site-post-title":"","ast-breadcrumbs-content":"","ast-featured-img":"","footer-sml-layout":"","ast-disable-related-posts":"","theme-transparent-header-meta":"","adv-header-id-meta":"","stick-header-meta":"","header-above-stick-meta":"","header-main-stick-meta":"","header-below-stick-meta":"","astra-migrate-meta-layouts":"default","ast-page-background-enabled":"default","ast-page-background-meta":{"desktop":{"background-color":"var(--ast-global-color-5)","background-image":"","background-repeat":"repeat","background-position":"center center","background-size":"auto","background-attachment":"scroll","background-type":"","background-media":"","overlay-type":"","overlay-color":"","overlay-opacity":"","overlay-gradient":""},"tablet":{"background-color":"","background-image":"","background-repeat":"repeat","background-position":"center center","background-size":"auto","background-attachment":"scroll","background-type":"","background-media":"","overlay-type":"","overlay-color":"","overlay-opacity":"","overlay-gradient":""},"mobile":{"background-color":"","background-image":"","background-repeat":"repeat","background-position":"center center","background-size":"auto","background-attachment":"scroll","background-type":"","background-media":"","overlay-type":"","overlay-color":"","overlay-opacity":"","overlay-gradient":""}},"ast-content-background-meta":{"desktop":{"background-color":"var(--ast-global-color-4)","background-image":"","background-repeat":"repeat","background-position":"center center","background-size":"auto","background-attachment":"scroll","background-type":"","background-media":"","overlay-type":"","overlay-color":"","overlay-opacity":"","overlay-gradient":""},"tablet":{"background-color":"var(--ast-global-color-4)","background-image":"","background-repeat":"repeat","background-position":"center center","background-size":"auto","background-attachment":"scroll","background-type":"","background-media":"","overlay-type":"","overlay-color":"","overlay-opacity":"","overlay-gradient":""},"mobile":{"background-color":"var(--ast-global-color-4)","background-image":"","background-repeat":"repeat","background-position":"center center","background-size":"auto","background-attachment":"scroll","background-type":"","background-media":"","overlay-type":"","overlay-color":"","overlay-opacity":"","overlay-gradient":""}},"footnotes":""},"categories":[1],"tags":[],"class_list":["post-19645","post","type-post","status-publish","format-standard","hentry","category-sem-categoria"],"yoast_head":"<!-- This site is optimized with the Yoast SEO plugin v26.6 - https:\/\/yoast.com\/wordpress\/plugins\/seo\/ -->\n<title>Prefeitura inicia sinaliza\u00e7\u00e3o de faixa preferencial para \u00f4nibus na Avenida Colares Moreira - Daniel Matos<\/title>\n<meta name=\"robots\" content=\"index, follow, max-snippet:-1, max-image-preview:large, max-video-preview:-1\" \/>\n<link rel=\"canonical\" href=\"https:\/\/www.blogsoestado.com\/danielmatos\/prefeitura-inicia-sinalizacao-de-faixa-preferencial-para-onibus-na-avenida-colares-moreira\/\" \/>\n<meta property=\"og:locale\" content=\"pt_BR\" \/>\n<meta property=\"og:type\" content=\"article\" \/>\n<meta property=\"og:title\" content=\"Prefeitura inicia sinaliza\u00e7\u00e3o de faixa preferencial para \u00f4nibus na Avenida Colares Moreira - Daniel Matos\" \/>\n<meta property=\"og:description\" content=\"A Prefeitura de S\u00e3o Lu\u00eds, por meio da Secretaria de Tr\u00e2nsito e Transportes (SMTT), est\u00e1 realizando uma s\u00e9rie de interven\u00e7\u00f5es [&hellip;]\" \/>\n<meta property=\"og:url\" content=\"https:\/\/www.blogsoestado.com\/danielmatos\/prefeitura-inicia-sinalizacao-de-faixa-preferencial-para-onibus-na-avenida-colares-moreira\/\" \/>\n<meta property=\"og:site_name\" content=\"Daniel Matos\" \/>\n<meta property=\"article:published_time\" content=\"2014-10-02T18:32:56+00:00\" \/>\n<meta name=\"twitter:card\" content=\"summary_large_image\" \/>\n<meta name=\"twitter:label1\" content=\"Est. tempo de leitura\" \/>\n\t<meta name=\"twitter:data1\" content=\"2 minutos\" \/>\n<script type=\"application\/ld+json\" class=\"yoast-schema-graph\">{\"@context\":\"https:\/\/schema.org\",\"@graph\":[{\"@type\":\"WebPage\",\"@id\":\"https:\/\/www.blogsoestado.com\/danielmatos\/prefeitura-inicia-sinalizacao-de-faixa-preferencial-para-onibus-na-avenida-colares-moreira\/\",\"url\":\"https:\/\/www.blogsoestado.com\/danielmatos\/prefeitura-inicia-sinalizacao-de-faixa-preferencial-para-onibus-na-avenida-colares-moreira\/\",\"name\":\"Prefeitura inicia sinaliza\u00e7\u00e3o de faixa preferencial para \u00f4nibus na Avenida Colares Moreira - Daniel Matos\",\"isPartOf\":{\"@id\":\"https:\/\/www.blogsoestado.com\/danielmatos\/#website\"},\"datePublished\":\"2014-10-02T18:32:56+00:00\",\"author\":{\"@id\":\"\"},\"breadcrumb\":{\"@id\":\"https:\/\/www.blogsoestado.com\/danielmatos\/prefeitura-inicia-sinalizacao-de-faixa-preferencial-para-onibus-na-avenida-colares-moreira\/#breadcrumb\"},\"inLanguage\":\"pt-BR\",\"potentialAction\":[{\"@type\":\"ReadAction\",\"target\":[\"https:\/\/www.blogsoestado.com\/danielmatos\/prefeitura-inicia-sinalizacao-de-faixa-preferencial-para-onibus-na-avenida-colares-moreira\/\"]}]},{\"@type\":\"BreadcrumbList\",\"@id\":\"https:\/\/www.blogsoestado.com\/danielmatos\/prefeitura-inicia-sinalizacao-de-faixa-preferencial-para-onibus-na-avenida-colares-moreira\/#breadcrumb\",\"itemListElement\":[{\"@type\":\"ListItem\",\"position\":1,\"name\":\"In\u00edcio\",\"item\":\"https:\/\/www.blogsoestado.com\/danielmatos\/\"},{\"@type\":\"ListItem\",\"position\":2,\"name\":\"Prefeitura inicia sinaliza\u00e7\u00e3o de faixa preferencial para \u00f4nibus na Avenida Colares Moreira\"}]},{\"@type\":\"WebSite\",\"@id\":\"https:\/\/www.blogsoestado.com\/danielmatos\/#website\",\"url\":\"https:\/\/www.blogsoestado.com\/danielmatos\/\",\"name\":\"Daniel Matos\",\"description\":\"\",\"potentialAction\":[{\"@type\":\"SearchAction\",\"target\":{\"@type\":\"EntryPoint\",\"urlTemplate\":\"https:\/\/www.blogsoestado.com\/danielmatos\/?s={search_term_string}\"},\"query-input\":{\"@type\":\"PropertyValueSpecification\",\"valueRequired\":true,\"valueName\":\"search_term_string\"}}],\"inLanguage\":\"pt-BR\"}]}<\/script>\n<!-- \/ Yoast SEO plugin. -->","yoast_head_json":{"title":"Prefeitura inicia sinaliza\u00e7\u00e3o de faixa preferencial para \u00f4nibus na Avenida Colares Moreira - Daniel Matos","robots":{"index":"index","follow":"follow","max-snippet":"max-snippet:-1","max-image-preview":"max-image-preview:large","max-video-preview":"max-video-preview:-1"},"canonical":"https:\/\/www.blogsoestado.com\/danielmatos\/prefeitura-inicia-sinalizacao-de-faixa-preferencial-para-onibus-na-avenida-colares-moreira\/","og_locale":"pt_BR","og_type":"article","og_title":"Prefeitura inicia sinaliza\u00e7\u00e3o de faixa preferencial para \u00f4nibus na Avenida Colares Moreira - Daniel Matos","og_description":"A Prefeitura de S\u00e3o Lu\u00eds, por meio da Secretaria de Tr\u00e2nsito e Transportes (SMTT), est\u00e1 realizando uma s\u00e9rie de interven\u00e7\u00f5es [&hellip;]","og_url":"https:\/\/www.blogsoestado.com\/danielmatos\/prefeitura-inicia-sinalizacao-de-faixa-preferencial-para-onibus-na-avenida-colares-moreira\/","og_site_name":"Daniel Matos","article_published_time":"2014-10-02T18:32:56+00:00","twitter_card":"summary_large_image","twitter_misc":{"Est. tempo de leitura":"2 minutos"},"schema":{"@context":"https:\/\/schema.org","@graph":[{"@type":"WebPage","@id":"https:\/\/www.blogsoestado.com\/danielmatos\/prefeitura-inicia-sinalizacao-de-faixa-preferencial-para-onibus-na-avenida-colares-moreira\/","url":"https:\/\/www.blogsoestado.com\/danielmatos\/prefeitura-inicia-sinalizacao-de-faixa-preferencial-para-onibus-na-avenida-colares-moreira\/","name":"Prefeitura inicia sinaliza\u00e7\u00e3o de faixa preferencial para \u00f4nibus na Avenida Colares Moreira - Daniel Matos","isPartOf":{"@id":"https:\/\/www.blogsoestado.com\/danielmatos\/#website"},"datePublished":"2014-10-02T18:32:56+00:00","author":{"@id":""},"breadcrumb":{"@id":"https:\/\/www.blogsoestado.com\/danielmatos\/prefeitura-inicia-sinalizacao-de-faixa-preferencial-para-onibus-na-avenida-colares-moreira\/#breadcrumb"},"inLanguage":"pt-BR","potentialAction":[{"@type":"ReadAction","target":["https:\/\/www.blogsoestado.com\/danielmatos\/prefeitura-inicia-sinalizacao-de-faixa-preferencial-para-onibus-na-avenida-colares-moreira\/"]}]},{"@type":"BreadcrumbList","@id":"https:\/\/www.blogsoestado.com\/danielmatos\/prefeitura-inicia-sinalizacao-de-faixa-preferencial-para-onibus-na-avenida-colares-moreira\/#breadcrumb","itemListElement":[{"@type":"ListItem","position":1,"name":"In\u00edcio","item":"https:\/\/www.blogsoestado.com\/danielmatos\/"},{"@type":"ListItem","position":2,"name":"Prefeitura inicia sinaliza\u00e7\u00e3o de faixa preferencial para \u00f4nibus na Avenida Colares Moreira"}]},{"@type":"WebSite","@id":"https:\/\/www.blogsoestado.com\/danielmatos\/#website","url":"https:\/\/www.blogsoestado.com\/danielmatos\/","name":"Daniel Matos","description":"","potentialAction":[{"@type":"SearchAction","target":{"@type":"EntryPoint","urlTemplate":"https:\/\/www.blogsoestado.com\/danielmatos\/?s={search_term_string}"},"query-input":{"@type":"PropertyValueSpecification","valueRequired":true,"valueName":"search_term_string"}}],"inLanguage":"pt-BR"}]}},"jetpack_featured_media_url":"","_links":{"self":[{"href":"https:\/\/www.blogsoestado.com\/danielmatos\/wp-json\/wp\/v2\/posts\/19645","targetHints":{"allow":["GET"]}}],"collection":[{"href":"https:\/\/www.blogsoestado.com\/danielmatos\/wp-json\/wp\/v2\/posts"}],"about":[{"href":"https:\/\/www.blogsoestado.com\/danielmatos\/wp-json\/wp\/v2\/types\/post"}],"replies":[{"embeddable":true,"href":"https:\/\/www.blogsoestado.com\/danielmatos\/wp-json\/wp\/v2\/comments?post=19645"}],"version-history":[{"count":0,"href":"https:\/\/www.blogsoestado.com\/danielmatos\/wp-json\/wp\/v2\/posts\/19645\/revisions"}],"wp:attachment":[{"href":"https:\/\/www.blogsoestado.com\/danielmatos\/wp-json\/wp\/v2\/media?parent=19645"}],"wp:term":[{"taxonomy":"category","embeddable":true,"href":"https:\/\/www.blogsoestado.com\/danielmatos\/wp-json\/wp\/v2\/categories?post=19645"},{"taxonomy":"post_tag","embeddable":true,"href":"https:\/\/www.blogsoestado.com\/danielmatos\/wp-json\/wp\/v2\/tags?post=19645"}],"curies":[{"name":"wp","href":"https:\/\/api.w.org\/{rel}","templated":true}]}}