{"id":19649,"date":"2014-10-02T16:33:18","date_gmt":"2014-10-02T19:33:18","guid":{"rendered":"https:\/\/www.blogsoestado.com\/danielmatos\/?p=19649"},"modified":"2014-10-02T16:33:18","modified_gmt":"2014-10-02T19:33:18","slug":"um-bandido-incendiario-morreu-ao-enfrentar-policia-outro-esta-em-coma-com-80-do-corpo-queimado","status":"publish","type":"post","link":"https:\/\/www.blogsoestado.com\/danielmatos\/um-bandido-incendiario-morreu-ao-enfrentar-policia-outro-esta-em-coma-com-80-do-corpo-queimado\/","title":{"rendered":"Um bandido incendi\u00e1rio morreu ao enfrentar pol\u00edcia; outro est\u00e1 em coma com 80% do corpo queimado"},"content":{"rendered":"<figure id=\"attachment_19653\" aria-describedby=\"caption-attachment-19653\" style=\"width: 640px\" class=\"wp-caption aligncenter\"><a href=\"https:\/\/www.blogsoestado.com\/danielmatos\/files\/2014\/10\/cara-de-cobra1.jpg\"><img fetchpriority=\"high\" decoding=\"async\" class=\"size-full wp-image-19653\" src=\"https:\/\/www.blogsoestado.com\/danielmatos\/files\/2014\/10\/cara-de-cobra1.jpg\" alt=\"Cara de Cobra, membro do Bonde dos 40, tombou morto ao enfrentar uma guarni\u00e7\u00e3o da PM\" width=\"640\" height=\"367\" \/><\/a><figcaption id=\"caption-attachment-19653\" class=\"wp-caption-text\">Cara de Cobra, membro do Bonde dos 40, tombou morto ao enfrentar uma guarni\u00e7\u00e3o da Pol\u00edcia Militar<\/figcaption><\/figure>\n<p>Pelo menos dois bandidos envolvidos na recente onda de ataques a \u00f4nibus em S\u00e3o Lu\u00eds se deram mal. Um deles, suspeito de envolvimento no inc\u00eandio a\u00a0um\u00a0coletivo no Recanto dos Vinhais, ocorrido ontem, morreu em confronto com a Pol\u00edcia Militar na Vila Progresso, comunidade pr\u00f3xima\u00a0ao local do atentado. O outro, um adolescente, acusado de participar do ataque a um coletivo da linha Piquizeiro, no bairro de mesmo nome, vizinho ao Anil,\u00a0teve 80% do corpo queimado ao tentar atear fogo no ve\u00edculo.<\/p>\n<figure id=\"attachment_19651\" aria-describedby=\"caption-attachment-19651\" style=\"width: 299px\" class=\"wp-caption alignright\"><a href=\"https:\/\/www.blogsoestado.com\/danielmatos\/files\/2014\/10\/onibus-queimado.jpg\"><img decoding=\"async\" class=\"size-full wp-image-19651\" src=\"https:\/\/www.blogsoestado.com\/danielmatos\/files\/2014\/10\/onibus-queimado.jpg\" alt=\"Adolescente que sofreu queimaduras ainda conseguiu incendiar bancos do \u00f4nibus\" width=\"299\" height=\"448\" \/><\/a><figcaption id=\"caption-attachment-19651\" class=\"wp-caption-text\">Adolescente que sofreu queimaduras ainda conseguiu incendiar bancos do \u00f4nibus (<strong>Foto:<\/strong> Flora Dolores)<\/figcaption><\/figure>\n<p>O bandido\u00a0que tombou ao enfrentar a pol\u00edcia foi identificado como Eduardo Patrick Lago, de 18 anos, conhecido no submundo do crime como <em>Cara de Cobra, <\/em>integrante da fac\u00e7\u00e3o Bonde dos 40. Ele ainda chegou a ser encaminhado ao Hospital Municipal Djalma Marques, o Socorr\u00e3o I, mas n\u00e3o resistiu aos ferimentos a bala. Outros cinco suspeitos de participar do atentado foram presos.<\/p>\n<p><strong>Queimaduras<\/strong><\/p>\n<p>O adolescente que sofreu queimaduras em 80% do corpo foi identificado como\u00a0Lu\u00eds Fernando Gon\u00e7alves da Silva Matos, de 17 anos. Ele continua\u00a0internado, em coma, na Unidade de Terapia Intensiva (UTI) do Hospital Municipal Clementino Moura, o Socorr\u00e3o II.<\/p>\n<p>Ao\u00a0despejar gasolina na parte interna do \u00f4nibus da linha Piquizeiro, o adolescente se atrapalhou e derramou parte do combust\u00edvel sobre suas roupas. Quando acendeu o f\u00f3sforo, tamb\u00e9m foi consumido pelas chamas.<\/p>\n<p>Lu\u00eds Fernando\u00a0 foi socorrido por uma ambul\u00e2ncia do Servi\u00e7o de Atendimento M\u00f3vel de Urg\u00eancia (Samu) e deu entrada por volta das 18h30 no Socorr\u00e3o II, onde permanece sob cuidados m\u00e9dicos intensivos, correndo grave risco de morte.<\/p>\n<p>Mais duas provas de que o crime n\u00e3o compensa.<\/p>\n","protected":false},"excerpt":{"rendered":"<p>Pelo menos dois bandidos envolvidos na recente onda de ataques a \u00f4nibus em S\u00e3o Lu\u00eds se deram mal. Um deles, [&hellip;]<\/p>\n","protected":false},"author":0,"featured_media":0,"comment_status":"open","ping_status":"open","sticky":false,"template":"","format":"standard","meta":{"site-sidebar-layout":"default","site-content-layout":"","ast-site-content-layout":"default","site-content-style":"default","site-sidebar-style":"default","ast-global-header-display":"","ast-banner-title-visibility":"","ast-main-header-display":"","ast-hfb-above-header-display":"","ast-hfb-below-header-display":"","ast-hfb-mobile-header-display":"","site-post-title":"","ast-breadcrumbs-content":"","ast-featured-img":"","footer-sml-layout":"","ast-disable-related-posts":"","theme-transparent-header-meta":"","adv-header-id-meta":"","stick-header-meta":"","header-above-stick-meta":"","header-main-stick-meta":"","header-below-stick-meta":"","astra-migrate-meta-layouts":"default","ast-page-background-enabled":"default","ast-page-background-meta":{"desktop":{"background-color":"var(--ast-global-color-5)","background-image":"","background-repeat":"repeat","background-position":"center center","background-size":"auto","background-attachment":"scroll","background-type":"","background-media":"","overlay-type":"","overlay-color":"","overlay-opacity":"","overlay-gradient":""},"tablet":{"background-color":"","background-image":"","background-repeat":"repeat","background-position":"center center","background-size":"auto","background-attachment":"scroll","background-type":"","background-media":"","overlay-type":"","overlay-color":"","overlay-opacity":"","overlay-gradient":""},"mobile":{"background-color":"","background-image":"","background-repeat":"repeat","background-position":"center center","background-size":"auto","background-attachment":"scroll","background-type":"","background-media":"","overlay-type":"","overlay-color":"","overlay-opacity":"","overlay-gradient":""}},"ast-content-background-meta":{"desktop":{"background-color":"var(--ast-global-color-4)","background-image":"","background-repeat":"repeat","background-position":"center center","background-size":"auto","background-attachment":"scroll","background-type":"","background-media":"","overlay-type":"","overlay-color":"","overlay-opacity":"","overlay-gradient":""},"tablet":{"background-color":"var(--ast-global-color-4)","background-image":"","background-repeat":"repeat","background-position":"center center","background-size":"auto","background-attachment":"scroll","background-type":"","background-media":"","overlay-type":"","overlay-color":"","overlay-opacity":"","overlay-gradient":""},"mobile":{"background-color":"var(--ast-global-color-4)","background-image":"","background-repeat":"repeat","background-position":"center center","background-size":"auto","background-attachment":"scroll","background-type":"","background-media":"","overlay-type":"","overlay-color":"","overlay-opacity":"","overlay-gradient":""}},"footnotes":""},"categories":[1],"tags":[],"class_list":["post-19649","post","type-post","status-publish","format-standard","hentry","category-sem-categoria"],"yoast_head":"<!-- This site is optimized with the Yoast SEO plugin v26.6 - https:\/\/yoast.com\/wordpress\/plugins\/seo\/ -->\n<title>Um bandido incendi\u00e1rio morreu ao enfrentar pol\u00edcia; outro est\u00e1 em coma com 80% do corpo queimado - Daniel Matos<\/title>\n<meta name=\"robots\" content=\"index, follow, max-snippet:-1, max-image-preview:large, max-video-preview:-1\" \/>\n<link rel=\"canonical\" href=\"https:\/\/www.blogsoestado.com\/danielmatos\/um-bandido-incendiario-morreu-ao-enfrentar-policia-outro-esta-em-coma-com-80-do-corpo-queimado\/\" \/>\n<meta property=\"og:locale\" content=\"pt_BR\" \/>\n<meta property=\"og:type\" content=\"article\" \/>\n<meta property=\"og:title\" content=\"Um bandido incendi\u00e1rio morreu ao enfrentar pol\u00edcia; outro est\u00e1 em coma com 80% do corpo queimado - Daniel Matos\" \/>\n<meta property=\"og:description\" content=\"Pelo menos dois bandidos envolvidos na recente onda de ataques a \u00f4nibus em S\u00e3o Lu\u00eds se deram mal. Um deles, [&hellip;]\" \/>\n<meta property=\"og:url\" content=\"https:\/\/www.blogsoestado.com\/danielmatos\/um-bandido-incendiario-morreu-ao-enfrentar-policia-outro-esta-em-coma-com-80-do-corpo-queimado\/\" \/>\n<meta property=\"og:site_name\" content=\"Daniel Matos\" \/>\n<meta property=\"article:published_time\" content=\"2014-10-02T19:33:18+00:00\" \/>\n<meta property=\"og:image\" content=\"https:\/\/www.blogsoestado.com\/danielmatos\/files\/2014\/10\/cara-de-cobra1.jpg\" \/>\n<meta name=\"twitter:card\" content=\"summary_large_image\" \/>\n<meta name=\"twitter:label1\" content=\"Est. tempo de leitura\" \/>\n\t<meta name=\"twitter:data1\" content=\"2 minutos\" \/>\n<script type=\"application\/ld+json\" class=\"yoast-schema-graph\">{\"@context\":\"https:\/\/schema.org\",\"@graph\":[{\"@type\":\"WebPage\",\"@id\":\"https:\/\/www.blogsoestado.com\/danielmatos\/um-bandido-incendiario-morreu-ao-enfrentar-policia-outro-esta-em-coma-com-80-do-corpo-queimado\/\",\"url\":\"https:\/\/www.blogsoestado.com\/danielmatos\/um-bandido-incendiario-morreu-ao-enfrentar-policia-outro-esta-em-coma-com-80-do-corpo-queimado\/\",\"name\":\"Um bandido incendi\u00e1rio morreu ao enfrentar pol\u00edcia; outro est\u00e1 em coma com 80% do corpo queimado - Daniel Matos\",\"isPartOf\":{\"@id\":\"https:\/\/www.blogsoestado.com\/danielmatos\/#website\"},\"primaryImageOfPage\":{\"@id\":\"https:\/\/www.blogsoestado.com\/danielmatos\/um-bandido-incendiario-morreu-ao-enfrentar-policia-outro-esta-em-coma-com-80-do-corpo-queimado\/#primaryimage\"},\"image\":{\"@id\":\"https:\/\/www.blogsoestado.com\/danielmatos\/um-bandido-incendiario-morreu-ao-enfrentar-policia-outro-esta-em-coma-com-80-do-corpo-queimado\/#primaryimage\"},\"thumbnailUrl\":\"https:\/\/www.blogsoestado.com\/danielmatos\/files\/2014\/10\/cara-de-cobra1.jpg\",\"datePublished\":\"2014-10-02T19:33:18+00:00\",\"author\":{\"@id\":\"\"},\"breadcrumb\":{\"@id\":\"https:\/\/www.blogsoestado.com\/danielmatos\/um-bandido-incendiario-morreu-ao-enfrentar-policia-outro-esta-em-coma-com-80-do-corpo-queimado\/#breadcrumb\"},\"inLanguage\":\"pt-BR\",\"potentialAction\":[{\"@type\":\"ReadAction\",\"target\":[\"https:\/\/www.blogsoestado.com\/danielmatos\/um-bandido-incendiario-morreu-ao-enfrentar-policia-outro-esta-em-coma-com-80-do-corpo-queimado\/\"]}]},{\"@type\":\"ImageObject\",\"inLanguage\":\"pt-BR\",\"@id\":\"https:\/\/www.blogsoestado.com\/danielmatos\/um-bandido-incendiario-morreu-ao-enfrentar-policia-outro-esta-em-coma-com-80-do-corpo-queimado\/#primaryimage\",\"url\":\"https:\/\/www.blogsoestado.com\/danielmatos\/files\/2014\/10\/cara-de-cobra1.jpg\",\"contentUrl\":\"https:\/\/www.blogsoestado.com\/danielmatos\/files\/2014\/10\/cara-de-cobra1.jpg\"},{\"@type\":\"BreadcrumbList\",\"@id\":\"https:\/\/www.blogsoestado.com\/danielmatos\/um-bandido-incendiario-morreu-ao-enfrentar-policia-outro-esta-em-coma-com-80-do-corpo-queimado\/#breadcrumb\",\"itemListElement\":[{\"@type\":\"ListItem\",\"position\":1,\"name\":\"In\u00edcio\",\"item\":\"https:\/\/www.blogsoestado.com\/danielmatos\/\"},{\"@type\":\"ListItem\",\"position\":2,\"name\":\"Um bandido incendi\u00e1rio morreu ao enfrentar pol\u00edcia; outro est\u00e1 em coma com 80% do corpo queimado\"}]},{\"@type\":\"WebSite\",\"@id\":\"https:\/\/www.blogsoestado.com\/danielmatos\/#website\",\"url\":\"https:\/\/www.blogsoestado.com\/danielmatos\/\",\"name\":\"Daniel Matos\",\"description\":\"\",\"potentialAction\":[{\"@type\":\"SearchAction\",\"target\":{\"@type\":\"EntryPoint\",\"urlTemplate\":\"https:\/\/www.blogsoestado.com\/danielmatos\/?s={search_term_string}\"},\"query-input\":{\"@type\":\"PropertyValueSpecification\",\"valueRequired\":true,\"valueName\":\"search_term_string\"}}],\"inLanguage\":\"pt-BR\"}]}<\/script>\n<!-- \/ Yoast SEO plugin. -->","yoast_head_json":{"title":"Um bandido incendi\u00e1rio morreu ao enfrentar pol\u00edcia; outro est\u00e1 em coma com 80% do corpo queimado - Daniel Matos","robots":{"index":"index","follow":"follow","max-snippet":"max-snippet:-1","max-image-preview":"max-image-preview:large","max-video-preview":"max-video-preview:-1"},"canonical":"https:\/\/www.blogsoestado.com\/danielmatos\/um-bandido-incendiario-morreu-ao-enfrentar-policia-outro-esta-em-coma-com-80-do-corpo-queimado\/","og_locale":"pt_BR","og_type":"article","og_title":"Um bandido incendi\u00e1rio morreu ao enfrentar pol\u00edcia; outro est\u00e1 em coma com 80% do corpo queimado - Daniel Matos","og_description":"Pelo menos dois bandidos envolvidos na recente onda de ataques a \u00f4nibus em S\u00e3o Lu\u00eds se deram mal. Um deles, [&hellip;]","og_url":"https:\/\/www.blogsoestado.com\/danielmatos\/um-bandido-incendiario-morreu-ao-enfrentar-policia-outro-esta-em-coma-com-80-do-corpo-queimado\/","og_site_name":"Daniel Matos","article_published_time":"2014-10-02T19:33:18+00:00","og_image":[{"url":"https:\/\/www.blogsoestado.com\/danielmatos\/files\/2014\/10\/cara-de-cobra1.jpg","type":"","width":"","height":""}],"twitter_card":"summary_large_image","twitter_misc":{"Est. tempo de leitura":"2 minutos"},"schema":{"@context":"https:\/\/schema.org","@graph":[{"@type":"WebPage","@id":"https:\/\/www.blogsoestado.com\/danielmatos\/um-bandido-incendiario-morreu-ao-enfrentar-policia-outro-esta-em-coma-com-80-do-corpo-queimado\/","url":"https:\/\/www.blogsoestado.com\/danielmatos\/um-bandido-incendiario-morreu-ao-enfrentar-policia-outro-esta-em-coma-com-80-do-corpo-queimado\/","name":"Um bandido incendi\u00e1rio morreu ao enfrentar pol\u00edcia; outro est\u00e1 em coma com 80% do corpo queimado - Daniel Matos","isPartOf":{"@id":"https:\/\/www.blogsoestado.com\/danielmatos\/#website"},"primaryImageOfPage":{"@id":"https:\/\/www.blogsoestado.com\/danielmatos\/um-bandido-incendiario-morreu-ao-enfrentar-policia-outro-esta-em-coma-com-80-do-corpo-queimado\/#primaryimage"},"image":{"@id":"https:\/\/www.blogsoestado.com\/danielmatos\/um-bandido-incendiario-morreu-ao-enfrentar-policia-outro-esta-em-coma-com-80-do-corpo-queimado\/#primaryimage"},"thumbnailUrl":"https:\/\/www.blogsoestado.com\/danielmatos\/files\/2014\/10\/cara-de-cobra1.jpg","datePublished":"2014-10-02T19:33:18+00:00","author":{"@id":""},"breadcrumb":{"@id":"https:\/\/www.blogsoestado.com\/danielmatos\/um-bandido-incendiario-morreu-ao-enfrentar-policia-outro-esta-em-coma-com-80-do-corpo-queimado\/#breadcrumb"},"inLanguage":"pt-BR","potentialAction":[{"@type":"ReadAction","target":["https:\/\/www.blogsoestado.com\/danielmatos\/um-bandido-incendiario-morreu-ao-enfrentar-policia-outro-esta-em-coma-com-80-do-corpo-queimado\/"]}]},{"@type":"ImageObject","inLanguage":"pt-BR","@id":"https:\/\/www.blogsoestado.com\/danielmatos\/um-bandido-incendiario-morreu-ao-enfrentar-policia-outro-esta-em-coma-com-80-do-corpo-queimado\/#primaryimage","url":"https:\/\/www.blogsoestado.com\/danielmatos\/files\/2014\/10\/cara-de-cobra1.jpg","contentUrl":"https:\/\/www.blogsoestado.com\/danielmatos\/files\/2014\/10\/cara-de-cobra1.jpg"},{"@type":"BreadcrumbList","@id":"https:\/\/www.blogsoestado.com\/danielmatos\/um-bandido-incendiario-morreu-ao-enfrentar-policia-outro-esta-em-coma-com-80-do-corpo-queimado\/#breadcrumb","itemListElement":[{"@type":"ListItem","position":1,"name":"In\u00edcio","item":"https:\/\/www.blogsoestado.com\/danielmatos\/"},{"@type":"ListItem","position":2,"name":"Um bandido incendi\u00e1rio morreu ao enfrentar pol\u00edcia; outro est\u00e1 em coma com 80% do corpo queimado"}]},{"@type":"WebSite","@id":"https:\/\/www.blogsoestado.com\/danielmatos\/#website","url":"https:\/\/www.blogsoestado.com\/danielmatos\/","name":"Daniel Matos","description":"","potentialAction":[{"@type":"SearchAction","target":{"@type":"EntryPoint","urlTemplate":"https:\/\/www.blogsoestado.com\/danielmatos\/?s={search_term_string}"},"query-input":{"@type":"PropertyValueSpecification","valueRequired":true,"valueName":"search_term_string"}}],"inLanguage":"pt-BR"}]}},"jetpack_featured_media_url":"","_links":{"self":[{"href":"https:\/\/www.blogsoestado.com\/danielmatos\/wp-json\/wp\/v2\/posts\/19649","targetHints":{"allow":["GET"]}}],"collection":[{"href":"https:\/\/www.blogsoestado.com\/danielmatos\/wp-json\/wp\/v2\/posts"}],"about":[{"href":"https:\/\/www.blogsoestado.com\/danielmatos\/wp-json\/wp\/v2\/types\/post"}],"replies":[{"embeddable":true,"href":"https:\/\/www.blogsoestado.com\/danielmatos\/wp-json\/wp\/v2\/comments?post=19649"}],"version-history":[{"count":0,"href":"https:\/\/www.blogsoestado.com\/danielmatos\/wp-json\/wp\/v2\/posts\/19649\/revisions"}],"wp:attachment":[{"href":"https:\/\/www.blogsoestado.com\/danielmatos\/wp-json\/wp\/v2\/media?parent=19649"}],"wp:term":[{"taxonomy":"category","embeddable":true,"href":"https:\/\/www.blogsoestado.com\/danielmatos\/wp-json\/wp\/v2\/categories?post=19649"},{"taxonomy":"post_tag","embeddable":true,"href":"https:\/\/www.blogsoestado.com\/danielmatos\/wp-json\/wp\/v2\/tags?post=19649"}],"curies":[{"name":"wp","href":"https:\/\/api.w.org\/{rel}","templated":true}]}}