{"id":19667,"date":"2014-10-02T20:00:35","date_gmt":"2014-10-02T23:00:35","guid":{"rendered":"https:\/\/www.blogsoestado.com\/danielmatos\/?p=19667"},"modified":"2014-10-02T20:00:35","modified_gmt":"2014-10-02T23:00:35","slug":"combate-a-dengue-em-paco-do-lumiar","status":"publish","type":"post","link":"https:\/\/www.blogsoestado.com\/danielmatos\/combate-a-dengue-em-paco-do-lumiar\/","title":{"rendered":"Combate \u00e0 dengue em Pa\u00e7o do Lumiar"},"content":{"rendered":"<figure id=\"attachment_19668\" aria-describedby=\"caption-attachment-19668\" style=\"width: 291px\" class=\"wp-caption alignleft\"><a href=\"https:\/\/www.blogsoestado.com\/danielmatos\/files\/2014\/10\/pa\u00e7o-dengue.jpg\"><img fetchpriority=\"high\" decoding=\"async\" class=\"size-full wp-image-19668\" src=\"https:\/\/www.blogsoestado.com\/danielmatos\/files\/2014\/10\/pa\u00e7o-dengue.jpg\" alt=\"Gari recolhe lixo que pode servir de criadouro para o mosquito da dengue\" width=\"291\" height=\"448\" \/><\/a><figcaption id=\"caption-attachment-19668\" class=\"wp-caption-text\">Gari recolhe lixo que pode servir de criadouro para o mosquito da dengue<\/figcaption><\/figure>\n<p>A Prefeitura de Pa\u00e7o do Lumiar, por meio da Secretaria Municipal de Sa\u00fade concluiu nesta quinta-feira, 2, na Vila S\u00e3o Jos\u00e9 1 e 2, a primeira etapa da opera\u00e7\u00e3o bota-fora, que faz parte da campanha de combate \u00e0 dengue. A inten\u00e7\u00e3o \u00e9 identificar poss\u00edveis criadouros do mosquito Aedes aegipty, transmissor da doen\u00e7a, e orientar as pessoas, por meio de visita dos agentes, casa a casa, como acondicionar objetos que representem risco \u00e0 prolifera\u00e7\u00e3o do mosquito.<\/p>\n<p>Segundo o secret\u00e1rio adjunto de Sa\u00fade, Willian Rios, outras orienta\u00e7\u00f5es tamb\u00e9m est\u00e3o sendo repassadas durante as visitas. \u201cEstamos solicitando aos moradores que coloquem na porta de casa, pneus, sucatas e outros materiais que n\u00e3o ser\u00e3o mais utilizados e est\u00e3o acumulados no quintal, para serem recolhidos pela ca\u00e7amba e retroescavadeira que est\u00e3o sendo utilizadas na opera\u00e7\u00e3o\u201d, ressaltou. Sobre a a\u00e7\u00e3o, Willian acrescentou. \u201c\u00c9 a primeira vez que um trabalho de combate \u00e0 dengue, com esta magnitude, est\u00e1 sendo feito no munic\u00edpio\u201d.<\/p>\n<p>De acordo com a coordenadora de Vigil\u00e2ncia em Sa\u00fade, Palov Fernandes, este \u00e9 um trabalho de mudan\u00e7a de comportamento. \u201cA inten\u00e7\u00e3o \u00e9 manter a frequ\u00eancia dessa a\u00e7\u00e3o de tr\u00eas em tr\u00eas meses at\u00e9 as pessoas se acostumarem a n\u00e3o acumularem entulhos nos quintais e organizar o lixo para as datas de coleta\u201d, disse.<\/p>\n<p>A Secretaria de Sa\u00fade catalogou 44 localidades onde h\u00e1 maior \u00edndice de infesta\u00e7\u00e3o no munic\u00edpio. Este ano foram registrados 15 casos da doen\u00e7a. No m\u00eas de setembro, o quarto ciclo, dos seis que devem ser feitos para elimina\u00e7\u00e3o das larvas, foi completo com 81,57% de cobertura nas resid\u00eancias de Pa\u00e7o do Lumiar.<\/p>\n<p>A Campanha no munic\u00edpio segue at\u00e9 dia 15 de novembro. A coleta deve acontecer em todo o munic\u00edpio, e come\u00e7a pelas \u00e1reas priorit\u00e1rias, onde h\u00e1 maior risco de acontecer casos da doen\u00e7a. Nesta quinta-feira, 2, as a\u00e7\u00f5es continuam na Vila S\u00e3o Jos\u00e9 2.<\/p>\n<p>A opera\u00e7\u00e3o conta, tamb\u00e9m, com a parceria das secretarias de Educa\u00e7\u00e3o, atrav\u00e9s de palestras nas escolas, e Infraestrutura, que disponibilizou as m\u00e1quinas para retirar as sucatas das casas durante a campanha.<\/p>\n","protected":false},"excerpt":{"rendered":"<p>A Prefeitura de Pa\u00e7o do Lumiar, por meio da Secretaria Municipal de Sa\u00fade concluiu nesta quinta-feira, 2, na Vila S\u00e3o [&hellip;]<\/p>\n","protected":false},"author":0,"featured_media":0,"comment_status":"open","ping_status":"open","sticky":false,"template":"","format":"standard","meta":{"site-sidebar-layout":"default","site-content-layout":"","ast-site-content-layout":"default","site-content-style":"default","site-sidebar-style":"default","ast-global-header-display":"","ast-banner-title-visibility":"","ast-main-header-display":"","ast-hfb-above-header-display":"","ast-hfb-below-header-display":"","ast-hfb-mobile-header-display":"","site-post-title":"","ast-breadcrumbs-content":"","ast-featured-img":"","footer-sml-layout":"","ast-disable-related-posts":"","theme-transparent-header-meta":"","adv-header-id-meta":"","stick-header-meta":"","header-above-stick-meta":"","header-main-stick-meta":"","header-below-stick-meta":"","astra-migrate-meta-layouts":"default","ast-page-background-enabled":"default","ast-page-background-meta":{"desktop":{"background-color":"var(--ast-global-color-5)","background-image":"","background-repeat":"repeat","background-position":"center center","background-size":"auto","background-attachment":"scroll","background-type":"","background-media":"","overlay-type":"","overlay-color":"","overlay-opacity":"","overlay-gradient":""},"tablet":{"background-color":"","background-image":"","background-repeat":"repeat","background-position":"center center","background-size":"auto","background-attachment":"scroll","background-type":"","background-media":"","overlay-type":"","overlay-color":"","overlay-opacity":"","overlay-gradient":""},"mobile":{"background-color":"","background-image":"","background-repeat":"repeat","background-position":"center center","background-size":"auto","background-attachment":"scroll","background-type":"","background-media":"","overlay-type":"","overlay-color":"","overlay-opacity":"","overlay-gradient":""}},"ast-content-background-meta":{"desktop":{"background-color":"var(--ast-global-color-4)","background-image":"","background-repeat":"repeat","background-position":"center center","background-size":"auto","background-attachment":"scroll","background-type":"","background-media":"","overlay-type":"","overlay-color":"","overlay-opacity":"","overlay-gradient":""},"tablet":{"background-color":"var(--ast-global-color-4)","background-image":"","background-repeat":"repeat","background-position":"center center","background-size":"auto","background-attachment":"scroll","background-type":"","background-media":"","overlay-type":"","overlay-color":"","overlay-opacity":"","overlay-gradient":""},"mobile":{"background-color":"var(--ast-global-color-4)","background-image":"","background-repeat":"repeat","background-position":"center center","background-size":"auto","background-attachment":"scroll","background-type":"","background-media":"","overlay-type":"","overlay-color":"","overlay-opacity":"","overlay-gradient":""}},"footnotes":""},"categories":[1],"tags":[],"class_list":["post-19667","post","type-post","status-publish","format-standard","hentry","category-sem-categoria"],"yoast_head":"<!-- This site is optimized with the Yoast SEO plugin v26.6 - https:\/\/yoast.com\/wordpress\/plugins\/seo\/ -->\n<title>Combate \u00e0 dengue em Pa\u00e7o do Lumiar - Daniel Matos<\/title>\n<meta name=\"robots\" content=\"index, follow, max-snippet:-1, max-image-preview:large, max-video-preview:-1\" \/>\n<link rel=\"canonical\" href=\"https:\/\/www.blogsoestado.com\/danielmatos\/combate-a-dengue-em-paco-do-lumiar\/\" \/>\n<meta property=\"og:locale\" content=\"pt_BR\" \/>\n<meta property=\"og:type\" content=\"article\" \/>\n<meta property=\"og:title\" content=\"Combate \u00e0 dengue em Pa\u00e7o do Lumiar - Daniel Matos\" \/>\n<meta property=\"og:description\" content=\"A Prefeitura de Pa\u00e7o do Lumiar, por meio da Secretaria Municipal de Sa\u00fade concluiu nesta quinta-feira, 2, na Vila S\u00e3o [&hellip;]\" \/>\n<meta property=\"og:url\" content=\"https:\/\/www.blogsoestado.com\/danielmatos\/combate-a-dengue-em-paco-do-lumiar\/\" \/>\n<meta property=\"og:site_name\" content=\"Daniel Matos\" \/>\n<meta property=\"article:published_time\" content=\"2014-10-02T23:00:35+00:00\" \/>\n<meta name=\"twitter:card\" content=\"summary_large_image\" \/>\n<meta name=\"twitter:label1\" content=\"Est. tempo de leitura\" \/>\n\t<meta name=\"twitter:data1\" content=\"2 minutos\" \/>\n<script type=\"application\/ld+json\" class=\"yoast-schema-graph\">{\"@context\":\"https:\/\/schema.org\",\"@graph\":[{\"@type\":\"WebPage\",\"@id\":\"https:\/\/www.blogsoestado.com\/danielmatos\/combate-a-dengue-em-paco-do-lumiar\/\",\"url\":\"https:\/\/www.blogsoestado.com\/danielmatos\/combate-a-dengue-em-paco-do-lumiar\/\",\"name\":\"Combate \u00e0 dengue em Pa\u00e7o do Lumiar - Daniel Matos\",\"isPartOf\":{\"@id\":\"https:\/\/www.blogsoestado.com\/danielmatos\/#website\"},\"datePublished\":\"2014-10-02T23:00:35+00:00\",\"author\":{\"@id\":\"\"},\"breadcrumb\":{\"@id\":\"https:\/\/www.blogsoestado.com\/danielmatos\/combate-a-dengue-em-paco-do-lumiar\/#breadcrumb\"},\"inLanguage\":\"pt-BR\",\"potentialAction\":[{\"@type\":\"ReadAction\",\"target\":[\"https:\/\/www.blogsoestado.com\/danielmatos\/combate-a-dengue-em-paco-do-lumiar\/\"]}]},{\"@type\":\"BreadcrumbList\",\"@id\":\"https:\/\/www.blogsoestado.com\/danielmatos\/combate-a-dengue-em-paco-do-lumiar\/#breadcrumb\",\"itemListElement\":[{\"@type\":\"ListItem\",\"position\":1,\"name\":\"In\u00edcio\",\"item\":\"https:\/\/www.blogsoestado.com\/danielmatos\/\"},{\"@type\":\"ListItem\",\"position\":2,\"name\":\"Combate \u00e0 dengue em Pa\u00e7o do Lumiar\"}]},{\"@type\":\"WebSite\",\"@id\":\"https:\/\/www.blogsoestado.com\/danielmatos\/#website\",\"url\":\"https:\/\/www.blogsoestado.com\/danielmatos\/\",\"name\":\"Daniel Matos\",\"description\":\"\",\"potentialAction\":[{\"@type\":\"SearchAction\",\"target\":{\"@type\":\"EntryPoint\",\"urlTemplate\":\"https:\/\/www.blogsoestado.com\/danielmatos\/?s={search_term_string}\"},\"query-input\":{\"@type\":\"PropertyValueSpecification\",\"valueRequired\":true,\"valueName\":\"search_term_string\"}}],\"inLanguage\":\"pt-BR\"}]}<\/script>\n<!-- \/ Yoast SEO plugin. -->","yoast_head_json":{"title":"Combate \u00e0 dengue em Pa\u00e7o do Lumiar - Daniel Matos","robots":{"index":"index","follow":"follow","max-snippet":"max-snippet:-1","max-image-preview":"max-image-preview:large","max-video-preview":"max-video-preview:-1"},"canonical":"https:\/\/www.blogsoestado.com\/danielmatos\/combate-a-dengue-em-paco-do-lumiar\/","og_locale":"pt_BR","og_type":"article","og_title":"Combate \u00e0 dengue em Pa\u00e7o do Lumiar - Daniel Matos","og_description":"A Prefeitura de Pa\u00e7o do Lumiar, por meio da Secretaria Municipal de Sa\u00fade concluiu nesta quinta-feira, 2, na Vila S\u00e3o [&hellip;]","og_url":"https:\/\/www.blogsoestado.com\/danielmatos\/combate-a-dengue-em-paco-do-lumiar\/","og_site_name":"Daniel Matos","article_published_time":"2014-10-02T23:00:35+00:00","twitter_card":"summary_large_image","twitter_misc":{"Est. tempo de leitura":"2 minutos"},"schema":{"@context":"https:\/\/schema.org","@graph":[{"@type":"WebPage","@id":"https:\/\/www.blogsoestado.com\/danielmatos\/combate-a-dengue-em-paco-do-lumiar\/","url":"https:\/\/www.blogsoestado.com\/danielmatos\/combate-a-dengue-em-paco-do-lumiar\/","name":"Combate \u00e0 dengue em Pa\u00e7o do Lumiar - Daniel Matos","isPartOf":{"@id":"https:\/\/www.blogsoestado.com\/danielmatos\/#website"},"datePublished":"2014-10-02T23:00:35+00:00","author":{"@id":""},"breadcrumb":{"@id":"https:\/\/www.blogsoestado.com\/danielmatos\/combate-a-dengue-em-paco-do-lumiar\/#breadcrumb"},"inLanguage":"pt-BR","potentialAction":[{"@type":"ReadAction","target":["https:\/\/www.blogsoestado.com\/danielmatos\/combate-a-dengue-em-paco-do-lumiar\/"]}]},{"@type":"BreadcrumbList","@id":"https:\/\/www.blogsoestado.com\/danielmatos\/combate-a-dengue-em-paco-do-lumiar\/#breadcrumb","itemListElement":[{"@type":"ListItem","position":1,"name":"In\u00edcio","item":"https:\/\/www.blogsoestado.com\/danielmatos\/"},{"@type":"ListItem","position":2,"name":"Combate \u00e0 dengue em Pa\u00e7o do Lumiar"}]},{"@type":"WebSite","@id":"https:\/\/www.blogsoestado.com\/danielmatos\/#website","url":"https:\/\/www.blogsoestado.com\/danielmatos\/","name":"Daniel Matos","description":"","potentialAction":[{"@type":"SearchAction","target":{"@type":"EntryPoint","urlTemplate":"https:\/\/www.blogsoestado.com\/danielmatos\/?s={search_term_string}"},"query-input":{"@type":"PropertyValueSpecification","valueRequired":true,"valueName":"search_term_string"}}],"inLanguage":"pt-BR"}]}},"jetpack_featured_media_url":"","_links":{"self":[{"href":"https:\/\/www.blogsoestado.com\/danielmatos\/wp-json\/wp\/v2\/posts\/19667","targetHints":{"allow":["GET"]}}],"collection":[{"href":"https:\/\/www.blogsoestado.com\/danielmatos\/wp-json\/wp\/v2\/posts"}],"about":[{"href":"https:\/\/www.blogsoestado.com\/danielmatos\/wp-json\/wp\/v2\/types\/post"}],"replies":[{"embeddable":true,"href":"https:\/\/www.blogsoestado.com\/danielmatos\/wp-json\/wp\/v2\/comments?post=19667"}],"version-history":[{"count":0,"href":"https:\/\/www.blogsoestado.com\/danielmatos\/wp-json\/wp\/v2\/posts\/19667\/revisions"}],"wp:attachment":[{"href":"https:\/\/www.blogsoestado.com\/danielmatos\/wp-json\/wp\/v2\/media?parent=19667"}],"wp:term":[{"taxonomy":"category","embeddable":true,"href":"https:\/\/www.blogsoestado.com\/danielmatos\/wp-json\/wp\/v2\/categories?post=19667"},{"taxonomy":"post_tag","embeddable":true,"href":"https:\/\/www.blogsoestado.com\/danielmatos\/wp-json\/wp\/v2\/tags?post=19667"}],"curies":[{"name":"wp","href":"https:\/\/api.w.org\/{rel}","templated":true}]}}