{"id":19672,"date":"2014-10-02T18:17:10","date_gmt":"2014-10-02T21:17:10","guid":{"rendered":"https:\/\/www.blogsoestado.com\/danielmatos\/?p=19672"},"modified":"2014-10-02T18:17:10","modified_gmt":"2014-10-02T21:17:10","slug":"aliado-de-peso-de-flavio-dino-prefeito-de-imperatriz-e-processado-por-maus-tratos-a-garis","status":"publish","type":"post","link":"https:\/\/www.blogsoestado.com\/danielmatos\/aliado-de-peso-de-flavio-dino-prefeito-de-imperatriz-e-processado-por-maus-tratos-a-garis\/","title":{"rendered":"Aliado de peso de Fl\u00e1vio Dino, prefeito de Imperatriz \u00e9 processado por maus tratos a garis"},"content":{"rendered":"<figure id=\"attachment_19673\" aria-describedby=\"caption-attachment-19673\" style=\"width: 617px\" class=\"wp-caption aligncenter\"><a href=\"https:\/\/www.blogsoestado.com\/danielmatos\/files\/2014\/10\/dino-madeira.jpg\"><img fetchpriority=\"high\" decoding=\"async\" class=\"size-full wp-image-19673\" src=\"https:\/\/www.blogsoestado.com\/danielmatos\/files\/2014\/10\/dino-madeira.jpg\" alt=\"Um dos principais aliados de Fl\u00e1vio Dino, Sebasti\u00e3o Madeira foi processado por dano moral e coletivo e pode pagar indeniza\u00e7\u00e3o de R$ 3 milh\u00f5es\" width=\"617\" height=\"397\" \/><\/a><figcaption id=\"caption-attachment-19673\" class=\"wp-caption-text\">Um dos principais aliados de Fl\u00e1vio Dino, Sebasti\u00e3o Madeira foi processado por dano moral e coletivo e pode pagar indeniza\u00e7\u00e3o de R$ 3 milh\u00f5es<\/figcaption><\/figure>\n<figure id=\"attachment_19674\" aria-describedby=\"caption-attachment-19674\" style=\"width: 443px\" class=\"wp-caption alignleft\"><a href=\"https:\/\/www.blogsoestado.com\/danielmatos\/files\/2014\/10\/garis.jpg\"><img decoding=\"async\" class=\"size-full wp-image-19674\" src=\"https:\/\/www.blogsoestado.com\/danielmatos\/files\/2014\/10\/garis.jpg\" alt=\"Garis se alimentam em ambiente onde h\u00e1 risco de contamina\u00e7\u00e3o\" width=\"443\" height=\"336\" \/><\/a><figcaption id=\"caption-attachment-19674\" class=\"wp-caption-text\">Garis de Imperatriz se alimentam em ambiente onde h\u00e1 risco de contamina\u00e7\u00e3o<\/figcaption><\/figure>\n<p>O Minist\u00e9rio P\u00fablico do Trabalho no Maranh\u00e3o (MPT-MA) ingressou com uma A\u00e7\u00e3o Civil P\u00fablica contra o munic\u00edpio de Imperatriz, cujo prefeito, Sebasti\u00e3o Madeira, \u00e9 aliado de primeira linha do candidato comunista ao governo, Fl\u00e1vio Dino, e a Brasmar Constru\u00e7\u00f5es e Incorpora\u00e7\u00f5es por conta de irregularidades nas condi\u00e7\u00f5es de trabalho oferecidas aos agentes de limpeza. O MPT pede R$ 3 milh\u00f5es de indeniza\u00e7\u00e3o, por dano moral coletivo, e o cumprimento de obriga\u00e7\u00f5es de fazer e n\u00e3o fazer.<\/p>\n<p>Segundo a procuradora do Trabalho Adriana Candeira, a investiga\u00e7\u00e3o constatou a falta de itens b\u00e1sicos para a garantia da sa\u00fade e seguran\u00e7a dos garis. Entre as falhas, destacam-se: fornecimento irregular de \u00e1gua pot\u00e1vel e uso de copos coletivos; aus\u00eancia de abrigos, refeit\u00f3rio, vesti\u00e1rios e alojamentos adequados; problemas no fornecimento de equipamentos de prote\u00e7\u00e3o individual (EPI) e falta de instala\u00e7\u00f5es sanit\u00e1rias.<\/p>\n<p>\u201cOs trabalhadores fazem as refei\u00e7\u00f5es no meio da rua, muitas vezes sentados ao lado do lixo. [&#8230;] A sonega\u00e7\u00e3o de direitos b\u00e1sicos, exp\u00f5e os obreiros a condi\u00e7\u00f5es de trabalho vergonhosas, degradantes e inadmiss\u00edveis em um Estado Democr\u00e1tico de Direito que tem a dignidade da pessoa humana como um de seus fundamentos\u201d, lamenta Adriana.<\/p>\n<figure id=\"attachment_19675\" aria-describedby=\"caption-attachment-19675\" style=\"width: 432px\" class=\"wp-caption alignright\"><a href=\"https:\/\/www.blogsoestado.com\/danielmatos\/files\/2014\/10\/garis2.png\"><img decoding=\"async\" class=\"size-full wp-image-19675\" src=\"https:\/\/www.blogsoestado.com\/danielmatos\/files\/2014\/10\/garis2.png\" alt=\"Condi\u00e7\u00f5es de trabalho prec\u00e1rias fazem parte da rotina do agentes de limpeza de Imperatriz\" width=\"432\" height=\"336\" \/><\/a><figcaption id=\"caption-attachment-19675\" class=\"wp-caption-text\">Condi\u00e7\u00f5es de trabalho prec\u00e1rias fazem parte da rotina dos agentes de limpeza<\/figcaption><\/figure>\n<p>De acordo com a a\u00e7\u00e3o, a Prefeitura de Imperatriz e a Brasmar s\u00e3o solidariamente respons\u00e1veis pelas m\u00e1s condi\u00e7\u00f5es de trabalho oferecidas aos garis. \u201cO Munic\u00edpio de Imperatriz foi absolutamente omisso na fiscaliza\u00e7\u00e3o da execu\u00e7\u00e3o do contrato\u201d, destaca a procuradora.<\/p>\n<p>Al\u00e9m dos R$ 3 milh\u00f5es de indeniza\u00e7\u00e3o, que ser\u00e3o revertidos ao FAT (Fundo de Amparo ao Trabalhador), o MPT-MA quer que o Munic\u00edpio acompanhe e fiscalize a execu\u00e7\u00e3o dos contratos de presta\u00e7\u00e3o de servi\u00e7o de limpeza urbana, observando o cumprimento das normas de sa\u00fade e seguran\u00e7a do trabalho, e assegure que as empresas contratadas garantam condi\u00e7\u00f5es adequadas de conforto e higiene aos trabalhadores.<\/p>\n<p>Em caso de descumprimento das obriga\u00e7\u00f5es requeridas na a\u00e7\u00e3o, o MPT-MA pede a aplica\u00e7\u00e3o de multa de R$ 100 mil por item ignorado, acrescido de R$ 10 mil por trabalhador alcan\u00e7ado pela infra\u00e7\u00e3o.<\/p>\n<p><strong>Fonte:<\/strong>\u00a0Minist\u00e9rio P\u00fablico do Trabalho (MPT)<\/p>\n","protected":false},"excerpt":{"rendered":"<p>O Minist\u00e9rio P\u00fablico do Trabalho no Maranh\u00e3o (MPT-MA) ingressou com uma A\u00e7\u00e3o Civil P\u00fablica contra o munic\u00edpio de Imperatriz, cujo [&hellip;]<\/p>\n","protected":false},"author":0,"featured_media":0,"comment_status":"open","ping_status":"open","sticky":false,"template":"","format":"standard","meta":{"site-sidebar-layout":"default","site-content-layout":"","ast-site-content-layout":"default","site-content-style":"default","site-sidebar-style":"default","ast-global-header-display":"","ast-banner-title-visibility":"","ast-main-header-display":"","ast-hfb-above-header-display":"","ast-hfb-below-header-display":"","ast-hfb-mobile-header-display":"","site-post-title":"","ast-breadcrumbs-content":"","ast-featured-img":"","footer-sml-layout":"","ast-disable-related-posts":"","theme-transparent-header-meta":"","adv-header-id-meta":"","stick-header-meta":"","header-above-stick-meta":"","header-main-stick-meta":"","header-below-stick-meta":"","astra-migrate-meta-layouts":"default","ast-page-background-enabled":"default","ast-page-background-meta":{"desktop":{"background-color":"var(--ast-global-color-5)","background-image":"","background-repeat":"repeat","background-position":"center center","background-size":"auto","background-attachment":"scroll","background-type":"","background-media":"","overlay-type":"","overlay-color":"","overlay-opacity":"","overlay-gradient":""},"tablet":{"background-color":"","background-image":"","background-repeat":"repeat","background-position":"center center","background-size":"auto","background-attachment":"scroll","background-type":"","background-media":"","overlay-type":"","overlay-color":"","overlay-opacity":"","overlay-gradient":""},"mobile":{"background-color":"","background-image":"","background-repeat":"repeat","background-position":"center center","background-size":"auto","background-attachment":"scroll","background-type":"","background-media":"","overlay-type":"","overlay-color":"","overlay-opacity":"","overlay-gradient":""}},"ast-content-background-meta":{"desktop":{"background-color":"var(--ast-global-color-4)","background-image":"","background-repeat":"repeat","background-position":"center center","background-size":"auto","background-attachment":"scroll","background-type":"","background-media":"","overlay-type":"","overlay-color":"","overlay-opacity":"","overlay-gradient":""},"tablet":{"background-color":"var(--ast-global-color-4)","background-image":"","background-repeat":"repeat","background-position":"center center","background-size":"auto","background-attachment":"scroll","background-type":"","background-media":"","overlay-type":"","overlay-color":"","overlay-opacity":"","overlay-gradient":""},"mobile":{"background-color":"var(--ast-global-color-4)","background-image":"","background-repeat":"repeat","background-position":"center center","background-size":"auto","background-attachment":"scroll","background-type":"","background-media":"","overlay-type":"","overlay-color":"","overlay-opacity":"","overlay-gradient":""}},"footnotes":""},"categories":[1],"tags":[],"class_list":["post-19672","post","type-post","status-publish","format-standard","hentry","category-sem-categoria"],"yoast_head":"<!-- This site is optimized with the Yoast SEO plugin v26.6 - https:\/\/yoast.com\/wordpress\/plugins\/seo\/ -->\n<title>Aliado de peso de Fl\u00e1vio Dino, prefeito de Imperatriz \u00e9 processado por maus tratos a garis - Daniel Matos<\/title>\n<meta name=\"robots\" content=\"index, follow, max-snippet:-1, max-image-preview:large, max-video-preview:-1\" \/>\n<link rel=\"canonical\" href=\"https:\/\/www.blogsoestado.com\/danielmatos\/aliado-de-peso-de-flavio-dino-prefeito-de-imperatriz-e-processado-por-maus-tratos-a-garis\/\" \/>\n<meta property=\"og:locale\" content=\"pt_BR\" \/>\n<meta property=\"og:type\" content=\"article\" \/>\n<meta property=\"og:title\" content=\"Aliado de peso de Fl\u00e1vio Dino, prefeito de Imperatriz \u00e9 processado por maus tratos a garis - Daniel Matos\" \/>\n<meta property=\"og:description\" content=\"O Minist\u00e9rio P\u00fablico do Trabalho no Maranh\u00e3o (MPT-MA) ingressou com uma A\u00e7\u00e3o Civil P\u00fablica contra o munic\u00edpio de Imperatriz, cujo [&hellip;]\" \/>\n<meta property=\"og:url\" content=\"https:\/\/www.blogsoestado.com\/danielmatos\/aliado-de-peso-de-flavio-dino-prefeito-de-imperatriz-e-processado-por-maus-tratos-a-garis\/\" \/>\n<meta property=\"og:site_name\" content=\"Daniel Matos\" \/>\n<meta property=\"article:published_time\" content=\"2014-10-02T21:17:10+00:00\" \/>\n<meta property=\"og:image\" content=\"https:\/\/www.blogsoestado.com\/danielmatos\/files\/2014\/10\/dino-madeira.jpg\" \/>\n<meta name=\"twitter:card\" content=\"summary_large_image\" \/>\n<meta name=\"twitter:label1\" content=\"Est. tempo de leitura\" \/>\n\t<meta name=\"twitter:data1\" content=\"2 minutos\" \/>\n<script type=\"application\/ld+json\" class=\"yoast-schema-graph\">{\"@context\":\"https:\/\/schema.org\",\"@graph\":[{\"@type\":\"WebPage\",\"@id\":\"https:\/\/www.blogsoestado.com\/danielmatos\/aliado-de-peso-de-flavio-dino-prefeito-de-imperatriz-e-processado-por-maus-tratos-a-garis\/\",\"url\":\"https:\/\/www.blogsoestado.com\/danielmatos\/aliado-de-peso-de-flavio-dino-prefeito-de-imperatriz-e-processado-por-maus-tratos-a-garis\/\",\"name\":\"Aliado de peso de Fl\u00e1vio Dino, prefeito de Imperatriz \u00e9 processado por maus tratos a garis - Daniel Matos\",\"isPartOf\":{\"@id\":\"https:\/\/www.blogsoestado.com\/danielmatos\/#website\"},\"primaryImageOfPage\":{\"@id\":\"https:\/\/www.blogsoestado.com\/danielmatos\/aliado-de-peso-de-flavio-dino-prefeito-de-imperatriz-e-processado-por-maus-tratos-a-garis\/#primaryimage\"},\"image\":{\"@id\":\"https:\/\/www.blogsoestado.com\/danielmatos\/aliado-de-peso-de-flavio-dino-prefeito-de-imperatriz-e-processado-por-maus-tratos-a-garis\/#primaryimage\"},\"thumbnailUrl\":\"https:\/\/www.blogsoestado.com\/danielmatos\/files\/2014\/10\/dino-madeira.jpg\",\"datePublished\":\"2014-10-02T21:17:10+00:00\",\"author\":{\"@id\":\"\"},\"breadcrumb\":{\"@id\":\"https:\/\/www.blogsoestado.com\/danielmatos\/aliado-de-peso-de-flavio-dino-prefeito-de-imperatriz-e-processado-por-maus-tratos-a-garis\/#breadcrumb\"},\"inLanguage\":\"pt-BR\",\"potentialAction\":[{\"@type\":\"ReadAction\",\"target\":[\"https:\/\/www.blogsoestado.com\/danielmatos\/aliado-de-peso-de-flavio-dino-prefeito-de-imperatriz-e-processado-por-maus-tratos-a-garis\/\"]}]},{\"@type\":\"ImageObject\",\"inLanguage\":\"pt-BR\",\"@id\":\"https:\/\/www.blogsoestado.com\/danielmatos\/aliado-de-peso-de-flavio-dino-prefeito-de-imperatriz-e-processado-por-maus-tratos-a-garis\/#primaryimage\",\"url\":\"https:\/\/www.blogsoestado.com\/danielmatos\/files\/2014\/10\/dino-madeira.jpg\",\"contentUrl\":\"https:\/\/www.blogsoestado.com\/danielmatos\/files\/2014\/10\/dino-madeira.jpg\"},{\"@type\":\"BreadcrumbList\",\"@id\":\"https:\/\/www.blogsoestado.com\/danielmatos\/aliado-de-peso-de-flavio-dino-prefeito-de-imperatriz-e-processado-por-maus-tratos-a-garis\/#breadcrumb\",\"itemListElement\":[{\"@type\":\"ListItem\",\"position\":1,\"name\":\"In\u00edcio\",\"item\":\"https:\/\/www.blogsoestado.com\/danielmatos\/\"},{\"@type\":\"ListItem\",\"position\":2,\"name\":\"Aliado de peso de Fl\u00e1vio Dino, prefeito de Imperatriz \u00e9 processado por maus tratos a garis\"}]},{\"@type\":\"WebSite\",\"@id\":\"https:\/\/www.blogsoestado.com\/danielmatos\/#website\",\"url\":\"https:\/\/www.blogsoestado.com\/danielmatos\/\",\"name\":\"Daniel Matos\",\"description\":\"\",\"potentialAction\":[{\"@type\":\"SearchAction\",\"target\":{\"@type\":\"EntryPoint\",\"urlTemplate\":\"https:\/\/www.blogsoestado.com\/danielmatos\/?s={search_term_string}\"},\"query-input\":{\"@type\":\"PropertyValueSpecification\",\"valueRequired\":true,\"valueName\":\"search_term_string\"}}],\"inLanguage\":\"pt-BR\"}]}<\/script>\n<!-- \/ Yoast SEO plugin. -->","yoast_head_json":{"title":"Aliado de peso de Fl\u00e1vio Dino, prefeito de Imperatriz \u00e9 processado por maus tratos a garis - Daniel Matos","robots":{"index":"index","follow":"follow","max-snippet":"max-snippet:-1","max-image-preview":"max-image-preview:large","max-video-preview":"max-video-preview:-1"},"canonical":"https:\/\/www.blogsoestado.com\/danielmatos\/aliado-de-peso-de-flavio-dino-prefeito-de-imperatriz-e-processado-por-maus-tratos-a-garis\/","og_locale":"pt_BR","og_type":"article","og_title":"Aliado de peso de Fl\u00e1vio Dino, prefeito de Imperatriz \u00e9 processado por maus tratos a garis - Daniel Matos","og_description":"O Minist\u00e9rio P\u00fablico do Trabalho no Maranh\u00e3o (MPT-MA) ingressou com uma A\u00e7\u00e3o Civil P\u00fablica contra o munic\u00edpio de Imperatriz, cujo [&hellip;]","og_url":"https:\/\/www.blogsoestado.com\/danielmatos\/aliado-de-peso-de-flavio-dino-prefeito-de-imperatriz-e-processado-por-maus-tratos-a-garis\/","og_site_name":"Daniel Matos","article_published_time":"2014-10-02T21:17:10+00:00","og_image":[{"url":"https:\/\/www.blogsoestado.com\/danielmatos\/files\/2014\/10\/dino-madeira.jpg","type":"","width":"","height":""}],"twitter_card":"summary_large_image","twitter_misc":{"Est. tempo de leitura":"2 minutos"},"schema":{"@context":"https:\/\/schema.org","@graph":[{"@type":"WebPage","@id":"https:\/\/www.blogsoestado.com\/danielmatos\/aliado-de-peso-de-flavio-dino-prefeito-de-imperatriz-e-processado-por-maus-tratos-a-garis\/","url":"https:\/\/www.blogsoestado.com\/danielmatos\/aliado-de-peso-de-flavio-dino-prefeito-de-imperatriz-e-processado-por-maus-tratos-a-garis\/","name":"Aliado de peso de Fl\u00e1vio Dino, prefeito de Imperatriz \u00e9 processado por maus tratos a garis - Daniel Matos","isPartOf":{"@id":"https:\/\/www.blogsoestado.com\/danielmatos\/#website"},"primaryImageOfPage":{"@id":"https:\/\/www.blogsoestado.com\/danielmatos\/aliado-de-peso-de-flavio-dino-prefeito-de-imperatriz-e-processado-por-maus-tratos-a-garis\/#primaryimage"},"image":{"@id":"https:\/\/www.blogsoestado.com\/danielmatos\/aliado-de-peso-de-flavio-dino-prefeito-de-imperatriz-e-processado-por-maus-tratos-a-garis\/#primaryimage"},"thumbnailUrl":"https:\/\/www.blogsoestado.com\/danielmatos\/files\/2014\/10\/dino-madeira.jpg","datePublished":"2014-10-02T21:17:10+00:00","author":{"@id":""},"breadcrumb":{"@id":"https:\/\/www.blogsoestado.com\/danielmatos\/aliado-de-peso-de-flavio-dino-prefeito-de-imperatriz-e-processado-por-maus-tratos-a-garis\/#breadcrumb"},"inLanguage":"pt-BR","potentialAction":[{"@type":"ReadAction","target":["https:\/\/www.blogsoestado.com\/danielmatos\/aliado-de-peso-de-flavio-dino-prefeito-de-imperatriz-e-processado-por-maus-tratos-a-garis\/"]}]},{"@type":"ImageObject","inLanguage":"pt-BR","@id":"https:\/\/www.blogsoestado.com\/danielmatos\/aliado-de-peso-de-flavio-dino-prefeito-de-imperatriz-e-processado-por-maus-tratos-a-garis\/#primaryimage","url":"https:\/\/www.blogsoestado.com\/danielmatos\/files\/2014\/10\/dino-madeira.jpg","contentUrl":"https:\/\/www.blogsoestado.com\/danielmatos\/files\/2014\/10\/dino-madeira.jpg"},{"@type":"BreadcrumbList","@id":"https:\/\/www.blogsoestado.com\/danielmatos\/aliado-de-peso-de-flavio-dino-prefeito-de-imperatriz-e-processado-por-maus-tratos-a-garis\/#breadcrumb","itemListElement":[{"@type":"ListItem","position":1,"name":"In\u00edcio","item":"https:\/\/www.blogsoestado.com\/danielmatos\/"},{"@type":"ListItem","position":2,"name":"Aliado de peso de Fl\u00e1vio Dino, prefeito de Imperatriz \u00e9 processado por maus tratos a garis"}]},{"@type":"WebSite","@id":"https:\/\/www.blogsoestado.com\/danielmatos\/#website","url":"https:\/\/www.blogsoestado.com\/danielmatos\/","name":"Daniel Matos","description":"","potentialAction":[{"@type":"SearchAction","target":{"@type":"EntryPoint","urlTemplate":"https:\/\/www.blogsoestado.com\/danielmatos\/?s={search_term_string}"},"query-input":{"@type":"PropertyValueSpecification","valueRequired":true,"valueName":"search_term_string"}}],"inLanguage":"pt-BR"}]}},"jetpack_featured_media_url":"","_links":{"self":[{"href":"https:\/\/www.blogsoestado.com\/danielmatos\/wp-json\/wp\/v2\/posts\/19672","targetHints":{"allow":["GET"]}}],"collection":[{"href":"https:\/\/www.blogsoestado.com\/danielmatos\/wp-json\/wp\/v2\/posts"}],"about":[{"href":"https:\/\/www.blogsoestado.com\/danielmatos\/wp-json\/wp\/v2\/types\/post"}],"replies":[{"embeddable":true,"href":"https:\/\/www.blogsoestado.com\/danielmatos\/wp-json\/wp\/v2\/comments?post=19672"}],"version-history":[{"count":0,"href":"https:\/\/www.blogsoestado.com\/danielmatos\/wp-json\/wp\/v2\/posts\/19672\/revisions"}],"wp:attachment":[{"href":"https:\/\/www.blogsoestado.com\/danielmatos\/wp-json\/wp\/v2\/media?parent=19672"}],"wp:term":[{"taxonomy":"category","embeddable":true,"href":"https:\/\/www.blogsoestado.com\/danielmatos\/wp-json\/wp\/v2\/categories?post=19672"},{"taxonomy":"post_tag","embeddable":true,"href":"https:\/\/www.blogsoestado.com\/danielmatos\/wp-json\/wp\/v2\/tags?post=19672"}],"curies":[{"name":"wp","href":"https:\/\/api.w.org\/{rel}","templated":true}]}}