{"id":1969,"date":"2010-03-29T15:31:43","date_gmt":"2010-03-29T18:31:43","guid":{"rendered":"https:\/\/www.blogsoestado.com\/danielmatos\/?p=1969"},"modified":"2010-03-29T15:31:43","modified_gmt":"2010-03-29T18:31:43","slug":"pt-nacional-ignora-vitoria-de-corrente-pro-pc-do-b-no-ma-e-deixa-clara-insatisfacao-com-desrespeito-a-orientacao-da-cupula","status":"publish","type":"post","link":"https:\/\/www.blogsoestado.com\/danielmatos\/pt-nacional-ignora-vitoria-de-corrente-pro-pc-do-b-no-ma-e-deixa-clara-insatisfacao-com-desrespeito-a-orientacao-da-cupula\/","title":{"rendered":"PT nacional ignora vit\u00f3ria da ala pr\u00f3-Dino no MA e deixa clara insatisfa\u00e7\u00e3o com desacato \u00e0 orienta\u00e7\u00e3o da c\u00fapula"},"content":{"rendered":"<p><img fetchpriority=\"high\" decoding=\"async\" class=\"alignright size-full wp-image-1972\" src=\"https:\/\/www.blogsoestado.com\/danielmatos\/files\/2010\/03\/incerteza1.jpg\" alt=\"incerteza\" width=\"284\" height=\"448\" \/>Em sua\u00a0p\u00e1gina na internet (<a href=\"http:\/\/www.pt.org.br\">www.pt.org.br<\/a>),\u00a0o\u00a0Diret\u00f3rio Nacional do Partido dos Trabalhadores (PT)\u00a0n\u00e3o faz qualquer\u00a0men\u00e7\u00e3o \u00e0 vit\u00f3ria apertada (87 x 85) da corrente que defende a alian\u00e7a com o PC do B e o conseq\u00fcente apoio \u00e0 candidatura ao governo do deputado federal Fl\u00e1vio Dino. A se\u00e7\u00e3o de not\u00edcias do site traz uma s\u00e9rie de informa\u00e7\u00f5es sobre as articula\u00e7\u00f5es da sigla em outros estados, mas curiosamente n\u00e3o faz qualquer refer\u00eancia \u00e0 situa\u00e7\u00e3o do partido no Maranh\u00e3o.<\/p>\n<p>Ao ignorar o fato, o diret\u00f3rio nacional do PT deixa transparecer que a decis\u00e3o tomada em n\u00edvel local desagradou profundamente \u00a0a c\u00fapula do partido. A vinda do presidente nacional, Jos\u00e9 Eduardo Dutra, ao Maranh\u00e3o, na \u00faltima sexta-feira, demonstrou o tamanho da import\u00e2ncia que os l\u00edderes petistas vinham dando a uma poss\u00edvel alian\u00e7a com o PMDB maranhense e ao apoio \u00e0 candidatura da governadora Roseana Sarney \u00e0 reelei\u00e7\u00e3o. Com o rev\u00e9s, \u00e9 prov\u00e1vel que a executiva tenha optado pelo sil\u00eancio, pelo menos por enquanto.<\/p>\n<p>Apesar da comemora\u00e7\u00e3o efusiva dos l\u00edderes regionais que defendem a alian\u00e7a com o PC do B, a exemplo do deputado federal Domingos Dutra, o caminho a ser trilhado pelo PT no Maranh\u00e3o ainda pode ser considerado incerto. Isso porque no congresso que reuniu filiados ao partido em todo o pa\u00eds, realizado em fevereiro, ficou decidido que as delibera\u00e7\u00f5es feitas em \u00e2mbito regional podem ser reformadas pelo diret\u00f3rio nacional, caso haja o entendimento de que ser\u00e1 melhor para a candidatura da ministra Dilma Rousseff.<\/p>\n<p>A margem inexpressiva de votos que garantiu a vit\u00f3ria da ala pr\u00f3-Fl\u00e1vio Dino e a total indiferen\u00e7a dada ao fato pela c\u00fapula do PT s\u00e3o sinais claros da insatisfa\u00e7\u00e3o gerada pelo desrespeito \u00e0 orienta\u00e7\u00e3o da executiva nacional. Portanto, afirmar que a situa\u00e7\u00e3o atual se manter\u00e1 at\u00e9 a oficializa\u00e7\u00e3o das alian\u00e7as \u00e9 algo um tanto precipitado.<\/p>\n","protected":false},"excerpt":{"rendered":"<p>Em sua\u00a0p\u00e1gina na internet (www.pt.org.br),\u00a0o\u00a0Diret\u00f3rio Nacional do Partido dos Trabalhadores (PT)\u00a0n\u00e3o faz qualquer\u00a0men\u00e7\u00e3o \u00e0 vit\u00f3ria apertada (87 x 85) da [&hellip;]<\/p>\n","protected":false},"author":0,"featured_media":0,"comment_status":"open","ping_status":"open","sticky":false,"template":"","format":"standard","meta":{"site-sidebar-layout":"default","site-content-layout":"","ast-site-content-layout":"default","site-content-style":"default","site-sidebar-style":"default","ast-global-header-display":"","ast-banner-title-visibility":"","ast-main-header-display":"","ast-hfb-above-header-display":"","ast-hfb-below-header-display":"","ast-hfb-mobile-header-display":"","site-post-title":"","ast-breadcrumbs-content":"","ast-featured-img":"","footer-sml-layout":"","ast-disable-related-posts":"","theme-transparent-header-meta":"","adv-header-id-meta":"","stick-header-meta":"","header-above-stick-meta":"","header-main-stick-meta":"","header-below-stick-meta":"","astra-migrate-meta-layouts":"default","ast-page-background-enabled":"default","ast-page-background-meta":{"desktop":{"background-color":"var(--ast-global-color-5)","background-image":"","background-repeat":"repeat","background-position":"center center","background-size":"auto","background-attachment":"scroll","background-type":"","background-media":"","overlay-type":"","overlay-color":"","overlay-opacity":"","overlay-gradient":""},"tablet":{"background-color":"","background-image":"","background-repeat":"repeat","background-position":"center center","background-size":"auto","background-attachment":"scroll","background-type":"","background-media":"","overlay-type":"","overlay-color":"","overlay-opacity":"","overlay-gradient":""},"mobile":{"background-color":"","background-image":"","background-repeat":"repeat","background-position":"center center","background-size":"auto","background-attachment":"scroll","background-type":"","background-media":"","overlay-type":"","overlay-color":"","overlay-opacity":"","overlay-gradient":""}},"ast-content-background-meta":{"desktop":{"background-color":"var(--ast-global-color-4)","background-image":"","background-repeat":"repeat","background-position":"center center","background-size":"auto","background-attachment":"scroll","background-type":"","background-media":"","overlay-type":"","overlay-color":"","overlay-opacity":"","overlay-gradient":""},"tablet":{"background-color":"var(--ast-global-color-4)","background-image":"","background-repeat":"repeat","background-position":"center center","background-size":"auto","background-attachment":"scroll","background-type":"","background-media":"","overlay-type":"","overlay-color":"","overlay-opacity":"","overlay-gradient":""},"mobile":{"background-color":"var(--ast-global-color-4)","background-image":"","background-repeat":"repeat","background-position":"center center","background-size":"auto","background-attachment":"scroll","background-type":"","background-media":"","overlay-type":"","overlay-color":"","overlay-opacity":"","overlay-gradient":""}},"footnotes":""},"categories":[1],"tags":[],"class_list":["post-1969","post","type-post","status-publish","format-standard","hentry","category-sem-categoria"],"yoast_head":"<!-- This site is optimized with the Yoast SEO plugin v26.6 - https:\/\/yoast.com\/wordpress\/plugins\/seo\/ -->\n<title>PT nacional ignora vit\u00f3ria da ala pr\u00f3-Dino no MA e deixa clara insatisfa\u00e7\u00e3o com desacato \u00e0 orienta\u00e7\u00e3o da c\u00fapula - Daniel Matos<\/title>\n<meta name=\"robots\" content=\"index, follow, max-snippet:-1, max-image-preview:large, max-video-preview:-1\" \/>\n<link rel=\"canonical\" href=\"https:\/\/www.blogsoestado.com\/danielmatos\/pt-nacional-ignora-vitoria-de-corrente-pro-pc-do-b-no-ma-e-deixa-clara-insatisfacao-com-desrespeito-a-orientacao-da-cupula\/\" \/>\n<meta property=\"og:locale\" content=\"pt_BR\" \/>\n<meta property=\"og:type\" content=\"article\" \/>\n<meta property=\"og:title\" content=\"PT nacional ignora vit\u00f3ria da ala pr\u00f3-Dino no MA e deixa clara insatisfa\u00e7\u00e3o com desacato \u00e0 orienta\u00e7\u00e3o da c\u00fapula - Daniel Matos\" \/>\n<meta property=\"og:description\" content=\"Em sua\u00a0p\u00e1gina na internet (www.pt.org.br),\u00a0o\u00a0Diret\u00f3rio Nacional do Partido dos Trabalhadores (PT)\u00a0n\u00e3o faz qualquer\u00a0men\u00e7\u00e3o \u00e0 vit\u00f3ria apertada (87 x 85) da [&hellip;]\" \/>\n<meta property=\"og:url\" content=\"https:\/\/www.blogsoestado.com\/danielmatos\/pt-nacional-ignora-vitoria-de-corrente-pro-pc-do-b-no-ma-e-deixa-clara-insatisfacao-com-desrespeito-a-orientacao-da-cupula\/\" \/>\n<meta property=\"og:site_name\" content=\"Daniel Matos\" \/>\n<meta property=\"article:published_time\" content=\"2010-03-29T18:31:43+00:00\" \/>\n<meta property=\"og:image\" content=\"https:\/\/www.blogsoestado.com\/danielmatos\/files\/2010\/03\/incerteza1.jpg\" \/>\n<meta name=\"twitter:card\" content=\"summary_large_image\" \/>\n<meta name=\"twitter:label1\" content=\"Est. tempo de leitura\" \/>\n\t<meta name=\"twitter:data1\" content=\"2 minutos\" \/>\n<script type=\"application\/ld+json\" class=\"yoast-schema-graph\">{\"@context\":\"https:\/\/schema.org\",\"@graph\":[{\"@type\":\"WebPage\",\"@id\":\"https:\/\/www.blogsoestado.com\/danielmatos\/pt-nacional-ignora-vitoria-de-corrente-pro-pc-do-b-no-ma-e-deixa-clara-insatisfacao-com-desrespeito-a-orientacao-da-cupula\/\",\"url\":\"https:\/\/www.blogsoestado.com\/danielmatos\/pt-nacional-ignora-vitoria-de-corrente-pro-pc-do-b-no-ma-e-deixa-clara-insatisfacao-com-desrespeito-a-orientacao-da-cupula\/\",\"name\":\"PT nacional ignora vit\u00f3ria da ala pr\u00f3-Dino no MA e deixa clara insatisfa\u00e7\u00e3o com desacato \u00e0 orienta\u00e7\u00e3o da c\u00fapula - Daniel Matos\",\"isPartOf\":{\"@id\":\"https:\/\/www.blogsoestado.com\/danielmatos\/#website\"},\"primaryImageOfPage\":{\"@id\":\"https:\/\/www.blogsoestado.com\/danielmatos\/pt-nacional-ignora-vitoria-de-corrente-pro-pc-do-b-no-ma-e-deixa-clara-insatisfacao-com-desrespeito-a-orientacao-da-cupula\/#primaryimage\"},\"image\":{\"@id\":\"https:\/\/www.blogsoestado.com\/danielmatos\/pt-nacional-ignora-vitoria-de-corrente-pro-pc-do-b-no-ma-e-deixa-clara-insatisfacao-com-desrespeito-a-orientacao-da-cupula\/#primaryimage\"},\"thumbnailUrl\":\"https:\/\/www.blogsoestado.com\/danielmatos\/files\/2010\/03\/incerteza1.jpg\",\"datePublished\":\"2010-03-29T18:31:43+00:00\",\"author\":{\"@id\":\"\"},\"breadcrumb\":{\"@id\":\"https:\/\/www.blogsoestado.com\/danielmatos\/pt-nacional-ignora-vitoria-de-corrente-pro-pc-do-b-no-ma-e-deixa-clara-insatisfacao-com-desrespeito-a-orientacao-da-cupula\/#breadcrumb\"},\"inLanguage\":\"pt-BR\",\"potentialAction\":[{\"@type\":\"ReadAction\",\"target\":[\"https:\/\/www.blogsoestado.com\/danielmatos\/pt-nacional-ignora-vitoria-de-corrente-pro-pc-do-b-no-ma-e-deixa-clara-insatisfacao-com-desrespeito-a-orientacao-da-cupula\/\"]}]},{\"@type\":\"ImageObject\",\"inLanguage\":\"pt-BR\",\"@id\":\"https:\/\/www.blogsoestado.com\/danielmatos\/pt-nacional-ignora-vitoria-de-corrente-pro-pc-do-b-no-ma-e-deixa-clara-insatisfacao-com-desrespeito-a-orientacao-da-cupula\/#primaryimage\",\"url\":\"https:\/\/www.blogsoestado.com\/danielmatos\/files\/2010\/03\/incerteza1.jpg\",\"contentUrl\":\"https:\/\/www.blogsoestado.com\/danielmatos\/files\/2010\/03\/incerteza1.jpg\"},{\"@type\":\"BreadcrumbList\",\"@id\":\"https:\/\/www.blogsoestado.com\/danielmatos\/pt-nacional-ignora-vitoria-de-corrente-pro-pc-do-b-no-ma-e-deixa-clara-insatisfacao-com-desrespeito-a-orientacao-da-cupula\/#breadcrumb\",\"itemListElement\":[{\"@type\":\"ListItem\",\"position\":1,\"name\":\"In\u00edcio\",\"item\":\"https:\/\/www.blogsoestado.com\/danielmatos\/\"},{\"@type\":\"ListItem\",\"position\":2,\"name\":\"PT nacional ignora vit\u00f3ria da ala pr\u00f3-Dino no MA e deixa clara insatisfa\u00e7\u00e3o com desacato \u00e0 orienta\u00e7\u00e3o da c\u00fapula\"}]},{\"@type\":\"WebSite\",\"@id\":\"https:\/\/www.blogsoestado.com\/danielmatos\/#website\",\"url\":\"https:\/\/www.blogsoestado.com\/danielmatos\/\",\"name\":\"Daniel Matos\",\"description\":\"\",\"potentialAction\":[{\"@type\":\"SearchAction\",\"target\":{\"@type\":\"EntryPoint\",\"urlTemplate\":\"https:\/\/www.blogsoestado.com\/danielmatos\/?s={search_term_string}\"},\"query-input\":{\"@type\":\"PropertyValueSpecification\",\"valueRequired\":true,\"valueName\":\"search_term_string\"}}],\"inLanguage\":\"pt-BR\"}]}<\/script>\n<!-- \/ Yoast SEO plugin. -->","yoast_head_json":{"title":"PT nacional ignora vit\u00f3ria da ala pr\u00f3-Dino no MA e deixa clara insatisfa\u00e7\u00e3o com desacato \u00e0 orienta\u00e7\u00e3o da c\u00fapula - Daniel Matos","robots":{"index":"index","follow":"follow","max-snippet":"max-snippet:-1","max-image-preview":"max-image-preview:large","max-video-preview":"max-video-preview:-1"},"canonical":"https:\/\/www.blogsoestado.com\/danielmatos\/pt-nacional-ignora-vitoria-de-corrente-pro-pc-do-b-no-ma-e-deixa-clara-insatisfacao-com-desrespeito-a-orientacao-da-cupula\/","og_locale":"pt_BR","og_type":"article","og_title":"PT nacional ignora vit\u00f3ria da ala pr\u00f3-Dino no MA e deixa clara insatisfa\u00e7\u00e3o com desacato \u00e0 orienta\u00e7\u00e3o da c\u00fapula - Daniel Matos","og_description":"Em sua\u00a0p\u00e1gina na internet (www.pt.org.br),\u00a0o\u00a0Diret\u00f3rio Nacional do Partido dos Trabalhadores (PT)\u00a0n\u00e3o faz qualquer\u00a0men\u00e7\u00e3o \u00e0 vit\u00f3ria apertada (87 x 85) da [&hellip;]","og_url":"https:\/\/www.blogsoestado.com\/danielmatos\/pt-nacional-ignora-vitoria-de-corrente-pro-pc-do-b-no-ma-e-deixa-clara-insatisfacao-com-desrespeito-a-orientacao-da-cupula\/","og_site_name":"Daniel Matos","article_published_time":"2010-03-29T18:31:43+00:00","og_image":[{"url":"https:\/\/www.blogsoestado.com\/danielmatos\/files\/2010\/03\/incerteza1.jpg","type":"","width":"","height":""}],"twitter_card":"summary_large_image","twitter_misc":{"Est. tempo de leitura":"2 minutos"},"schema":{"@context":"https:\/\/schema.org","@graph":[{"@type":"WebPage","@id":"https:\/\/www.blogsoestado.com\/danielmatos\/pt-nacional-ignora-vitoria-de-corrente-pro-pc-do-b-no-ma-e-deixa-clara-insatisfacao-com-desrespeito-a-orientacao-da-cupula\/","url":"https:\/\/www.blogsoestado.com\/danielmatos\/pt-nacional-ignora-vitoria-de-corrente-pro-pc-do-b-no-ma-e-deixa-clara-insatisfacao-com-desrespeito-a-orientacao-da-cupula\/","name":"PT nacional ignora vit\u00f3ria da ala pr\u00f3-Dino no MA e deixa clara insatisfa\u00e7\u00e3o com desacato \u00e0 orienta\u00e7\u00e3o da c\u00fapula - Daniel Matos","isPartOf":{"@id":"https:\/\/www.blogsoestado.com\/danielmatos\/#website"},"primaryImageOfPage":{"@id":"https:\/\/www.blogsoestado.com\/danielmatos\/pt-nacional-ignora-vitoria-de-corrente-pro-pc-do-b-no-ma-e-deixa-clara-insatisfacao-com-desrespeito-a-orientacao-da-cupula\/#primaryimage"},"image":{"@id":"https:\/\/www.blogsoestado.com\/danielmatos\/pt-nacional-ignora-vitoria-de-corrente-pro-pc-do-b-no-ma-e-deixa-clara-insatisfacao-com-desrespeito-a-orientacao-da-cupula\/#primaryimage"},"thumbnailUrl":"https:\/\/www.blogsoestado.com\/danielmatos\/files\/2010\/03\/incerteza1.jpg","datePublished":"2010-03-29T18:31:43+00:00","author":{"@id":""},"breadcrumb":{"@id":"https:\/\/www.blogsoestado.com\/danielmatos\/pt-nacional-ignora-vitoria-de-corrente-pro-pc-do-b-no-ma-e-deixa-clara-insatisfacao-com-desrespeito-a-orientacao-da-cupula\/#breadcrumb"},"inLanguage":"pt-BR","potentialAction":[{"@type":"ReadAction","target":["https:\/\/www.blogsoestado.com\/danielmatos\/pt-nacional-ignora-vitoria-de-corrente-pro-pc-do-b-no-ma-e-deixa-clara-insatisfacao-com-desrespeito-a-orientacao-da-cupula\/"]}]},{"@type":"ImageObject","inLanguage":"pt-BR","@id":"https:\/\/www.blogsoestado.com\/danielmatos\/pt-nacional-ignora-vitoria-de-corrente-pro-pc-do-b-no-ma-e-deixa-clara-insatisfacao-com-desrespeito-a-orientacao-da-cupula\/#primaryimage","url":"https:\/\/www.blogsoestado.com\/danielmatos\/files\/2010\/03\/incerteza1.jpg","contentUrl":"https:\/\/www.blogsoestado.com\/danielmatos\/files\/2010\/03\/incerteza1.jpg"},{"@type":"BreadcrumbList","@id":"https:\/\/www.blogsoestado.com\/danielmatos\/pt-nacional-ignora-vitoria-de-corrente-pro-pc-do-b-no-ma-e-deixa-clara-insatisfacao-com-desrespeito-a-orientacao-da-cupula\/#breadcrumb","itemListElement":[{"@type":"ListItem","position":1,"name":"In\u00edcio","item":"https:\/\/www.blogsoestado.com\/danielmatos\/"},{"@type":"ListItem","position":2,"name":"PT nacional ignora vit\u00f3ria da ala pr\u00f3-Dino no MA e deixa clara insatisfa\u00e7\u00e3o com desacato \u00e0 orienta\u00e7\u00e3o da c\u00fapula"}]},{"@type":"WebSite","@id":"https:\/\/www.blogsoestado.com\/danielmatos\/#website","url":"https:\/\/www.blogsoestado.com\/danielmatos\/","name":"Daniel Matos","description":"","potentialAction":[{"@type":"SearchAction","target":{"@type":"EntryPoint","urlTemplate":"https:\/\/www.blogsoestado.com\/danielmatos\/?s={search_term_string}"},"query-input":{"@type":"PropertyValueSpecification","valueRequired":true,"valueName":"search_term_string"}}],"inLanguage":"pt-BR"}]}},"jetpack_featured_media_url":"","_links":{"self":[{"href":"https:\/\/www.blogsoestado.com\/danielmatos\/wp-json\/wp\/v2\/posts\/1969","targetHints":{"allow":["GET"]}}],"collection":[{"href":"https:\/\/www.blogsoestado.com\/danielmatos\/wp-json\/wp\/v2\/posts"}],"about":[{"href":"https:\/\/www.blogsoestado.com\/danielmatos\/wp-json\/wp\/v2\/types\/post"}],"replies":[{"embeddable":true,"href":"https:\/\/www.blogsoestado.com\/danielmatos\/wp-json\/wp\/v2\/comments?post=1969"}],"version-history":[{"count":0,"href":"https:\/\/www.blogsoestado.com\/danielmatos\/wp-json\/wp\/v2\/posts\/1969\/revisions"}],"wp:attachment":[{"href":"https:\/\/www.blogsoestado.com\/danielmatos\/wp-json\/wp\/v2\/media?parent=1969"}],"wp:term":[{"taxonomy":"category","embeddable":true,"href":"https:\/\/www.blogsoestado.com\/danielmatos\/wp-json\/wp\/v2\/categories?post=1969"},{"taxonomy":"post_tag","embeddable":true,"href":"https:\/\/www.blogsoestado.com\/danielmatos\/wp-json\/wp\/v2\/tags?post=1969"}],"curies":[{"name":"wp","href":"https:\/\/api.w.org\/{rel}","templated":true}]}}