{"id":19697,"date":"2014-10-03T16:56:34","date_gmt":"2014-10-03T19:56:34","guid":{"rendered":"https:\/\/www.blogsoestado.com\/danielmatos\/?p=19697"},"modified":"2014-10-03T16:56:34","modified_gmt":"2014-10-03T19:56:34","slug":"policias-civil-e-militar-terao-efetivo-reforcado-para-eleicao","status":"publish","type":"post","link":"https:\/\/www.blogsoestado.com\/danielmatos\/policias-civil-e-militar-terao-efetivo-reforcado-para-eleicao\/","title":{"rendered":"Pol\u00edcias Civil e Militar ter\u00e3o efetivo refor\u00e7ado para elei\u00e7\u00e3o"},"content":{"rendered":"<p>Para garantir a tranquilidade em todo o Maranh\u00e3o durante as elei\u00e7\u00f5es deste domingo (5), a Secretaria de Estado de Seguran\u00e7a P\u00fablica (SSP) refor\u00e7ou o efetivo. Ser\u00e3o mais 800 policiais militares e 350 policiais civis, entre delegados, escriv\u00e3es e investigadores, atuando nos 217 munic\u00edpios do estado.<\/p>\n<p>No total, ser\u00e3o 6.700 homens trabalhando em todo o estado, sendo que na capital, al\u00e9m do efetivo normal, atuar\u00e3o mais 2.500 PMs. Cada munic\u00edpio contar\u00e1 com, no m\u00ednimo, 10 policiais e 26 cidades tamb\u00e9m ter\u00e3o apoio das tropas federais.<\/p>\n<p>O superintendente de Pol\u00edcia Civil da Capital, Leonardo Diniz, explicou que, por meio da a\u00e7\u00e3o, policiais de S\u00e3o Lu\u00eds ser\u00e3o enviados para o interior. O efetivo de cerca de 800 policiais da PM embarcou, nesta quinta-feira (2), do Quartel do Comando Geral, no Calhau, em S\u00e3o Lu\u00eds, para trabalhar durante as elei\u00e7\u00f5es no interior do estado.<\/p>\n<p><strong>Regi\u00e3o Metropolitana de S\u00e3o Lu\u00eds<\/strong><\/p>\n<p>Na Regi\u00e3o Metropolitana de S\u00e3o Lu\u00eds, no dia da elei\u00e7\u00e3o, al\u00e9m dos Plant\u00f5es da Cidade Oper\u00e1ria (3218-2530), Cohatrac (3218-2410), Vila Embratel (3218-2731) e Beira Mar\/Reffsa (3214-8654), funcionar\u00e1 um plant\u00e3o extra na Delegacia do Maiob\u00e3o (3237-3577).<\/p>\n<p>Para os plant\u00f5es, ser\u00e3o encaminhados quem for preso em flagrante ou quem for pego descumprindo a Portaria da Lei Seca (n\u00ba 888\/2014), que pro\u00edbe a venda e consumo de bebida alco\u00f3lica das 18h de s\u00e1bado (4) at\u00e9 a 0h de segunda-feira (6). O superintendente Leonardo Diniz Vale lembrou que, em caso de crimes eleitorais, a responsabilidade \u00e9 da Policia Federal.<\/p>\n<p><strong>Fonte:<\/strong> Secretaria de Seguran\u00e7a P\u00fablica (SSP)<\/p>\n","protected":false},"excerpt":{"rendered":"<p>Para garantir a tranquilidade em todo o Maranh\u00e3o durante as elei\u00e7\u00f5es deste domingo (5), a Secretaria de Estado de Seguran\u00e7a [&hellip;]<\/p>\n","protected":false},"author":0,"featured_media":0,"comment_status":"open","ping_status":"open","sticky":false,"template":"","format":"standard","meta":{"site-sidebar-layout":"default","site-content-layout":"","ast-site-content-layout":"default","site-content-style":"default","site-sidebar-style":"default","ast-global-header-display":"","ast-banner-title-visibility":"","ast-main-header-display":"","ast-hfb-above-header-display":"","ast-hfb-below-header-display":"","ast-hfb-mobile-header-display":"","site-post-title":"","ast-breadcrumbs-content":"","ast-featured-img":"","footer-sml-layout":"","ast-disable-related-posts":"","theme-transparent-header-meta":"","adv-header-id-meta":"","stick-header-meta":"","header-above-stick-meta":"","header-main-stick-meta":"","header-below-stick-meta":"","astra-migrate-meta-layouts":"default","ast-page-background-enabled":"default","ast-page-background-meta":{"desktop":{"background-color":"var(--ast-global-color-5)","background-image":"","background-repeat":"repeat","background-position":"center center","background-size":"auto","background-attachment":"scroll","background-type":"","background-media":"","overlay-type":"","overlay-color":"","overlay-opacity":"","overlay-gradient":""},"tablet":{"background-color":"","background-image":"","background-repeat":"repeat","background-position":"center center","background-size":"auto","background-attachment":"scroll","background-type":"","background-media":"","overlay-type":"","overlay-color":"","overlay-opacity":"","overlay-gradient":""},"mobile":{"background-color":"","background-image":"","background-repeat":"repeat","background-position":"center center","background-size":"auto","background-attachment":"scroll","background-type":"","background-media":"","overlay-type":"","overlay-color":"","overlay-opacity":"","overlay-gradient":""}},"ast-content-background-meta":{"desktop":{"background-color":"var(--ast-global-color-4)","background-image":"","background-repeat":"repeat","background-position":"center center","background-size":"auto","background-attachment":"scroll","background-type":"","background-media":"","overlay-type":"","overlay-color":"","overlay-opacity":"","overlay-gradient":""},"tablet":{"background-color":"var(--ast-global-color-4)","background-image":"","background-repeat":"repeat","background-position":"center center","background-size":"auto","background-attachment":"scroll","background-type":"","background-media":"","overlay-type":"","overlay-color":"","overlay-opacity":"","overlay-gradient":""},"mobile":{"background-color":"var(--ast-global-color-4)","background-image":"","background-repeat":"repeat","background-position":"center center","background-size":"auto","background-attachment":"scroll","background-type":"","background-media":"","overlay-type":"","overlay-color":"","overlay-opacity":"","overlay-gradient":""}},"footnotes":""},"categories":[1],"tags":[],"class_list":["post-19697","post","type-post","status-publish","format-standard","hentry","category-sem-categoria"],"yoast_head":"<!-- This site is optimized with the Yoast SEO plugin v26.6 - https:\/\/yoast.com\/wordpress\/plugins\/seo\/ -->\n<title>Pol\u00edcias Civil e Militar ter\u00e3o efetivo refor\u00e7ado para elei\u00e7\u00e3o - Daniel Matos<\/title>\n<meta name=\"robots\" content=\"index, follow, max-snippet:-1, max-image-preview:large, max-video-preview:-1\" \/>\n<link rel=\"canonical\" href=\"https:\/\/www.blogsoestado.com\/danielmatos\/policias-civil-e-militar-terao-efetivo-reforcado-para-eleicao\/\" \/>\n<meta property=\"og:locale\" content=\"pt_BR\" \/>\n<meta property=\"og:type\" content=\"article\" \/>\n<meta property=\"og:title\" content=\"Pol\u00edcias Civil e Militar ter\u00e3o efetivo refor\u00e7ado para elei\u00e7\u00e3o - Daniel Matos\" \/>\n<meta property=\"og:description\" content=\"Para garantir a tranquilidade em todo o Maranh\u00e3o durante as elei\u00e7\u00f5es deste domingo (5), a Secretaria de Estado de Seguran\u00e7a [&hellip;]\" \/>\n<meta property=\"og:url\" content=\"https:\/\/www.blogsoestado.com\/danielmatos\/policias-civil-e-militar-terao-efetivo-reforcado-para-eleicao\/\" \/>\n<meta property=\"og:site_name\" content=\"Daniel Matos\" \/>\n<meta property=\"article:published_time\" content=\"2014-10-03T19:56:34+00:00\" \/>\n<meta name=\"twitter:card\" content=\"summary_large_image\" \/>\n<meta name=\"twitter:label1\" content=\"Est. tempo de leitura\" \/>\n\t<meta name=\"twitter:data1\" content=\"1 minuto\" \/>\n<script type=\"application\/ld+json\" class=\"yoast-schema-graph\">{\"@context\":\"https:\/\/schema.org\",\"@graph\":[{\"@type\":\"WebPage\",\"@id\":\"https:\/\/www.blogsoestado.com\/danielmatos\/policias-civil-e-militar-terao-efetivo-reforcado-para-eleicao\/\",\"url\":\"https:\/\/www.blogsoestado.com\/danielmatos\/policias-civil-e-militar-terao-efetivo-reforcado-para-eleicao\/\",\"name\":\"Pol\u00edcias Civil e Militar ter\u00e3o efetivo refor\u00e7ado para elei\u00e7\u00e3o - Daniel Matos\",\"isPartOf\":{\"@id\":\"https:\/\/www.blogsoestado.com\/danielmatos\/#website\"},\"datePublished\":\"2014-10-03T19:56:34+00:00\",\"author\":{\"@id\":\"\"},\"breadcrumb\":{\"@id\":\"https:\/\/www.blogsoestado.com\/danielmatos\/policias-civil-e-militar-terao-efetivo-reforcado-para-eleicao\/#breadcrumb\"},\"inLanguage\":\"pt-BR\",\"potentialAction\":[{\"@type\":\"ReadAction\",\"target\":[\"https:\/\/www.blogsoestado.com\/danielmatos\/policias-civil-e-militar-terao-efetivo-reforcado-para-eleicao\/\"]}]},{\"@type\":\"BreadcrumbList\",\"@id\":\"https:\/\/www.blogsoestado.com\/danielmatos\/policias-civil-e-militar-terao-efetivo-reforcado-para-eleicao\/#breadcrumb\",\"itemListElement\":[{\"@type\":\"ListItem\",\"position\":1,\"name\":\"In\u00edcio\",\"item\":\"https:\/\/www.blogsoestado.com\/danielmatos\/\"},{\"@type\":\"ListItem\",\"position\":2,\"name\":\"Pol\u00edcias Civil e Militar ter\u00e3o efetivo refor\u00e7ado para elei\u00e7\u00e3o\"}]},{\"@type\":\"WebSite\",\"@id\":\"https:\/\/www.blogsoestado.com\/danielmatos\/#website\",\"url\":\"https:\/\/www.blogsoestado.com\/danielmatos\/\",\"name\":\"Daniel Matos\",\"description\":\"\",\"potentialAction\":[{\"@type\":\"SearchAction\",\"target\":{\"@type\":\"EntryPoint\",\"urlTemplate\":\"https:\/\/www.blogsoestado.com\/danielmatos\/?s={search_term_string}\"},\"query-input\":{\"@type\":\"PropertyValueSpecification\",\"valueRequired\":true,\"valueName\":\"search_term_string\"}}],\"inLanguage\":\"pt-BR\"}]}<\/script>\n<!-- \/ Yoast SEO plugin. -->","yoast_head_json":{"title":"Pol\u00edcias Civil e Militar ter\u00e3o efetivo refor\u00e7ado para elei\u00e7\u00e3o - Daniel Matos","robots":{"index":"index","follow":"follow","max-snippet":"max-snippet:-1","max-image-preview":"max-image-preview:large","max-video-preview":"max-video-preview:-1"},"canonical":"https:\/\/www.blogsoestado.com\/danielmatos\/policias-civil-e-militar-terao-efetivo-reforcado-para-eleicao\/","og_locale":"pt_BR","og_type":"article","og_title":"Pol\u00edcias Civil e Militar ter\u00e3o efetivo refor\u00e7ado para elei\u00e7\u00e3o - Daniel Matos","og_description":"Para garantir a tranquilidade em todo o Maranh\u00e3o durante as elei\u00e7\u00f5es deste domingo (5), a Secretaria de Estado de Seguran\u00e7a [&hellip;]","og_url":"https:\/\/www.blogsoestado.com\/danielmatos\/policias-civil-e-militar-terao-efetivo-reforcado-para-eleicao\/","og_site_name":"Daniel Matos","article_published_time":"2014-10-03T19:56:34+00:00","twitter_card":"summary_large_image","twitter_misc":{"Est. tempo de leitura":"1 minuto"},"schema":{"@context":"https:\/\/schema.org","@graph":[{"@type":"WebPage","@id":"https:\/\/www.blogsoestado.com\/danielmatos\/policias-civil-e-militar-terao-efetivo-reforcado-para-eleicao\/","url":"https:\/\/www.blogsoestado.com\/danielmatos\/policias-civil-e-militar-terao-efetivo-reforcado-para-eleicao\/","name":"Pol\u00edcias Civil e Militar ter\u00e3o efetivo refor\u00e7ado para elei\u00e7\u00e3o - Daniel Matos","isPartOf":{"@id":"https:\/\/www.blogsoestado.com\/danielmatos\/#website"},"datePublished":"2014-10-03T19:56:34+00:00","author":{"@id":""},"breadcrumb":{"@id":"https:\/\/www.blogsoestado.com\/danielmatos\/policias-civil-e-militar-terao-efetivo-reforcado-para-eleicao\/#breadcrumb"},"inLanguage":"pt-BR","potentialAction":[{"@type":"ReadAction","target":["https:\/\/www.blogsoestado.com\/danielmatos\/policias-civil-e-militar-terao-efetivo-reforcado-para-eleicao\/"]}]},{"@type":"BreadcrumbList","@id":"https:\/\/www.blogsoestado.com\/danielmatos\/policias-civil-e-militar-terao-efetivo-reforcado-para-eleicao\/#breadcrumb","itemListElement":[{"@type":"ListItem","position":1,"name":"In\u00edcio","item":"https:\/\/www.blogsoestado.com\/danielmatos\/"},{"@type":"ListItem","position":2,"name":"Pol\u00edcias Civil e Militar ter\u00e3o efetivo refor\u00e7ado para elei\u00e7\u00e3o"}]},{"@type":"WebSite","@id":"https:\/\/www.blogsoestado.com\/danielmatos\/#website","url":"https:\/\/www.blogsoestado.com\/danielmatos\/","name":"Daniel Matos","description":"","potentialAction":[{"@type":"SearchAction","target":{"@type":"EntryPoint","urlTemplate":"https:\/\/www.blogsoestado.com\/danielmatos\/?s={search_term_string}"},"query-input":{"@type":"PropertyValueSpecification","valueRequired":true,"valueName":"search_term_string"}}],"inLanguage":"pt-BR"}]}},"jetpack_featured_media_url":"","_links":{"self":[{"href":"https:\/\/www.blogsoestado.com\/danielmatos\/wp-json\/wp\/v2\/posts\/19697","targetHints":{"allow":["GET"]}}],"collection":[{"href":"https:\/\/www.blogsoestado.com\/danielmatos\/wp-json\/wp\/v2\/posts"}],"about":[{"href":"https:\/\/www.blogsoestado.com\/danielmatos\/wp-json\/wp\/v2\/types\/post"}],"replies":[{"embeddable":true,"href":"https:\/\/www.blogsoestado.com\/danielmatos\/wp-json\/wp\/v2\/comments?post=19697"}],"version-history":[{"count":0,"href":"https:\/\/www.blogsoestado.com\/danielmatos\/wp-json\/wp\/v2\/posts\/19697\/revisions"}],"wp:attachment":[{"href":"https:\/\/www.blogsoestado.com\/danielmatos\/wp-json\/wp\/v2\/media?parent=19697"}],"wp:term":[{"taxonomy":"category","embeddable":true,"href":"https:\/\/www.blogsoestado.com\/danielmatos\/wp-json\/wp\/v2\/categories?post=19697"},{"taxonomy":"post_tag","embeddable":true,"href":"https:\/\/www.blogsoestado.com\/danielmatos\/wp-json\/wp\/v2\/tags?post=19697"}],"curies":[{"name":"wp","href":"https:\/\/api.w.org\/{rel}","templated":true}]}}