{"id":19699,"date":"2014-10-04T12:23:59","date_gmt":"2014-10-04T15:23:59","guid":{"rendered":"https:\/\/www.blogsoestado.com\/danielmatos\/?p=19699"},"modified":"2014-10-04T12:23:59","modified_gmt":"2014-10-04T15:23:59","slug":"pmdb-protocola-representacao-criminal-contra-edmar-cutrim-no-stj","status":"publish","type":"post","link":"https:\/\/www.blogsoestado.com\/danielmatos\/pmdb-protocola-representacao-criminal-contra-edmar-cutrim-no-stj\/","title":{"rendered":"PMDB protocola representa\u00e7\u00e3o criminal contra Edmar Cutrim no STJ"},"content":{"rendered":"<figure id=\"attachment_19661\" aria-describedby=\"caption-attachment-19661\" style=\"width: 336px\" class=\"wp-caption alignright\"><a href=\"https:\/\/www.blogsoestado.com\/danielmatos\/files\/2014\/10\/edmar-cutrim.jpg\"><img fetchpriority=\"high\" decoding=\"async\" class=\"size-full wp-image-19661\" src=\"https:\/\/www.blogsoestado.com\/danielmatos\/files\/2014\/10\/edmar-cutrim.jpg\" alt=\"Edmar Cutrim foi denunciado ao STJ por suspeita de il\u00edcito para influenciar resultado da elei\u00e7\u00e3o\" width=\"336\" height=\"343\" \/><\/a><figcaption id=\"caption-attachment-19661\" class=\"wp-caption-text\">Edmar Cutrim foi denunciado ao STJ por suspeita de il\u00edcito para influenciar resultado da elei\u00e7\u00e3o<\/figcaption><\/figure>\n<p>Advogados do PMDB protocolaram nesta sexta-feira (03), no Supremo Tribunal de Justi\u00e7a, STJ, <a href=\"file:\/\/\/C:\/Users\/Daniel\/Downloads\/Not%C3%ADcia-crime%20PMDB%201.pdf\" target=\"_blank\">not\u00edcia crime<\/a> com pedido de medida cautelar contra o presidente do Tribunal de Contas do Estado, Edmar Cutrim. Contra o conselheiro do TCE pesa a acusa\u00e7\u00e3o de que ele teria sido flagrado pela governadora do Maranh\u00e3o, Roseana Sarney cometendo graves il\u00edcitos com o prop\u00f3sito de influenciar no resultado do processo eleitoral do Maranh\u00e3o.<\/p>\n<p>Ainda segundo relato da governadora Roseana Sarney, o flagrante ocorreu durante liga\u00e7\u00e3o telef\u00f4nica de seu celular para o telefone do pr\u00f3prio presidente do Tribunal de Contas do Estado, Edmar Cutrim, quem na ocasi\u00e3o \u201ctratava sobre pol\u00edtica de forma n\u00e3o convencional\u201d. Na ocasi\u00e3o do flagrante feito na ultima quarta-feira (01), a governadora acionou a seguran\u00e7a do Pal\u00e1cio dos Le\u00f5es para que a liga\u00e7\u00e3o fosse gravada para posterior averigua\u00e7\u00e3o e medidas legais aplicadas contra o caso.<\/p>\n<p>O documento protocolado em Bras\u00edlia, solicita ainda imediato afastamento de Edmar Cutrim do cargo de conselheiro e presidente do TCE para que o pleito n\u00e3o sofra press\u00f5es e interfer\u00eancias indevidas.<\/p>\n<p>Em anexo c\u00f3pia na integra do documento protocolado no Supremo Tribunal de Justi\u00e7a com o pedido de afastamento do presidente do TCE, Edmar Cutrim.<\/p>\n<p>Ainda nesta sexta-feira (03), advogados da coliga\u00e7\u00e3o Pra Frente Maranh\u00e3o, encaminharam um novo pedido de medida cautelar ao Tribunal Regional Eleitoral, TRE, tamb\u00e9m solicitando o afastamento imediato do presidente do TCE, Edmar Cutrim de suas fun\u00e7\u00f5es.<\/p>\n<p>Caso o documento seja deferido pelo \u00f3rg\u00e3o dever\u00e1 ser iniciada a\u00e7\u00e3o judicial de investiga\u00e7\u00e3o eleitoral envolvendo ainda o candidato do PC do B, Fl\u00e1vio Dino, como suposto benefici\u00e1rio direto das a\u00e7\u00f5es il\u00edcitas cometidas pelo presidente do Tribunal de Contas, Edmar Cutrim.<\/p>\n","protected":false},"excerpt":{"rendered":"<p>Advogados do PMDB protocolaram nesta sexta-feira (03), no Supremo Tribunal de Justi\u00e7a, STJ, not\u00edcia crime com pedido de medida cautelar [&hellip;]<\/p>\n","protected":false},"author":0,"featured_media":0,"comment_status":"open","ping_status":"open","sticky":false,"template":"","format":"standard","meta":{"site-sidebar-layout":"default","site-content-layout":"","ast-site-content-layout":"default","site-content-style":"default","site-sidebar-style":"default","ast-global-header-display":"","ast-banner-title-visibility":"","ast-main-header-display":"","ast-hfb-above-header-display":"","ast-hfb-below-header-display":"","ast-hfb-mobile-header-display":"","site-post-title":"","ast-breadcrumbs-content":"","ast-featured-img":"","footer-sml-layout":"","ast-disable-related-posts":"","theme-transparent-header-meta":"","adv-header-id-meta":"","stick-header-meta":"","header-above-stick-meta":"","header-main-stick-meta":"","header-below-stick-meta":"","astra-migrate-meta-layouts":"default","ast-page-background-enabled":"default","ast-page-background-meta":{"desktop":{"background-color":"var(--ast-global-color-5)","background-image":"","background-repeat":"repeat","background-position":"center center","background-size":"auto","background-attachment":"scroll","background-type":"","background-media":"","overlay-type":"","overlay-color":"","overlay-opacity":"","overlay-gradient":""},"tablet":{"background-color":"","background-image":"","background-repeat":"repeat","background-position":"center center","background-size":"auto","background-attachment":"scroll","background-type":"","background-media":"","overlay-type":"","overlay-color":"","overlay-opacity":"","overlay-gradient":""},"mobile":{"background-color":"","background-image":"","background-repeat":"repeat","background-position":"center center","background-size":"auto","background-attachment":"scroll","background-type":"","background-media":"","overlay-type":"","overlay-color":"","overlay-opacity":"","overlay-gradient":""}},"ast-content-background-meta":{"desktop":{"background-color":"var(--ast-global-color-4)","background-image":"","background-repeat":"repeat","background-position":"center center","background-size":"auto","background-attachment":"scroll","background-type":"","background-media":"","overlay-type":"","overlay-color":"","overlay-opacity":"","overlay-gradient":""},"tablet":{"background-color":"var(--ast-global-color-4)","background-image":"","background-repeat":"repeat","background-position":"center center","background-size":"auto","background-attachment":"scroll","background-type":"","background-media":"","overlay-type":"","overlay-color":"","overlay-opacity":"","overlay-gradient":""},"mobile":{"background-color":"var(--ast-global-color-4)","background-image":"","background-repeat":"repeat","background-position":"center center","background-size":"auto","background-attachment":"scroll","background-type":"","background-media":"","overlay-type":"","overlay-color":"","overlay-opacity":"","overlay-gradient":""}},"footnotes":""},"categories":[1],"tags":[],"class_list":["post-19699","post","type-post","status-publish","format-standard","hentry","category-sem-categoria"],"yoast_head":"<!-- This site is optimized with the Yoast SEO plugin v26.6 - https:\/\/yoast.com\/wordpress\/plugins\/seo\/ -->\n<title>PMDB protocola representa\u00e7\u00e3o criminal contra Edmar Cutrim no STJ - Daniel Matos<\/title>\n<meta name=\"robots\" content=\"index, follow, max-snippet:-1, max-image-preview:large, max-video-preview:-1\" \/>\n<link rel=\"canonical\" href=\"https:\/\/www.blogsoestado.com\/danielmatos\/pmdb-protocola-representacao-criminal-contra-edmar-cutrim-no-stj\/\" \/>\n<meta property=\"og:locale\" content=\"pt_BR\" \/>\n<meta property=\"og:type\" content=\"article\" \/>\n<meta property=\"og:title\" content=\"PMDB protocola representa\u00e7\u00e3o criminal contra Edmar Cutrim no STJ - Daniel Matos\" \/>\n<meta property=\"og:description\" content=\"Advogados do PMDB protocolaram nesta sexta-feira (03), no Supremo Tribunal de Justi\u00e7a, STJ, not\u00edcia crime com pedido de medida cautelar [&hellip;]\" \/>\n<meta property=\"og:url\" content=\"https:\/\/www.blogsoestado.com\/danielmatos\/pmdb-protocola-representacao-criminal-contra-edmar-cutrim-no-stj\/\" \/>\n<meta property=\"og:site_name\" content=\"Daniel Matos\" \/>\n<meta property=\"article:published_time\" content=\"2014-10-04T15:23:59+00:00\" \/>\n<meta property=\"og:image\" content=\"https:\/\/www.blogsoestado.com\/danielmatos\/files\/2014\/10\/edmar-cutrim.jpg\" \/>\n<meta name=\"twitter:card\" content=\"summary_large_image\" \/>\n<meta name=\"twitter:label1\" content=\"Est. tempo de leitura\" \/>\n\t<meta name=\"twitter:data1\" content=\"2 minutos\" \/>\n<script type=\"application\/ld+json\" class=\"yoast-schema-graph\">{\"@context\":\"https:\/\/schema.org\",\"@graph\":[{\"@type\":\"WebPage\",\"@id\":\"https:\/\/www.blogsoestado.com\/danielmatos\/pmdb-protocola-representacao-criminal-contra-edmar-cutrim-no-stj\/\",\"url\":\"https:\/\/www.blogsoestado.com\/danielmatos\/pmdb-protocola-representacao-criminal-contra-edmar-cutrim-no-stj\/\",\"name\":\"PMDB protocola representa\u00e7\u00e3o criminal contra Edmar Cutrim no STJ - Daniel Matos\",\"isPartOf\":{\"@id\":\"https:\/\/www.blogsoestado.com\/danielmatos\/#website\"},\"primaryImageOfPage\":{\"@id\":\"https:\/\/www.blogsoestado.com\/danielmatos\/pmdb-protocola-representacao-criminal-contra-edmar-cutrim-no-stj\/#primaryimage\"},\"image\":{\"@id\":\"https:\/\/www.blogsoestado.com\/danielmatos\/pmdb-protocola-representacao-criminal-contra-edmar-cutrim-no-stj\/#primaryimage\"},\"thumbnailUrl\":\"https:\/\/www.blogsoestado.com\/danielmatos\/files\/2014\/10\/edmar-cutrim.jpg\",\"datePublished\":\"2014-10-04T15:23:59+00:00\",\"author\":{\"@id\":\"\"},\"breadcrumb\":{\"@id\":\"https:\/\/www.blogsoestado.com\/danielmatos\/pmdb-protocola-representacao-criminal-contra-edmar-cutrim-no-stj\/#breadcrumb\"},\"inLanguage\":\"pt-BR\",\"potentialAction\":[{\"@type\":\"ReadAction\",\"target\":[\"https:\/\/www.blogsoestado.com\/danielmatos\/pmdb-protocola-representacao-criminal-contra-edmar-cutrim-no-stj\/\"]}]},{\"@type\":\"ImageObject\",\"inLanguage\":\"pt-BR\",\"@id\":\"https:\/\/www.blogsoestado.com\/danielmatos\/pmdb-protocola-representacao-criminal-contra-edmar-cutrim-no-stj\/#primaryimage\",\"url\":\"https:\/\/www.blogsoestado.com\/danielmatos\/files\/2014\/10\/edmar-cutrim.jpg\",\"contentUrl\":\"https:\/\/www.blogsoestado.com\/danielmatos\/files\/2014\/10\/edmar-cutrim.jpg\"},{\"@type\":\"BreadcrumbList\",\"@id\":\"https:\/\/www.blogsoestado.com\/danielmatos\/pmdb-protocola-representacao-criminal-contra-edmar-cutrim-no-stj\/#breadcrumb\",\"itemListElement\":[{\"@type\":\"ListItem\",\"position\":1,\"name\":\"In\u00edcio\",\"item\":\"https:\/\/www.blogsoestado.com\/danielmatos\/\"},{\"@type\":\"ListItem\",\"position\":2,\"name\":\"PMDB protocola representa\u00e7\u00e3o criminal contra Edmar Cutrim no STJ\"}]},{\"@type\":\"WebSite\",\"@id\":\"https:\/\/www.blogsoestado.com\/danielmatos\/#website\",\"url\":\"https:\/\/www.blogsoestado.com\/danielmatos\/\",\"name\":\"Daniel Matos\",\"description\":\"\",\"potentialAction\":[{\"@type\":\"SearchAction\",\"target\":{\"@type\":\"EntryPoint\",\"urlTemplate\":\"https:\/\/www.blogsoestado.com\/danielmatos\/?s={search_term_string}\"},\"query-input\":{\"@type\":\"PropertyValueSpecification\",\"valueRequired\":true,\"valueName\":\"search_term_string\"}}],\"inLanguage\":\"pt-BR\"}]}<\/script>\n<!-- \/ Yoast SEO plugin. -->","yoast_head_json":{"title":"PMDB protocola representa\u00e7\u00e3o criminal contra Edmar Cutrim no STJ - Daniel Matos","robots":{"index":"index","follow":"follow","max-snippet":"max-snippet:-1","max-image-preview":"max-image-preview:large","max-video-preview":"max-video-preview:-1"},"canonical":"https:\/\/www.blogsoestado.com\/danielmatos\/pmdb-protocola-representacao-criminal-contra-edmar-cutrim-no-stj\/","og_locale":"pt_BR","og_type":"article","og_title":"PMDB protocola representa\u00e7\u00e3o criminal contra Edmar Cutrim no STJ - Daniel Matos","og_description":"Advogados do PMDB protocolaram nesta sexta-feira (03), no Supremo Tribunal de Justi\u00e7a, STJ, not\u00edcia crime com pedido de medida cautelar [&hellip;]","og_url":"https:\/\/www.blogsoestado.com\/danielmatos\/pmdb-protocola-representacao-criminal-contra-edmar-cutrim-no-stj\/","og_site_name":"Daniel Matos","article_published_time":"2014-10-04T15:23:59+00:00","og_image":[{"url":"https:\/\/www.blogsoestado.com\/danielmatos\/files\/2014\/10\/edmar-cutrim.jpg","type":"","width":"","height":""}],"twitter_card":"summary_large_image","twitter_misc":{"Est. tempo de leitura":"2 minutos"},"schema":{"@context":"https:\/\/schema.org","@graph":[{"@type":"WebPage","@id":"https:\/\/www.blogsoestado.com\/danielmatos\/pmdb-protocola-representacao-criminal-contra-edmar-cutrim-no-stj\/","url":"https:\/\/www.blogsoestado.com\/danielmatos\/pmdb-protocola-representacao-criminal-contra-edmar-cutrim-no-stj\/","name":"PMDB protocola representa\u00e7\u00e3o criminal contra Edmar Cutrim no STJ - Daniel Matos","isPartOf":{"@id":"https:\/\/www.blogsoestado.com\/danielmatos\/#website"},"primaryImageOfPage":{"@id":"https:\/\/www.blogsoestado.com\/danielmatos\/pmdb-protocola-representacao-criminal-contra-edmar-cutrim-no-stj\/#primaryimage"},"image":{"@id":"https:\/\/www.blogsoestado.com\/danielmatos\/pmdb-protocola-representacao-criminal-contra-edmar-cutrim-no-stj\/#primaryimage"},"thumbnailUrl":"https:\/\/www.blogsoestado.com\/danielmatos\/files\/2014\/10\/edmar-cutrim.jpg","datePublished":"2014-10-04T15:23:59+00:00","author":{"@id":""},"breadcrumb":{"@id":"https:\/\/www.blogsoestado.com\/danielmatos\/pmdb-protocola-representacao-criminal-contra-edmar-cutrim-no-stj\/#breadcrumb"},"inLanguage":"pt-BR","potentialAction":[{"@type":"ReadAction","target":["https:\/\/www.blogsoestado.com\/danielmatos\/pmdb-protocola-representacao-criminal-contra-edmar-cutrim-no-stj\/"]}]},{"@type":"ImageObject","inLanguage":"pt-BR","@id":"https:\/\/www.blogsoestado.com\/danielmatos\/pmdb-protocola-representacao-criminal-contra-edmar-cutrim-no-stj\/#primaryimage","url":"https:\/\/www.blogsoestado.com\/danielmatos\/files\/2014\/10\/edmar-cutrim.jpg","contentUrl":"https:\/\/www.blogsoestado.com\/danielmatos\/files\/2014\/10\/edmar-cutrim.jpg"},{"@type":"BreadcrumbList","@id":"https:\/\/www.blogsoestado.com\/danielmatos\/pmdb-protocola-representacao-criminal-contra-edmar-cutrim-no-stj\/#breadcrumb","itemListElement":[{"@type":"ListItem","position":1,"name":"In\u00edcio","item":"https:\/\/www.blogsoestado.com\/danielmatos\/"},{"@type":"ListItem","position":2,"name":"PMDB protocola representa\u00e7\u00e3o criminal contra Edmar Cutrim no STJ"}]},{"@type":"WebSite","@id":"https:\/\/www.blogsoestado.com\/danielmatos\/#website","url":"https:\/\/www.blogsoestado.com\/danielmatos\/","name":"Daniel Matos","description":"","potentialAction":[{"@type":"SearchAction","target":{"@type":"EntryPoint","urlTemplate":"https:\/\/www.blogsoestado.com\/danielmatos\/?s={search_term_string}"},"query-input":{"@type":"PropertyValueSpecification","valueRequired":true,"valueName":"search_term_string"}}],"inLanguage":"pt-BR"}]}},"jetpack_featured_media_url":"","_links":{"self":[{"href":"https:\/\/www.blogsoestado.com\/danielmatos\/wp-json\/wp\/v2\/posts\/19699","targetHints":{"allow":["GET"]}}],"collection":[{"href":"https:\/\/www.blogsoestado.com\/danielmatos\/wp-json\/wp\/v2\/posts"}],"about":[{"href":"https:\/\/www.blogsoestado.com\/danielmatos\/wp-json\/wp\/v2\/types\/post"}],"replies":[{"embeddable":true,"href":"https:\/\/www.blogsoestado.com\/danielmatos\/wp-json\/wp\/v2\/comments?post=19699"}],"version-history":[{"count":0,"href":"https:\/\/www.blogsoestado.com\/danielmatos\/wp-json\/wp\/v2\/posts\/19699\/revisions"}],"wp:attachment":[{"href":"https:\/\/www.blogsoestado.com\/danielmatos\/wp-json\/wp\/v2\/media?parent=19699"}],"wp:term":[{"taxonomy":"category","embeddable":true,"href":"https:\/\/www.blogsoestado.com\/danielmatos\/wp-json\/wp\/v2\/categories?post=19699"},{"taxonomy":"post_tag","embeddable":true,"href":"https:\/\/www.blogsoestado.com\/danielmatos\/wp-json\/wp\/v2\/tags?post=19699"}],"curies":[{"name":"wp","href":"https:\/\/api.w.org\/{rel}","templated":true}]}}