{"id":197,"date":"2007-11-13T11:59:30","date_gmt":"2007-11-13T11:59:30","guid":{"rendered":"https:\/\/www.blogsoestado.com\/danielmatos\/2007\/11\/13\/professora-da-ufma-deve-assumir-direcao-geral-do-hu\/"},"modified":"2007-11-13T11:59:30","modified_gmt":"2007-11-13T11:59:30","slug":"professora-da-ufma-deve-assumir-direcao-geral-do-hu","status":"publish","type":"post","link":"https:\/\/www.blogsoestado.com\/danielmatos\/professora-da-ufma-deve-assumir-direcao-geral-do-hu\/","title":{"rendered":"Professora da UFMA deve assumir dire\u00e7\u00e3o-geral do HU"},"content":{"rendered":"<p><b><font size=\"4\"><\/font><\/b><\/p>\n<p><font size=\"3\">Apesar de ainda n\u00e3o sido feito o an\u00fancio oficial, a nova diretora-geral do Hospital Universit\u00e1rio dever\u00e1 ser a professora Maria Desterro, do Departamento de Patologia do curso de Medicina da Universidade Federal do Maranh\u00e3o (UFMA). Ela substituir\u00e1 o professor-doutor Natalino Salgado, que j\u00e1 est\u00e1  em pleno exerc\u00edcio do cargo de reitor da institui\u00e7\u00e3o.  <\/p>\n<p>A confirma\u00e7\u00e3o do nome de Desterro deve ser feita nos pr\u00f3ximos dias pelo pr\u00f3prio Natalino Salgado, que est\u00e1 em viagem. Mas, no HU, o nome da docente j\u00e1 \u00e9 dado como certo para assumir o cargo. <\/p>\n<p>Por enquanto, quem est\u00e1 respondendo pela dire\u00e7\u00e3o-geral do hospital \u00e9 a diretora de Planejamento Marina Nascimento.<\/font>     <\/p>\n","protected":false},"excerpt":{"rendered":"<p>Apesar de ainda n\u00e3o sido feito o an\u00fancio oficial, a nova diretora-geral do Hospital Universit\u00e1rio dever\u00e1 ser a professora Maria [&hellip;]<\/p>\n","protected":false},"author":0,"featured_media":0,"comment_status":"open","ping_status":"open","sticky":false,"template":"","format":"standard","meta":{"site-sidebar-layout":"default","site-content-layout":"","ast-site-content-layout":"default","site-content-style":"default","site-sidebar-style":"default","ast-global-header-display":"","ast-banner-title-visibility":"","ast-main-header-display":"","ast-hfb-above-header-display":"","ast-hfb-below-header-display":"","ast-hfb-mobile-header-display":"","site-post-title":"","ast-breadcrumbs-content":"","ast-featured-img":"","footer-sml-layout":"","ast-disable-related-posts":"","theme-transparent-header-meta":"","adv-header-id-meta":"","stick-header-meta":"","header-above-stick-meta":"","header-main-stick-meta":"","header-below-stick-meta":"","astra-migrate-meta-layouts":"default","ast-page-background-enabled":"default","ast-page-background-meta":{"desktop":{"background-color":"var(--ast-global-color-5)","background-image":"","background-repeat":"repeat","background-position":"center center","background-size":"auto","background-attachment":"scroll","background-type":"","background-media":"","overlay-type":"","overlay-color":"","overlay-opacity":"","overlay-gradient":""},"tablet":{"background-color":"","background-image":"","background-repeat":"repeat","background-position":"center center","background-size":"auto","background-attachment":"scroll","background-type":"","background-media":"","overlay-type":"","overlay-color":"","overlay-opacity":"","overlay-gradient":""},"mobile":{"background-color":"","background-image":"","background-repeat":"repeat","background-position":"center center","background-size":"auto","background-attachment":"scroll","background-type":"","background-media":"","overlay-type":"","overlay-color":"","overlay-opacity":"","overlay-gradient":""}},"ast-content-background-meta":{"desktop":{"background-color":"var(--ast-global-color-4)","background-image":"","background-repeat":"repeat","background-position":"center center","background-size":"auto","background-attachment":"scroll","background-type":"","background-media":"","overlay-type":"","overlay-color":"","overlay-opacity":"","overlay-gradient":""},"tablet":{"background-color":"var(--ast-global-color-4)","background-image":"","background-repeat":"repeat","background-position":"center center","background-size":"auto","background-attachment":"scroll","background-type":"","background-media":"","overlay-type":"","overlay-color":"","overlay-opacity":"","overlay-gradient":""},"mobile":{"background-color":"var(--ast-global-color-4)","background-image":"","background-repeat":"repeat","background-position":"center center","background-size":"auto","background-attachment":"scroll","background-type":"","background-media":"","overlay-type":"","overlay-color":"","overlay-opacity":"","overlay-gradient":""}},"footnotes":""},"categories":[1],"tags":[],"class_list":["post-197","post","type-post","status-publish","format-standard","hentry","category-sem-categoria"],"yoast_head":"<!-- This site is optimized with the Yoast SEO plugin v26.6 - https:\/\/yoast.com\/wordpress\/plugins\/seo\/ -->\n<title>Professora da UFMA deve assumir dire\u00e7\u00e3o-geral do HU - Daniel Matos<\/title>\n<meta name=\"robots\" content=\"index, follow, max-snippet:-1, max-image-preview:large, max-video-preview:-1\" \/>\n<link rel=\"canonical\" href=\"https:\/\/www.blogsoestado.com\/danielmatos\/professora-da-ufma-deve-assumir-direcao-geral-do-hu\/\" \/>\n<meta property=\"og:locale\" content=\"pt_BR\" \/>\n<meta property=\"og:type\" content=\"article\" \/>\n<meta property=\"og:title\" content=\"Professora da UFMA deve assumir dire\u00e7\u00e3o-geral do HU - Daniel Matos\" \/>\n<meta property=\"og:description\" content=\"Apesar de ainda n\u00e3o sido feito o an\u00fancio oficial, a nova diretora-geral do Hospital Universit\u00e1rio dever\u00e1 ser a professora Maria [&hellip;]\" \/>\n<meta property=\"og:url\" content=\"https:\/\/www.blogsoestado.com\/danielmatos\/professora-da-ufma-deve-assumir-direcao-geral-do-hu\/\" \/>\n<meta property=\"og:site_name\" content=\"Daniel Matos\" \/>\n<meta property=\"article:published_time\" content=\"2007-11-13T11:59:30+00:00\" \/>\n<meta name=\"twitter:card\" content=\"summary_large_image\" \/>\n<meta name=\"twitter:label1\" content=\"Est. tempo de leitura\" \/>\n\t<meta name=\"twitter:data1\" content=\"1 minuto\" \/>\n<script type=\"application\/ld+json\" class=\"yoast-schema-graph\">{\"@context\":\"https:\/\/schema.org\",\"@graph\":[{\"@type\":\"WebPage\",\"@id\":\"https:\/\/www.blogsoestado.com\/danielmatos\/professora-da-ufma-deve-assumir-direcao-geral-do-hu\/\",\"url\":\"https:\/\/www.blogsoestado.com\/danielmatos\/professora-da-ufma-deve-assumir-direcao-geral-do-hu\/\",\"name\":\"Professora da UFMA deve assumir dire\u00e7\u00e3o-geral do HU - Daniel Matos\",\"isPartOf\":{\"@id\":\"https:\/\/www.blogsoestado.com\/danielmatos\/#website\"},\"datePublished\":\"2007-11-13T11:59:30+00:00\",\"author\":{\"@id\":\"\"},\"breadcrumb\":{\"@id\":\"https:\/\/www.blogsoestado.com\/danielmatos\/professora-da-ufma-deve-assumir-direcao-geral-do-hu\/#breadcrumb\"},\"inLanguage\":\"pt-BR\",\"potentialAction\":[{\"@type\":\"ReadAction\",\"target\":[\"https:\/\/www.blogsoestado.com\/danielmatos\/professora-da-ufma-deve-assumir-direcao-geral-do-hu\/\"]}]},{\"@type\":\"BreadcrumbList\",\"@id\":\"https:\/\/www.blogsoestado.com\/danielmatos\/professora-da-ufma-deve-assumir-direcao-geral-do-hu\/#breadcrumb\",\"itemListElement\":[{\"@type\":\"ListItem\",\"position\":1,\"name\":\"In\u00edcio\",\"item\":\"https:\/\/www.blogsoestado.com\/danielmatos\/\"},{\"@type\":\"ListItem\",\"position\":2,\"name\":\"Professora da UFMA deve assumir dire\u00e7\u00e3o-geral do HU\"}]},{\"@type\":\"WebSite\",\"@id\":\"https:\/\/www.blogsoestado.com\/danielmatos\/#website\",\"url\":\"https:\/\/www.blogsoestado.com\/danielmatos\/\",\"name\":\"Daniel Matos\",\"description\":\"\",\"potentialAction\":[{\"@type\":\"SearchAction\",\"target\":{\"@type\":\"EntryPoint\",\"urlTemplate\":\"https:\/\/www.blogsoestado.com\/danielmatos\/?s={search_term_string}\"},\"query-input\":{\"@type\":\"PropertyValueSpecification\",\"valueRequired\":true,\"valueName\":\"search_term_string\"}}],\"inLanguage\":\"pt-BR\"}]}<\/script>\n<!-- \/ Yoast SEO plugin. -->","yoast_head_json":{"title":"Professora da UFMA deve assumir dire\u00e7\u00e3o-geral do HU - Daniel Matos","robots":{"index":"index","follow":"follow","max-snippet":"max-snippet:-1","max-image-preview":"max-image-preview:large","max-video-preview":"max-video-preview:-1"},"canonical":"https:\/\/www.blogsoestado.com\/danielmatos\/professora-da-ufma-deve-assumir-direcao-geral-do-hu\/","og_locale":"pt_BR","og_type":"article","og_title":"Professora da UFMA deve assumir dire\u00e7\u00e3o-geral do HU - Daniel Matos","og_description":"Apesar de ainda n\u00e3o sido feito o an\u00fancio oficial, a nova diretora-geral do Hospital Universit\u00e1rio dever\u00e1 ser a professora Maria [&hellip;]","og_url":"https:\/\/www.blogsoestado.com\/danielmatos\/professora-da-ufma-deve-assumir-direcao-geral-do-hu\/","og_site_name":"Daniel Matos","article_published_time":"2007-11-13T11:59:30+00:00","twitter_card":"summary_large_image","twitter_misc":{"Est. tempo de leitura":"1 minuto"},"schema":{"@context":"https:\/\/schema.org","@graph":[{"@type":"WebPage","@id":"https:\/\/www.blogsoestado.com\/danielmatos\/professora-da-ufma-deve-assumir-direcao-geral-do-hu\/","url":"https:\/\/www.blogsoestado.com\/danielmatos\/professora-da-ufma-deve-assumir-direcao-geral-do-hu\/","name":"Professora da UFMA deve assumir dire\u00e7\u00e3o-geral do HU - Daniel Matos","isPartOf":{"@id":"https:\/\/www.blogsoestado.com\/danielmatos\/#website"},"datePublished":"2007-11-13T11:59:30+00:00","author":{"@id":""},"breadcrumb":{"@id":"https:\/\/www.blogsoestado.com\/danielmatos\/professora-da-ufma-deve-assumir-direcao-geral-do-hu\/#breadcrumb"},"inLanguage":"pt-BR","potentialAction":[{"@type":"ReadAction","target":["https:\/\/www.blogsoestado.com\/danielmatos\/professora-da-ufma-deve-assumir-direcao-geral-do-hu\/"]}]},{"@type":"BreadcrumbList","@id":"https:\/\/www.blogsoestado.com\/danielmatos\/professora-da-ufma-deve-assumir-direcao-geral-do-hu\/#breadcrumb","itemListElement":[{"@type":"ListItem","position":1,"name":"In\u00edcio","item":"https:\/\/www.blogsoestado.com\/danielmatos\/"},{"@type":"ListItem","position":2,"name":"Professora da UFMA deve assumir dire\u00e7\u00e3o-geral do HU"}]},{"@type":"WebSite","@id":"https:\/\/www.blogsoestado.com\/danielmatos\/#website","url":"https:\/\/www.blogsoestado.com\/danielmatos\/","name":"Daniel Matos","description":"","potentialAction":[{"@type":"SearchAction","target":{"@type":"EntryPoint","urlTemplate":"https:\/\/www.blogsoestado.com\/danielmatos\/?s={search_term_string}"},"query-input":{"@type":"PropertyValueSpecification","valueRequired":true,"valueName":"search_term_string"}}],"inLanguage":"pt-BR"}]}},"jetpack_featured_media_url":"","_links":{"self":[{"href":"https:\/\/www.blogsoestado.com\/danielmatos\/wp-json\/wp\/v2\/posts\/197","targetHints":{"allow":["GET"]}}],"collection":[{"href":"https:\/\/www.blogsoestado.com\/danielmatos\/wp-json\/wp\/v2\/posts"}],"about":[{"href":"https:\/\/www.blogsoestado.com\/danielmatos\/wp-json\/wp\/v2\/types\/post"}],"replies":[{"embeddable":true,"href":"https:\/\/www.blogsoestado.com\/danielmatos\/wp-json\/wp\/v2\/comments?post=197"}],"version-history":[{"count":0,"href":"https:\/\/www.blogsoestado.com\/danielmatos\/wp-json\/wp\/v2\/posts\/197\/revisions"}],"wp:attachment":[{"href":"https:\/\/www.blogsoestado.com\/danielmatos\/wp-json\/wp\/v2\/media?parent=197"}],"wp:term":[{"taxonomy":"category","embeddable":true,"href":"https:\/\/www.blogsoestado.com\/danielmatos\/wp-json\/wp\/v2\/categories?post=197"},{"taxonomy":"post_tag","embeddable":true,"href":"https:\/\/www.blogsoestado.com\/danielmatos\/wp-json\/wp\/v2\/tags?post=197"}],"curies":[{"name":"wp","href":"https:\/\/api.w.org\/{rel}","templated":true}]}}