{"id":19743,"date":"2014-10-05T17:43:11","date_gmt":"2014-10-05T20:43:11","guid":{"rendered":"https:\/\/www.blogsoestado.com\/danielmatos\/?p=19743"},"modified":"2014-10-05T17:43:11","modified_gmt":"2014-10-05T20:43:11","slug":"roseana-vota-e-afirma-que-deixa-o-estado-organizado","status":"publish","type":"post","link":"https:\/\/www.blogsoestado.com\/danielmatos\/roseana-vota-e-afirma-que-deixa-o-estado-organizado\/","title":{"rendered":"Roseana vota e afirma que deixa o Estado organizado"},"content":{"rendered":"<figure id=\"attachment_19744\" aria-describedby=\"caption-attachment-19744\" style=\"width: 640px\" class=\"wp-caption aligncenter\"><a href=\"https:\/\/www.blogsoestado.com\/danielmatos\/files\/2014\/10\/roseana-vota.jpg\"><img fetchpriority=\"high\" decoding=\"async\" class=\"size-full wp-image-19744\" src=\"https:\/\/www.blogsoestado.com\/danielmatos\/files\/2014\/10\/roseana-vota.jpg\" alt=\"Governadora Roseana faz gesto positivo ap\u00f3s digitar o voto na urna\" width=\"640\" height=\"427\" \/><\/a><figcaption id=\"caption-attachment-19744\" class=\"wp-caption-text\">Governadora Roseana faz gesto positivo ap\u00f3s digitar o voto na urna<\/figcaption><\/figure>\n<p>Depois de esperar na fila por cerca de 20 minutos, a governadora Roseana Sarney votou por volta das 13h, na se\u00e7\u00e3o n\u00ba 154, instalada no Col\u00e9gio Santa Tereza, em S\u00e3o Lu\u00eds. Ela estava acompanhada dos netos, dos deputados e candidatos \u00e0 reelei\u00e7\u00e3o, Sarney Filho e Roberto Costa; do candidato a suplente de senador, Jos\u00e9 Ant\u00f4nio Heluy; das secret\u00e1rias Carla Georgina (Comunica\u00e7\u00e3o Social), Anna Graziella Costa (Casa Civil) e do secret\u00e1rio-chefe do Gabinete Militar, Jos\u00e9 Ribamar Vieira.<\/p>\n<p>Houve grande movimenta\u00e7\u00e3o em torno da governadora, que foi bastante cumprimentada e recebeu o carinho de eleitores. Muitos pediram para fazer fotos com ela. Mesmo tendo prioridade, Roseana Sarney fez quest\u00e3o de ficar na fila e esperar para votar. Ela, que usou adesivos dos seus candidatos na camiseta, gastou menos de dois minutos para registrar seu voto.<\/p>\n<p>Ao falar com a imprensa, Roseana Sarney disse que provavelmente essa ser\u00e1 o \u00faltimo ano que receber\u00e1 tanto ass\u00e9dio de jornalistas na hora de votar. \u201cA partir do ano que vem quero ser uma pessoa normal e comum\u201d, disse bem humorada.<\/p>\n<p>Ap\u00f3s o voto, Roseana Sarney afirmou que qualquer candidato que ganhe as elei\u00e7\u00f5es tem a miss\u00e3o de continuar a trabalhar e melhorar o estado. \u201cVou deixar o Estado, como sempre, organizado dentro da lei de responsabilidade fiscal e com uma coisa muito importante: um empr\u00e9stimo aprovado pelo BNDES que d\u00e1 condi\u00e7\u00f5es para fazer uma boa infraestrutura para o nosso estado\u201d, declarou.<\/p>\n<figure id=\"attachment_19745\" aria-describedby=\"caption-attachment-19745\" style=\"width: 640px\" class=\"wp-caption aligncenter\"><a href=\"https:\/\/www.blogsoestado.com\/danielmatos\/files\/2014\/10\/roseana-vota2.jpg\"><img decoding=\"async\" class=\"size-full wp-image-19745\" src=\"https:\/\/www.blogsoestado.com\/danielmatos\/files\/2014\/10\/roseana-vota2.jpg\" alt=\"Governadora Roseana aguarda na fila e conversa com eleitora, no Col\u00e9gio Santa Tereza\" width=\"640\" height=\"387\" \/><\/a><figcaption id=\"caption-attachment-19745\" class=\"wp-caption-text\">Governadora Roseana aguarda na fila e conversa com eleitora, no Col\u00e9gio Santa Tereza<\/figcaption><\/figure>\n<p>A governadora ressaltou que o seu pensamento de hoje \u00e9 o de que n\u00e3o ir\u00e1 mais disputar cargos p\u00fablicos. \u201cEu quero ser um pessoa comum, mas quero continuar participando da pol\u00edtica porque eu tenho envolvimento com o Maranh\u00e3o e com a defesa do meu estado\u201d, refor\u00e7ou governadora.<\/p>\n<p>Ela declarou, ainda, que vai deixar a pol\u00edtica por uma op\u00e7\u00e3o pessoal. \u201cDeixo o governo com a consci\u00eancia tranquila. Temos um estado muito melhor do que quando assumi com avan\u00e7os nas \u00e1reas de sa\u00fade, infraestrutura, educa\u00e7\u00e3o e combate a pobreza\u201d.<\/p>\n<p><strong>Fonte:<\/strong> Secretaria Estadual de Comunica\u00e7\u00e3o (Secom)<\/p>\n","protected":false},"excerpt":{"rendered":"<p>Depois de esperar na fila por cerca de 20 minutos, a governadora Roseana Sarney votou por volta das 13h, na [&hellip;]<\/p>\n","protected":false},"author":0,"featured_media":0,"comment_status":"open","ping_status":"open","sticky":false,"template":"","format":"standard","meta":{"site-sidebar-layout":"default","site-content-layout":"","ast-site-content-layout":"default","site-content-style":"default","site-sidebar-style":"default","ast-global-header-display":"","ast-banner-title-visibility":"","ast-main-header-display":"","ast-hfb-above-header-display":"","ast-hfb-below-header-display":"","ast-hfb-mobile-header-display":"","site-post-title":"","ast-breadcrumbs-content":"","ast-featured-img":"","footer-sml-layout":"","ast-disable-related-posts":"","theme-transparent-header-meta":"","adv-header-id-meta":"","stick-header-meta":"","header-above-stick-meta":"","header-main-stick-meta":"","header-below-stick-meta":"","astra-migrate-meta-layouts":"default","ast-page-background-enabled":"default","ast-page-background-meta":{"desktop":{"background-color":"var(--ast-global-color-5)","background-image":"","background-repeat":"repeat","background-position":"center center","background-size":"auto","background-attachment":"scroll","background-type":"","background-media":"","overlay-type":"","overlay-color":"","overlay-opacity":"","overlay-gradient":""},"tablet":{"background-color":"","background-image":"","background-repeat":"repeat","background-position":"center center","background-size":"auto","background-attachment":"scroll","background-type":"","background-media":"","overlay-type":"","overlay-color":"","overlay-opacity":"","overlay-gradient":""},"mobile":{"background-color":"","background-image":"","background-repeat":"repeat","background-position":"center center","background-size":"auto","background-attachment":"scroll","background-type":"","background-media":"","overlay-type":"","overlay-color":"","overlay-opacity":"","overlay-gradient":""}},"ast-content-background-meta":{"desktop":{"background-color":"var(--ast-global-color-4)","background-image":"","background-repeat":"repeat","background-position":"center center","background-size":"auto","background-attachment":"scroll","background-type":"","background-media":"","overlay-type":"","overlay-color":"","overlay-opacity":"","overlay-gradient":""},"tablet":{"background-color":"var(--ast-global-color-4)","background-image":"","background-repeat":"repeat","background-position":"center center","background-size":"auto","background-attachment":"scroll","background-type":"","background-media":"","overlay-type":"","overlay-color":"","overlay-opacity":"","overlay-gradient":""},"mobile":{"background-color":"var(--ast-global-color-4)","background-image":"","background-repeat":"repeat","background-position":"center center","background-size":"auto","background-attachment":"scroll","background-type":"","background-media":"","overlay-type":"","overlay-color":"","overlay-opacity":"","overlay-gradient":""}},"footnotes":""},"categories":[1],"tags":[],"class_list":["post-19743","post","type-post","status-publish","format-standard","hentry","category-sem-categoria"],"yoast_head":"<!-- This site is optimized with the Yoast SEO plugin v26.6 - https:\/\/yoast.com\/wordpress\/plugins\/seo\/ -->\n<title>Roseana vota e afirma que deixa o Estado organizado - Daniel Matos<\/title>\n<meta name=\"robots\" content=\"index, follow, max-snippet:-1, max-image-preview:large, max-video-preview:-1\" \/>\n<link rel=\"canonical\" href=\"https:\/\/www.blogsoestado.com\/danielmatos\/roseana-vota-e-afirma-que-deixa-o-estado-organizado\/\" \/>\n<meta property=\"og:locale\" content=\"pt_BR\" \/>\n<meta property=\"og:type\" content=\"article\" \/>\n<meta property=\"og:title\" content=\"Roseana vota e afirma que deixa o Estado organizado - Daniel Matos\" \/>\n<meta property=\"og:description\" content=\"Depois de esperar na fila por cerca de 20 minutos, a governadora Roseana Sarney votou por volta das 13h, na [&hellip;]\" \/>\n<meta property=\"og:url\" content=\"https:\/\/www.blogsoestado.com\/danielmatos\/roseana-vota-e-afirma-que-deixa-o-estado-organizado\/\" \/>\n<meta property=\"og:site_name\" content=\"Daniel Matos\" \/>\n<meta property=\"article:published_time\" content=\"2014-10-05T20:43:11+00:00\" \/>\n<meta property=\"og:image\" content=\"https:\/\/www.blogsoestado.com\/danielmatos\/files\/2014\/10\/roseana-vota.jpg\" \/>\n<meta name=\"twitter:card\" content=\"summary_large_image\" \/>\n<meta name=\"twitter:label1\" content=\"Est. tempo de leitura\" \/>\n\t<meta name=\"twitter:data1\" content=\"2 minutos\" \/>\n<script type=\"application\/ld+json\" class=\"yoast-schema-graph\">{\"@context\":\"https:\/\/schema.org\",\"@graph\":[{\"@type\":\"WebPage\",\"@id\":\"https:\/\/www.blogsoestado.com\/danielmatos\/roseana-vota-e-afirma-que-deixa-o-estado-organizado\/\",\"url\":\"https:\/\/www.blogsoestado.com\/danielmatos\/roseana-vota-e-afirma-que-deixa-o-estado-organizado\/\",\"name\":\"Roseana vota e afirma que deixa o Estado organizado - Daniel Matos\",\"isPartOf\":{\"@id\":\"https:\/\/www.blogsoestado.com\/danielmatos\/#website\"},\"primaryImageOfPage\":{\"@id\":\"https:\/\/www.blogsoestado.com\/danielmatos\/roseana-vota-e-afirma-que-deixa-o-estado-organizado\/#primaryimage\"},\"image\":{\"@id\":\"https:\/\/www.blogsoestado.com\/danielmatos\/roseana-vota-e-afirma-que-deixa-o-estado-organizado\/#primaryimage\"},\"thumbnailUrl\":\"https:\/\/www.blogsoestado.com\/danielmatos\/files\/2014\/10\/roseana-vota.jpg\",\"datePublished\":\"2014-10-05T20:43:11+00:00\",\"author\":{\"@id\":\"\"},\"breadcrumb\":{\"@id\":\"https:\/\/www.blogsoestado.com\/danielmatos\/roseana-vota-e-afirma-que-deixa-o-estado-organizado\/#breadcrumb\"},\"inLanguage\":\"pt-BR\",\"potentialAction\":[{\"@type\":\"ReadAction\",\"target\":[\"https:\/\/www.blogsoestado.com\/danielmatos\/roseana-vota-e-afirma-que-deixa-o-estado-organizado\/\"]}]},{\"@type\":\"ImageObject\",\"inLanguage\":\"pt-BR\",\"@id\":\"https:\/\/www.blogsoestado.com\/danielmatos\/roseana-vota-e-afirma-que-deixa-o-estado-organizado\/#primaryimage\",\"url\":\"https:\/\/www.blogsoestado.com\/danielmatos\/files\/2014\/10\/roseana-vota.jpg\",\"contentUrl\":\"https:\/\/www.blogsoestado.com\/danielmatos\/files\/2014\/10\/roseana-vota.jpg\"},{\"@type\":\"BreadcrumbList\",\"@id\":\"https:\/\/www.blogsoestado.com\/danielmatos\/roseana-vota-e-afirma-que-deixa-o-estado-organizado\/#breadcrumb\",\"itemListElement\":[{\"@type\":\"ListItem\",\"position\":1,\"name\":\"In\u00edcio\",\"item\":\"https:\/\/www.blogsoestado.com\/danielmatos\/\"},{\"@type\":\"ListItem\",\"position\":2,\"name\":\"Roseana vota e afirma que deixa o Estado organizado\"}]},{\"@type\":\"WebSite\",\"@id\":\"https:\/\/www.blogsoestado.com\/danielmatos\/#website\",\"url\":\"https:\/\/www.blogsoestado.com\/danielmatos\/\",\"name\":\"Daniel Matos\",\"description\":\"\",\"potentialAction\":[{\"@type\":\"SearchAction\",\"target\":{\"@type\":\"EntryPoint\",\"urlTemplate\":\"https:\/\/www.blogsoestado.com\/danielmatos\/?s={search_term_string}\"},\"query-input\":{\"@type\":\"PropertyValueSpecification\",\"valueRequired\":true,\"valueName\":\"search_term_string\"}}],\"inLanguage\":\"pt-BR\"}]}<\/script>\n<!-- \/ Yoast SEO plugin. -->","yoast_head_json":{"title":"Roseana vota e afirma que deixa o Estado organizado - Daniel Matos","robots":{"index":"index","follow":"follow","max-snippet":"max-snippet:-1","max-image-preview":"max-image-preview:large","max-video-preview":"max-video-preview:-1"},"canonical":"https:\/\/www.blogsoestado.com\/danielmatos\/roseana-vota-e-afirma-que-deixa-o-estado-organizado\/","og_locale":"pt_BR","og_type":"article","og_title":"Roseana vota e afirma que deixa o Estado organizado - Daniel Matos","og_description":"Depois de esperar na fila por cerca de 20 minutos, a governadora Roseana Sarney votou por volta das 13h, na [&hellip;]","og_url":"https:\/\/www.blogsoestado.com\/danielmatos\/roseana-vota-e-afirma-que-deixa-o-estado-organizado\/","og_site_name":"Daniel Matos","article_published_time":"2014-10-05T20:43:11+00:00","og_image":[{"url":"https:\/\/www.blogsoestado.com\/danielmatos\/files\/2014\/10\/roseana-vota.jpg","type":"","width":"","height":""}],"twitter_card":"summary_large_image","twitter_misc":{"Est. tempo de leitura":"2 minutos"},"schema":{"@context":"https:\/\/schema.org","@graph":[{"@type":"WebPage","@id":"https:\/\/www.blogsoestado.com\/danielmatos\/roseana-vota-e-afirma-que-deixa-o-estado-organizado\/","url":"https:\/\/www.blogsoestado.com\/danielmatos\/roseana-vota-e-afirma-que-deixa-o-estado-organizado\/","name":"Roseana vota e afirma que deixa o Estado organizado - Daniel Matos","isPartOf":{"@id":"https:\/\/www.blogsoestado.com\/danielmatos\/#website"},"primaryImageOfPage":{"@id":"https:\/\/www.blogsoestado.com\/danielmatos\/roseana-vota-e-afirma-que-deixa-o-estado-organizado\/#primaryimage"},"image":{"@id":"https:\/\/www.blogsoestado.com\/danielmatos\/roseana-vota-e-afirma-que-deixa-o-estado-organizado\/#primaryimage"},"thumbnailUrl":"https:\/\/www.blogsoestado.com\/danielmatos\/files\/2014\/10\/roseana-vota.jpg","datePublished":"2014-10-05T20:43:11+00:00","author":{"@id":""},"breadcrumb":{"@id":"https:\/\/www.blogsoestado.com\/danielmatos\/roseana-vota-e-afirma-que-deixa-o-estado-organizado\/#breadcrumb"},"inLanguage":"pt-BR","potentialAction":[{"@type":"ReadAction","target":["https:\/\/www.blogsoestado.com\/danielmatos\/roseana-vota-e-afirma-que-deixa-o-estado-organizado\/"]}]},{"@type":"ImageObject","inLanguage":"pt-BR","@id":"https:\/\/www.blogsoestado.com\/danielmatos\/roseana-vota-e-afirma-que-deixa-o-estado-organizado\/#primaryimage","url":"https:\/\/www.blogsoestado.com\/danielmatos\/files\/2014\/10\/roseana-vota.jpg","contentUrl":"https:\/\/www.blogsoestado.com\/danielmatos\/files\/2014\/10\/roseana-vota.jpg"},{"@type":"BreadcrumbList","@id":"https:\/\/www.blogsoestado.com\/danielmatos\/roseana-vota-e-afirma-que-deixa-o-estado-organizado\/#breadcrumb","itemListElement":[{"@type":"ListItem","position":1,"name":"In\u00edcio","item":"https:\/\/www.blogsoestado.com\/danielmatos\/"},{"@type":"ListItem","position":2,"name":"Roseana vota e afirma que deixa o Estado organizado"}]},{"@type":"WebSite","@id":"https:\/\/www.blogsoestado.com\/danielmatos\/#website","url":"https:\/\/www.blogsoestado.com\/danielmatos\/","name":"Daniel Matos","description":"","potentialAction":[{"@type":"SearchAction","target":{"@type":"EntryPoint","urlTemplate":"https:\/\/www.blogsoestado.com\/danielmatos\/?s={search_term_string}"},"query-input":{"@type":"PropertyValueSpecification","valueRequired":true,"valueName":"search_term_string"}}],"inLanguage":"pt-BR"}]}},"jetpack_featured_media_url":"","_links":{"self":[{"href":"https:\/\/www.blogsoestado.com\/danielmatos\/wp-json\/wp\/v2\/posts\/19743","targetHints":{"allow":["GET"]}}],"collection":[{"href":"https:\/\/www.blogsoestado.com\/danielmatos\/wp-json\/wp\/v2\/posts"}],"about":[{"href":"https:\/\/www.blogsoestado.com\/danielmatos\/wp-json\/wp\/v2\/types\/post"}],"replies":[{"embeddable":true,"href":"https:\/\/www.blogsoestado.com\/danielmatos\/wp-json\/wp\/v2\/comments?post=19743"}],"version-history":[{"count":0,"href":"https:\/\/www.blogsoestado.com\/danielmatos\/wp-json\/wp\/v2\/posts\/19743\/revisions"}],"wp:attachment":[{"href":"https:\/\/www.blogsoestado.com\/danielmatos\/wp-json\/wp\/v2\/media?parent=19743"}],"wp:term":[{"taxonomy":"category","embeddable":true,"href":"https:\/\/www.blogsoestado.com\/danielmatos\/wp-json\/wp\/v2\/categories?post=19743"},{"taxonomy":"post_tag","embeddable":true,"href":"https:\/\/www.blogsoestado.com\/danielmatos\/wp-json\/wp\/v2\/tags?post=19743"}],"curies":[{"name":"wp","href":"https:\/\/api.w.org\/{rel}","templated":true}]}}