{"id":19771,"date":"2014-10-06T16:38:49","date_gmt":"2014-10-06T19:38:49","guid":{"rendered":"https:\/\/www.blogsoestado.com\/danielmatos\/?p=19771"},"modified":"2014-10-06T16:38:49","modified_gmt":"2014-10-06T19:38:49","slug":"acusados-de-mandar-matar-decio-sa-pedem-ao-stf-para-aguardar-julgamento-em-liberdade","status":"publish","type":"post","link":"https:\/\/www.blogsoestado.com\/danielmatos\/acusados-de-mandar-matar-decio-sa-pedem-ao-stf-para-aguardar-julgamento-em-liberdade\/","title":{"rendered":"Acusados de mandar matar D\u00e9cio S\u00e1 pedem ao STF para aguardar julgamento em liberdade"},"content":{"rendered":"<figure id=\"attachment_19772\" aria-describedby=\"caption-attachment-19772\" style=\"width: 448px\" class=\"wp-caption alignleft\"><a href=\"https:\/\/www.blogsoestado.com\/danielmatos\/files\/2014\/10\/glaucio-miranda.jpg\"><img fetchpriority=\"high\" decoding=\"async\" class=\"size-full wp-image-19772\" src=\"https:\/\/www.blogsoestado.com\/danielmatos\/files\/2014\/10\/glaucio-miranda.jpg\" alt=\"Miranda e seu filho Gl\u00e1ucio impetraram novo habeas corpus no Supremo pedindo para aguardar julgamento em liberdade\" width=\"448\" height=\"297\" \/><\/a><figcaption id=\"caption-attachment-19772\" class=\"wp-caption-text\">Miranda e seu filho Gl\u00e1ucio impetraram novo habeas corpus no Supremo pedindo para aguardar julgamento em liberdade<\/figcaption><\/figure>\n<p>A defesa de Jos\u00e9 de Alencar Miranda Carvalho e Gl\u00e1ucio Alencar Pontes Carvalho \u2013 pai e filho, que ir\u00e3o a j\u00fari popular acusados de serem os mandantes do assassinato do jornalista D\u00e9cio S\u00e1 (respons\u00e1vel pelo Blog do D\u00e9cio), ocorrido em abril de 2012 em S\u00e3o Lu\u00eds (MA) \u2013 impetrou novo Habeas Corpus (HC 124346) no Supremo Tribunal Federal (STF), pedindo para que aguardem o julgamento em liberdade. Dez r\u00e9us foram denunciados pelo homic\u00eddio.<\/p>\n<p>Jos\u00e9 de Alencar, de 74 anos, cumpre pris\u00e3o domiciliar; seu filho Gl\u00e1ucio est\u00e1 preso no quartel do Comando Geral do Corpo de Bombeiros da capital. No HC, a defesa alega que a cust\u00f3dia de ambos \u00e9 ilegal por \u201conze motivos relevantes\u201d, entre eles a suposta in\u00e9rcia dos \u00f3rg\u00e3os acusat\u00f3rios, o cabimento de medida restritiva diversa e o longo tempo de cust\u00f3dia, \u201cinclusive em desfavor de um idoso\u201d.<\/p>\n<p>Ambos tiveram a pris\u00e3o tempor\u00e1ria decretada em junho de 2012, depois convertida em preventiva. \u201cOs pacientes nunca embara\u00e7aram a marcha do processo, motivo por que n\u00e3o merecem continuar tolhidos de sua liberdade ambulatorial por conduta procrastinat\u00f3ria de corr\u00e9u (Jos\u00e9 Raimundo), tampouco por in\u00e9rcia ou error in procedendo do Tribunal de Justi\u00e7a do Maranh\u00e3o\u201d, afirma a defesa.<\/p>\n<p>A defesa tamb\u00e9m critica a den\u00fancia, afirmando que a acusa\u00e7\u00e3o \u00e9 vaga ao demonstrar a motiva\u00e7\u00e3o que teria levados os acusados a decidirem \u201cencomendar a morte\u201d do jornalista.<\/p>\n<p><strong>Fonte:<\/strong> Supremo Tribunal Federal (STF)<\/p>\n","protected":false},"excerpt":{"rendered":"<p>A defesa de Jos\u00e9 de Alencar Miranda Carvalho e Gl\u00e1ucio Alencar Pontes Carvalho \u2013 pai e filho, que ir\u00e3o a [&hellip;]<\/p>\n","protected":false},"author":0,"featured_media":0,"comment_status":"open","ping_status":"open","sticky":false,"template":"","format":"standard","meta":{"site-sidebar-layout":"default","site-content-layout":"","ast-site-content-layout":"default","site-content-style":"default","site-sidebar-style":"default","ast-global-header-display":"","ast-banner-title-visibility":"","ast-main-header-display":"","ast-hfb-above-header-display":"","ast-hfb-below-header-display":"","ast-hfb-mobile-header-display":"","site-post-title":"","ast-breadcrumbs-content":"","ast-featured-img":"","footer-sml-layout":"","ast-disable-related-posts":"","theme-transparent-header-meta":"","adv-header-id-meta":"","stick-header-meta":"","header-above-stick-meta":"","header-main-stick-meta":"","header-below-stick-meta":"","astra-migrate-meta-layouts":"default","ast-page-background-enabled":"default","ast-page-background-meta":{"desktop":{"background-color":"var(--ast-global-color-5)","background-image":"","background-repeat":"repeat","background-position":"center center","background-size":"auto","background-attachment":"scroll","background-type":"","background-media":"","overlay-type":"","overlay-color":"","overlay-opacity":"","overlay-gradient":""},"tablet":{"background-color":"","background-image":"","background-repeat":"repeat","background-position":"center center","background-size":"auto","background-attachment":"scroll","background-type":"","background-media":"","overlay-type":"","overlay-color":"","overlay-opacity":"","overlay-gradient":""},"mobile":{"background-color":"","background-image":"","background-repeat":"repeat","background-position":"center center","background-size":"auto","background-attachment":"scroll","background-type":"","background-media":"","overlay-type":"","overlay-color":"","overlay-opacity":"","overlay-gradient":""}},"ast-content-background-meta":{"desktop":{"background-color":"var(--ast-global-color-4)","background-image":"","background-repeat":"repeat","background-position":"center center","background-size":"auto","background-attachment":"scroll","background-type":"","background-media":"","overlay-type":"","overlay-color":"","overlay-opacity":"","overlay-gradient":""},"tablet":{"background-color":"var(--ast-global-color-4)","background-image":"","background-repeat":"repeat","background-position":"center center","background-size":"auto","background-attachment":"scroll","background-type":"","background-media":"","overlay-type":"","overlay-color":"","overlay-opacity":"","overlay-gradient":""},"mobile":{"background-color":"var(--ast-global-color-4)","background-image":"","background-repeat":"repeat","background-position":"center center","background-size":"auto","background-attachment":"scroll","background-type":"","background-media":"","overlay-type":"","overlay-color":"","overlay-opacity":"","overlay-gradient":""}},"footnotes":""},"categories":[1],"tags":[],"class_list":["post-19771","post","type-post","status-publish","format-standard","hentry","category-sem-categoria"],"yoast_head":"<!-- This site is optimized with the Yoast SEO plugin v26.6 - https:\/\/yoast.com\/wordpress\/plugins\/seo\/ -->\n<title>Acusados de mandar matar D\u00e9cio S\u00e1 pedem ao STF para aguardar julgamento em liberdade - Daniel Matos<\/title>\n<meta name=\"robots\" content=\"index, follow, max-snippet:-1, max-image-preview:large, max-video-preview:-1\" \/>\n<link rel=\"canonical\" href=\"https:\/\/www.blogsoestado.com\/danielmatos\/acusados-de-mandar-matar-decio-sa-pedem-ao-stf-para-aguardar-julgamento-em-liberdade\/\" \/>\n<meta property=\"og:locale\" content=\"pt_BR\" \/>\n<meta property=\"og:type\" content=\"article\" \/>\n<meta property=\"og:title\" content=\"Acusados de mandar matar D\u00e9cio S\u00e1 pedem ao STF para aguardar julgamento em liberdade - Daniel Matos\" \/>\n<meta property=\"og:description\" content=\"A defesa de Jos\u00e9 de Alencar Miranda Carvalho e Gl\u00e1ucio Alencar Pontes Carvalho \u2013 pai e filho, que ir\u00e3o a [&hellip;]\" \/>\n<meta property=\"og:url\" content=\"https:\/\/www.blogsoestado.com\/danielmatos\/acusados-de-mandar-matar-decio-sa-pedem-ao-stf-para-aguardar-julgamento-em-liberdade\/\" \/>\n<meta property=\"og:site_name\" content=\"Daniel Matos\" \/>\n<meta property=\"article:published_time\" content=\"2014-10-06T19:38:49+00:00\" \/>\n<meta property=\"og:image\" content=\"https:\/\/www.blogsoestado.com\/danielmatos\/files\/2014\/10\/glaucio-miranda.jpg\" \/>\n<meta name=\"twitter:card\" content=\"summary_large_image\" \/>\n<meta name=\"twitter:label1\" content=\"Est. tempo de leitura\" \/>\n\t<meta name=\"twitter:data1\" content=\"1 minuto\" \/>\n<script type=\"application\/ld+json\" class=\"yoast-schema-graph\">{\"@context\":\"https:\/\/schema.org\",\"@graph\":[{\"@type\":\"WebPage\",\"@id\":\"https:\/\/www.blogsoestado.com\/danielmatos\/acusados-de-mandar-matar-decio-sa-pedem-ao-stf-para-aguardar-julgamento-em-liberdade\/\",\"url\":\"https:\/\/www.blogsoestado.com\/danielmatos\/acusados-de-mandar-matar-decio-sa-pedem-ao-stf-para-aguardar-julgamento-em-liberdade\/\",\"name\":\"Acusados de mandar matar D\u00e9cio S\u00e1 pedem ao STF para aguardar julgamento em liberdade - Daniel Matos\",\"isPartOf\":{\"@id\":\"https:\/\/www.blogsoestado.com\/danielmatos\/#website\"},\"primaryImageOfPage\":{\"@id\":\"https:\/\/www.blogsoestado.com\/danielmatos\/acusados-de-mandar-matar-decio-sa-pedem-ao-stf-para-aguardar-julgamento-em-liberdade\/#primaryimage\"},\"image\":{\"@id\":\"https:\/\/www.blogsoestado.com\/danielmatos\/acusados-de-mandar-matar-decio-sa-pedem-ao-stf-para-aguardar-julgamento-em-liberdade\/#primaryimage\"},\"thumbnailUrl\":\"https:\/\/www.blogsoestado.com\/danielmatos\/files\/2014\/10\/glaucio-miranda.jpg\",\"datePublished\":\"2014-10-06T19:38:49+00:00\",\"author\":{\"@id\":\"\"},\"breadcrumb\":{\"@id\":\"https:\/\/www.blogsoestado.com\/danielmatos\/acusados-de-mandar-matar-decio-sa-pedem-ao-stf-para-aguardar-julgamento-em-liberdade\/#breadcrumb\"},\"inLanguage\":\"pt-BR\",\"potentialAction\":[{\"@type\":\"ReadAction\",\"target\":[\"https:\/\/www.blogsoestado.com\/danielmatos\/acusados-de-mandar-matar-decio-sa-pedem-ao-stf-para-aguardar-julgamento-em-liberdade\/\"]}]},{\"@type\":\"ImageObject\",\"inLanguage\":\"pt-BR\",\"@id\":\"https:\/\/www.blogsoestado.com\/danielmatos\/acusados-de-mandar-matar-decio-sa-pedem-ao-stf-para-aguardar-julgamento-em-liberdade\/#primaryimage\",\"url\":\"https:\/\/www.blogsoestado.com\/danielmatos\/files\/2014\/10\/glaucio-miranda.jpg\",\"contentUrl\":\"https:\/\/www.blogsoestado.com\/danielmatos\/files\/2014\/10\/glaucio-miranda.jpg\"},{\"@type\":\"BreadcrumbList\",\"@id\":\"https:\/\/www.blogsoestado.com\/danielmatos\/acusados-de-mandar-matar-decio-sa-pedem-ao-stf-para-aguardar-julgamento-em-liberdade\/#breadcrumb\",\"itemListElement\":[{\"@type\":\"ListItem\",\"position\":1,\"name\":\"In\u00edcio\",\"item\":\"https:\/\/www.blogsoestado.com\/danielmatos\/\"},{\"@type\":\"ListItem\",\"position\":2,\"name\":\"Acusados de mandar matar D\u00e9cio S\u00e1 pedem ao STF para aguardar julgamento em liberdade\"}]},{\"@type\":\"WebSite\",\"@id\":\"https:\/\/www.blogsoestado.com\/danielmatos\/#website\",\"url\":\"https:\/\/www.blogsoestado.com\/danielmatos\/\",\"name\":\"Daniel Matos\",\"description\":\"\",\"potentialAction\":[{\"@type\":\"SearchAction\",\"target\":{\"@type\":\"EntryPoint\",\"urlTemplate\":\"https:\/\/www.blogsoestado.com\/danielmatos\/?s={search_term_string}\"},\"query-input\":{\"@type\":\"PropertyValueSpecification\",\"valueRequired\":true,\"valueName\":\"search_term_string\"}}],\"inLanguage\":\"pt-BR\"}]}<\/script>\n<!-- \/ Yoast SEO plugin. -->","yoast_head_json":{"title":"Acusados de mandar matar D\u00e9cio S\u00e1 pedem ao STF para aguardar julgamento em liberdade - Daniel Matos","robots":{"index":"index","follow":"follow","max-snippet":"max-snippet:-1","max-image-preview":"max-image-preview:large","max-video-preview":"max-video-preview:-1"},"canonical":"https:\/\/www.blogsoestado.com\/danielmatos\/acusados-de-mandar-matar-decio-sa-pedem-ao-stf-para-aguardar-julgamento-em-liberdade\/","og_locale":"pt_BR","og_type":"article","og_title":"Acusados de mandar matar D\u00e9cio S\u00e1 pedem ao STF para aguardar julgamento em liberdade - Daniel Matos","og_description":"A defesa de Jos\u00e9 de Alencar Miranda Carvalho e Gl\u00e1ucio Alencar Pontes Carvalho \u2013 pai e filho, que ir\u00e3o a [&hellip;]","og_url":"https:\/\/www.blogsoestado.com\/danielmatos\/acusados-de-mandar-matar-decio-sa-pedem-ao-stf-para-aguardar-julgamento-em-liberdade\/","og_site_name":"Daniel Matos","article_published_time":"2014-10-06T19:38:49+00:00","og_image":[{"url":"https:\/\/www.blogsoestado.com\/danielmatos\/files\/2014\/10\/glaucio-miranda.jpg","type":"","width":"","height":""}],"twitter_card":"summary_large_image","twitter_misc":{"Est. tempo de leitura":"1 minuto"},"schema":{"@context":"https:\/\/schema.org","@graph":[{"@type":"WebPage","@id":"https:\/\/www.blogsoestado.com\/danielmatos\/acusados-de-mandar-matar-decio-sa-pedem-ao-stf-para-aguardar-julgamento-em-liberdade\/","url":"https:\/\/www.blogsoestado.com\/danielmatos\/acusados-de-mandar-matar-decio-sa-pedem-ao-stf-para-aguardar-julgamento-em-liberdade\/","name":"Acusados de mandar matar D\u00e9cio S\u00e1 pedem ao STF para aguardar julgamento em liberdade - Daniel Matos","isPartOf":{"@id":"https:\/\/www.blogsoestado.com\/danielmatos\/#website"},"primaryImageOfPage":{"@id":"https:\/\/www.blogsoestado.com\/danielmatos\/acusados-de-mandar-matar-decio-sa-pedem-ao-stf-para-aguardar-julgamento-em-liberdade\/#primaryimage"},"image":{"@id":"https:\/\/www.blogsoestado.com\/danielmatos\/acusados-de-mandar-matar-decio-sa-pedem-ao-stf-para-aguardar-julgamento-em-liberdade\/#primaryimage"},"thumbnailUrl":"https:\/\/www.blogsoestado.com\/danielmatos\/files\/2014\/10\/glaucio-miranda.jpg","datePublished":"2014-10-06T19:38:49+00:00","author":{"@id":""},"breadcrumb":{"@id":"https:\/\/www.blogsoestado.com\/danielmatos\/acusados-de-mandar-matar-decio-sa-pedem-ao-stf-para-aguardar-julgamento-em-liberdade\/#breadcrumb"},"inLanguage":"pt-BR","potentialAction":[{"@type":"ReadAction","target":["https:\/\/www.blogsoestado.com\/danielmatos\/acusados-de-mandar-matar-decio-sa-pedem-ao-stf-para-aguardar-julgamento-em-liberdade\/"]}]},{"@type":"ImageObject","inLanguage":"pt-BR","@id":"https:\/\/www.blogsoestado.com\/danielmatos\/acusados-de-mandar-matar-decio-sa-pedem-ao-stf-para-aguardar-julgamento-em-liberdade\/#primaryimage","url":"https:\/\/www.blogsoestado.com\/danielmatos\/files\/2014\/10\/glaucio-miranda.jpg","contentUrl":"https:\/\/www.blogsoestado.com\/danielmatos\/files\/2014\/10\/glaucio-miranda.jpg"},{"@type":"BreadcrumbList","@id":"https:\/\/www.blogsoestado.com\/danielmatos\/acusados-de-mandar-matar-decio-sa-pedem-ao-stf-para-aguardar-julgamento-em-liberdade\/#breadcrumb","itemListElement":[{"@type":"ListItem","position":1,"name":"In\u00edcio","item":"https:\/\/www.blogsoestado.com\/danielmatos\/"},{"@type":"ListItem","position":2,"name":"Acusados de mandar matar D\u00e9cio S\u00e1 pedem ao STF para aguardar julgamento em liberdade"}]},{"@type":"WebSite","@id":"https:\/\/www.blogsoestado.com\/danielmatos\/#website","url":"https:\/\/www.blogsoestado.com\/danielmatos\/","name":"Daniel Matos","description":"","potentialAction":[{"@type":"SearchAction","target":{"@type":"EntryPoint","urlTemplate":"https:\/\/www.blogsoestado.com\/danielmatos\/?s={search_term_string}"},"query-input":{"@type":"PropertyValueSpecification","valueRequired":true,"valueName":"search_term_string"}}],"inLanguage":"pt-BR"}]}},"jetpack_featured_media_url":"","_links":{"self":[{"href":"https:\/\/www.blogsoestado.com\/danielmatos\/wp-json\/wp\/v2\/posts\/19771","targetHints":{"allow":["GET"]}}],"collection":[{"href":"https:\/\/www.blogsoestado.com\/danielmatos\/wp-json\/wp\/v2\/posts"}],"about":[{"href":"https:\/\/www.blogsoestado.com\/danielmatos\/wp-json\/wp\/v2\/types\/post"}],"replies":[{"embeddable":true,"href":"https:\/\/www.blogsoestado.com\/danielmatos\/wp-json\/wp\/v2\/comments?post=19771"}],"version-history":[{"count":0,"href":"https:\/\/www.blogsoestado.com\/danielmatos\/wp-json\/wp\/v2\/posts\/19771\/revisions"}],"wp:attachment":[{"href":"https:\/\/www.blogsoestado.com\/danielmatos\/wp-json\/wp\/v2\/media?parent=19771"}],"wp:term":[{"taxonomy":"category","embeddable":true,"href":"https:\/\/www.blogsoestado.com\/danielmatos\/wp-json\/wp\/v2\/categories?post=19771"},{"taxonomy":"post_tag","embeddable":true,"href":"https:\/\/www.blogsoestado.com\/danielmatos\/wp-json\/wp\/v2\/tags?post=19771"}],"curies":[{"name":"wp","href":"https:\/\/api.w.org\/{rel}","templated":true}]}}