{"id":19782,"date":"2014-10-07T08:33:32","date_gmt":"2014-10-07T11:33:32","guid":{"rendered":"https:\/\/www.blogsoestado.com\/danielmatos\/?p=19782"},"modified":"2014-10-07T08:33:32","modified_gmt":"2014-10-07T11:33:32","slug":"bancarios-do-maranhao-encerram-greve","status":"publish","type":"post","link":"https:\/\/www.blogsoestado.com\/danielmatos\/bancarios-do-maranhao-encerram-greve\/","title":{"rendered":"Banc\u00e1rios do Maranh\u00e3o encerram greve"},"content":{"rendered":"<figure id=\"attachment_19783\" aria-describedby=\"caption-attachment-19783\" style=\"width: 640px\" class=\"wp-caption aligncenter\"><a href=\"https:\/\/www.blogsoestado.com\/danielmatos\/files\/2014\/10\/greve-banc\u00e1rios.jpg\"><img fetchpriority=\"high\" decoding=\"async\" class=\"size-full wp-image-19783\" src=\"https:\/\/www.blogsoestado.com\/danielmatos\/files\/2014\/10\/greve-banc\u00e1rios.jpg\" alt=\"Reunidos em assembleia geral, banc\u00e1rios do Maranh\u00e3o decidiram encerrar greve \" width=\"640\" height=\"427\" \/><\/a><figcaption id=\"caption-attachment-19783\" class=\"wp-caption-text\">Reunidos em assembleia geral, banc\u00e1rios do Maranh\u00e3o decidiram encerrar greve (<strong>Foto:<\/strong> De Jesus\/<strong>O Estado<\/strong>)<\/figcaption><\/figure>\n<p>Banc\u00e1rios do Maranh\u00e3o decidiram ontem p\u00f4r fim \u00e0\u00a0greve da categoria, iniciada no \u00faltimo dia 30. A paralisa\u00e7\u00e3o foi encerrada na Caixa Econ\u00f4mica, no Banco do Brasil e em todos os bancos privados. O movimento continua somente no\u00a0Banco da Amaz\u00f4nia e no Banco do Nordeste. Em assembleia geral\u00a0realizada, os\u00a0os\u00a0banc\u00e1rios maranhenses aceitaram a proposta apresentada pela Federa\u00e7\u00e3o Nacional dos Bancos (Fenaban), que prev\u00ea, entre outros benef\u00edcios, 8,5% de reajuste salarial. 9% de reajuste do piso da classe\u00a0e 12,2% do vale-refei\u00e7\u00e3o.<\/p>\n<p>O Sindicato dos Banc\u00e1rios informou que a decis\u00e3o de encerrar\u00a0a greve acompanhou delibera\u00e7\u00e3o da maioria dos sindicatos, que tamb\u00e9m realizaram\u00a0assembleias nesta segunda-feira.<\/p>\n<p>A partir de hoje, o movimento ser\u00e1 normalizado nas ag\u00eancias, pondo fim aos transtornos causados pela suspens\u00e3o de v\u00e1rios servi\u00e7os, como abertura de contas, emiss\u00e3o de tal\u00f5es de cheques, financiamentos, concess\u00e3o de empr\u00e9stimos\u00a0e at\u00e9 mesmo saques em caixas eletr\u00f4nicos,\u00a0j\u00e1 que nos seis dias de paralisa\u00e7\u00e3o muitas m\u00e1quinas ficaram sem dinheiro.<\/p>\n","protected":false},"excerpt":{"rendered":"<p>Banc\u00e1rios do Maranh\u00e3o decidiram ontem p\u00f4r fim \u00e0\u00a0greve da categoria, iniciada no \u00faltimo dia 30. A paralisa\u00e7\u00e3o foi encerrada na [&hellip;]<\/p>\n","protected":false},"author":0,"featured_media":0,"comment_status":"open","ping_status":"open","sticky":false,"template":"","format":"standard","meta":{"site-sidebar-layout":"default","site-content-layout":"","ast-site-content-layout":"default","site-content-style":"default","site-sidebar-style":"default","ast-global-header-display":"","ast-banner-title-visibility":"","ast-main-header-display":"","ast-hfb-above-header-display":"","ast-hfb-below-header-display":"","ast-hfb-mobile-header-display":"","site-post-title":"","ast-breadcrumbs-content":"","ast-featured-img":"","footer-sml-layout":"","ast-disable-related-posts":"","theme-transparent-header-meta":"","adv-header-id-meta":"","stick-header-meta":"","header-above-stick-meta":"","header-main-stick-meta":"","header-below-stick-meta":"","astra-migrate-meta-layouts":"default","ast-page-background-enabled":"default","ast-page-background-meta":{"desktop":{"background-color":"var(--ast-global-color-5)","background-image":"","background-repeat":"repeat","background-position":"center center","background-size":"auto","background-attachment":"scroll","background-type":"","background-media":"","overlay-type":"","overlay-color":"","overlay-opacity":"","overlay-gradient":""},"tablet":{"background-color":"","background-image":"","background-repeat":"repeat","background-position":"center center","background-size":"auto","background-attachment":"scroll","background-type":"","background-media":"","overlay-type":"","overlay-color":"","overlay-opacity":"","overlay-gradient":""},"mobile":{"background-color":"","background-image":"","background-repeat":"repeat","background-position":"center center","background-size":"auto","background-attachment":"scroll","background-type":"","background-media":"","overlay-type":"","overlay-color":"","overlay-opacity":"","overlay-gradient":""}},"ast-content-background-meta":{"desktop":{"background-color":"var(--ast-global-color-4)","background-image":"","background-repeat":"repeat","background-position":"center center","background-size":"auto","background-attachment":"scroll","background-type":"","background-media":"","overlay-type":"","overlay-color":"","overlay-opacity":"","overlay-gradient":""},"tablet":{"background-color":"var(--ast-global-color-4)","background-image":"","background-repeat":"repeat","background-position":"center center","background-size":"auto","background-attachment":"scroll","background-type":"","background-media":"","overlay-type":"","overlay-color":"","overlay-opacity":"","overlay-gradient":""},"mobile":{"background-color":"var(--ast-global-color-4)","background-image":"","background-repeat":"repeat","background-position":"center center","background-size":"auto","background-attachment":"scroll","background-type":"","background-media":"","overlay-type":"","overlay-color":"","overlay-opacity":"","overlay-gradient":""}},"footnotes":""},"categories":[1],"tags":[],"class_list":["post-19782","post","type-post","status-publish","format-standard","hentry","category-sem-categoria"],"yoast_head":"<!-- This site is optimized with the Yoast SEO plugin v26.6 - https:\/\/yoast.com\/wordpress\/plugins\/seo\/ -->\n<title>Banc\u00e1rios do Maranh\u00e3o encerram greve - Daniel Matos<\/title>\n<meta name=\"robots\" content=\"index, follow, max-snippet:-1, max-image-preview:large, max-video-preview:-1\" \/>\n<link rel=\"canonical\" href=\"https:\/\/www.blogsoestado.com\/danielmatos\/bancarios-do-maranhao-encerram-greve\/\" \/>\n<meta property=\"og:locale\" content=\"pt_BR\" \/>\n<meta property=\"og:type\" content=\"article\" \/>\n<meta property=\"og:title\" content=\"Banc\u00e1rios do Maranh\u00e3o encerram greve - Daniel Matos\" \/>\n<meta property=\"og:description\" content=\"Banc\u00e1rios do Maranh\u00e3o decidiram ontem p\u00f4r fim \u00e0\u00a0greve da categoria, iniciada no \u00faltimo dia 30. A paralisa\u00e7\u00e3o foi encerrada na [&hellip;]\" \/>\n<meta property=\"og:url\" content=\"https:\/\/www.blogsoestado.com\/danielmatos\/bancarios-do-maranhao-encerram-greve\/\" \/>\n<meta property=\"og:site_name\" content=\"Daniel Matos\" \/>\n<meta property=\"article:published_time\" content=\"2014-10-07T11:33:32+00:00\" \/>\n<meta name=\"twitter:card\" content=\"summary_large_image\" \/>\n<meta name=\"twitter:label1\" content=\"Est. tempo de leitura\" \/>\n\t<meta name=\"twitter:data1\" content=\"1 minuto\" \/>\n<script type=\"application\/ld+json\" class=\"yoast-schema-graph\">{\"@context\":\"https:\/\/schema.org\",\"@graph\":[{\"@type\":\"WebPage\",\"@id\":\"https:\/\/www.blogsoestado.com\/danielmatos\/bancarios-do-maranhao-encerram-greve\/\",\"url\":\"https:\/\/www.blogsoestado.com\/danielmatos\/bancarios-do-maranhao-encerram-greve\/\",\"name\":\"Banc\u00e1rios do Maranh\u00e3o encerram greve - Daniel Matos\",\"isPartOf\":{\"@id\":\"https:\/\/www.blogsoestado.com\/danielmatos\/#website\"},\"datePublished\":\"2014-10-07T11:33:32+00:00\",\"author\":{\"@id\":\"\"},\"breadcrumb\":{\"@id\":\"https:\/\/www.blogsoestado.com\/danielmatos\/bancarios-do-maranhao-encerram-greve\/#breadcrumb\"},\"inLanguage\":\"pt-BR\",\"potentialAction\":[{\"@type\":\"ReadAction\",\"target\":[\"https:\/\/www.blogsoestado.com\/danielmatos\/bancarios-do-maranhao-encerram-greve\/\"]}]},{\"@type\":\"BreadcrumbList\",\"@id\":\"https:\/\/www.blogsoestado.com\/danielmatos\/bancarios-do-maranhao-encerram-greve\/#breadcrumb\",\"itemListElement\":[{\"@type\":\"ListItem\",\"position\":1,\"name\":\"In\u00edcio\",\"item\":\"https:\/\/www.blogsoestado.com\/danielmatos\/\"},{\"@type\":\"ListItem\",\"position\":2,\"name\":\"Banc\u00e1rios do Maranh\u00e3o encerram greve\"}]},{\"@type\":\"WebSite\",\"@id\":\"https:\/\/www.blogsoestado.com\/danielmatos\/#website\",\"url\":\"https:\/\/www.blogsoestado.com\/danielmatos\/\",\"name\":\"Daniel Matos\",\"description\":\"\",\"potentialAction\":[{\"@type\":\"SearchAction\",\"target\":{\"@type\":\"EntryPoint\",\"urlTemplate\":\"https:\/\/www.blogsoestado.com\/danielmatos\/?s={search_term_string}\"},\"query-input\":{\"@type\":\"PropertyValueSpecification\",\"valueRequired\":true,\"valueName\":\"search_term_string\"}}],\"inLanguage\":\"pt-BR\"}]}<\/script>\n<!-- \/ Yoast SEO plugin. -->","yoast_head_json":{"title":"Banc\u00e1rios do Maranh\u00e3o encerram greve - Daniel Matos","robots":{"index":"index","follow":"follow","max-snippet":"max-snippet:-1","max-image-preview":"max-image-preview:large","max-video-preview":"max-video-preview:-1"},"canonical":"https:\/\/www.blogsoestado.com\/danielmatos\/bancarios-do-maranhao-encerram-greve\/","og_locale":"pt_BR","og_type":"article","og_title":"Banc\u00e1rios do Maranh\u00e3o encerram greve - Daniel Matos","og_description":"Banc\u00e1rios do Maranh\u00e3o decidiram ontem p\u00f4r fim \u00e0\u00a0greve da categoria, iniciada no \u00faltimo dia 30. A paralisa\u00e7\u00e3o foi encerrada na [&hellip;]","og_url":"https:\/\/www.blogsoestado.com\/danielmatos\/bancarios-do-maranhao-encerram-greve\/","og_site_name":"Daniel Matos","article_published_time":"2014-10-07T11:33:32+00:00","twitter_card":"summary_large_image","twitter_misc":{"Est. tempo de leitura":"1 minuto"},"schema":{"@context":"https:\/\/schema.org","@graph":[{"@type":"WebPage","@id":"https:\/\/www.blogsoestado.com\/danielmatos\/bancarios-do-maranhao-encerram-greve\/","url":"https:\/\/www.blogsoestado.com\/danielmatos\/bancarios-do-maranhao-encerram-greve\/","name":"Banc\u00e1rios do Maranh\u00e3o encerram greve - Daniel Matos","isPartOf":{"@id":"https:\/\/www.blogsoestado.com\/danielmatos\/#website"},"datePublished":"2014-10-07T11:33:32+00:00","author":{"@id":""},"breadcrumb":{"@id":"https:\/\/www.blogsoestado.com\/danielmatos\/bancarios-do-maranhao-encerram-greve\/#breadcrumb"},"inLanguage":"pt-BR","potentialAction":[{"@type":"ReadAction","target":["https:\/\/www.blogsoestado.com\/danielmatos\/bancarios-do-maranhao-encerram-greve\/"]}]},{"@type":"BreadcrumbList","@id":"https:\/\/www.blogsoestado.com\/danielmatos\/bancarios-do-maranhao-encerram-greve\/#breadcrumb","itemListElement":[{"@type":"ListItem","position":1,"name":"In\u00edcio","item":"https:\/\/www.blogsoestado.com\/danielmatos\/"},{"@type":"ListItem","position":2,"name":"Banc\u00e1rios do Maranh\u00e3o encerram greve"}]},{"@type":"WebSite","@id":"https:\/\/www.blogsoestado.com\/danielmatos\/#website","url":"https:\/\/www.blogsoestado.com\/danielmatos\/","name":"Daniel Matos","description":"","potentialAction":[{"@type":"SearchAction","target":{"@type":"EntryPoint","urlTemplate":"https:\/\/www.blogsoestado.com\/danielmatos\/?s={search_term_string}"},"query-input":{"@type":"PropertyValueSpecification","valueRequired":true,"valueName":"search_term_string"}}],"inLanguage":"pt-BR"}]}},"jetpack_featured_media_url":"","_links":{"self":[{"href":"https:\/\/www.blogsoestado.com\/danielmatos\/wp-json\/wp\/v2\/posts\/19782","targetHints":{"allow":["GET"]}}],"collection":[{"href":"https:\/\/www.blogsoestado.com\/danielmatos\/wp-json\/wp\/v2\/posts"}],"about":[{"href":"https:\/\/www.blogsoestado.com\/danielmatos\/wp-json\/wp\/v2\/types\/post"}],"replies":[{"embeddable":true,"href":"https:\/\/www.blogsoestado.com\/danielmatos\/wp-json\/wp\/v2\/comments?post=19782"}],"version-history":[{"count":0,"href":"https:\/\/www.blogsoestado.com\/danielmatos\/wp-json\/wp\/v2\/posts\/19782\/revisions"}],"wp:attachment":[{"href":"https:\/\/www.blogsoestado.com\/danielmatos\/wp-json\/wp\/v2\/media?parent=19782"}],"wp:term":[{"taxonomy":"category","embeddable":true,"href":"https:\/\/www.blogsoestado.com\/danielmatos\/wp-json\/wp\/v2\/categories?post=19782"},{"taxonomy":"post_tag","embeddable":true,"href":"https:\/\/www.blogsoestado.com\/danielmatos\/wp-json\/wp\/v2\/tags?post=19782"}],"curies":[{"name":"wp","href":"https:\/\/api.w.org\/{rel}","templated":true}]}}