{"id":19787,"date":"2014-10-07T21:58:19","date_gmt":"2014-10-08T00:58:19","guid":{"rendered":"https:\/\/www.blogsoestado.com\/danielmatos\/?p=19787"},"modified":"2014-10-07T21:58:19","modified_gmt":"2014-10-08T00:58:19","slug":"no-sufoco-sampaio-arranca-empate-em-fortaleza","status":"publish","type":"post","link":"https:\/\/www.blogsoestado.com\/danielmatos\/no-sufoco-sampaio-arranca-empate-em-fortaleza\/","title":{"rendered":"No sufoco, Sampaio arranca empate em Fortaleza"},"content":{"rendered":"<p>O Sampaio Corr\u00eaa teve que lutar muito para n\u00e3o sair derrotado nesta ter\u00e7a-feira da Arena Castel\u00e3o, em Fortaleza, em jogo bastante movimentado contra o Cear\u00e1, v\u00e1lido pela 28\u00aa\u00a0rodada do Campeonato Brasileiro da S\u00e9rie B. Mesmo com um homem a menos desde os 16\u00a0minutos do segundo tempo, o\u00a0time conseguiu segurar o empate de 1 x 1 e subiu para a 6\u00aa coloca\u00e7\u00e3o na competi\u00e7\u00e3o, com 42 pontos.<\/p>\n<p>O Cear\u00e1 abriu o placar aos 13 minutos do primeiro tempo, com um gol do atacante Bill, que arrematou cruzamento da esquerda de Magno Alves. Aos 40 da primeira etapa, o Tricolor maranhense empatou, com Eloir, de p\u00eanalti,\u00a0assinalado em uma jogada duvidosa, em que a bola pareceu ter batido na coxa do zagueiro cearense, e n\u00e3o na m\u00e3o, como interpretou o \u00e1rbitro.<\/p>\n<p>O jogo ficou aberto nos primeiros minutos do segundo\u00a0tempo, com lances perigosos para os dois times. Mas aos 16 o Sampaio viu a chance de sair com os tr\u00eas pontos de Fortaleza ficar mais distante. Ap\u00f3s uma falta a favor do pr\u00f3prio Tricolor, o zagueiro Edimar, de forma desnecess\u00e1ria, reclamou insistentemente com o juiz\u00a0e levou dois cart\u00f5es amarelos em sequ\u00eancia e o vermelho.<\/p>\n<p>Da\u00ed em diante, o Cear\u00e1 cresceu e s\u00f3 n\u00e3o passou \u00e0 frente no placar por causa da m\u00e1 pontaria dos seus atacantes e de boas defesas do goleiro Rodrigo Ramos. O \u00e1rbitro ainda deu quatro minutos de acr\u00e9scimo, mas nem assim o advers\u00e1rio conseguiu marcar, para al\u00edvio da torcida do Sampaio.<\/p>\n<p>O time do t\u00e9cnico Lisca tem novo confronto fora de casa no pr\u00f3ximo s\u00e1bado,\u00a0\u00e0s 16h20, contra o Am\u00e9rica-RN, na Arena das Dunas, em Natal. Veja os gols de Cear\u00e1 1 x 1 Sampaio Corr\u00eaa:<\/p>\n<p>[youtube\u00a0DRZaA43_Ouo]<\/p>\n","protected":false},"excerpt":{"rendered":"<p>O Sampaio Corr\u00eaa teve que lutar muito para n\u00e3o sair derrotado nesta ter\u00e7a-feira da Arena Castel\u00e3o, em Fortaleza, em jogo [&hellip;]<\/p>\n","protected":false},"author":0,"featured_media":0,"comment_status":"open","ping_status":"open","sticky":false,"template":"","format":"standard","meta":{"site-sidebar-layout":"default","site-content-layout":"","ast-site-content-layout":"default","site-content-style":"default","site-sidebar-style":"default","ast-global-header-display":"","ast-banner-title-visibility":"","ast-main-header-display":"","ast-hfb-above-header-display":"","ast-hfb-below-header-display":"","ast-hfb-mobile-header-display":"","site-post-title":"","ast-breadcrumbs-content":"","ast-featured-img":"","footer-sml-layout":"","ast-disable-related-posts":"","theme-transparent-header-meta":"","adv-header-id-meta":"","stick-header-meta":"","header-above-stick-meta":"","header-main-stick-meta":"","header-below-stick-meta":"","astra-migrate-meta-layouts":"default","ast-page-background-enabled":"default","ast-page-background-meta":{"desktop":{"background-color":"var(--ast-global-color-5)","background-image":"","background-repeat":"repeat","background-position":"center center","background-size":"auto","background-attachment":"scroll","background-type":"","background-media":"","overlay-type":"","overlay-color":"","overlay-opacity":"","overlay-gradient":""},"tablet":{"background-color":"","background-image":"","background-repeat":"repeat","background-position":"center center","background-size":"auto","background-attachment":"scroll","background-type":"","background-media":"","overlay-type":"","overlay-color":"","overlay-opacity":"","overlay-gradient":""},"mobile":{"background-color":"","background-image":"","background-repeat":"repeat","background-position":"center center","background-size":"auto","background-attachment":"scroll","background-type":"","background-media":"","overlay-type":"","overlay-color":"","overlay-opacity":"","overlay-gradient":""}},"ast-content-background-meta":{"desktop":{"background-color":"var(--ast-global-color-4)","background-image":"","background-repeat":"repeat","background-position":"center center","background-size":"auto","background-attachment":"scroll","background-type":"","background-media":"","overlay-type":"","overlay-color":"","overlay-opacity":"","overlay-gradient":""},"tablet":{"background-color":"var(--ast-global-color-4)","background-image":"","background-repeat":"repeat","background-position":"center center","background-size":"auto","background-attachment":"scroll","background-type":"","background-media":"","overlay-type":"","overlay-color":"","overlay-opacity":"","overlay-gradient":""},"mobile":{"background-color":"var(--ast-global-color-4)","background-image":"","background-repeat":"repeat","background-position":"center center","background-size":"auto","background-attachment":"scroll","background-type":"","background-media":"","overlay-type":"","overlay-color":"","overlay-opacity":"","overlay-gradient":""}},"footnotes":""},"categories":[1],"tags":[],"class_list":["post-19787","post","type-post","status-publish","format-standard","hentry","category-sem-categoria"],"yoast_head":"<!-- This site is optimized with the Yoast SEO plugin v26.6 - https:\/\/yoast.com\/wordpress\/plugins\/seo\/ -->\n<title>No sufoco, Sampaio arranca empate em Fortaleza - Daniel Matos<\/title>\n<meta name=\"robots\" content=\"index, follow, max-snippet:-1, max-image-preview:large, max-video-preview:-1\" \/>\n<link rel=\"canonical\" href=\"https:\/\/www.blogsoestado.com\/danielmatos\/no-sufoco-sampaio-arranca-empate-em-fortaleza\/\" \/>\n<meta property=\"og:locale\" content=\"pt_BR\" \/>\n<meta property=\"og:type\" content=\"article\" \/>\n<meta property=\"og:title\" content=\"No sufoco, Sampaio arranca empate em Fortaleza - Daniel Matos\" \/>\n<meta property=\"og:description\" content=\"O Sampaio Corr\u00eaa teve que lutar muito para n\u00e3o sair derrotado nesta ter\u00e7a-feira da Arena Castel\u00e3o, em Fortaleza, em jogo [&hellip;]\" \/>\n<meta property=\"og:url\" content=\"https:\/\/www.blogsoestado.com\/danielmatos\/no-sufoco-sampaio-arranca-empate-em-fortaleza\/\" \/>\n<meta property=\"og:site_name\" content=\"Daniel Matos\" \/>\n<meta property=\"article:published_time\" content=\"2014-10-08T00:58:19+00:00\" \/>\n<meta name=\"twitter:card\" content=\"summary_large_image\" \/>\n<meta name=\"twitter:label1\" content=\"Est. tempo de leitura\" \/>\n\t<meta name=\"twitter:data1\" content=\"2 minutos\" \/>\n<script type=\"application\/ld+json\" class=\"yoast-schema-graph\">{\"@context\":\"https:\/\/schema.org\",\"@graph\":[{\"@type\":\"WebPage\",\"@id\":\"https:\/\/www.blogsoestado.com\/danielmatos\/no-sufoco-sampaio-arranca-empate-em-fortaleza\/\",\"url\":\"https:\/\/www.blogsoestado.com\/danielmatos\/no-sufoco-sampaio-arranca-empate-em-fortaleza\/\",\"name\":\"No sufoco, Sampaio arranca empate em Fortaleza - Daniel Matos\",\"isPartOf\":{\"@id\":\"https:\/\/www.blogsoestado.com\/danielmatos\/#website\"},\"datePublished\":\"2014-10-08T00:58:19+00:00\",\"author\":{\"@id\":\"\"},\"breadcrumb\":{\"@id\":\"https:\/\/www.blogsoestado.com\/danielmatos\/no-sufoco-sampaio-arranca-empate-em-fortaleza\/#breadcrumb\"},\"inLanguage\":\"pt-BR\",\"potentialAction\":[{\"@type\":\"ReadAction\",\"target\":[\"https:\/\/www.blogsoestado.com\/danielmatos\/no-sufoco-sampaio-arranca-empate-em-fortaleza\/\"]}]},{\"@type\":\"BreadcrumbList\",\"@id\":\"https:\/\/www.blogsoestado.com\/danielmatos\/no-sufoco-sampaio-arranca-empate-em-fortaleza\/#breadcrumb\",\"itemListElement\":[{\"@type\":\"ListItem\",\"position\":1,\"name\":\"In\u00edcio\",\"item\":\"https:\/\/www.blogsoestado.com\/danielmatos\/\"},{\"@type\":\"ListItem\",\"position\":2,\"name\":\"No sufoco, Sampaio arranca empate em Fortaleza\"}]},{\"@type\":\"WebSite\",\"@id\":\"https:\/\/www.blogsoestado.com\/danielmatos\/#website\",\"url\":\"https:\/\/www.blogsoestado.com\/danielmatos\/\",\"name\":\"Daniel Matos\",\"description\":\"\",\"potentialAction\":[{\"@type\":\"SearchAction\",\"target\":{\"@type\":\"EntryPoint\",\"urlTemplate\":\"https:\/\/www.blogsoestado.com\/danielmatos\/?s={search_term_string}\"},\"query-input\":{\"@type\":\"PropertyValueSpecification\",\"valueRequired\":true,\"valueName\":\"search_term_string\"}}],\"inLanguage\":\"pt-BR\"}]}<\/script>\n<!-- \/ Yoast SEO plugin. -->","yoast_head_json":{"title":"No sufoco, Sampaio arranca empate em Fortaleza - Daniel Matos","robots":{"index":"index","follow":"follow","max-snippet":"max-snippet:-1","max-image-preview":"max-image-preview:large","max-video-preview":"max-video-preview:-1"},"canonical":"https:\/\/www.blogsoestado.com\/danielmatos\/no-sufoco-sampaio-arranca-empate-em-fortaleza\/","og_locale":"pt_BR","og_type":"article","og_title":"No sufoco, Sampaio arranca empate em Fortaleza - Daniel Matos","og_description":"O Sampaio Corr\u00eaa teve que lutar muito para n\u00e3o sair derrotado nesta ter\u00e7a-feira da Arena Castel\u00e3o, em Fortaleza, em jogo [&hellip;]","og_url":"https:\/\/www.blogsoestado.com\/danielmatos\/no-sufoco-sampaio-arranca-empate-em-fortaleza\/","og_site_name":"Daniel Matos","article_published_time":"2014-10-08T00:58:19+00:00","twitter_card":"summary_large_image","twitter_misc":{"Est. tempo de leitura":"2 minutos"},"schema":{"@context":"https:\/\/schema.org","@graph":[{"@type":"WebPage","@id":"https:\/\/www.blogsoestado.com\/danielmatos\/no-sufoco-sampaio-arranca-empate-em-fortaleza\/","url":"https:\/\/www.blogsoestado.com\/danielmatos\/no-sufoco-sampaio-arranca-empate-em-fortaleza\/","name":"No sufoco, Sampaio arranca empate em Fortaleza - Daniel Matos","isPartOf":{"@id":"https:\/\/www.blogsoestado.com\/danielmatos\/#website"},"datePublished":"2014-10-08T00:58:19+00:00","author":{"@id":""},"breadcrumb":{"@id":"https:\/\/www.blogsoestado.com\/danielmatos\/no-sufoco-sampaio-arranca-empate-em-fortaleza\/#breadcrumb"},"inLanguage":"pt-BR","potentialAction":[{"@type":"ReadAction","target":["https:\/\/www.blogsoestado.com\/danielmatos\/no-sufoco-sampaio-arranca-empate-em-fortaleza\/"]}]},{"@type":"BreadcrumbList","@id":"https:\/\/www.blogsoestado.com\/danielmatos\/no-sufoco-sampaio-arranca-empate-em-fortaleza\/#breadcrumb","itemListElement":[{"@type":"ListItem","position":1,"name":"In\u00edcio","item":"https:\/\/www.blogsoestado.com\/danielmatos\/"},{"@type":"ListItem","position":2,"name":"No sufoco, Sampaio arranca empate em Fortaleza"}]},{"@type":"WebSite","@id":"https:\/\/www.blogsoestado.com\/danielmatos\/#website","url":"https:\/\/www.blogsoestado.com\/danielmatos\/","name":"Daniel Matos","description":"","potentialAction":[{"@type":"SearchAction","target":{"@type":"EntryPoint","urlTemplate":"https:\/\/www.blogsoestado.com\/danielmatos\/?s={search_term_string}"},"query-input":{"@type":"PropertyValueSpecification","valueRequired":true,"valueName":"search_term_string"}}],"inLanguage":"pt-BR"}]}},"jetpack_featured_media_url":"","_links":{"self":[{"href":"https:\/\/www.blogsoestado.com\/danielmatos\/wp-json\/wp\/v2\/posts\/19787","targetHints":{"allow":["GET"]}}],"collection":[{"href":"https:\/\/www.blogsoestado.com\/danielmatos\/wp-json\/wp\/v2\/posts"}],"about":[{"href":"https:\/\/www.blogsoestado.com\/danielmatos\/wp-json\/wp\/v2\/types\/post"}],"replies":[{"embeddable":true,"href":"https:\/\/www.blogsoestado.com\/danielmatos\/wp-json\/wp\/v2\/comments?post=19787"}],"version-history":[{"count":0,"href":"https:\/\/www.blogsoestado.com\/danielmatos\/wp-json\/wp\/v2\/posts\/19787\/revisions"}],"wp:attachment":[{"href":"https:\/\/www.blogsoestado.com\/danielmatos\/wp-json\/wp\/v2\/media?parent=19787"}],"wp:term":[{"taxonomy":"category","embeddable":true,"href":"https:\/\/www.blogsoestado.com\/danielmatos\/wp-json\/wp\/v2\/categories?post=19787"},{"taxonomy":"post_tag","embeddable":true,"href":"https:\/\/www.blogsoestado.com\/danielmatos\/wp-json\/wp\/v2\/tags?post=19787"}],"curies":[{"name":"wp","href":"https:\/\/api.w.org\/{rel}","templated":true}]}}