{"id":19789,"date":"2014-10-08T09:18:46","date_gmt":"2014-10-08T12:18:46","guid":{"rendered":"https:\/\/www.blogsoestado.com\/danielmatos\/?p=19789"},"modified":"2014-10-08T09:18:46","modified_gmt":"2014-10-08T12:18:46","slug":"ze-inacio-agradece-eleicao-e-promete-trabalho","status":"publish","type":"post","link":"https:\/\/www.blogsoestado.com\/danielmatos\/ze-inacio-agradece-eleicao-e-promete-trabalho\/","title":{"rendered":"Z\u00e9 In\u00e1cio agradece elei\u00e7\u00e3o e promete trabalho"},"content":{"rendered":"<figure id=\"attachment_19790\" aria-describedby=\"caption-attachment-19790\" style=\"width: 448px\" class=\"wp-caption alignright\"><a href=\"https:\/\/www.blogsoestado.com\/danielmatos\/files\/2014\/10\/inacio-eleito.jpg\"><img fetchpriority=\"high\" decoding=\"async\" class=\"size-full wp-image-19790\" src=\"https:\/\/www.blogsoestado.com\/danielmatos\/files\/2014\/10\/inacio-eleito.jpg\" alt=\"Eleito deputado, Z\u00e9 Inacio prometeu trabalho em defesa do povo\" width=\"448\" height=\"309\" \/><\/a><figcaption id=\"caption-attachment-19790\" class=\"wp-caption-text\">Eleito, In\u00e1cio promete trabalho em prol\u00a0do\u00a0homem do campo e demais cidad\u00e3os<\/figcaption><\/figure>\n<p>O munic\u00edpio de Bequim\u00e3o ganha seu primeiro deputado estadual em 78 anos de emancipa\u00e7\u00e3o: \u00e9 Z\u00e9 In\u00e1cio (PT), que tem longa hist\u00f3ria de luta em movimentos sociais, sobretudo em favor do homem do campo. O petista obteve\u00a038.753 votos\u00a0e\u00a0foi o 20\u00ba mais votado entre\u00a0os 42 parlamentares\u00a0eleitos neste domingo (5).\u00a0A vit\u00f3ria de Z\u00e9 In\u00e1cio foi bastante comemorada em sua cidade natal, onde correligion\u00e1rios, eleitores e lideran\u00e7as pol\u00edticas que o apoiaram durante a campanha estiveram presentes para parabeniz\u00e1-lo.<\/p>\n<p>Para Z\u00e9 In\u00e1cio, mais do que uma conquista democr\u00e1tica, o mandato de deputado estadual\u00a0significa\u00a0a oportunidade de representar sua regi\u00e3o e a luta dos trabalhadores do campo na Assembleia Legislativa: \u201cMinha gratid\u00e3o ao povo do Maranh\u00e3o e aos meus conterr\u00e2neos de Bequim\u00e3o continuar\u00e1 sendo demonstrada com muita luta e trabalho em prol das comunidades quilombolas e dos trabalhadores do campo, que precisam de voz e vez nas pol\u00edticas p\u00fablicas do estado\u201d, ressaltou.<\/p>\n<p><strong>Trajet\u00f3ria<\/strong><\/p>\n<p>Z\u00e9 In\u00e1cio \u00e9 advogado com forma\u00e7\u00e3o\u00a0em Direito pela Universidade Federal do Maranh\u00e3o (UFMA),\u00a0onde iniciou sua milit\u00e2ncia pol\u00edtica, atuando no movimento estudantil. Trabalhou em defesa dos direitos humanos, dos trabalhadores e trabalhadoras rurais e da popula\u00e7\u00e3o negra.<\/p>\n<p>Desenvolveu tamb\u00e9m v\u00e1rias a\u00e7\u00f5es como membro da Comiss\u00e3o de Direitos Humanos da Ordem dos Advogados do Brasil (OAB-MA). Foi Delegado do Minist\u00e9rio do Desenvolvimento Agr\u00e1rio (MDA) no Maranh\u00e3o, de 2005 a 2010. Sua origem humilde demarca a op\u00e7\u00e3o profissional e pol\u00edtica em defesa da popula\u00e7\u00e3o menos favorecida.<\/p>\n<p>O petista traz consigo uma forte identidade com\u00a0as quest\u00f5es do campo e da cidade. Sua atua\u00e7\u00e3o no MDA foi voltada \u00e0\u00a0implanta\u00e7\u00e3o dos programas do governo Lula, tais como: Territ\u00f3rios Rurais, Territ\u00f3rios da Cidadania, Colegiados Territoriais, Projetos de investimento para os Munic\u00edpios rurais (casas familiar rural, agroind\u00fastrias, centros de comercializa\u00e7\u00e3o, etc), Cr\u00e9dito para Agricultura Familiar, por meio\u00a0do Programa Nacional de Agricultura Familiar (Pronaf), cria\u00e7\u00e3o e apoio aos assentamentos rurais e outras a\u00e7\u00f5es de infra estrutura s\u00f3cio-econ\u00f4mica e produtiva.<\/p>\n<p>Filiado ao PT desde 1990, Z\u00e9 In\u00e1cio \u00e9\u00a0um militante dedicado \u00e0 organiza\u00e7\u00e3o e constru\u00e7\u00e3o do partido que elegeu o presidente Lula. o deputado eleito\u00a0\u00e9 um dos dirigentes pol\u00edticos mais jovens e um dos mais influentes na defesa do desenvolvimento sustent\u00e1vel e da agricultura familiar no atual cen\u00e1rio maranhense.<\/p>\n<p>Sua trajet\u00f3ria \u00e9 marcada pela luta pela redu\u00e7\u00e3o das desigualdades e da pobreza no Maranh\u00e3o\u00a0e pela\u00a0defesa da melhoria da qualidade de vida do homem e da mulher do campo, por meio do acesso \u00e0s pol\u00edticas p\u00fablicas de qualidade, principalmente de educa\u00e7\u00e3o, sa\u00fade, esporte, cultura e lazer.<\/p>\n","protected":false},"excerpt":{"rendered":"<p>O munic\u00edpio de Bequim\u00e3o ganha seu primeiro deputado estadual em 78 anos de emancipa\u00e7\u00e3o: \u00e9 Z\u00e9 In\u00e1cio (PT), que tem [&hellip;]<\/p>\n","protected":false},"author":0,"featured_media":0,"comment_status":"open","ping_status":"open","sticky":false,"template":"","format":"standard","meta":{"site-sidebar-layout":"default","site-content-layout":"","ast-site-content-layout":"default","site-content-style":"default","site-sidebar-style":"default","ast-global-header-display":"","ast-banner-title-visibility":"","ast-main-header-display":"","ast-hfb-above-header-display":"","ast-hfb-below-header-display":"","ast-hfb-mobile-header-display":"","site-post-title":"","ast-breadcrumbs-content":"","ast-featured-img":"","footer-sml-layout":"","ast-disable-related-posts":"","theme-transparent-header-meta":"","adv-header-id-meta":"","stick-header-meta":"","header-above-stick-meta":"","header-main-stick-meta":"","header-below-stick-meta":"","astra-migrate-meta-layouts":"default","ast-page-background-enabled":"default","ast-page-background-meta":{"desktop":{"background-color":"var(--ast-global-color-5)","background-image":"","background-repeat":"repeat","background-position":"center center","background-size":"auto","background-attachment":"scroll","background-type":"","background-media":"","overlay-type":"","overlay-color":"","overlay-opacity":"","overlay-gradient":""},"tablet":{"background-color":"","background-image":"","background-repeat":"repeat","background-position":"center center","background-size":"auto","background-attachment":"scroll","background-type":"","background-media":"","overlay-type":"","overlay-color":"","overlay-opacity":"","overlay-gradient":""},"mobile":{"background-color":"","background-image":"","background-repeat":"repeat","background-position":"center center","background-size":"auto","background-attachment":"scroll","background-type":"","background-media":"","overlay-type":"","overlay-color":"","overlay-opacity":"","overlay-gradient":""}},"ast-content-background-meta":{"desktop":{"background-color":"var(--ast-global-color-4)","background-image":"","background-repeat":"repeat","background-position":"center center","background-size":"auto","background-attachment":"scroll","background-type":"","background-media":"","overlay-type":"","overlay-color":"","overlay-opacity":"","overlay-gradient":""},"tablet":{"background-color":"var(--ast-global-color-4)","background-image":"","background-repeat":"repeat","background-position":"center center","background-size":"auto","background-attachment":"scroll","background-type":"","background-media":"","overlay-type":"","overlay-color":"","overlay-opacity":"","overlay-gradient":""},"mobile":{"background-color":"var(--ast-global-color-4)","background-image":"","background-repeat":"repeat","background-position":"center center","background-size":"auto","background-attachment":"scroll","background-type":"","background-media":"","overlay-type":"","overlay-color":"","overlay-opacity":"","overlay-gradient":""}},"footnotes":""},"categories":[1],"tags":[],"class_list":["post-19789","post","type-post","status-publish","format-standard","hentry","category-sem-categoria"],"yoast_head":"<!-- This site is optimized with the Yoast SEO plugin v26.6 - https:\/\/yoast.com\/wordpress\/plugins\/seo\/ -->\n<title>Z\u00e9 In\u00e1cio agradece elei\u00e7\u00e3o e promete trabalho - Daniel Matos<\/title>\n<meta name=\"robots\" content=\"index, follow, max-snippet:-1, max-image-preview:large, max-video-preview:-1\" \/>\n<link rel=\"canonical\" href=\"https:\/\/www.blogsoestado.com\/danielmatos\/ze-inacio-agradece-eleicao-e-promete-trabalho\/\" \/>\n<meta property=\"og:locale\" content=\"pt_BR\" \/>\n<meta property=\"og:type\" content=\"article\" \/>\n<meta property=\"og:title\" content=\"Z\u00e9 In\u00e1cio agradece elei\u00e7\u00e3o e promete trabalho - Daniel Matos\" \/>\n<meta property=\"og:description\" content=\"O munic\u00edpio de Bequim\u00e3o ganha seu primeiro deputado estadual em 78 anos de emancipa\u00e7\u00e3o: \u00e9 Z\u00e9 In\u00e1cio (PT), que tem [&hellip;]\" \/>\n<meta property=\"og:url\" content=\"https:\/\/www.blogsoestado.com\/danielmatos\/ze-inacio-agradece-eleicao-e-promete-trabalho\/\" \/>\n<meta property=\"og:site_name\" content=\"Daniel Matos\" \/>\n<meta property=\"article:published_time\" content=\"2014-10-08T12:18:46+00:00\" \/>\n<meta property=\"og:image\" content=\"https:\/\/www.blogsoestado.com\/danielmatos\/files\/2014\/10\/inacio-eleito.jpg\" \/>\n<meta name=\"twitter:card\" content=\"summary_large_image\" \/>\n<meta name=\"twitter:label1\" content=\"Est. tempo de leitura\" \/>\n\t<meta name=\"twitter:data1\" content=\"2 minutos\" \/>\n<script type=\"application\/ld+json\" class=\"yoast-schema-graph\">{\"@context\":\"https:\/\/schema.org\",\"@graph\":[{\"@type\":\"WebPage\",\"@id\":\"https:\/\/www.blogsoestado.com\/danielmatos\/ze-inacio-agradece-eleicao-e-promete-trabalho\/\",\"url\":\"https:\/\/www.blogsoestado.com\/danielmatos\/ze-inacio-agradece-eleicao-e-promete-trabalho\/\",\"name\":\"Z\u00e9 In\u00e1cio agradece elei\u00e7\u00e3o e promete trabalho - Daniel Matos\",\"isPartOf\":{\"@id\":\"https:\/\/www.blogsoestado.com\/danielmatos\/#website\"},\"primaryImageOfPage\":{\"@id\":\"https:\/\/www.blogsoestado.com\/danielmatos\/ze-inacio-agradece-eleicao-e-promete-trabalho\/#primaryimage\"},\"image\":{\"@id\":\"https:\/\/www.blogsoestado.com\/danielmatos\/ze-inacio-agradece-eleicao-e-promete-trabalho\/#primaryimage\"},\"thumbnailUrl\":\"https:\/\/www.blogsoestado.com\/danielmatos\/files\/2014\/10\/inacio-eleito.jpg\",\"datePublished\":\"2014-10-08T12:18:46+00:00\",\"author\":{\"@id\":\"\"},\"breadcrumb\":{\"@id\":\"https:\/\/www.blogsoestado.com\/danielmatos\/ze-inacio-agradece-eleicao-e-promete-trabalho\/#breadcrumb\"},\"inLanguage\":\"pt-BR\",\"potentialAction\":[{\"@type\":\"ReadAction\",\"target\":[\"https:\/\/www.blogsoestado.com\/danielmatos\/ze-inacio-agradece-eleicao-e-promete-trabalho\/\"]}]},{\"@type\":\"ImageObject\",\"inLanguage\":\"pt-BR\",\"@id\":\"https:\/\/www.blogsoestado.com\/danielmatos\/ze-inacio-agradece-eleicao-e-promete-trabalho\/#primaryimage\",\"url\":\"https:\/\/www.blogsoestado.com\/danielmatos\/files\/2014\/10\/inacio-eleito.jpg\",\"contentUrl\":\"https:\/\/www.blogsoestado.com\/danielmatos\/files\/2014\/10\/inacio-eleito.jpg\"},{\"@type\":\"BreadcrumbList\",\"@id\":\"https:\/\/www.blogsoestado.com\/danielmatos\/ze-inacio-agradece-eleicao-e-promete-trabalho\/#breadcrumb\",\"itemListElement\":[{\"@type\":\"ListItem\",\"position\":1,\"name\":\"In\u00edcio\",\"item\":\"https:\/\/www.blogsoestado.com\/danielmatos\/\"},{\"@type\":\"ListItem\",\"position\":2,\"name\":\"Z\u00e9 In\u00e1cio agradece elei\u00e7\u00e3o e promete trabalho\"}]},{\"@type\":\"WebSite\",\"@id\":\"https:\/\/www.blogsoestado.com\/danielmatos\/#website\",\"url\":\"https:\/\/www.blogsoestado.com\/danielmatos\/\",\"name\":\"Daniel Matos\",\"description\":\"\",\"potentialAction\":[{\"@type\":\"SearchAction\",\"target\":{\"@type\":\"EntryPoint\",\"urlTemplate\":\"https:\/\/www.blogsoestado.com\/danielmatos\/?s={search_term_string}\"},\"query-input\":{\"@type\":\"PropertyValueSpecification\",\"valueRequired\":true,\"valueName\":\"search_term_string\"}}],\"inLanguage\":\"pt-BR\"}]}<\/script>\n<!-- \/ Yoast SEO plugin. -->","yoast_head_json":{"title":"Z\u00e9 In\u00e1cio agradece elei\u00e7\u00e3o e promete trabalho - Daniel Matos","robots":{"index":"index","follow":"follow","max-snippet":"max-snippet:-1","max-image-preview":"max-image-preview:large","max-video-preview":"max-video-preview:-1"},"canonical":"https:\/\/www.blogsoestado.com\/danielmatos\/ze-inacio-agradece-eleicao-e-promete-trabalho\/","og_locale":"pt_BR","og_type":"article","og_title":"Z\u00e9 In\u00e1cio agradece elei\u00e7\u00e3o e promete trabalho - Daniel Matos","og_description":"O munic\u00edpio de Bequim\u00e3o ganha seu primeiro deputado estadual em 78 anos de emancipa\u00e7\u00e3o: \u00e9 Z\u00e9 In\u00e1cio (PT), que tem [&hellip;]","og_url":"https:\/\/www.blogsoestado.com\/danielmatos\/ze-inacio-agradece-eleicao-e-promete-trabalho\/","og_site_name":"Daniel Matos","article_published_time":"2014-10-08T12:18:46+00:00","og_image":[{"url":"https:\/\/www.blogsoestado.com\/danielmatos\/files\/2014\/10\/inacio-eleito.jpg","type":"","width":"","height":""}],"twitter_card":"summary_large_image","twitter_misc":{"Est. tempo de leitura":"2 minutos"},"schema":{"@context":"https:\/\/schema.org","@graph":[{"@type":"WebPage","@id":"https:\/\/www.blogsoestado.com\/danielmatos\/ze-inacio-agradece-eleicao-e-promete-trabalho\/","url":"https:\/\/www.blogsoestado.com\/danielmatos\/ze-inacio-agradece-eleicao-e-promete-trabalho\/","name":"Z\u00e9 In\u00e1cio agradece elei\u00e7\u00e3o e promete trabalho - Daniel Matos","isPartOf":{"@id":"https:\/\/www.blogsoestado.com\/danielmatos\/#website"},"primaryImageOfPage":{"@id":"https:\/\/www.blogsoestado.com\/danielmatos\/ze-inacio-agradece-eleicao-e-promete-trabalho\/#primaryimage"},"image":{"@id":"https:\/\/www.blogsoestado.com\/danielmatos\/ze-inacio-agradece-eleicao-e-promete-trabalho\/#primaryimage"},"thumbnailUrl":"https:\/\/www.blogsoestado.com\/danielmatos\/files\/2014\/10\/inacio-eleito.jpg","datePublished":"2014-10-08T12:18:46+00:00","author":{"@id":""},"breadcrumb":{"@id":"https:\/\/www.blogsoestado.com\/danielmatos\/ze-inacio-agradece-eleicao-e-promete-trabalho\/#breadcrumb"},"inLanguage":"pt-BR","potentialAction":[{"@type":"ReadAction","target":["https:\/\/www.blogsoestado.com\/danielmatos\/ze-inacio-agradece-eleicao-e-promete-trabalho\/"]}]},{"@type":"ImageObject","inLanguage":"pt-BR","@id":"https:\/\/www.blogsoestado.com\/danielmatos\/ze-inacio-agradece-eleicao-e-promete-trabalho\/#primaryimage","url":"https:\/\/www.blogsoestado.com\/danielmatos\/files\/2014\/10\/inacio-eleito.jpg","contentUrl":"https:\/\/www.blogsoestado.com\/danielmatos\/files\/2014\/10\/inacio-eleito.jpg"},{"@type":"BreadcrumbList","@id":"https:\/\/www.blogsoestado.com\/danielmatos\/ze-inacio-agradece-eleicao-e-promete-trabalho\/#breadcrumb","itemListElement":[{"@type":"ListItem","position":1,"name":"In\u00edcio","item":"https:\/\/www.blogsoestado.com\/danielmatos\/"},{"@type":"ListItem","position":2,"name":"Z\u00e9 In\u00e1cio agradece elei\u00e7\u00e3o e promete trabalho"}]},{"@type":"WebSite","@id":"https:\/\/www.blogsoestado.com\/danielmatos\/#website","url":"https:\/\/www.blogsoestado.com\/danielmatos\/","name":"Daniel Matos","description":"","potentialAction":[{"@type":"SearchAction","target":{"@type":"EntryPoint","urlTemplate":"https:\/\/www.blogsoestado.com\/danielmatos\/?s={search_term_string}"},"query-input":{"@type":"PropertyValueSpecification","valueRequired":true,"valueName":"search_term_string"}}],"inLanguage":"pt-BR"}]}},"jetpack_featured_media_url":"","_links":{"self":[{"href":"https:\/\/www.blogsoestado.com\/danielmatos\/wp-json\/wp\/v2\/posts\/19789","targetHints":{"allow":["GET"]}}],"collection":[{"href":"https:\/\/www.blogsoestado.com\/danielmatos\/wp-json\/wp\/v2\/posts"}],"about":[{"href":"https:\/\/www.blogsoestado.com\/danielmatos\/wp-json\/wp\/v2\/types\/post"}],"replies":[{"embeddable":true,"href":"https:\/\/www.blogsoestado.com\/danielmatos\/wp-json\/wp\/v2\/comments?post=19789"}],"version-history":[{"count":0,"href":"https:\/\/www.blogsoestado.com\/danielmatos\/wp-json\/wp\/v2\/posts\/19789\/revisions"}],"wp:attachment":[{"href":"https:\/\/www.blogsoestado.com\/danielmatos\/wp-json\/wp\/v2\/media?parent=19789"}],"wp:term":[{"taxonomy":"category","embeddable":true,"href":"https:\/\/www.blogsoestado.com\/danielmatos\/wp-json\/wp\/v2\/categories?post=19789"},{"taxonomy":"post_tag","embeddable":true,"href":"https:\/\/www.blogsoestado.com\/danielmatos\/wp-json\/wp\/v2\/tags?post=19789"}],"curies":[{"name":"wp","href":"https:\/\/api.w.org\/{rel}","templated":true}]}}