{"id":19794,"date":"2014-10-08T11:20:57","date_gmt":"2014-10-08T14:20:57","guid":{"rendered":"https:\/\/www.blogsoestado.com\/danielmatos\/?p=19794"},"modified":"2014-10-08T11:20:57","modified_gmt":"2014-10-08T14:20:57","slug":"festa-vumbora-sao-luis-em-clima-de-carnaval","status":"publish","type":"post","link":"https:\/\/www.blogsoestado.com\/danielmatos\/festa-vumbora-sao-luis-em-clima-de-carnaval\/","title":{"rendered":"Festa \u201cVumbora?!\u201d S\u00e3o Lu\u00eds em clima de Carnaval"},"content":{"rendered":"<p style=\"text-align: center;\"><em>O evento re\u00fane estrelas da m\u00fasica baiana, no dia 11 de outubro, e dia 12 encerra-se, com uma feijoada especial em um requintado hotel da Ilha<\/em><\/p>\n<figure id=\"attachment_19795\" aria-describedby=\"caption-attachment-19795\" style=\"width: 620px\" class=\"wp-caption aligncenter\"><a href=\"https:\/\/www.blogsoestado.com\/danielmatos\/files\/2014\/10\/bell2.jpg\"><img fetchpriority=\"high\" decoding=\"async\" class=\"size-full wp-image-19795\" src=\"https:\/\/www.blogsoestado.com\/danielmatos\/files\/2014\/10\/bell2.jpg\" alt=\"Cantor Bell Marques, ex-Chiclete com Banana, ser\u00e1 a principal atra\u00e7\u00e3o da festa \" width=\"620\" height=\"412\" \/><\/a><figcaption id=\"caption-attachment-19795\" class=\"wp-caption-text\">Cantor Bell Marques, ex-Chiclete com Banana, ser\u00e1 a principal atra\u00e7\u00e3o do &#8220;Vumbora?! S\u00e3o Lu\u00eds 2014<\/figcaption><\/figure>\n<p>O t\u00e3o aguardado m\u00eas de outubro chegou e com ele, a festa \u201cVumbora?!\u201d S\u00e3o Lu\u00eds, nome que ficou consagrado no carnaval baiano, como apresenta\u00e7\u00e3o oficial do cantor Bell Marques em carreira solo, que agora se tornou itinerante e o Maranh\u00e3o tem a chance em reviver uma bela hist\u00f3ria com trio el\u00e9trico mais uma vez. Ser\u00e3o dois dias com muita divers\u00e3o, responsabilidade e alegria, no dia 11 de outubro, no Espa\u00e7o Reserva (Shopping da Ilha) , tem Bell Marques, Jammil, Oito7Nove4, Mara Pavanelly, Luan &amp; Forr\u00f3 Estilizado e Matheus Fernandes. J\u00e1 no dia seguinte, na \u2018ressaca\u2019, ainda tem a famosa feijoada do evento, no WH Rio Poty Hotel, com a Oito7nove4 e Matheus Fernandes, com participa\u00e7\u00e3o especial da cantora Mara Pavanelly, a partir das 13h.<\/p>\n<figure id=\"attachment_19797\" aria-describedby=\"caption-attachment-19797\" style=\"width: 448px\" class=\"wp-caption alignright\"><a href=\"https:\/\/www.blogsoestado.com\/danielmatos\/files\/2014\/10\/vumbora2.jpg\"><img decoding=\"async\" class=\"size-full wp-image-19797\" src=\"https:\/\/www.blogsoestado.com\/danielmatos\/files\/2014\/10\/vumbora2.jpg\" alt=\"Vocalista Levi Lima, da banda Jammil\" width=\"448\" height=\"246\" \/><\/a><figcaption id=\"caption-attachment-19797\" class=\"wp-caption-text\">Vocalista Levi Lima, da banda Jammil<\/figcaption><\/figure>\n<p>Os ingressos est\u00e3o \u00e0 venda na Central da Folia (Jaracati Shopping), Loja Blin Class (Rio Anil, S\u00e3o Lu\u00eds e Shopping da Ilha) e no site <a href=\"http:\/\/www.dringresso.com.br\" target=\"_blank\">www.dringresso.com.br<\/a>.<\/p>\n<p><strong>ESTRUTURA<\/strong><\/p>\n<p>Ser\u00e3o tr\u00eas trios el\u00e9tricos que far\u00e3o um passeio pelo Espa\u00e7o Reserva. O evento ser\u00e1 dividido em tr\u00eas \u00e1reas: a pista, hotzone360\u00b0 e camarote. Quem deseja somente acompanhar os trios, se sentir\u00e1 no circuito Barra-Ondina, comprando a pista. Agora se o foli\u00e3 prefere um espa\u00e7o mais confort\u00e1vel com menos pessoas, tamb\u00e9m pode desfrutar o Front 360\u00b0, o ambiente ficar\u00e1 no centro da \u00e1rea externa do Shopping da Ilha e ser\u00e1 poss\u00edvel acompanhar todos os passeios dos trios. Em busca de \u00e1rea mais exclusiva e com atra\u00e7\u00f5es especiais, a produ\u00e7\u00e3o prepara um camarote no n\u00edvel do \u201cExpresso 2222\u201d, criado pelo cantor Gilberto Gil, em Salvador, que promete ser tamb\u00e9m o ponto de encontro com os artistas que estar\u00e3o passando com trio el\u00e9trico.<\/p>\n<p><strong>E MAIS<\/strong><\/p>\n<figure id=\"attachment_19798\" aria-describedby=\"caption-attachment-19798\" style=\"width: 347px\" class=\"wp-caption alignleft\"><a href=\"https:\/\/www.blogsoestado.com\/danielmatos\/files\/2014\/10\/vumbora3.jpg\"><img decoding=\"async\" class=\"size-full wp-image-19798\" src=\"https:\/\/www.blogsoestado.com\/danielmatos\/files\/2014\/10\/vumbora3.jpg\" alt=\"Cantora Mara Pavanelly promete animar o p\u00fablico\" width=\"347\" height=\"336\" \/><\/a><figcaption id=\"caption-attachment-19798\" class=\"wp-caption-text\">Cantora Mara Pavanelly promete animar o p\u00fablico<\/figcaption><\/figure>\n<p><strong>BELL MARQUES<\/strong> &#8211; Em todos esses anos, ficou conhecido por atrair, com sua trajet\u00f3ria inigual\u00e1vel, uma legi\u00e3o de f\u00e3s diferenciada, que roda o Pa\u00eds acompanhando seus shows. Os in\u00fameros trof\u00e9us concedidos em sua carreira fizeram de Bell um dos artistas mais premiados do Brasil.<\/p>\n<p>Em setembro de 2013, Bell Marques chamou aten\u00e7\u00e3o do Brasil inteiro ao anunciar sua sa\u00edda do Chiclete com Banana. O lan\u00e7amento de sua carreira solo aconteceu no \u00faltimo dia de Carnaval, em 2014, \u00e0 frente do Bloco Vumbora, no circuito Barra-Ondina. Com apresenta\u00e7\u00f5es fechadas at\u00e9 dezembro, o cantor tem surpreendido o p\u00fablico com sua nova banda e com o repert\u00f3rio ecl\u00e9tico.<\/p>\n<p>No palco, Bell Marques apresenta, al\u00e9m de can\u00e7\u00f5es de sua antiga banda, imortalizadas em sua voz, sucessos de outros grandes nomes da m\u00fasica e faixas do novo CD, batizado de Vumbora. No \u00e1lbum, o artista canta novos sucessos, como Nicolau, Amor Bacana, Louco Amor e Vumbora Vumbora, in\u00e9dita que ganha medley com Vumbora Amar e Savassi, que marcaram sua trajet\u00f3ria no Chiclete.<\/p>\n<p><strong>OITO7NOVE4<\/strong> &#8211; Dois anos na estrada j\u00e1 renderam um curr\u00edculo invej\u00e1vel para a carreira da Oito7Nove4. Rafa e Pipo Marques lideraram a banda em alguns dos mais importantes eventos do calend\u00e1rio de festas do Brasil, como Fortal (CE), Ensaio Geral (BA), Pr\u00e9-Caju (SE), Micareta de Feira de Santana (BA), Siriguella Banana (CE), Carnatal (RN), Olinda Beer (PE), Esp\u00edrito El\u00e9trico (ES), Circuito Voa-Voa Bel\u00e9m (PA) e Marafolia (MA).<\/p>\n<p>A energia e empolga\u00e7\u00e3o no palco viraram marca registrada da banda. O sucesso r\u00e1pido garantiu apresenta\u00e7\u00f5es bem-sucedidas em tr\u00eas edi\u00e7\u00f5es consecutivas do Festival de Ver\u00e3o, a \u00faltima delas no Palco Principal, e do Carnaval de Salvador, o maior do planeta, onde a Oito7Nove4 vem fazendo hist\u00f3ria com o bloco Banana Coral, h\u00e1 tr\u00eas anos com abad\u00e1s esgotados. Os irm\u00e3os j\u00e1 t\u00eam registrado na hist\u00f3ria da banda tamb\u00e9m o emocionante encontro de trios e de gera\u00e7\u00f5es na Pra\u00e7a Castro Alves, na abertura dos Carnavais 2012 e 2013, ao lado do Chiclete com Banana, em a\u00e7\u00e3o promovida pela Skol.<\/p>\n<figure id=\"attachment_19799\" aria-describedby=\"caption-attachment-19799\" style=\"width: 448px\" class=\"wp-caption alignright\"><a href=\"https:\/\/www.blogsoestado.com\/danielmatos\/files\/2014\/10\/vumbora1.jpg\"><img loading=\"lazy\" decoding=\"async\" class=\"size-full wp-image-19799\" src=\"https:\/\/www.blogsoestado.com\/danielmatos\/files\/2014\/10\/vumbora1.jpg\" alt=\"Luan e Forr\u00f3 Estilizado tamb\u00e9m se apresentar\u00e3o na festa\" width=\"448\" height=\"321\" \/><\/a><figcaption id=\"caption-attachment-19799\" class=\"wp-caption-text\">Luan e Forr\u00f3 Estilizado tamb\u00e9m se apresentar\u00e3o na festa<\/figcaption><\/figure>\n<p><strong>JAMMIL<\/strong> &#8211; Em contagem regressiva para o ver\u00e3o, a banda Jammil e Uma Noites anuncia uma s\u00e9rie de novidades para os pr\u00f3ximos meses. Em novembro, o grupo Grava seu primeiro DVD ao vivo em nova forma\u00e7\u00e3o, sob comando do vocalista Levi Lima.<\/p>\n<p>O trabalho, intitulado \u201cJammil de todas as praias\u201d, contar\u00e1 com duas etapas de grava\u00e7\u00e3o, em salvador e Macei\u00f3. E no repert\u00f3rio, cl\u00e1ssicos do Jammil que embalaram carnavais ao longo de sua hist\u00f3ria, sucessos que marcam a trajet\u00f3ria de Levi \u00e0 frente da banda, como celebrar e colorir papel, al\u00e9m de can\u00e7\u00f5es in\u00e9ditas. Em setembro, a banda emplaca mais um sucesso nas r\u00e1dios brasileiras: mil poemas.<\/p>\n<p>O novo DVD do Jammil surge como sequ\u00eancia de um trabalho que, nos \u00faltimos tr\u00eas anos, tem rendido ao grupo uma s\u00e9rie de conquistas. Al\u00e9m de pr\u00eamios como o \u201cjovem brasileiro\u201d em 2013, na categoria melhor m\u00fasica, o Jammil foi indicado ao Grammy latino no ano anterior pelo DVD s\u00f3 de clipes, \u201cJammil na real\u201d.<\/p>\n<p><strong>LUAN &amp; FORR\u00d3 ESTILIZADO<\/strong> &#8211; O cantor Luan e Forr\u00f3 Estilizado, que ganharam destaque no programa SuperStar da TV Globo, tamb\u00e9m promete agitar o evento. Luan conseguiu chegar no top 4 do do programa. O grupo tem apresentou cl\u00e1ssicos da m\u00fasica popular brasileira cantado por grandes nomes como Almir Sater, Luiz Gonzaga e Fagner.<\/p>\n<p><strong>SERVI\u00c7OS<\/strong><\/p>\n<p>O QU\u00ca? Vumbora?! S\u00e3o Lu\u00eds<\/p>\n<p>QUANDO? S\u00e1bado, dia 11 de outubro de 2014<\/p>\n<p>ONDE? Espa\u00e7o Reserva (Shopping da Ilha).<\/p>\n<p>VALORES &#8211; Pista &#8211; R$ 60 e a casadinha R$ 100. HotZone 360, R$ 90 e a casadinha R$ 160. Comprando o camarote individual, o convidado ganha automaticamente o ingresso da feijoada, por R$ 170 (individual) e a casadinha R$ 300.<\/p>\n","protected":false},"excerpt":{"rendered":"<p>O evento re\u00fane estrelas da m\u00fasica baiana, no dia 11 de outubro, e dia 12 encerra-se, com uma feijoada especial [&hellip;]<\/p>\n","protected":false},"author":0,"featured_media":0,"comment_status":"open","ping_status":"open","sticky":false,"template":"","format":"standard","meta":{"site-sidebar-layout":"default","site-content-layout":"","ast-site-content-layout":"default","site-content-style":"default","site-sidebar-style":"default","ast-global-header-display":"","ast-banner-title-visibility":"","ast-main-header-display":"","ast-hfb-above-header-display":"","ast-hfb-below-header-display":"","ast-hfb-mobile-header-display":"","site-post-title":"","ast-breadcrumbs-content":"","ast-featured-img":"","footer-sml-layout":"","ast-disable-related-posts":"","theme-transparent-header-meta":"","adv-header-id-meta":"","stick-header-meta":"","header-above-stick-meta":"","header-main-stick-meta":"","header-below-stick-meta":"","astra-migrate-meta-layouts":"default","ast-page-background-enabled":"default","ast-page-background-meta":{"desktop":{"background-color":"var(--ast-global-color-5)","background-image":"","background-repeat":"repeat","background-position":"center center","background-size":"auto","background-attachment":"scroll","background-type":"","background-media":"","overlay-type":"","overlay-color":"","overlay-opacity":"","overlay-gradient":""},"tablet":{"background-color":"","background-image":"","background-repeat":"repeat","background-position":"center center","background-size":"auto","background-attachment":"scroll","background-type":"","background-media":"","overlay-type":"","overlay-color":"","overlay-opacity":"","overlay-gradient":""},"mobile":{"background-color":"","background-image":"","background-repeat":"repeat","background-position":"center center","background-size":"auto","background-attachment":"scroll","background-type":"","background-media":"","overlay-type":"","overlay-color":"","overlay-opacity":"","overlay-gradient":""}},"ast-content-background-meta":{"desktop":{"background-color":"var(--ast-global-color-4)","background-image":"","background-repeat":"repeat","background-position":"center center","background-size":"auto","background-attachment":"scroll","background-type":"","background-media":"","overlay-type":"","overlay-color":"","overlay-opacity":"","overlay-gradient":""},"tablet":{"background-color":"var(--ast-global-color-4)","background-image":"","background-repeat":"repeat","background-position":"center center","background-size":"auto","background-attachment":"scroll","background-type":"","background-media":"","overlay-type":"","overlay-color":"","overlay-opacity":"","overlay-gradient":""},"mobile":{"background-color":"var(--ast-global-color-4)","background-image":"","background-repeat":"repeat","background-position":"center center","background-size":"auto","background-attachment":"scroll","background-type":"","background-media":"","overlay-type":"","overlay-color":"","overlay-opacity":"","overlay-gradient":""}},"footnotes":""},"categories":[1],"tags":[],"class_list":["post-19794","post","type-post","status-publish","format-standard","hentry","category-sem-categoria"],"yoast_head":"<!-- This site is optimized with the Yoast SEO plugin v26.6 - https:\/\/yoast.com\/wordpress\/plugins\/seo\/ -->\n<title>Festa \u201cVumbora?!\u201d S\u00e3o Lu\u00eds em clima de Carnaval - Daniel Matos<\/title>\n<meta name=\"robots\" content=\"index, follow, max-snippet:-1, max-image-preview:large, max-video-preview:-1\" \/>\n<link rel=\"canonical\" href=\"https:\/\/www.blogsoestado.com\/danielmatos\/festa-vumbora-sao-luis-em-clima-de-carnaval\/\" \/>\n<meta property=\"og:locale\" content=\"pt_BR\" \/>\n<meta property=\"og:type\" content=\"article\" \/>\n<meta property=\"og:title\" content=\"Festa \u201cVumbora?!\u201d S\u00e3o Lu\u00eds em clima de Carnaval - Daniel Matos\" \/>\n<meta property=\"og:description\" content=\"O evento re\u00fane estrelas da m\u00fasica baiana, no dia 11 de outubro, e dia 12 encerra-se, com uma feijoada especial [&hellip;]\" \/>\n<meta property=\"og:url\" content=\"https:\/\/www.blogsoestado.com\/danielmatos\/festa-vumbora-sao-luis-em-clima-de-carnaval\/\" \/>\n<meta property=\"og:site_name\" content=\"Daniel Matos\" \/>\n<meta property=\"article:published_time\" content=\"2014-10-08T14:20:57+00:00\" \/>\n<meta property=\"og:image\" content=\"https:\/\/www.blogsoestado.com\/danielmatos\/files\/2014\/10\/bell2.jpg\" \/>\n<meta name=\"twitter:card\" content=\"summary_large_image\" \/>\n<meta name=\"twitter:label1\" content=\"Est. tempo de leitura\" \/>\n\t<meta name=\"twitter:data1\" content=\"5 minutos\" \/>\n<script type=\"application\/ld+json\" class=\"yoast-schema-graph\">{\"@context\":\"https:\/\/schema.org\",\"@graph\":[{\"@type\":\"WebPage\",\"@id\":\"https:\/\/www.blogsoestado.com\/danielmatos\/festa-vumbora-sao-luis-em-clima-de-carnaval\/\",\"url\":\"https:\/\/www.blogsoestado.com\/danielmatos\/festa-vumbora-sao-luis-em-clima-de-carnaval\/\",\"name\":\"Festa \u201cVumbora?!\u201d S\u00e3o Lu\u00eds em clima de Carnaval - Daniel Matos\",\"isPartOf\":{\"@id\":\"https:\/\/www.blogsoestado.com\/danielmatos\/#website\"},\"primaryImageOfPage\":{\"@id\":\"https:\/\/www.blogsoestado.com\/danielmatos\/festa-vumbora-sao-luis-em-clima-de-carnaval\/#primaryimage\"},\"image\":{\"@id\":\"https:\/\/www.blogsoestado.com\/danielmatos\/festa-vumbora-sao-luis-em-clima-de-carnaval\/#primaryimage\"},\"thumbnailUrl\":\"https:\/\/www.blogsoestado.com\/danielmatos\/files\/2014\/10\/bell2.jpg\",\"datePublished\":\"2014-10-08T14:20:57+00:00\",\"author\":{\"@id\":\"\"},\"breadcrumb\":{\"@id\":\"https:\/\/www.blogsoestado.com\/danielmatos\/festa-vumbora-sao-luis-em-clima-de-carnaval\/#breadcrumb\"},\"inLanguage\":\"pt-BR\",\"potentialAction\":[{\"@type\":\"ReadAction\",\"target\":[\"https:\/\/www.blogsoestado.com\/danielmatos\/festa-vumbora-sao-luis-em-clima-de-carnaval\/\"]}]},{\"@type\":\"ImageObject\",\"inLanguage\":\"pt-BR\",\"@id\":\"https:\/\/www.blogsoestado.com\/danielmatos\/festa-vumbora-sao-luis-em-clima-de-carnaval\/#primaryimage\",\"url\":\"https:\/\/www.blogsoestado.com\/danielmatos\/files\/2014\/10\/bell2.jpg\",\"contentUrl\":\"https:\/\/www.blogsoestado.com\/danielmatos\/files\/2014\/10\/bell2.jpg\"},{\"@type\":\"BreadcrumbList\",\"@id\":\"https:\/\/www.blogsoestado.com\/danielmatos\/festa-vumbora-sao-luis-em-clima-de-carnaval\/#breadcrumb\",\"itemListElement\":[{\"@type\":\"ListItem\",\"position\":1,\"name\":\"In\u00edcio\",\"item\":\"https:\/\/www.blogsoestado.com\/danielmatos\/\"},{\"@type\":\"ListItem\",\"position\":2,\"name\":\"Festa \u201cVumbora?!\u201d S\u00e3o Lu\u00eds em clima de Carnaval\"}]},{\"@type\":\"WebSite\",\"@id\":\"https:\/\/www.blogsoestado.com\/danielmatos\/#website\",\"url\":\"https:\/\/www.blogsoestado.com\/danielmatos\/\",\"name\":\"Daniel Matos\",\"description\":\"\",\"potentialAction\":[{\"@type\":\"SearchAction\",\"target\":{\"@type\":\"EntryPoint\",\"urlTemplate\":\"https:\/\/www.blogsoestado.com\/danielmatos\/?s={search_term_string}\"},\"query-input\":{\"@type\":\"PropertyValueSpecification\",\"valueRequired\":true,\"valueName\":\"search_term_string\"}}],\"inLanguage\":\"pt-BR\"}]}<\/script>\n<!-- \/ Yoast SEO plugin. -->","yoast_head_json":{"title":"Festa \u201cVumbora?!\u201d S\u00e3o Lu\u00eds em clima de Carnaval - Daniel Matos","robots":{"index":"index","follow":"follow","max-snippet":"max-snippet:-1","max-image-preview":"max-image-preview:large","max-video-preview":"max-video-preview:-1"},"canonical":"https:\/\/www.blogsoestado.com\/danielmatos\/festa-vumbora-sao-luis-em-clima-de-carnaval\/","og_locale":"pt_BR","og_type":"article","og_title":"Festa \u201cVumbora?!\u201d S\u00e3o Lu\u00eds em clima de Carnaval - Daniel Matos","og_description":"O evento re\u00fane estrelas da m\u00fasica baiana, no dia 11 de outubro, e dia 12 encerra-se, com uma feijoada especial [&hellip;]","og_url":"https:\/\/www.blogsoestado.com\/danielmatos\/festa-vumbora-sao-luis-em-clima-de-carnaval\/","og_site_name":"Daniel Matos","article_published_time":"2014-10-08T14:20:57+00:00","og_image":[{"url":"https:\/\/www.blogsoestado.com\/danielmatos\/files\/2014\/10\/bell2.jpg","type":"","width":"","height":""}],"twitter_card":"summary_large_image","twitter_misc":{"Est. tempo de leitura":"5 minutos"},"schema":{"@context":"https:\/\/schema.org","@graph":[{"@type":"WebPage","@id":"https:\/\/www.blogsoestado.com\/danielmatos\/festa-vumbora-sao-luis-em-clima-de-carnaval\/","url":"https:\/\/www.blogsoestado.com\/danielmatos\/festa-vumbora-sao-luis-em-clima-de-carnaval\/","name":"Festa \u201cVumbora?!\u201d S\u00e3o Lu\u00eds em clima de Carnaval - Daniel Matos","isPartOf":{"@id":"https:\/\/www.blogsoestado.com\/danielmatos\/#website"},"primaryImageOfPage":{"@id":"https:\/\/www.blogsoestado.com\/danielmatos\/festa-vumbora-sao-luis-em-clima-de-carnaval\/#primaryimage"},"image":{"@id":"https:\/\/www.blogsoestado.com\/danielmatos\/festa-vumbora-sao-luis-em-clima-de-carnaval\/#primaryimage"},"thumbnailUrl":"https:\/\/www.blogsoestado.com\/danielmatos\/files\/2014\/10\/bell2.jpg","datePublished":"2014-10-08T14:20:57+00:00","author":{"@id":""},"breadcrumb":{"@id":"https:\/\/www.blogsoestado.com\/danielmatos\/festa-vumbora-sao-luis-em-clima-de-carnaval\/#breadcrumb"},"inLanguage":"pt-BR","potentialAction":[{"@type":"ReadAction","target":["https:\/\/www.blogsoestado.com\/danielmatos\/festa-vumbora-sao-luis-em-clima-de-carnaval\/"]}]},{"@type":"ImageObject","inLanguage":"pt-BR","@id":"https:\/\/www.blogsoestado.com\/danielmatos\/festa-vumbora-sao-luis-em-clima-de-carnaval\/#primaryimage","url":"https:\/\/www.blogsoestado.com\/danielmatos\/files\/2014\/10\/bell2.jpg","contentUrl":"https:\/\/www.blogsoestado.com\/danielmatos\/files\/2014\/10\/bell2.jpg"},{"@type":"BreadcrumbList","@id":"https:\/\/www.blogsoestado.com\/danielmatos\/festa-vumbora-sao-luis-em-clima-de-carnaval\/#breadcrumb","itemListElement":[{"@type":"ListItem","position":1,"name":"In\u00edcio","item":"https:\/\/www.blogsoestado.com\/danielmatos\/"},{"@type":"ListItem","position":2,"name":"Festa \u201cVumbora?!\u201d S\u00e3o Lu\u00eds em clima de Carnaval"}]},{"@type":"WebSite","@id":"https:\/\/www.blogsoestado.com\/danielmatos\/#website","url":"https:\/\/www.blogsoestado.com\/danielmatos\/","name":"Daniel Matos","description":"","potentialAction":[{"@type":"SearchAction","target":{"@type":"EntryPoint","urlTemplate":"https:\/\/www.blogsoestado.com\/danielmatos\/?s={search_term_string}"},"query-input":{"@type":"PropertyValueSpecification","valueRequired":true,"valueName":"search_term_string"}}],"inLanguage":"pt-BR"}]}},"jetpack_featured_media_url":"","_links":{"self":[{"href":"https:\/\/www.blogsoestado.com\/danielmatos\/wp-json\/wp\/v2\/posts\/19794","targetHints":{"allow":["GET"]}}],"collection":[{"href":"https:\/\/www.blogsoestado.com\/danielmatos\/wp-json\/wp\/v2\/posts"}],"about":[{"href":"https:\/\/www.blogsoestado.com\/danielmatos\/wp-json\/wp\/v2\/types\/post"}],"replies":[{"embeddable":true,"href":"https:\/\/www.blogsoestado.com\/danielmatos\/wp-json\/wp\/v2\/comments?post=19794"}],"version-history":[{"count":0,"href":"https:\/\/www.blogsoestado.com\/danielmatos\/wp-json\/wp\/v2\/posts\/19794\/revisions"}],"wp:attachment":[{"href":"https:\/\/www.blogsoestado.com\/danielmatos\/wp-json\/wp\/v2\/media?parent=19794"}],"wp:term":[{"taxonomy":"category","embeddable":true,"href":"https:\/\/www.blogsoestado.com\/danielmatos\/wp-json\/wp\/v2\/categories?post=19794"},{"taxonomy":"post_tag","embeddable":true,"href":"https:\/\/www.blogsoestado.com\/danielmatos\/wp-json\/wp\/v2\/tags?post=19794"}],"curies":[{"name":"wp","href":"https:\/\/api.w.org\/{rel}","templated":true}]}}