{"id":19814,"date":"2014-10-09T10:22:33","date_gmt":"2014-10-09T13:22:33","guid":{"rendered":"https:\/\/www.blogsoestado.com\/danielmatos\/?p=19814"},"modified":"2014-10-09T10:22:33","modified_gmt":"2014-10-09T13:22:33","slug":"mp-do-maranhao-cobra-providencias-contra-ofensas-a-nordestinos","status":"publish","type":"post","link":"https:\/\/www.blogsoestado.com\/danielmatos\/mp-do-maranhao-cobra-providencias-contra-ofensas-a-nordestinos\/","title":{"rendered":"MP do Maranh\u00e3o cobra provid\u00eancias contra ofensas a nordestinos"},"content":{"rendered":"<figure id=\"attachment_19815\" aria-describedby=\"caption-attachment-19815\" style=\"width: 448px\" class=\"wp-caption alignright\"><a href=\"https:\/\/www.blogsoestado.com\/danielmatos\/files\/2014\/10\/ofensa-nordestinos.jpg\"><img fetchpriority=\"high\" decoding=\"async\" class=\"size-full wp-image-19815\" src=\"https:\/\/www.blogsoestado.com\/danielmatos\/files\/2014\/10\/ofensa-nordestinos.jpg\" alt=\"Uma das ofensas postadas nas redes sociais contra nordestinos nos \u00faltimos dias\" width=\"448\" height=\"300\" \/><\/a><figcaption id=\"caption-attachment-19815\" class=\"wp-caption-text\">Uma das ofensas postadas nas redes sociais contra nordestinos nos \u00faltimos dias<\/figcaption><\/figure>\n<p>O Minist\u00e9rio P\u00fablico do Maranh\u00e3o encaminhou, no dia 7 de outubro, \u00e0 Procuradoria da Rep\u00fablica no Maranh\u00e3o requerimento com pedido de provid\u00eancias diante da dissemina\u00e7\u00e3o de pr\u00e1ticas discriminat\u00f3rias contra o povo nordestino em redes sociais.<\/p>\n<p>A not\u00edcia-crime apresentada pela procuradora-geral de justi\u00e7a, Regina L\u00facia de Almeida Rocha, encaminha em anexo documentos que comprovam a conduta delituosa de v\u00e1rios usu\u00e1rios da rede social &#8220;tumbrl&#8221;, participantes de um grupo denominado &#8220;Esses nordestinos&#8230;&#8221;. Nas v\u00e1rias postagens do referido grupo, os internautas fazem in\u00fameras afirma\u00e7\u00f5es de car\u00e1ter discriminat\u00f3rio, principalmente relacionando o povo nordestino \u00e0 pobreza e ao recebimento de benef\u00edcios sociais, usando de diversas ofensas.<\/p>\n<p>De acordo com a procuradora-geral, tais condutas correspondem ao tipo penal previsto pelo artigo 20 da Lei 7716\/89, o qual prev\u00ea que a pr\u00e1tica, indu\u00e7\u00e3o ou incita\u00e7\u00e3o \u00e0 discrimina\u00e7\u00e3o ou preconceito de ra\u00e7a, cor, etnia, religi\u00e3o ou proced\u00eancia nacional, sujeita o agente \u00e0 pena de reclus\u00e3o que varia de um a cinco anos, al\u00e9m de multa. &#8220;Como se observa, o fato narrado representa, em tese, infra\u00e7\u00f5es penais que merecem a devida responsabiliza\u00e7\u00e3o e penaliza\u00e7\u00e3o&#8221;, enfatizou.<\/p>\n<p>Por fim, a procuradora-geral ressaltou a compet\u00eancia da Justi\u00e7a Federal para processar e julgar o feito, uma vez que se trata de delito cometido por meio eletr\u00f4nico que se refere a infra\u00e7\u00f5es previstas em tratados ou conven\u00e7\u00f5es internacionais, cujo acesso se d\u00e1 al\u00e9m das fronteiras do territ\u00f3rio nacional.<\/p>\n<p><strong>Fonte:<\/strong> Minist\u00e9rio P\u00fablico do Maranh\u00e3o<\/p>\n","protected":false},"excerpt":{"rendered":"<p>O Minist\u00e9rio P\u00fablico do Maranh\u00e3o encaminhou, no dia 7 de outubro, \u00e0 Procuradoria da Rep\u00fablica no Maranh\u00e3o requerimento com pedido [&hellip;]<\/p>\n","protected":false},"author":0,"featured_media":0,"comment_status":"open","ping_status":"open","sticky":false,"template":"","format":"standard","meta":{"site-sidebar-layout":"default","site-content-layout":"","ast-site-content-layout":"default","site-content-style":"default","site-sidebar-style":"default","ast-global-header-display":"","ast-banner-title-visibility":"","ast-main-header-display":"","ast-hfb-above-header-display":"","ast-hfb-below-header-display":"","ast-hfb-mobile-header-display":"","site-post-title":"","ast-breadcrumbs-content":"","ast-featured-img":"","footer-sml-layout":"","ast-disable-related-posts":"","theme-transparent-header-meta":"","adv-header-id-meta":"","stick-header-meta":"","header-above-stick-meta":"","header-main-stick-meta":"","header-below-stick-meta":"","astra-migrate-meta-layouts":"default","ast-page-background-enabled":"default","ast-page-background-meta":{"desktop":{"background-color":"var(--ast-global-color-5)","background-image":"","background-repeat":"repeat","background-position":"center center","background-size":"auto","background-attachment":"scroll","background-type":"","background-media":"","overlay-type":"","overlay-color":"","overlay-opacity":"","overlay-gradient":""},"tablet":{"background-color":"","background-image":"","background-repeat":"repeat","background-position":"center center","background-size":"auto","background-attachment":"scroll","background-type":"","background-media":"","overlay-type":"","overlay-color":"","overlay-opacity":"","overlay-gradient":""},"mobile":{"background-color":"","background-image":"","background-repeat":"repeat","background-position":"center center","background-size":"auto","background-attachment":"scroll","background-type":"","background-media":"","overlay-type":"","overlay-color":"","overlay-opacity":"","overlay-gradient":""}},"ast-content-background-meta":{"desktop":{"background-color":"var(--ast-global-color-4)","background-image":"","background-repeat":"repeat","background-position":"center center","background-size":"auto","background-attachment":"scroll","background-type":"","background-media":"","overlay-type":"","overlay-color":"","overlay-opacity":"","overlay-gradient":""},"tablet":{"background-color":"var(--ast-global-color-4)","background-image":"","background-repeat":"repeat","background-position":"center center","background-size":"auto","background-attachment":"scroll","background-type":"","background-media":"","overlay-type":"","overlay-color":"","overlay-opacity":"","overlay-gradient":""},"mobile":{"background-color":"var(--ast-global-color-4)","background-image":"","background-repeat":"repeat","background-position":"center center","background-size":"auto","background-attachment":"scroll","background-type":"","background-media":"","overlay-type":"","overlay-color":"","overlay-opacity":"","overlay-gradient":""}},"footnotes":""},"categories":[1],"tags":[],"class_list":["post-19814","post","type-post","status-publish","format-standard","hentry","category-sem-categoria"],"yoast_head":"<!-- This site is optimized with the Yoast SEO plugin v26.6 - https:\/\/yoast.com\/wordpress\/plugins\/seo\/ -->\n<title>MP do Maranh\u00e3o cobra provid\u00eancias contra ofensas a nordestinos - Daniel Matos<\/title>\n<meta name=\"robots\" content=\"index, follow, max-snippet:-1, max-image-preview:large, max-video-preview:-1\" \/>\n<link rel=\"canonical\" href=\"https:\/\/www.blogsoestado.com\/danielmatos\/mp-do-maranhao-cobra-providencias-contra-ofensas-a-nordestinos\/\" \/>\n<meta property=\"og:locale\" content=\"pt_BR\" \/>\n<meta property=\"og:type\" content=\"article\" \/>\n<meta property=\"og:title\" content=\"MP do Maranh\u00e3o cobra provid\u00eancias contra ofensas a nordestinos - Daniel Matos\" \/>\n<meta property=\"og:description\" content=\"O Minist\u00e9rio P\u00fablico do Maranh\u00e3o encaminhou, no dia 7 de outubro, \u00e0 Procuradoria da Rep\u00fablica no Maranh\u00e3o requerimento com pedido [&hellip;]\" \/>\n<meta property=\"og:url\" content=\"https:\/\/www.blogsoestado.com\/danielmatos\/mp-do-maranhao-cobra-providencias-contra-ofensas-a-nordestinos\/\" \/>\n<meta property=\"og:site_name\" content=\"Daniel Matos\" \/>\n<meta property=\"article:published_time\" content=\"2014-10-09T13:22:33+00:00\" \/>\n<meta property=\"og:image\" content=\"https:\/\/www.blogsoestado.com\/danielmatos\/files\/2014\/10\/ofensa-nordestinos.jpg\" \/>\n<meta name=\"twitter:card\" content=\"summary_large_image\" \/>\n<meta name=\"twitter:label1\" content=\"Est. tempo de leitura\" \/>\n\t<meta name=\"twitter:data1\" content=\"1 minuto\" \/>\n<script type=\"application\/ld+json\" class=\"yoast-schema-graph\">{\"@context\":\"https:\/\/schema.org\",\"@graph\":[{\"@type\":\"WebPage\",\"@id\":\"https:\/\/www.blogsoestado.com\/danielmatos\/mp-do-maranhao-cobra-providencias-contra-ofensas-a-nordestinos\/\",\"url\":\"https:\/\/www.blogsoestado.com\/danielmatos\/mp-do-maranhao-cobra-providencias-contra-ofensas-a-nordestinos\/\",\"name\":\"MP do Maranh\u00e3o cobra provid\u00eancias contra ofensas a nordestinos - Daniel Matos\",\"isPartOf\":{\"@id\":\"https:\/\/www.blogsoestado.com\/danielmatos\/#website\"},\"primaryImageOfPage\":{\"@id\":\"https:\/\/www.blogsoestado.com\/danielmatos\/mp-do-maranhao-cobra-providencias-contra-ofensas-a-nordestinos\/#primaryimage\"},\"image\":{\"@id\":\"https:\/\/www.blogsoestado.com\/danielmatos\/mp-do-maranhao-cobra-providencias-contra-ofensas-a-nordestinos\/#primaryimage\"},\"thumbnailUrl\":\"https:\/\/www.blogsoestado.com\/danielmatos\/files\/2014\/10\/ofensa-nordestinos.jpg\",\"datePublished\":\"2014-10-09T13:22:33+00:00\",\"author\":{\"@id\":\"\"},\"breadcrumb\":{\"@id\":\"https:\/\/www.blogsoestado.com\/danielmatos\/mp-do-maranhao-cobra-providencias-contra-ofensas-a-nordestinos\/#breadcrumb\"},\"inLanguage\":\"pt-BR\",\"potentialAction\":[{\"@type\":\"ReadAction\",\"target\":[\"https:\/\/www.blogsoestado.com\/danielmatos\/mp-do-maranhao-cobra-providencias-contra-ofensas-a-nordestinos\/\"]}]},{\"@type\":\"ImageObject\",\"inLanguage\":\"pt-BR\",\"@id\":\"https:\/\/www.blogsoestado.com\/danielmatos\/mp-do-maranhao-cobra-providencias-contra-ofensas-a-nordestinos\/#primaryimage\",\"url\":\"https:\/\/www.blogsoestado.com\/danielmatos\/files\/2014\/10\/ofensa-nordestinos.jpg\",\"contentUrl\":\"https:\/\/www.blogsoestado.com\/danielmatos\/files\/2014\/10\/ofensa-nordestinos.jpg\"},{\"@type\":\"BreadcrumbList\",\"@id\":\"https:\/\/www.blogsoestado.com\/danielmatos\/mp-do-maranhao-cobra-providencias-contra-ofensas-a-nordestinos\/#breadcrumb\",\"itemListElement\":[{\"@type\":\"ListItem\",\"position\":1,\"name\":\"In\u00edcio\",\"item\":\"https:\/\/www.blogsoestado.com\/danielmatos\/\"},{\"@type\":\"ListItem\",\"position\":2,\"name\":\"MP do Maranh\u00e3o cobra provid\u00eancias contra ofensas a nordestinos\"}]},{\"@type\":\"WebSite\",\"@id\":\"https:\/\/www.blogsoestado.com\/danielmatos\/#website\",\"url\":\"https:\/\/www.blogsoestado.com\/danielmatos\/\",\"name\":\"Daniel Matos\",\"description\":\"\",\"potentialAction\":[{\"@type\":\"SearchAction\",\"target\":{\"@type\":\"EntryPoint\",\"urlTemplate\":\"https:\/\/www.blogsoestado.com\/danielmatos\/?s={search_term_string}\"},\"query-input\":{\"@type\":\"PropertyValueSpecification\",\"valueRequired\":true,\"valueName\":\"search_term_string\"}}],\"inLanguage\":\"pt-BR\"}]}<\/script>\n<!-- \/ Yoast SEO plugin. -->","yoast_head_json":{"title":"MP do Maranh\u00e3o cobra provid\u00eancias contra ofensas a nordestinos - Daniel Matos","robots":{"index":"index","follow":"follow","max-snippet":"max-snippet:-1","max-image-preview":"max-image-preview:large","max-video-preview":"max-video-preview:-1"},"canonical":"https:\/\/www.blogsoestado.com\/danielmatos\/mp-do-maranhao-cobra-providencias-contra-ofensas-a-nordestinos\/","og_locale":"pt_BR","og_type":"article","og_title":"MP do Maranh\u00e3o cobra provid\u00eancias contra ofensas a nordestinos - Daniel Matos","og_description":"O Minist\u00e9rio P\u00fablico do Maranh\u00e3o encaminhou, no dia 7 de outubro, \u00e0 Procuradoria da Rep\u00fablica no Maranh\u00e3o requerimento com pedido [&hellip;]","og_url":"https:\/\/www.blogsoestado.com\/danielmatos\/mp-do-maranhao-cobra-providencias-contra-ofensas-a-nordestinos\/","og_site_name":"Daniel Matos","article_published_time":"2014-10-09T13:22:33+00:00","og_image":[{"url":"https:\/\/www.blogsoestado.com\/danielmatos\/files\/2014\/10\/ofensa-nordestinos.jpg","type":"","width":"","height":""}],"twitter_card":"summary_large_image","twitter_misc":{"Est. tempo de leitura":"1 minuto"},"schema":{"@context":"https:\/\/schema.org","@graph":[{"@type":"WebPage","@id":"https:\/\/www.blogsoestado.com\/danielmatos\/mp-do-maranhao-cobra-providencias-contra-ofensas-a-nordestinos\/","url":"https:\/\/www.blogsoestado.com\/danielmatos\/mp-do-maranhao-cobra-providencias-contra-ofensas-a-nordestinos\/","name":"MP do Maranh\u00e3o cobra provid\u00eancias contra ofensas a nordestinos - Daniel Matos","isPartOf":{"@id":"https:\/\/www.blogsoestado.com\/danielmatos\/#website"},"primaryImageOfPage":{"@id":"https:\/\/www.blogsoestado.com\/danielmatos\/mp-do-maranhao-cobra-providencias-contra-ofensas-a-nordestinos\/#primaryimage"},"image":{"@id":"https:\/\/www.blogsoestado.com\/danielmatos\/mp-do-maranhao-cobra-providencias-contra-ofensas-a-nordestinos\/#primaryimage"},"thumbnailUrl":"https:\/\/www.blogsoestado.com\/danielmatos\/files\/2014\/10\/ofensa-nordestinos.jpg","datePublished":"2014-10-09T13:22:33+00:00","author":{"@id":""},"breadcrumb":{"@id":"https:\/\/www.blogsoestado.com\/danielmatos\/mp-do-maranhao-cobra-providencias-contra-ofensas-a-nordestinos\/#breadcrumb"},"inLanguage":"pt-BR","potentialAction":[{"@type":"ReadAction","target":["https:\/\/www.blogsoestado.com\/danielmatos\/mp-do-maranhao-cobra-providencias-contra-ofensas-a-nordestinos\/"]}]},{"@type":"ImageObject","inLanguage":"pt-BR","@id":"https:\/\/www.blogsoestado.com\/danielmatos\/mp-do-maranhao-cobra-providencias-contra-ofensas-a-nordestinos\/#primaryimage","url":"https:\/\/www.blogsoestado.com\/danielmatos\/files\/2014\/10\/ofensa-nordestinos.jpg","contentUrl":"https:\/\/www.blogsoestado.com\/danielmatos\/files\/2014\/10\/ofensa-nordestinos.jpg"},{"@type":"BreadcrumbList","@id":"https:\/\/www.blogsoestado.com\/danielmatos\/mp-do-maranhao-cobra-providencias-contra-ofensas-a-nordestinos\/#breadcrumb","itemListElement":[{"@type":"ListItem","position":1,"name":"In\u00edcio","item":"https:\/\/www.blogsoestado.com\/danielmatos\/"},{"@type":"ListItem","position":2,"name":"MP do Maranh\u00e3o cobra provid\u00eancias contra ofensas a nordestinos"}]},{"@type":"WebSite","@id":"https:\/\/www.blogsoestado.com\/danielmatos\/#website","url":"https:\/\/www.blogsoestado.com\/danielmatos\/","name":"Daniel Matos","description":"","potentialAction":[{"@type":"SearchAction","target":{"@type":"EntryPoint","urlTemplate":"https:\/\/www.blogsoestado.com\/danielmatos\/?s={search_term_string}"},"query-input":{"@type":"PropertyValueSpecification","valueRequired":true,"valueName":"search_term_string"}}],"inLanguage":"pt-BR"}]}},"jetpack_featured_media_url":"","_links":{"self":[{"href":"https:\/\/www.blogsoestado.com\/danielmatos\/wp-json\/wp\/v2\/posts\/19814","targetHints":{"allow":["GET"]}}],"collection":[{"href":"https:\/\/www.blogsoestado.com\/danielmatos\/wp-json\/wp\/v2\/posts"}],"about":[{"href":"https:\/\/www.blogsoestado.com\/danielmatos\/wp-json\/wp\/v2\/types\/post"}],"replies":[{"embeddable":true,"href":"https:\/\/www.blogsoestado.com\/danielmatos\/wp-json\/wp\/v2\/comments?post=19814"}],"version-history":[{"count":0,"href":"https:\/\/www.blogsoestado.com\/danielmatos\/wp-json\/wp\/v2\/posts\/19814\/revisions"}],"wp:attachment":[{"href":"https:\/\/www.blogsoestado.com\/danielmatos\/wp-json\/wp\/v2\/media?parent=19814"}],"wp:term":[{"taxonomy":"category","embeddable":true,"href":"https:\/\/www.blogsoestado.com\/danielmatos\/wp-json\/wp\/v2\/categories?post=19814"},{"taxonomy":"post_tag","embeddable":true,"href":"https:\/\/www.blogsoestado.com\/danielmatos\/wp-json\/wp\/v2\/tags?post=19814"}],"curies":[{"name":"wp","href":"https:\/\/api.w.org\/{rel}","templated":true}]}}