{"id":19817,"date":"2014-10-09T12:00:29","date_gmt":"2014-10-09T15:00:29","guid":{"rendered":"https:\/\/www.blogsoestado.com\/danielmatos\/?p=19817"},"modified":"2014-10-09T12:00:29","modified_gmt":"2014-10-09T15:00:29","slug":"semed-contabiliza-mais-de-15-mil-atendimentos-oftalmologicos","status":"publish","type":"post","link":"https:\/\/www.blogsoestado.com\/danielmatos\/semed-contabiliza-mais-de-15-mil-atendimentos-oftalmologicos\/","title":{"rendered":"Semed contabiliza mais de 15 mil atendimentos oftalmol\u00f3gicos"},"content":{"rendered":"<figure id=\"attachment_19818\" aria-describedby=\"caption-attachment-19818\" style=\"width: 347px\" class=\"wp-caption alignleft\"><a href=\"https:\/\/www.blogsoestado.com\/danielmatos\/files\/2014\/10\/vis\u00e3o.jpg\"><img fetchpriority=\"high\" decoding=\"async\" class=\"size-full wp-image-19818\" src=\"https:\/\/www.blogsoestado.com\/danielmatos\/files\/2014\/10\/vis\u00e3o.jpg\" alt=\"O estudante pode escolher um modelo de arma\u00e7\u00e3o e recebe os \u00f3culos sem qualquer custo\" width=\"347\" height=\"230\" \/><\/a><figcaption id=\"caption-attachment-19818\" class=\"wp-caption-text\">O estudante pode escolher um modelo de arma\u00e7\u00e3o e recebe os \u00f3culos sem qualquer custo<\/figcaption><\/figure>\n<p>A Prefeitura de S\u00e3o Lu\u00eds, por meio da Secretaria de Educa\u00e7\u00e3o (Semed), contabiliza 15.828 atendimentos na \u00e1rea de oftalmologia, atrav\u00e9s do Programa Sa\u00fade na Escola (PSE). O balan\u00e7o foi divulgado por ocasi\u00e3o do Dia Mundial da Vis\u00e3o, comemorado nesta quinta-feira (9), e contempla a triagem de acuidade visual (8.930 atendimentos) e o atendimento de avalia\u00e7\u00e3o oftalmol\u00f3gica (6.898 atendimentos).<\/p>\n<p>O secret\u00e1rio municipal de Educa\u00e7\u00e3o, Geraldo Castro Sobrinho, destacou a import\u00e2ncia do programa para os estudantes. \u201cTrata-se de um programa que vem sendo executado com amplo sucesso em nossa rede. Seguindo as determina\u00e7\u00f5es do prefeito Edivaldo para a \u00e1rea da Educa\u00e7\u00e3o, temos contribu\u00eddo para melhorar a qualidade de vida dos educandos e, consequentemente, permitir aos estudantes condi\u00e7\u00f5es mais adequadas ao pleno desenvolvimento de suas habilidades e compet\u00eancias\u201d, afirma o secret\u00e1rio.<\/p>\n<p>Atrav\u00e9s do programa foram beneficiados os estudantes das Unidades de Educa\u00e7\u00e3o B\u00e1sica (U.E.B.) Monsenhor Frederico Chaves (S\u00e3o Francisco), Thomaz de Aquino (Vila Lob\u00e3o), Olinda Desterro (Vila Vicente Fialho), Rubem Goulart (Cohab) e Maria Jos\u00e9 Vaz dos Santos (Jo\u00e3o de Deus). O PSE \u00e9 desenvolvido nas escolas p\u00fablicas do Munic\u00edpio atrav\u00e9s de uma parceria entre a Prefeitura de S\u00e3o Lu\u00eds e o governo federal.<\/p>\n<p>Por meio do projeto Consult\u00f3rios Itinerantes, do Programa Sa\u00fade na Escola, os estudantes passam por uma triagem, para analisar se eles t\u00eam ind\u00edcios de problemas na vis\u00e3o. Caso o aluno precise de \u00f3culos, ele \u00e9 encaminhado para um exame posterior, mais detalhado. Na ocasi\u00e3o, o estudante pode escolher um modelo de arma\u00e7\u00e3o. Pouco tempo depois, ele recebe os \u00f3culos na pr\u00f3pria escola em que estuda, sem qualquer custo.<\/p>\n<p>Para Maria Iolanda de Jesus, 12 anos, que cursa o 6\u00ba ano na U.E.B. Thomaz de Aquino, os \u00f3culos recebidos pelo projeto Consult\u00f3rios Itinerantes trouxeram grande alegria, pois at\u00e9 ent\u00e3o a fam\u00edlia ainda n\u00e3o havia tido condi\u00e7\u00f5es de compr\u00e1-los. \u201cEu estava enxergando tudo emba\u00e7ado, as letras pequenas demais. Eu n\u00e3o podia sentar atr\u00e1s na sala de aula, pois piorava\u201d, conta a garota, que agora diz poder enxergar tudo, e muito bem.<\/p>\n<p>Da mesma forma, Rebeca Fazone Pinheiro Costa, 12 anos, colega de sala de Maria Iolanda, tamb\u00e9m tinha dificuldade para enxergar, principalmente de longe. \u201cSa\u00eda muita \u00e1gua dos meus olhos; eles co\u00e7avam e ficavam bem vermelhos. Quando eu assistia televis\u00e3o, os meus olhos ardiam mais ainda\u201d, relembra a estudante, dizendo que a m\u00e3e ficou muito satisfeita com os benef\u00edcios do projeto, e \u00e9 quem mais cobra o uso dos \u00f3culos. \u201cEla fica brava se eu n\u00e3o uso quando assisto TV\u201d, diz.<\/p>\n<p><strong>Olhar Brasil<\/strong><\/p>\n<p>Com o objetivo de reduzir as taxas de evas\u00e3o escolar decorrente de dificuldades visuais, facilitar o acesso \u00e0 diversidade de contextos sociais e garantir melhoria na qualidade de vida dos educandos, a Semed tamb\u00e9m integra a coordena\u00e7\u00e3o do programa Olhar Brasil, desenvolvido em parceria com os governos federal e estadual. Atualmente, est\u00e3o sendo atendidos pelo programa, com exames oftalmol\u00f3gicos em cl\u00ednicas especializadas, duas escolas da rede estadual. Os pr\u00f3ximos atendimentos contemplar\u00e3o os estudantes da U.E.B. S\u00e3o Raimundo.<\/p>\n<p><strong>Saiba mais<\/strong><\/p>\n<p>O Dia Mundial da Vis\u00e3o \u00e9 uma iniciativa da Organiza\u00e7\u00e3o Mundial de Sa\u00fade (OMS), cujo principal objetivo \u00e9 prevenir e tratar os problemas de vis\u00e3o que causam cegueira. A data \u00e9 comemorada anualmente, sempre na segunda quinta-feira do m\u00eas de outubro.<\/p>\n<p>Rela\u00e7\u00e3o de escolas que ser\u00e3o contempladas na primeira etapa do Programa<br \/>\n1. UEB Olinda Desterro<\/p>\n<p>2. UEB Thom\u00e1s Aquino de Andrade<\/p>\n<p>3. UI Desembargador Sarney<\/p>\n<p>4. UI Roseana Sarney Murad<\/p>\n<p>5. UEB Monsenhor Frederico Chaves<\/p>\n<p>6. CE Fernando Perdig\u00e3o<\/p>\n<p>7. UI J\u00falio de Mesquita Filho<\/p>\n<p>8. UI Jo\u00e3o Paulo II<\/p>\n<p>9. UEB Rubem Goulart<\/p>\n<p>10. UI Estado do Mato Grosso<\/p>\n<p>11. UEB Prof. Rubem Almeida<\/p>\n<p>12. UI Marechal Castelo Branco<\/p>\n<p>13. UI Duque de Caxias<\/p>\n<p>14. UEB Darcy Ribeiro<\/p>\n<p>15. UEB Vila Tiradentes<\/p>\n<p>16. UEB Gomes de Souza<\/p>\n<p>17. UEB Henrique de La Roque Almeida<\/p>\n<p>18. CE Y Bacanga<\/p>\n<p>19. UE Cruzeiro do Sul<\/p>\n<p>20. UEB Jo\u00e3o do Vale<\/p>\n<p>21. UEB Desembargador Thales Ribeiro Gon\u00e7alves<\/p>\n<p>22. CE S\u00e3o Crist\u00f3v\u00e3o<\/p>\n<p>23. UEB Maria Jos\u00e9 Vaz dos Santos<\/p>\n<p>24. UEB Prof. Lu\u00eds Rego<\/p>\n<p>25. UEB S\u00e3o Raimundo<\/p>\n<p>26. UEB Cidade Ol\u00edmpica<\/p>\n<p>27. UEB Jos\u00e9 Ribamar B\u00f3gea<\/p>\n<p>28. UEB Santa Clara<\/p>\n<p>29. UEB Tancredo Neves<\/p>\n<p>30. CE Jos\u00e9 Justino Pereira<\/p>\n<p>31. UI Maria Jos\u00e9 Arag\u00e3o(F)<\/p>\n<p>32. UEB Roseno de Jesus Mendes<\/p>\n<p>33. CE Salim Braide<\/p>\n<p>34. UEB S\u00e3o Jos\u00e9 de Itapera<\/p>\n<p>35. UEB Major Jos\u00e9 Augusto Mochel<\/p>\n<p>36. UEB Mindinho<\/p>\n<p>37. UEB Mario Pereira<\/p>\n<p>38. UI Prof. Ezelberto Martins<\/p>\n<p>39. UEB Luzenir Mata Roma<\/p>\n<p>40. UEB Zuleide Andrade<\/p>\n<p>41. UEB Rubens Ferreira Rosa<\/p>\n<p>42. UEB Rosilda Cordeiro<\/p>\n<p>43. UI Lucia Chaves<\/p>\n<p>44. UEB Salom\u00e3o Fiquene<\/p>\n<p>45. UEB Arthur Nabantino Gon\u00e7alves de Azevedo<\/p>\n<p>46. UEB Prof. Jos\u00e9 Gon\u00e7alves Amaral Raposo<\/p>\n<p>47. UEB Rio Grande<\/p>\n","protected":false},"excerpt":{"rendered":"<p>A Prefeitura de S\u00e3o Lu\u00eds, por meio da Secretaria de Educa\u00e7\u00e3o (Semed), contabiliza 15.828 atendimentos na \u00e1rea de oftalmologia, atrav\u00e9s [&hellip;]<\/p>\n","protected":false},"author":0,"featured_media":0,"comment_status":"open","ping_status":"open","sticky":false,"template":"","format":"standard","meta":{"site-sidebar-layout":"default","site-content-layout":"","ast-site-content-layout":"default","site-content-style":"default","site-sidebar-style":"default","ast-global-header-display":"","ast-banner-title-visibility":"","ast-main-header-display":"","ast-hfb-above-header-display":"","ast-hfb-below-header-display":"","ast-hfb-mobile-header-display":"","site-post-title":"","ast-breadcrumbs-content":"","ast-featured-img":"","footer-sml-layout":"","ast-disable-related-posts":"","theme-transparent-header-meta":"","adv-header-id-meta":"","stick-header-meta":"","header-above-stick-meta":"","header-main-stick-meta":"","header-below-stick-meta":"","astra-migrate-meta-layouts":"default","ast-page-background-enabled":"default","ast-page-background-meta":{"desktop":{"background-color":"var(--ast-global-color-5)","background-image":"","background-repeat":"repeat","background-position":"center center","background-size":"auto","background-attachment":"scroll","background-type":"","background-media":"","overlay-type":"","overlay-color":"","overlay-opacity":"","overlay-gradient":""},"tablet":{"background-color":"","background-image":"","background-repeat":"repeat","background-position":"center center","background-size":"auto","background-attachment":"scroll","background-type":"","background-media":"","overlay-type":"","overlay-color":"","overlay-opacity":"","overlay-gradient":""},"mobile":{"background-color":"","background-image":"","background-repeat":"repeat","background-position":"center center","background-size":"auto","background-attachment":"scroll","background-type":"","background-media":"","overlay-type":"","overlay-color":"","overlay-opacity":"","overlay-gradient":""}},"ast-content-background-meta":{"desktop":{"background-color":"var(--ast-global-color-4)","background-image":"","background-repeat":"repeat","background-position":"center center","background-size":"auto","background-attachment":"scroll","background-type":"","background-media":"","overlay-type":"","overlay-color":"","overlay-opacity":"","overlay-gradient":""},"tablet":{"background-color":"var(--ast-global-color-4)","background-image":"","background-repeat":"repeat","background-position":"center center","background-size":"auto","background-attachment":"scroll","background-type":"","background-media":"","overlay-type":"","overlay-color":"","overlay-opacity":"","overlay-gradient":""},"mobile":{"background-color":"var(--ast-global-color-4)","background-image":"","background-repeat":"repeat","background-position":"center center","background-size":"auto","background-attachment":"scroll","background-type":"","background-media":"","overlay-type":"","overlay-color":"","overlay-opacity":"","overlay-gradient":""}},"footnotes":""},"categories":[1],"tags":[],"class_list":["post-19817","post","type-post","status-publish","format-standard","hentry","category-sem-categoria"],"yoast_head":"<!-- This site is optimized with the Yoast SEO plugin v26.6 - https:\/\/yoast.com\/wordpress\/plugins\/seo\/ -->\n<title>Semed contabiliza mais de 15 mil atendimentos oftalmol\u00f3gicos - Daniel Matos<\/title>\n<meta name=\"robots\" content=\"index, follow, max-snippet:-1, max-image-preview:large, max-video-preview:-1\" \/>\n<link rel=\"canonical\" href=\"https:\/\/www.blogsoestado.com\/danielmatos\/semed-contabiliza-mais-de-15-mil-atendimentos-oftalmologicos\/\" \/>\n<meta property=\"og:locale\" content=\"pt_BR\" \/>\n<meta property=\"og:type\" content=\"article\" \/>\n<meta property=\"og:title\" content=\"Semed contabiliza mais de 15 mil atendimentos oftalmol\u00f3gicos - Daniel Matos\" \/>\n<meta property=\"og:description\" content=\"A Prefeitura de S\u00e3o Lu\u00eds, por meio da Secretaria de Educa\u00e7\u00e3o (Semed), contabiliza 15.828 atendimentos na \u00e1rea de oftalmologia, atrav\u00e9s [&hellip;]\" \/>\n<meta property=\"og:url\" content=\"https:\/\/www.blogsoestado.com\/danielmatos\/semed-contabiliza-mais-de-15-mil-atendimentos-oftalmologicos\/\" \/>\n<meta property=\"og:site_name\" content=\"Daniel Matos\" \/>\n<meta property=\"article:published_time\" content=\"2014-10-09T15:00:29+00:00\" \/>\n<meta name=\"twitter:card\" content=\"summary_large_image\" \/>\n<meta name=\"twitter:label1\" content=\"Est. tempo de leitura\" \/>\n\t<meta name=\"twitter:data1\" content=\"4 minutos\" \/>\n<script type=\"application\/ld+json\" class=\"yoast-schema-graph\">{\"@context\":\"https:\/\/schema.org\",\"@graph\":[{\"@type\":\"WebPage\",\"@id\":\"https:\/\/www.blogsoestado.com\/danielmatos\/semed-contabiliza-mais-de-15-mil-atendimentos-oftalmologicos\/\",\"url\":\"https:\/\/www.blogsoestado.com\/danielmatos\/semed-contabiliza-mais-de-15-mil-atendimentos-oftalmologicos\/\",\"name\":\"Semed contabiliza mais de 15 mil atendimentos oftalmol\u00f3gicos - Daniel Matos\",\"isPartOf\":{\"@id\":\"https:\/\/www.blogsoestado.com\/danielmatos\/#website\"},\"datePublished\":\"2014-10-09T15:00:29+00:00\",\"author\":{\"@id\":\"\"},\"breadcrumb\":{\"@id\":\"https:\/\/www.blogsoestado.com\/danielmatos\/semed-contabiliza-mais-de-15-mil-atendimentos-oftalmologicos\/#breadcrumb\"},\"inLanguage\":\"pt-BR\",\"potentialAction\":[{\"@type\":\"ReadAction\",\"target\":[\"https:\/\/www.blogsoestado.com\/danielmatos\/semed-contabiliza-mais-de-15-mil-atendimentos-oftalmologicos\/\"]}]},{\"@type\":\"BreadcrumbList\",\"@id\":\"https:\/\/www.blogsoestado.com\/danielmatos\/semed-contabiliza-mais-de-15-mil-atendimentos-oftalmologicos\/#breadcrumb\",\"itemListElement\":[{\"@type\":\"ListItem\",\"position\":1,\"name\":\"In\u00edcio\",\"item\":\"https:\/\/www.blogsoestado.com\/danielmatos\/\"},{\"@type\":\"ListItem\",\"position\":2,\"name\":\"Semed contabiliza mais de 15 mil atendimentos oftalmol\u00f3gicos\"}]},{\"@type\":\"WebSite\",\"@id\":\"https:\/\/www.blogsoestado.com\/danielmatos\/#website\",\"url\":\"https:\/\/www.blogsoestado.com\/danielmatos\/\",\"name\":\"Daniel Matos\",\"description\":\"\",\"potentialAction\":[{\"@type\":\"SearchAction\",\"target\":{\"@type\":\"EntryPoint\",\"urlTemplate\":\"https:\/\/www.blogsoestado.com\/danielmatos\/?s={search_term_string}\"},\"query-input\":{\"@type\":\"PropertyValueSpecification\",\"valueRequired\":true,\"valueName\":\"search_term_string\"}}],\"inLanguage\":\"pt-BR\"}]}<\/script>\n<!-- \/ Yoast SEO plugin. -->","yoast_head_json":{"title":"Semed contabiliza mais de 15 mil atendimentos oftalmol\u00f3gicos - Daniel Matos","robots":{"index":"index","follow":"follow","max-snippet":"max-snippet:-1","max-image-preview":"max-image-preview:large","max-video-preview":"max-video-preview:-1"},"canonical":"https:\/\/www.blogsoestado.com\/danielmatos\/semed-contabiliza-mais-de-15-mil-atendimentos-oftalmologicos\/","og_locale":"pt_BR","og_type":"article","og_title":"Semed contabiliza mais de 15 mil atendimentos oftalmol\u00f3gicos - Daniel Matos","og_description":"A Prefeitura de S\u00e3o Lu\u00eds, por meio da Secretaria de Educa\u00e7\u00e3o (Semed), contabiliza 15.828 atendimentos na \u00e1rea de oftalmologia, atrav\u00e9s [&hellip;]","og_url":"https:\/\/www.blogsoestado.com\/danielmatos\/semed-contabiliza-mais-de-15-mil-atendimentos-oftalmologicos\/","og_site_name":"Daniel Matos","article_published_time":"2014-10-09T15:00:29+00:00","twitter_card":"summary_large_image","twitter_misc":{"Est. tempo de leitura":"4 minutos"},"schema":{"@context":"https:\/\/schema.org","@graph":[{"@type":"WebPage","@id":"https:\/\/www.blogsoestado.com\/danielmatos\/semed-contabiliza-mais-de-15-mil-atendimentos-oftalmologicos\/","url":"https:\/\/www.blogsoestado.com\/danielmatos\/semed-contabiliza-mais-de-15-mil-atendimentos-oftalmologicos\/","name":"Semed contabiliza mais de 15 mil atendimentos oftalmol\u00f3gicos - Daniel Matos","isPartOf":{"@id":"https:\/\/www.blogsoestado.com\/danielmatos\/#website"},"datePublished":"2014-10-09T15:00:29+00:00","author":{"@id":""},"breadcrumb":{"@id":"https:\/\/www.blogsoestado.com\/danielmatos\/semed-contabiliza-mais-de-15-mil-atendimentos-oftalmologicos\/#breadcrumb"},"inLanguage":"pt-BR","potentialAction":[{"@type":"ReadAction","target":["https:\/\/www.blogsoestado.com\/danielmatos\/semed-contabiliza-mais-de-15-mil-atendimentos-oftalmologicos\/"]}]},{"@type":"BreadcrumbList","@id":"https:\/\/www.blogsoestado.com\/danielmatos\/semed-contabiliza-mais-de-15-mil-atendimentos-oftalmologicos\/#breadcrumb","itemListElement":[{"@type":"ListItem","position":1,"name":"In\u00edcio","item":"https:\/\/www.blogsoestado.com\/danielmatos\/"},{"@type":"ListItem","position":2,"name":"Semed contabiliza mais de 15 mil atendimentos oftalmol\u00f3gicos"}]},{"@type":"WebSite","@id":"https:\/\/www.blogsoestado.com\/danielmatos\/#website","url":"https:\/\/www.blogsoestado.com\/danielmatos\/","name":"Daniel Matos","description":"","potentialAction":[{"@type":"SearchAction","target":{"@type":"EntryPoint","urlTemplate":"https:\/\/www.blogsoestado.com\/danielmatos\/?s={search_term_string}"},"query-input":{"@type":"PropertyValueSpecification","valueRequired":true,"valueName":"search_term_string"}}],"inLanguage":"pt-BR"}]}},"jetpack_featured_media_url":"","_links":{"self":[{"href":"https:\/\/www.blogsoestado.com\/danielmatos\/wp-json\/wp\/v2\/posts\/19817","targetHints":{"allow":["GET"]}}],"collection":[{"href":"https:\/\/www.blogsoestado.com\/danielmatos\/wp-json\/wp\/v2\/posts"}],"about":[{"href":"https:\/\/www.blogsoestado.com\/danielmatos\/wp-json\/wp\/v2\/types\/post"}],"replies":[{"embeddable":true,"href":"https:\/\/www.blogsoestado.com\/danielmatos\/wp-json\/wp\/v2\/comments?post=19817"}],"version-history":[{"count":0,"href":"https:\/\/www.blogsoestado.com\/danielmatos\/wp-json\/wp\/v2\/posts\/19817\/revisions"}],"wp:attachment":[{"href":"https:\/\/www.blogsoestado.com\/danielmatos\/wp-json\/wp\/v2\/media?parent=19817"}],"wp:term":[{"taxonomy":"category","embeddable":true,"href":"https:\/\/www.blogsoestado.com\/danielmatos\/wp-json\/wp\/v2\/categories?post=19817"},{"taxonomy":"post_tag","embeddable":true,"href":"https:\/\/www.blogsoestado.com\/danielmatos\/wp-json\/wp\/v2\/tags?post=19817"}],"curies":[{"name":"wp","href":"https:\/\/api.w.org\/{rel}","templated":true}]}}