{"id":19820,"date":"2014-10-09T17:08:32","date_gmt":"2014-10-09T20:08:32","guid":{"rendered":"https:\/\/www.blogsoestado.com\/danielmatos\/?p=19820"},"modified":"2014-10-09T17:08:32","modified_gmt":"2014-10-09T20:08:32","slug":"juiz-federal-presta-queixa-na-policia-contra-empregada-domestica","status":"publish","type":"post","link":"https:\/\/www.blogsoestado.com\/danielmatos\/juiz-federal-presta-queixa-na-policia-contra-empregada-domestica\/","title":{"rendered":"Juiz federal presta queixa na pol\u00edcia contra empregada dom\u00e9stica"},"content":{"rendered":"<figure id=\"attachment_19821\" aria-describedby=\"caption-attachment-19821\" style=\"width: 269px\" class=\"wp-caption alignright\"><a href=\"https:\/\/www.blogsoestado.com\/danielmatos\/files\/2014\/10\/juiz-madeira.jpg\"><img fetchpriority=\"high\" decoding=\"async\" class=\"size-full wp-image-19821\" src=\"https:\/\/www.blogsoestado.com\/danielmatos\/files\/2014\/10\/juiz-madeira.jpg\" alt=\"Juiz Carlos Madeira resolveu n\u00e3o levar o caso adiante\" width=\"269\" height=\"326\" \/><\/a><figcaption id=\"caption-attachment-19821\" class=\"wp-caption-text\">Madeira resolveu n\u00e3o levar o caso adiante<\/figcaption><\/figure>\n<p>O juiz federal Carlos do Vale Madeira registrou ocorr\u00eancia na manh\u00e3 desta quinta-feira, no 9\u00ba Distrito Policial, no S\u00e3o Francisco, contra uma empregada dom\u00e9stica a quem acusou de ter cometido sucessivos furtos em sua resid\u00eancia, no Calhau.\u00a0Pequenas quantias em dinheiro, roupas e outros objetos de menor valor foram alguns dos itens surrupiados pela mulher, segundo o magistrado.<\/p>\n<p>Madeira, que tamb\u00e9m \u00e9 empres\u00e1rio, propriet\u00e1rio de um dos maiores parques aqu\u00e1ticos do Maranh\u00e3o, localizado em Pa\u00e7o do Lumiar,\u00a0contou \u00e0 pol\u00edcia que foram v\u00e1rios furtos ao longo dos \u00faltimos meses.<\/p>\n<p>O juiz\u00a0informou que\u00a0a acusada\u00a0trabalhava h\u00e1 tr\u00eas anos em sua casa\u00a0e que uma irm\u00e3 dela tamb\u00e9m j\u00e1 havia prestado servi\u00e7os dom\u00e9sticos \u00e0 sua fam\u00edlia.<\/p>\n<p>Localizada em casa, a mulher, cuja identidade ser\u00e1 preservada,\u00a0confessou os crimes e devolveu os objetos que havia subtra\u00eddo.<\/p>\n<p>Ouvido pelo blog, por telefone, o delegado Almir Macedo, titular do 9\u00ba DP, informou que n\u00e3o foi preciso abrir inqu\u00e9rito, j\u00e1 que, diante das circunst\u00e2ncias,\u00a0o magistrado preferiu n\u00e3o levar o caso adiante.<\/p>\n","protected":false},"excerpt":{"rendered":"<p>O juiz federal Carlos do Vale Madeira registrou ocorr\u00eancia na manh\u00e3 desta quinta-feira, no 9\u00ba Distrito Policial, no S\u00e3o Francisco, [&hellip;]<\/p>\n","protected":false},"author":0,"featured_media":0,"comment_status":"open","ping_status":"open","sticky":false,"template":"","format":"standard","meta":{"site-sidebar-layout":"default","site-content-layout":"","ast-site-content-layout":"default","site-content-style":"default","site-sidebar-style":"default","ast-global-header-display":"","ast-banner-title-visibility":"","ast-main-header-display":"","ast-hfb-above-header-display":"","ast-hfb-below-header-display":"","ast-hfb-mobile-header-display":"","site-post-title":"","ast-breadcrumbs-content":"","ast-featured-img":"","footer-sml-layout":"","ast-disable-related-posts":"","theme-transparent-header-meta":"","adv-header-id-meta":"","stick-header-meta":"","header-above-stick-meta":"","header-main-stick-meta":"","header-below-stick-meta":"","astra-migrate-meta-layouts":"default","ast-page-background-enabled":"default","ast-page-background-meta":{"desktop":{"background-color":"var(--ast-global-color-5)","background-image":"","background-repeat":"repeat","background-position":"center center","background-size":"auto","background-attachment":"scroll","background-type":"","background-media":"","overlay-type":"","overlay-color":"","overlay-opacity":"","overlay-gradient":""},"tablet":{"background-color":"","background-image":"","background-repeat":"repeat","background-position":"center center","background-size":"auto","background-attachment":"scroll","background-type":"","background-media":"","overlay-type":"","overlay-color":"","overlay-opacity":"","overlay-gradient":""},"mobile":{"background-color":"","background-image":"","background-repeat":"repeat","background-position":"center center","background-size":"auto","background-attachment":"scroll","background-type":"","background-media":"","overlay-type":"","overlay-color":"","overlay-opacity":"","overlay-gradient":""}},"ast-content-background-meta":{"desktop":{"background-color":"var(--ast-global-color-4)","background-image":"","background-repeat":"repeat","background-position":"center center","background-size":"auto","background-attachment":"scroll","background-type":"","background-media":"","overlay-type":"","overlay-color":"","overlay-opacity":"","overlay-gradient":""},"tablet":{"background-color":"var(--ast-global-color-4)","background-image":"","background-repeat":"repeat","background-position":"center center","background-size":"auto","background-attachment":"scroll","background-type":"","background-media":"","overlay-type":"","overlay-color":"","overlay-opacity":"","overlay-gradient":""},"mobile":{"background-color":"var(--ast-global-color-4)","background-image":"","background-repeat":"repeat","background-position":"center center","background-size":"auto","background-attachment":"scroll","background-type":"","background-media":"","overlay-type":"","overlay-color":"","overlay-opacity":"","overlay-gradient":""}},"footnotes":""},"categories":[1],"tags":[],"class_list":["post-19820","post","type-post","status-publish","format-standard","hentry","category-sem-categoria"],"yoast_head":"<!-- This site is optimized with the Yoast SEO plugin v26.6 - https:\/\/yoast.com\/wordpress\/plugins\/seo\/ -->\n<title>Juiz federal presta queixa na pol\u00edcia contra empregada dom\u00e9stica - Daniel Matos<\/title>\n<meta name=\"robots\" content=\"index, follow, max-snippet:-1, max-image-preview:large, max-video-preview:-1\" \/>\n<link rel=\"canonical\" href=\"https:\/\/www.blogsoestado.com\/danielmatos\/juiz-federal-presta-queixa-na-policia-contra-empregada-domestica\/\" \/>\n<meta property=\"og:locale\" content=\"pt_BR\" \/>\n<meta property=\"og:type\" content=\"article\" \/>\n<meta property=\"og:title\" content=\"Juiz federal presta queixa na pol\u00edcia contra empregada dom\u00e9stica - Daniel Matos\" \/>\n<meta property=\"og:description\" content=\"O juiz federal Carlos do Vale Madeira registrou ocorr\u00eancia na manh\u00e3 desta quinta-feira, no 9\u00ba Distrito Policial, no S\u00e3o Francisco, [&hellip;]\" \/>\n<meta property=\"og:url\" content=\"https:\/\/www.blogsoestado.com\/danielmatos\/juiz-federal-presta-queixa-na-policia-contra-empregada-domestica\/\" \/>\n<meta property=\"og:site_name\" content=\"Daniel Matos\" \/>\n<meta property=\"article:published_time\" content=\"2014-10-09T20:08:32+00:00\" \/>\n<meta property=\"og:image\" content=\"https:\/\/www.blogsoestado.com\/danielmatos\/files\/2014\/10\/juiz-madeira.jpg\" \/>\n<meta name=\"twitter:card\" content=\"summary_large_image\" \/>\n<meta name=\"twitter:label1\" content=\"Est. tempo de leitura\" \/>\n\t<meta name=\"twitter:data1\" content=\"1 minuto\" \/>\n<script type=\"application\/ld+json\" class=\"yoast-schema-graph\">{\"@context\":\"https:\/\/schema.org\",\"@graph\":[{\"@type\":\"WebPage\",\"@id\":\"https:\/\/www.blogsoestado.com\/danielmatos\/juiz-federal-presta-queixa-na-policia-contra-empregada-domestica\/\",\"url\":\"https:\/\/www.blogsoestado.com\/danielmatos\/juiz-federal-presta-queixa-na-policia-contra-empregada-domestica\/\",\"name\":\"Juiz federal presta queixa na pol\u00edcia contra empregada dom\u00e9stica - Daniel Matos\",\"isPartOf\":{\"@id\":\"https:\/\/www.blogsoestado.com\/danielmatos\/#website\"},\"primaryImageOfPage\":{\"@id\":\"https:\/\/www.blogsoestado.com\/danielmatos\/juiz-federal-presta-queixa-na-policia-contra-empregada-domestica\/#primaryimage\"},\"image\":{\"@id\":\"https:\/\/www.blogsoestado.com\/danielmatos\/juiz-federal-presta-queixa-na-policia-contra-empregada-domestica\/#primaryimage\"},\"thumbnailUrl\":\"https:\/\/www.blogsoestado.com\/danielmatos\/files\/2014\/10\/juiz-madeira.jpg\",\"datePublished\":\"2014-10-09T20:08:32+00:00\",\"author\":{\"@id\":\"\"},\"breadcrumb\":{\"@id\":\"https:\/\/www.blogsoestado.com\/danielmatos\/juiz-federal-presta-queixa-na-policia-contra-empregada-domestica\/#breadcrumb\"},\"inLanguage\":\"pt-BR\",\"potentialAction\":[{\"@type\":\"ReadAction\",\"target\":[\"https:\/\/www.blogsoestado.com\/danielmatos\/juiz-federal-presta-queixa-na-policia-contra-empregada-domestica\/\"]}]},{\"@type\":\"ImageObject\",\"inLanguage\":\"pt-BR\",\"@id\":\"https:\/\/www.blogsoestado.com\/danielmatos\/juiz-federal-presta-queixa-na-policia-contra-empregada-domestica\/#primaryimage\",\"url\":\"https:\/\/www.blogsoestado.com\/danielmatos\/files\/2014\/10\/juiz-madeira.jpg\",\"contentUrl\":\"https:\/\/www.blogsoestado.com\/danielmatos\/files\/2014\/10\/juiz-madeira.jpg\"},{\"@type\":\"BreadcrumbList\",\"@id\":\"https:\/\/www.blogsoestado.com\/danielmatos\/juiz-federal-presta-queixa-na-policia-contra-empregada-domestica\/#breadcrumb\",\"itemListElement\":[{\"@type\":\"ListItem\",\"position\":1,\"name\":\"In\u00edcio\",\"item\":\"https:\/\/www.blogsoestado.com\/danielmatos\/\"},{\"@type\":\"ListItem\",\"position\":2,\"name\":\"Juiz federal presta queixa na pol\u00edcia contra empregada dom\u00e9stica\"}]},{\"@type\":\"WebSite\",\"@id\":\"https:\/\/www.blogsoestado.com\/danielmatos\/#website\",\"url\":\"https:\/\/www.blogsoestado.com\/danielmatos\/\",\"name\":\"Daniel Matos\",\"description\":\"\",\"potentialAction\":[{\"@type\":\"SearchAction\",\"target\":{\"@type\":\"EntryPoint\",\"urlTemplate\":\"https:\/\/www.blogsoestado.com\/danielmatos\/?s={search_term_string}\"},\"query-input\":{\"@type\":\"PropertyValueSpecification\",\"valueRequired\":true,\"valueName\":\"search_term_string\"}}],\"inLanguage\":\"pt-BR\"}]}<\/script>\n<!-- \/ Yoast SEO plugin. -->","yoast_head_json":{"title":"Juiz federal presta queixa na pol\u00edcia contra empregada dom\u00e9stica - Daniel Matos","robots":{"index":"index","follow":"follow","max-snippet":"max-snippet:-1","max-image-preview":"max-image-preview:large","max-video-preview":"max-video-preview:-1"},"canonical":"https:\/\/www.blogsoestado.com\/danielmatos\/juiz-federal-presta-queixa-na-policia-contra-empregada-domestica\/","og_locale":"pt_BR","og_type":"article","og_title":"Juiz federal presta queixa na pol\u00edcia contra empregada dom\u00e9stica - Daniel Matos","og_description":"O juiz federal Carlos do Vale Madeira registrou ocorr\u00eancia na manh\u00e3 desta quinta-feira, no 9\u00ba Distrito Policial, no S\u00e3o Francisco, [&hellip;]","og_url":"https:\/\/www.blogsoestado.com\/danielmatos\/juiz-federal-presta-queixa-na-policia-contra-empregada-domestica\/","og_site_name":"Daniel Matos","article_published_time":"2014-10-09T20:08:32+00:00","og_image":[{"url":"https:\/\/www.blogsoestado.com\/danielmatos\/files\/2014\/10\/juiz-madeira.jpg","type":"","width":"","height":""}],"twitter_card":"summary_large_image","twitter_misc":{"Est. tempo de leitura":"1 minuto"},"schema":{"@context":"https:\/\/schema.org","@graph":[{"@type":"WebPage","@id":"https:\/\/www.blogsoestado.com\/danielmatos\/juiz-federal-presta-queixa-na-policia-contra-empregada-domestica\/","url":"https:\/\/www.blogsoestado.com\/danielmatos\/juiz-federal-presta-queixa-na-policia-contra-empregada-domestica\/","name":"Juiz federal presta queixa na pol\u00edcia contra empregada dom\u00e9stica - Daniel Matos","isPartOf":{"@id":"https:\/\/www.blogsoestado.com\/danielmatos\/#website"},"primaryImageOfPage":{"@id":"https:\/\/www.blogsoestado.com\/danielmatos\/juiz-federal-presta-queixa-na-policia-contra-empregada-domestica\/#primaryimage"},"image":{"@id":"https:\/\/www.blogsoestado.com\/danielmatos\/juiz-federal-presta-queixa-na-policia-contra-empregada-domestica\/#primaryimage"},"thumbnailUrl":"https:\/\/www.blogsoestado.com\/danielmatos\/files\/2014\/10\/juiz-madeira.jpg","datePublished":"2014-10-09T20:08:32+00:00","author":{"@id":""},"breadcrumb":{"@id":"https:\/\/www.blogsoestado.com\/danielmatos\/juiz-federal-presta-queixa-na-policia-contra-empregada-domestica\/#breadcrumb"},"inLanguage":"pt-BR","potentialAction":[{"@type":"ReadAction","target":["https:\/\/www.blogsoestado.com\/danielmatos\/juiz-federal-presta-queixa-na-policia-contra-empregada-domestica\/"]}]},{"@type":"ImageObject","inLanguage":"pt-BR","@id":"https:\/\/www.blogsoestado.com\/danielmatos\/juiz-federal-presta-queixa-na-policia-contra-empregada-domestica\/#primaryimage","url":"https:\/\/www.blogsoestado.com\/danielmatos\/files\/2014\/10\/juiz-madeira.jpg","contentUrl":"https:\/\/www.blogsoestado.com\/danielmatos\/files\/2014\/10\/juiz-madeira.jpg"},{"@type":"BreadcrumbList","@id":"https:\/\/www.blogsoestado.com\/danielmatos\/juiz-federal-presta-queixa-na-policia-contra-empregada-domestica\/#breadcrumb","itemListElement":[{"@type":"ListItem","position":1,"name":"In\u00edcio","item":"https:\/\/www.blogsoestado.com\/danielmatos\/"},{"@type":"ListItem","position":2,"name":"Juiz federal presta queixa na pol\u00edcia contra empregada dom\u00e9stica"}]},{"@type":"WebSite","@id":"https:\/\/www.blogsoestado.com\/danielmatos\/#website","url":"https:\/\/www.blogsoestado.com\/danielmatos\/","name":"Daniel Matos","description":"","potentialAction":[{"@type":"SearchAction","target":{"@type":"EntryPoint","urlTemplate":"https:\/\/www.blogsoestado.com\/danielmatos\/?s={search_term_string}"},"query-input":{"@type":"PropertyValueSpecification","valueRequired":true,"valueName":"search_term_string"}}],"inLanguage":"pt-BR"}]}},"jetpack_featured_media_url":"","_links":{"self":[{"href":"https:\/\/www.blogsoestado.com\/danielmatos\/wp-json\/wp\/v2\/posts\/19820","targetHints":{"allow":["GET"]}}],"collection":[{"href":"https:\/\/www.blogsoestado.com\/danielmatos\/wp-json\/wp\/v2\/posts"}],"about":[{"href":"https:\/\/www.blogsoestado.com\/danielmatos\/wp-json\/wp\/v2\/types\/post"}],"replies":[{"embeddable":true,"href":"https:\/\/www.blogsoestado.com\/danielmatos\/wp-json\/wp\/v2\/comments?post=19820"}],"version-history":[{"count":0,"href":"https:\/\/www.blogsoestado.com\/danielmatos\/wp-json\/wp\/v2\/posts\/19820\/revisions"}],"wp:attachment":[{"href":"https:\/\/www.blogsoestado.com\/danielmatos\/wp-json\/wp\/v2\/media?parent=19820"}],"wp:term":[{"taxonomy":"category","embeddable":true,"href":"https:\/\/www.blogsoestado.com\/danielmatos\/wp-json\/wp\/v2\/categories?post=19820"},{"taxonomy":"post_tag","embeddable":true,"href":"https:\/\/www.blogsoestado.com\/danielmatos\/wp-json\/wp\/v2\/tags?post=19820"}],"curies":[{"name":"wp","href":"https:\/\/api.w.org\/{rel}","templated":true}]}}