{"id":19828,"date":"2014-10-09T21:20:38","date_gmt":"2014-10-10T00:20:38","guid":{"rendered":"https:\/\/www.blogsoestado.com\/danielmatos\/?p=19828"},"modified":"2014-10-09T21:20:38","modified_gmt":"2014-10-10T00:20:38","slug":"detran-alerta-pais-para-seguranca-das-criancas-no-transito","status":"publish","type":"post","link":"https:\/\/www.blogsoestado.com\/danielmatos\/detran-alerta-pais-para-seguranca-das-criancas-no-transito\/","title":{"rendered":"Detran alerta pais para seguran\u00e7a das crian\u00e7as no tr\u00e2nsito"},"content":{"rendered":"<p><a href=\"https:\/\/www.blogsoestado.com\/danielmatos\/files\/2014\/10\/crian\u00e7a-transito.jpg\"><img fetchpriority=\"high\" decoding=\"async\" class=\"alignleft size-full wp-image-19829\" src=\"https:\/\/www.blogsoestado.com\/danielmatos\/files\/2014\/10\/crian\u00e7a-transito.jpg\" alt=\"crian\u00e7a transito\" width=\"300\" height=\"171\" \/><\/a>Aproveitando a Semana da Crian\u00e7a, o Departamento Estadual de Tr\u00e2nsito do Maranh\u00e3o (Detran-MA) relembra os cuidados que todos, principalmente os pais, devem ter com as crian\u00e7as na hora de trafegar com elas pelas ruas e faixas de pedestres. As crian\u00e7as est\u00e3o entre os usu\u00e1rios mais fr\u00e1geis do tr\u00e2nsito.<\/p>\n<p>Dados do Minist\u00e9rio da Sa\u00fade apontam que crian\u00e7as entre 1 e 14 anos, est\u00e3o 40% das v\u00edtimas fatais em acidentes de tr\u00e2nsito. Em todo o mundo, 250 mil crian\u00e7as morrem, todos os anos, no tr\u00e2nsito, de acordo com o Fundo das Na\u00e7\u00f5es Unidas para a Inf\u00e2ncia (Unicef). Os acidentes de tr\u00e2nsito, que incluem atropelamentos, passageiros de ve\u00edculos, motos e bicicletas, representaram 33% destas mortes, segundo a ONG Crian\u00e7a Segura.<\/p>\n<p>O coordenador de Educa\u00e7\u00e3o para o Tr\u00e2nsito do Detran-MA, Roberval Lopes, explica que nas ruas, os respons\u00e1veis devem acompanhar as crian\u00e7as e segur\u00e1-las no pulso ao andar nas cal\u00e7adas e atravessar as vias. \u201cQuem acompanha uma crian\u00e7a n\u00e3o deve deixar que ela a segure na m\u00e3o, o respons\u00e1vel adulto \u00e9 que deve ter essa preocupa\u00e7\u00e3o e por isso, aconselhamos que segure no pulso em vez da m\u00e3o, assim, dificilmente a crian\u00e7a se solta\u201d, explica Lopes.<\/p>\n<p>Utilizar as ruas como \u00e1rea para a pr\u00e1tica de esportes e brincadeiras tamb\u00e9m deve ser evitado para a seguran\u00e7a das crian\u00e7as. Muitos acidentes ocorrem por causa da distra\u00e7\u00e3o, com crian\u00e7as que surgem correndo atr\u00e1s de uma bola ou tentando recuperar uma pipa que estava empinando.<br \/>\nQuando se fala de educa\u00e7\u00e3o para o tr\u00e2nsito, os pequenos s\u00e3o parte importante, eles tamb\u00e9m devem ser orientados sobre as leis e preven\u00e7\u00e3o de acidentes. A\u00e7\u00f5es s\u00e3o realizadas com frequ\u00eancia pelo Detran-MA dentro das escolas, onde as crian\u00e7as aprendem sobre os sinais de tr\u00e2nsito e pequenas regras que podem ser praticadas no dia a dia, como atravessar as ruas na faixa de seguran\u00e7a.<\/p>\n<p>\u201cAs crian\u00e7as aprendem com facilidade e seguem o exemplo dos adultos. Desde pequenas, elas podem conhecer algumas leis. A crian\u00e7a que \u00e9 orientada desde cedo sobre as normas, com certeza, vai se tornar um pedestre ou condutor mais consciente no futuro, ajudando na redu\u00e7\u00e3o da viol\u00eancia no tr\u00e2nsito\u201d, destaca o Diretor Geral do Detran-MA, Andr\u00e9 Campos.<\/p>\n<p><strong>Cadeirinhas<\/strong><\/p>\n<p>No transporte em ve\u00edculo automotor de quatro rodas, os menores de 7 anos e meio, ou com altura inferior a 1 metro e 45 cent\u00edmetros, devem utilizar dispositivos adequados para a sua seguran\u00e7a, conforme a estatura. Beb\u00eas devem ser transportados em uma cadeirinha do tipo beb\u00ea-conforto; at\u00e9 quatro anos de idade, cadeirinhas; e antes que atinja a altura para o uso do cinto, a crian\u00e7a deve usar os assentos de eleva\u00e7\u00e3o.<\/p>\n<p><strong>Motocicletas<\/strong><\/p>\n<p>No caso das motocicletas, a aten\u00e7\u00e3o tamb\u00e9m deve ser redobrada. A lei diz que a crian\u00e7a a partir dos 7 anos pode ser transportada na garupa da moto, mas o c\u00f3digo de tr\u00e2nsito explica ainda que ela tem que ser capaz de se segurar sozinha utilizando as al\u00e7as laterais da moto, ou seja, deve ter estatura e for\u00e7a suficientes.<\/p>\n<p>Lopes lembra sobre o uso de capacetes. \u201cFlagramos nas ruas muitas crian\u00e7as utilizando o capacete da m\u00e3e, em tamanho adulto, ou mesmo, sendo transportadas sem capacete, o que \u00e9 muito perigoso e proibido. A crian\u00e7a deve ter um capacete pr\u00f3prio para o tamanho dela, e com todos os itens necess\u00e1rios para que fique bem preso \u00e0 cabe\u00e7a e n\u00e3o fique balan\u00e7ando, como a prote\u00e7\u00e3o que chamamos de jugular e que deve ser afivelada abaixo do queixo da crian\u00e7a\u201d, ressalta Lopes.<\/p>\n<p>Os estudantes Fernando da Silva, de 6 anos e a Larissa St\u00e9fani, de 8 anos, dizem que j\u00e1 conhecem as leis de tr\u00e2nsito e o significado das cores do sem\u00e1foro. \u201cAmarelo \u00e9 aten\u00e7\u00e3o, vermelho pra parar e verde, pode passar\u201d, falou o garoto. Os dois disseram que n\u00e3o andam nas ruas sem segurarem a m\u00e3o de um adulto. Larissa St\u00e9fani revelou que prefere atravessar em faixa de seguran\u00e7a que tem sem\u00e1foro. \u201cEu tenho medo e minha m\u00e3e fala que \u00e9 preciso esperar o sinal fechar e ver que todos os carros pararam, para atravessar pro outro lado\u201d, comenta ela.<\/p>\n<p><strong>Cuidado<\/strong><\/p>\n<p>Os pais revelaram preocupa\u00e7\u00e3o em ensinar os filhos sobre as regras de tr\u00e2nsito. Maria Cec\u00edlia, vendedora, m\u00e3e de uma menina de 6 anos, fala que com crian\u00e7a todo cuidado \u00e9 pouco. \u201cA minha filha adora correr, por isso sempre seguro na m\u00e3o dela quando estamos na rua. Na hora de atravessar a faixa o cuidado \u00e9 redobrado\u201d, afirma Maria Cec\u00edlia.<\/p>\n<p>Carlos Humberto Pereira, comerci\u00e1rio, pai de um garotinho de 4 anos, concorda que as crian\u00e7as merecem mais aten\u00e7\u00e3o, e denuncia que, a engenharia de tr\u00e2nsito, muitas vezes, n\u00e3o leva em considera\u00e7\u00e3o as crian\u00e7as como usu\u00e1rias do tr\u00e2nsito. \u201cO meu filho j\u00e1 est\u00e1 grandinho, mas prefiro ainda atravessar a faixa de pedestres com ele no colo, carregando. Com 4 anos, ele anda devagar, e o tempo da maioria dos sem\u00e1foros quando est\u00e1 fechado \u00e9 curto, tenho receio de n\u00e3o conseguir atravessar com ele caminhando. Aconteceu uma vez do sem\u00e1foro abrir e ainda estarmos no meio da faixa\u201d, lembrou o pai.<\/p>\n<p><strong>Dicas importantes:<\/strong><\/p>\n<p>&#8211; N\u00e3o permita que uma crian\u00e7a menor de 10 anos atravesse a rua sozinha. As crian\u00e7as t\u00eam dificuldade de julgar a dist\u00e2ncia e a velocidade em que os carros est\u00e3o.<\/p>\n<p>&#8211; Vista as crian\u00e7as com roupas de cores claras e vibrantes: amarelo, vermelho, por exemplo. Como elas s\u00e3o menores, muitas vezes os motoristas n\u00e3o conseguem v\u00ea-las.<\/p>\n<p>&#8211; N\u00e3o permita o uso das vias para andar de patins, skate ou bicicleta. Todos devem fazer essas atividades no parque, clube, pra\u00e7a, ou outro ambiente seguro longe da circula\u00e7\u00e3o de ve\u00edculos automotores.<\/p>\n<p>&#8211; Se a bola cair na rua n\u00e3o permita que a crian\u00e7a saia para busc\u00e1-la, apenas uma pessoa adulta deve se submeter a uma tarefa como essa.<\/p>\n<p><strong>Fonte:<\/strong> Departamento Estadual de Tr\u00e2nsito (Detran)<\/p>\n","protected":false},"excerpt":{"rendered":"<p>Aproveitando a Semana da Crian\u00e7a, o Departamento Estadual de Tr\u00e2nsito do Maranh\u00e3o (Detran-MA) relembra os cuidados que todos, principalmente os [&hellip;]<\/p>\n","protected":false},"author":0,"featured_media":0,"comment_status":"open","ping_status":"open","sticky":false,"template":"","format":"standard","meta":{"site-sidebar-layout":"default","site-content-layout":"","ast-site-content-layout":"default","site-content-style":"default","site-sidebar-style":"default","ast-global-header-display":"","ast-banner-title-visibility":"","ast-main-header-display":"","ast-hfb-above-header-display":"","ast-hfb-below-header-display":"","ast-hfb-mobile-header-display":"","site-post-title":"","ast-breadcrumbs-content":"","ast-featured-img":"","footer-sml-layout":"","ast-disable-related-posts":"","theme-transparent-header-meta":"","adv-header-id-meta":"","stick-header-meta":"","header-above-stick-meta":"","header-main-stick-meta":"","header-below-stick-meta":"","astra-migrate-meta-layouts":"default","ast-page-background-enabled":"default","ast-page-background-meta":{"desktop":{"background-color":"var(--ast-global-color-5)","background-image":"","background-repeat":"repeat","background-position":"center center","background-size":"auto","background-attachment":"scroll","background-type":"","background-media":"","overlay-type":"","overlay-color":"","overlay-opacity":"","overlay-gradient":""},"tablet":{"background-color":"","background-image":"","background-repeat":"repeat","background-position":"center center","background-size":"auto","background-attachment":"scroll","background-type":"","background-media":"","overlay-type":"","overlay-color":"","overlay-opacity":"","overlay-gradient":""},"mobile":{"background-color":"","background-image":"","background-repeat":"repeat","background-position":"center center","background-size":"auto","background-attachment":"scroll","background-type":"","background-media":"","overlay-type":"","overlay-color":"","overlay-opacity":"","overlay-gradient":""}},"ast-content-background-meta":{"desktop":{"background-color":"var(--ast-global-color-4)","background-image":"","background-repeat":"repeat","background-position":"center center","background-size":"auto","background-attachment":"scroll","background-type":"","background-media":"","overlay-type":"","overlay-color":"","overlay-opacity":"","overlay-gradient":""},"tablet":{"background-color":"var(--ast-global-color-4)","background-image":"","background-repeat":"repeat","background-position":"center center","background-size":"auto","background-attachment":"scroll","background-type":"","background-media":"","overlay-type":"","overlay-color":"","overlay-opacity":"","overlay-gradient":""},"mobile":{"background-color":"var(--ast-global-color-4)","background-image":"","background-repeat":"repeat","background-position":"center center","background-size":"auto","background-attachment":"scroll","background-type":"","background-media":"","overlay-type":"","overlay-color":"","overlay-opacity":"","overlay-gradient":""}},"footnotes":""},"categories":[1],"tags":[],"class_list":["post-19828","post","type-post","status-publish","format-standard","hentry","category-sem-categoria"],"yoast_head":"<!-- This site is optimized with the Yoast SEO plugin v26.6 - https:\/\/yoast.com\/wordpress\/plugins\/seo\/ -->\n<title>Detran alerta pais para seguran\u00e7a das crian\u00e7as no tr\u00e2nsito - Daniel Matos<\/title>\n<meta name=\"robots\" content=\"index, follow, max-snippet:-1, max-image-preview:large, max-video-preview:-1\" \/>\n<link rel=\"canonical\" href=\"https:\/\/www.blogsoestado.com\/danielmatos\/detran-alerta-pais-para-seguranca-das-criancas-no-transito\/\" \/>\n<meta property=\"og:locale\" content=\"pt_BR\" \/>\n<meta property=\"og:type\" content=\"article\" \/>\n<meta property=\"og:title\" content=\"Detran alerta pais para seguran\u00e7a das crian\u00e7as no tr\u00e2nsito - Daniel Matos\" \/>\n<meta property=\"og:description\" content=\"Aproveitando a Semana da Crian\u00e7a, o Departamento Estadual de Tr\u00e2nsito do Maranh\u00e3o (Detran-MA) relembra os cuidados que todos, principalmente os [&hellip;]\" \/>\n<meta property=\"og:url\" content=\"https:\/\/www.blogsoestado.com\/danielmatos\/detran-alerta-pais-para-seguranca-das-criancas-no-transito\/\" \/>\n<meta property=\"og:site_name\" content=\"Daniel Matos\" \/>\n<meta property=\"article:published_time\" content=\"2014-10-10T00:20:38+00:00\" \/>\n<meta name=\"twitter:card\" content=\"summary_large_image\" \/>\n<meta name=\"twitter:label1\" content=\"Est. tempo de leitura\" \/>\n\t<meta name=\"twitter:data1\" content=\"5 minutos\" \/>\n<script type=\"application\/ld+json\" class=\"yoast-schema-graph\">{\"@context\":\"https:\/\/schema.org\",\"@graph\":[{\"@type\":\"WebPage\",\"@id\":\"https:\/\/www.blogsoestado.com\/danielmatos\/detran-alerta-pais-para-seguranca-das-criancas-no-transito\/\",\"url\":\"https:\/\/www.blogsoestado.com\/danielmatos\/detran-alerta-pais-para-seguranca-das-criancas-no-transito\/\",\"name\":\"Detran alerta pais para seguran\u00e7a das crian\u00e7as no tr\u00e2nsito - Daniel Matos\",\"isPartOf\":{\"@id\":\"https:\/\/www.blogsoestado.com\/danielmatos\/#website\"},\"datePublished\":\"2014-10-10T00:20:38+00:00\",\"author\":{\"@id\":\"\"},\"breadcrumb\":{\"@id\":\"https:\/\/www.blogsoestado.com\/danielmatos\/detran-alerta-pais-para-seguranca-das-criancas-no-transito\/#breadcrumb\"},\"inLanguage\":\"pt-BR\",\"potentialAction\":[{\"@type\":\"ReadAction\",\"target\":[\"https:\/\/www.blogsoestado.com\/danielmatos\/detran-alerta-pais-para-seguranca-das-criancas-no-transito\/\"]}]},{\"@type\":\"BreadcrumbList\",\"@id\":\"https:\/\/www.blogsoestado.com\/danielmatos\/detran-alerta-pais-para-seguranca-das-criancas-no-transito\/#breadcrumb\",\"itemListElement\":[{\"@type\":\"ListItem\",\"position\":1,\"name\":\"In\u00edcio\",\"item\":\"https:\/\/www.blogsoestado.com\/danielmatos\/\"},{\"@type\":\"ListItem\",\"position\":2,\"name\":\"Detran alerta pais para seguran\u00e7a das crian\u00e7as no tr\u00e2nsito\"}]},{\"@type\":\"WebSite\",\"@id\":\"https:\/\/www.blogsoestado.com\/danielmatos\/#website\",\"url\":\"https:\/\/www.blogsoestado.com\/danielmatos\/\",\"name\":\"Daniel Matos\",\"description\":\"\",\"potentialAction\":[{\"@type\":\"SearchAction\",\"target\":{\"@type\":\"EntryPoint\",\"urlTemplate\":\"https:\/\/www.blogsoestado.com\/danielmatos\/?s={search_term_string}\"},\"query-input\":{\"@type\":\"PropertyValueSpecification\",\"valueRequired\":true,\"valueName\":\"search_term_string\"}}],\"inLanguage\":\"pt-BR\"}]}<\/script>\n<!-- \/ Yoast SEO plugin. -->","yoast_head_json":{"title":"Detran alerta pais para seguran\u00e7a das crian\u00e7as no tr\u00e2nsito - Daniel Matos","robots":{"index":"index","follow":"follow","max-snippet":"max-snippet:-1","max-image-preview":"max-image-preview:large","max-video-preview":"max-video-preview:-1"},"canonical":"https:\/\/www.blogsoestado.com\/danielmatos\/detran-alerta-pais-para-seguranca-das-criancas-no-transito\/","og_locale":"pt_BR","og_type":"article","og_title":"Detran alerta pais para seguran\u00e7a das crian\u00e7as no tr\u00e2nsito - Daniel Matos","og_description":"Aproveitando a Semana da Crian\u00e7a, o Departamento Estadual de Tr\u00e2nsito do Maranh\u00e3o (Detran-MA) relembra os cuidados que todos, principalmente os [&hellip;]","og_url":"https:\/\/www.blogsoestado.com\/danielmatos\/detran-alerta-pais-para-seguranca-das-criancas-no-transito\/","og_site_name":"Daniel Matos","article_published_time":"2014-10-10T00:20:38+00:00","twitter_card":"summary_large_image","twitter_misc":{"Est. tempo de leitura":"5 minutos"},"schema":{"@context":"https:\/\/schema.org","@graph":[{"@type":"WebPage","@id":"https:\/\/www.blogsoestado.com\/danielmatos\/detran-alerta-pais-para-seguranca-das-criancas-no-transito\/","url":"https:\/\/www.blogsoestado.com\/danielmatos\/detran-alerta-pais-para-seguranca-das-criancas-no-transito\/","name":"Detran alerta pais para seguran\u00e7a das crian\u00e7as no tr\u00e2nsito - Daniel Matos","isPartOf":{"@id":"https:\/\/www.blogsoestado.com\/danielmatos\/#website"},"datePublished":"2014-10-10T00:20:38+00:00","author":{"@id":""},"breadcrumb":{"@id":"https:\/\/www.blogsoestado.com\/danielmatos\/detran-alerta-pais-para-seguranca-das-criancas-no-transito\/#breadcrumb"},"inLanguage":"pt-BR","potentialAction":[{"@type":"ReadAction","target":["https:\/\/www.blogsoestado.com\/danielmatos\/detran-alerta-pais-para-seguranca-das-criancas-no-transito\/"]}]},{"@type":"BreadcrumbList","@id":"https:\/\/www.blogsoestado.com\/danielmatos\/detran-alerta-pais-para-seguranca-das-criancas-no-transito\/#breadcrumb","itemListElement":[{"@type":"ListItem","position":1,"name":"In\u00edcio","item":"https:\/\/www.blogsoestado.com\/danielmatos\/"},{"@type":"ListItem","position":2,"name":"Detran alerta pais para seguran\u00e7a das crian\u00e7as no tr\u00e2nsito"}]},{"@type":"WebSite","@id":"https:\/\/www.blogsoestado.com\/danielmatos\/#website","url":"https:\/\/www.blogsoestado.com\/danielmatos\/","name":"Daniel Matos","description":"","potentialAction":[{"@type":"SearchAction","target":{"@type":"EntryPoint","urlTemplate":"https:\/\/www.blogsoestado.com\/danielmatos\/?s={search_term_string}"},"query-input":{"@type":"PropertyValueSpecification","valueRequired":true,"valueName":"search_term_string"}}],"inLanguage":"pt-BR"}]}},"jetpack_featured_media_url":"","_links":{"self":[{"href":"https:\/\/www.blogsoestado.com\/danielmatos\/wp-json\/wp\/v2\/posts\/19828","targetHints":{"allow":["GET"]}}],"collection":[{"href":"https:\/\/www.blogsoestado.com\/danielmatos\/wp-json\/wp\/v2\/posts"}],"about":[{"href":"https:\/\/www.blogsoestado.com\/danielmatos\/wp-json\/wp\/v2\/types\/post"}],"replies":[{"embeddable":true,"href":"https:\/\/www.blogsoestado.com\/danielmatos\/wp-json\/wp\/v2\/comments?post=19828"}],"version-history":[{"count":0,"href":"https:\/\/www.blogsoestado.com\/danielmatos\/wp-json\/wp\/v2\/posts\/19828\/revisions"}],"wp:attachment":[{"href":"https:\/\/www.blogsoestado.com\/danielmatos\/wp-json\/wp\/v2\/media?parent=19828"}],"wp:term":[{"taxonomy":"category","embeddable":true,"href":"https:\/\/www.blogsoestado.com\/danielmatos\/wp-json\/wp\/v2\/categories?post=19828"},{"taxonomy":"post_tag","embeddable":true,"href":"https:\/\/www.blogsoestado.com\/danielmatos\/wp-json\/wp\/v2\/tags?post=19828"}],"curies":[{"name":"wp","href":"https:\/\/api.w.org\/{rel}","templated":true}]}}