{"id":19832,"date":"2014-10-10T08:15:25","date_gmt":"2014-10-10T11:15:25","guid":{"rendered":"https:\/\/www.blogsoestado.com\/danielmatos\/?p=19832"},"modified":"2014-10-10T08:15:25","modified_gmt":"2014-10-10T11:15:25","slug":"prefeitura-de-paco-do-lumiar-faz-chamada-publica-de-escolas-comunitarias","status":"publish","type":"post","link":"https:\/\/www.blogsoestado.com\/danielmatos\/prefeitura-de-paco-do-lumiar-faz-chamada-publica-de-escolas-comunitarias\/","title":{"rendered":"Prefeitura de Pa\u00e7o do Lumiar faz chamada p\u00fablica de escolas comunit\u00e1rias"},"content":{"rendered":"<p><a href=\"https:\/\/www.blogsoestado.com\/danielmatos\/files\/2014\/10\/pa\u00e7o.jpg\"><img fetchpriority=\"high\" decoding=\"async\" class=\"alignright size-full wp-image-19833\" src=\"https:\/\/www.blogsoestado.com\/danielmatos\/files\/2014\/10\/pa\u00e7o.jpg\" alt=\"pa\u00e7o\" width=\"291\" height=\"173\" \/><\/a>A Prefeitura de Pa\u00e7o do Lumiar, por meio da Secretaria Municipal de Educa\u00e7\u00e3o d\u00e1 in\u00edcio nesta sexta-feira, 10, \u00e0s Chamadas P\u00fablicas para recebimento de documenta\u00e7\u00e3o de entidades, institui\u00e7\u00f5es e\/ou grupos comunit\u00e1rios educacionais que tenham interesse em firmar com a administra\u00e7\u00e3o municipal, e que queiram celebrar contrato de arrendamento oneroso para atendimento \u00e0s crian\u00e7as da Educa\u00e7\u00e3o Infantil e aos alunos do Ensino Fundamental, inclusive na modalidade &#8220;Educa\u00e7\u00e3o de Jovens e adultos&#8221;.<\/p>\n<p>Os conv\u00eanios s\u00e3o destinados para institui\u00e7\u00f5es que atendem crian\u00e7as de zero a cinco anos na Educa\u00e7\u00e3o Infantil, que desenvolvem atividades socioeducativas e atendimento formal com crian\u00e7as, em complementa\u00e7\u00e3o \u00e0 rede de atendimento formal do munic\u00edpio, e tamb\u00e9m de atividades socioeducativas formal tamb\u00e9m com adolescentes e adultos.<\/p>\n<p>De acordo com a secret\u00e1ria de Educa\u00e7\u00e3o, Ana Paula Pires, \u201ca medida tem como objetivo regularizar as escolas comunit\u00e1rias previstas no TAC, dando a elas, condi\u00e7\u00f5es necess\u00e1rias para desempenhar suas atividades educacionais. O prefeito professor Josemar se empenhou bastante para que este momento fosse uma realidade no munic\u00edpio, e n\u00e3o tem medido esfor\u00e7os para elevar os nossos instrumentos de educa\u00e7\u00e3o\u201d, frisou.<\/p>\n<p><strong>TAC<\/strong><\/p>\n<p>O Chamamento P\u00fablico de n\u00ba 001 e 002\/2014 s\u00e3o resultantes do Termo de Ajuste de Conduta (TAC), firmado em 29 de junho de 2014, entre o Munic\u00edpio de Pa\u00e7o do Lumiar, o Minist\u00e9rio P\u00fablico do Estado do Maranh\u00e3o e as entidades, institui\u00e7\u00f5es, grupos comunit\u00e1rios educacionais de Pa\u00e7o do Lumiar.<\/p>\n<p>O instrumento convocat\u00f3rio ser\u00e1 regido pela Constitui\u00e7\u00e3o da Rep\u00fablica, em especial nos artigos 205 a 214, LDB n\u00ba 9.394, de 1996, Lei n\u00ba 8.069, de 1990, Lei n\u00ba. 8.666, de 1993 e suas altera\u00e7\u00f5es, na Lei Org\u00e2nica do Munic\u00edpio, Constitui\u00e7\u00e3o do Estado do Maranh\u00e3o, leis municipais, e demais disposi\u00e7\u00f5es regulamentares aplic\u00e1veis \u00e0 esp\u00e9cie.<\/p>\n<p>A convocat\u00f3ria segue at\u00e9 o dia 17 de outubro e os interessados devem se dirigir \u00e0 Secretaria Municipal de Educa\u00e7\u00e3o, no conjunto Maiob\u00e3o, munidos da documenta\u00e7\u00e3o exigida. Mais informa\u00e7\u00f5es devem ser consultadas nos Editais dispon\u00edveis na SEMED e no site da Prefeitura de Pa\u00e7o do Lumiar (www.pacodolumiar.ma.gov.br)<\/p>\n<p>Confira\u00a0abaixo a lista\u00a0das institui\u00e7\u00f5es previstas no TAC:<\/p>\n<p>Centro Educacional Sagrada Fam\u00edlia; Escola Comunit\u00e1ria Profa. Concei\u00e7\u00e3o Costa; UEB Crian\u00e7a Feliz; Escolinha Comunit\u00e1ria Adilson Moraes; V. UEB Mickey Mouse; UEB P\u00e3o da Vida; UEB ABC; UEB Simone Macieira; Escolinha Sonho de Crian\u00e7a; Escola Comunit\u00e1ria Lourdes Barroqueiro; UEB Vereador Almeida; UEB Lima Verde; Creche Escola Santa Maria; Escola Comunit\u00e1ria Padre Maurice Lacroix; Escola Comunit\u00e1ria Eug\u00eanio Pereira; Escola Comunit\u00e1ria S\u00e3o Vicente de Paulo; UEB Tia Dalva; UEB Vov\u00f4 Jo\u00e3o; UEB Tia Marly; UEB Raimundo Romualdo; UEB Nova Cana\u00e3; UEB Padre Maur\u00edcio; UEB Pr\u00edncipe Menor; Jardim de Inf\u00e2ncia Raio de Luz; UEB Alto da Esperan\u00e7a.<\/p>\n","protected":false},"excerpt":{"rendered":"<p>A Prefeitura de Pa\u00e7o do Lumiar, por meio da Secretaria Municipal de Educa\u00e7\u00e3o d\u00e1 in\u00edcio nesta sexta-feira, 10, \u00e0s Chamadas [&hellip;]<\/p>\n","protected":false},"author":0,"featured_media":0,"comment_status":"open","ping_status":"open","sticky":false,"template":"","format":"standard","meta":{"site-sidebar-layout":"default","site-content-layout":"","ast-site-content-layout":"default","site-content-style":"default","site-sidebar-style":"default","ast-global-header-display":"","ast-banner-title-visibility":"","ast-main-header-display":"","ast-hfb-above-header-display":"","ast-hfb-below-header-display":"","ast-hfb-mobile-header-display":"","site-post-title":"","ast-breadcrumbs-content":"","ast-featured-img":"","footer-sml-layout":"","ast-disable-related-posts":"","theme-transparent-header-meta":"","adv-header-id-meta":"","stick-header-meta":"","header-above-stick-meta":"","header-main-stick-meta":"","header-below-stick-meta":"","astra-migrate-meta-layouts":"default","ast-page-background-enabled":"default","ast-page-background-meta":{"desktop":{"background-color":"var(--ast-global-color-5)","background-image":"","background-repeat":"repeat","background-position":"center center","background-size":"auto","background-attachment":"scroll","background-type":"","background-media":"","overlay-type":"","overlay-color":"","overlay-opacity":"","overlay-gradient":""},"tablet":{"background-color":"","background-image":"","background-repeat":"repeat","background-position":"center center","background-size":"auto","background-attachment":"scroll","background-type":"","background-media":"","overlay-type":"","overlay-color":"","overlay-opacity":"","overlay-gradient":""},"mobile":{"background-color":"","background-image":"","background-repeat":"repeat","background-position":"center center","background-size":"auto","background-attachment":"scroll","background-type":"","background-media":"","overlay-type":"","overlay-color":"","overlay-opacity":"","overlay-gradient":""}},"ast-content-background-meta":{"desktop":{"background-color":"var(--ast-global-color-4)","background-image":"","background-repeat":"repeat","background-position":"center center","background-size":"auto","background-attachment":"scroll","background-type":"","background-media":"","overlay-type":"","overlay-color":"","overlay-opacity":"","overlay-gradient":""},"tablet":{"background-color":"var(--ast-global-color-4)","background-image":"","background-repeat":"repeat","background-position":"center center","background-size":"auto","background-attachment":"scroll","background-type":"","background-media":"","overlay-type":"","overlay-color":"","overlay-opacity":"","overlay-gradient":""},"mobile":{"background-color":"var(--ast-global-color-4)","background-image":"","background-repeat":"repeat","background-position":"center center","background-size":"auto","background-attachment":"scroll","background-type":"","background-media":"","overlay-type":"","overlay-color":"","overlay-opacity":"","overlay-gradient":""}},"footnotes":""},"categories":[1],"tags":[],"class_list":["post-19832","post","type-post","status-publish","format-standard","hentry","category-sem-categoria"],"yoast_head":"<!-- This site is optimized with the Yoast SEO plugin v26.6 - https:\/\/yoast.com\/wordpress\/plugins\/seo\/ -->\n<title>Prefeitura de Pa\u00e7o do Lumiar faz chamada p\u00fablica de escolas comunit\u00e1rias - Daniel Matos<\/title>\n<meta name=\"robots\" content=\"index, follow, max-snippet:-1, max-image-preview:large, max-video-preview:-1\" \/>\n<link rel=\"canonical\" href=\"https:\/\/www.blogsoestado.com\/danielmatos\/prefeitura-de-paco-do-lumiar-faz-chamada-publica-de-escolas-comunitarias\/\" \/>\n<meta property=\"og:locale\" content=\"pt_BR\" \/>\n<meta property=\"og:type\" content=\"article\" \/>\n<meta property=\"og:title\" content=\"Prefeitura de Pa\u00e7o do Lumiar faz chamada p\u00fablica de escolas comunit\u00e1rias - Daniel Matos\" \/>\n<meta property=\"og:description\" content=\"A Prefeitura de Pa\u00e7o do Lumiar, por meio da Secretaria Municipal de Educa\u00e7\u00e3o d\u00e1 in\u00edcio nesta sexta-feira, 10, \u00e0s Chamadas [&hellip;]\" \/>\n<meta property=\"og:url\" content=\"https:\/\/www.blogsoestado.com\/danielmatos\/prefeitura-de-paco-do-lumiar-faz-chamada-publica-de-escolas-comunitarias\/\" \/>\n<meta property=\"og:site_name\" content=\"Daniel Matos\" \/>\n<meta property=\"article:published_time\" content=\"2014-10-10T11:15:25+00:00\" \/>\n<meta name=\"twitter:card\" content=\"summary_large_image\" \/>\n<meta name=\"twitter:label1\" content=\"Est. tempo de leitura\" \/>\n\t<meta name=\"twitter:data1\" content=\"2 minutos\" \/>\n<script type=\"application\/ld+json\" class=\"yoast-schema-graph\">{\"@context\":\"https:\/\/schema.org\",\"@graph\":[{\"@type\":\"WebPage\",\"@id\":\"https:\/\/www.blogsoestado.com\/danielmatos\/prefeitura-de-paco-do-lumiar-faz-chamada-publica-de-escolas-comunitarias\/\",\"url\":\"https:\/\/www.blogsoestado.com\/danielmatos\/prefeitura-de-paco-do-lumiar-faz-chamada-publica-de-escolas-comunitarias\/\",\"name\":\"Prefeitura de Pa\u00e7o do Lumiar faz chamada p\u00fablica de escolas comunit\u00e1rias - Daniel Matos\",\"isPartOf\":{\"@id\":\"https:\/\/www.blogsoestado.com\/danielmatos\/#website\"},\"datePublished\":\"2014-10-10T11:15:25+00:00\",\"author\":{\"@id\":\"\"},\"breadcrumb\":{\"@id\":\"https:\/\/www.blogsoestado.com\/danielmatos\/prefeitura-de-paco-do-lumiar-faz-chamada-publica-de-escolas-comunitarias\/#breadcrumb\"},\"inLanguage\":\"pt-BR\",\"potentialAction\":[{\"@type\":\"ReadAction\",\"target\":[\"https:\/\/www.blogsoestado.com\/danielmatos\/prefeitura-de-paco-do-lumiar-faz-chamada-publica-de-escolas-comunitarias\/\"]}]},{\"@type\":\"BreadcrumbList\",\"@id\":\"https:\/\/www.blogsoestado.com\/danielmatos\/prefeitura-de-paco-do-lumiar-faz-chamada-publica-de-escolas-comunitarias\/#breadcrumb\",\"itemListElement\":[{\"@type\":\"ListItem\",\"position\":1,\"name\":\"In\u00edcio\",\"item\":\"https:\/\/www.blogsoestado.com\/danielmatos\/\"},{\"@type\":\"ListItem\",\"position\":2,\"name\":\"Prefeitura de Pa\u00e7o do Lumiar faz chamada p\u00fablica de escolas comunit\u00e1rias\"}]},{\"@type\":\"WebSite\",\"@id\":\"https:\/\/www.blogsoestado.com\/danielmatos\/#website\",\"url\":\"https:\/\/www.blogsoestado.com\/danielmatos\/\",\"name\":\"Daniel Matos\",\"description\":\"\",\"potentialAction\":[{\"@type\":\"SearchAction\",\"target\":{\"@type\":\"EntryPoint\",\"urlTemplate\":\"https:\/\/www.blogsoestado.com\/danielmatos\/?s={search_term_string}\"},\"query-input\":{\"@type\":\"PropertyValueSpecification\",\"valueRequired\":true,\"valueName\":\"search_term_string\"}}],\"inLanguage\":\"pt-BR\"}]}<\/script>\n<!-- \/ Yoast SEO plugin. -->","yoast_head_json":{"title":"Prefeitura de Pa\u00e7o do Lumiar faz chamada p\u00fablica de escolas comunit\u00e1rias - Daniel Matos","robots":{"index":"index","follow":"follow","max-snippet":"max-snippet:-1","max-image-preview":"max-image-preview:large","max-video-preview":"max-video-preview:-1"},"canonical":"https:\/\/www.blogsoestado.com\/danielmatos\/prefeitura-de-paco-do-lumiar-faz-chamada-publica-de-escolas-comunitarias\/","og_locale":"pt_BR","og_type":"article","og_title":"Prefeitura de Pa\u00e7o do Lumiar faz chamada p\u00fablica de escolas comunit\u00e1rias - Daniel Matos","og_description":"A Prefeitura de Pa\u00e7o do Lumiar, por meio da Secretaria Municipal de Educa\u00e7\u00e3o d\u00e1 in\u00edcio nesta sexta-feira, 10, \u00e0s Chamadas [&hellip;]","og_url":"https:\/\/www.blogsoestado.com\/danielmatos\/prefeitura-de-paco-do-lumiar-faz-chamada-publica-de-escolas-comunitarias\/","og_site_name":"Daniel Matos","article_published_time":"2014-10-10T11:15:25+00:00","twitter_card":"summary_large_image","twitter_misc":{"Est. tempo de leitura":"2 minutos"},"schema":{"@context":"https:\/\/schema.org","@graph":[{"@type":"WebPage","@id":"https:\/\/www.blogsoestado.com\/danielmatos\/prefeitura-de-paco-do-lumiar-faz-chamada-publica-de-escolas-comunitarias\/","url":"https:\/\/www.blogsoestado.com\/danielmatos\/prefeitura-de-paco-do-lumiar-faz-chamada-publica-de-escolas-comunitarias\/","name":"Prefeitura de Pa\u00e7o do Lumiar faz chamada p\u00fablica de escolas comunit\u00e1rias - Daniel Matos","isPartOf":{"@id":"https:\/\/www.blogsoestado.com\/danielmatos\/#website"},"datePublished":"2014-10-10T11:15:25+00:00","author":{"@id":""},"breadcrumb":{"@id":"https:\/\/www.blogsoestado.com\/danielmatos\/prefeitura-de-paco-do-lumiar-faz-chamada-publica-de-escolas-comunitarias\/#breadcrumb"},"inLanguage":"pt-BR","potentialAction":[{"@type":"ReadAction","target":["https:\/\/www.blogsoestado.com\/danielmatos\/prefeitura-de-paco-do-lumiar-faz-chamada-publica-de-escolas-comunitarias\/"]}]},{"@type":"BreadcrumbList","@id":"https:\/\/www.blogsoestado.com\/danielmatos\/prefeitura-de-paco-do-lumiar-faz-chamada-publica-de-escolas-comunitarias\/#breadcrumb","itemListElement":[{"@type":"ListItem","position":1,"name":"In\u00edcio","item":"https:\/\/www.blogsoestado.com\/danielmatos\/"},{"@type":"ListItem","position":2,"name":"Prefeitura de Pa\u00e7o do Lumiar faz chamada p\u00fablica de escolas comunit\u00e1rias"}]},{"@type":"WebSite","@id":"https:\/\/www.blogsoestado.com\/danielmatos\/#website","url":"https:\/\/www.blogsoestado.com\/danielmatos\/","name":"Daniel Matos","description":"","potentialAction":[{"@type":"SearchAction","target":{"@type":"EntryPoint","urlTemplate":"https:\/\/www.blogsoestado.com\/danielmatos\/?s={search_term_string}"},"query-input":{"@type":"PropertyValueSpecification","valueRequired":true,"valueName":"search_term_string"}}],"inLanguage":"pt-BR"}]}},"jetpack_featured_media_url":"","_links":{"self":[{"href":"https:\/\/www.blogsoestado.com\/danielmatos\/wp-json\/wp\/v2\/posts\/19832","targetHints":{"allow":["GET"]}}],"collection":[{"href":"https:\/\/www.blogsoestado.com\/danielmatos\/wp-json\/wp\/v2\/posts"}],"about":[{"href":"https:\/\/www.blogsoestado.com\/danielmatos\/wp-json\/wp\/v2\/types\/post"}],"replies":[{"embeddable":true,"href":"https:\/\/www.blogsoestado.com\/danielmatos\/wp-json\/wp\/v2\/comments?post=19832"}],"version-history":[{"count":0,"href":"https:\/\/www.blogsoestado.com\/danielmatos\/wp-json\/wp\/v2\/posts\/19832\/revisions"}],"wp:attachment":[{"href":"https:\/\/www.blogsoestado.com\/danielmatos\/wp-json\/wp\/v2\/media?parent=19832"}],"wp:term":[{"taxonomy":"category","embeddable":true,"href":"https:\/\/www.blogsoestado.com\/danielmatos\/wp-json\/wp\/v2\/categories?post=19832"},{"taxonomy":"post_tag","embeddable":true,"href":"https:\/\/www.blogsoestado.com\/danielmatos\/wp-json\/wp\/v2\/tags?post=19832"}],"curies":[{"name":"wp","href":"https:\/\/api.w.org\/{rel}","templated":true}]}}