{"id":19835,"date":"2014-10-10T10:39:42","date_gmt":"2014-10-10T13:39:42","guid":{"rendered":"https:\/\/www.blogsoestado.com\/danielmatos\/?p=19835"},"modified":"2014-10-10T10:39:42","modified_gmt":"2014-10-10T13:39:42","slug":"justica-libera-231-presos-para-o-dia-das-criancas","status":"publish","type":"post","link":"https:\/\/www.blogsoestado.com\/danielmatos\/justica-libera-231-presos-para-o-dia-das-criancas\/","title":{"rendered":"Justi\u00e7a libera 231 presos para o Dia das Crian\u00e7as"},"content":{"rendered":"<p><a href=\"https:\/\/www.blogsoestado.com\/danielmatos\/files\/2014\/10\/saida-tempor\u00e1ria.jpg\"><img decoding=\"async\" class=\"alignleft size-full wp-image-19836\" src=\"https:\/\/www.blogsoestado.com\/danielmatos\/files\/2014\/10\/saida-tempor\u00e1ria.jpg\" alt=\"saida tempor\u00e1ria\" width=\"260\" height=\"190\" \/><\/a>Em portaria assinada pela ju\u00edza titular da unidade, Ana Maria Dias Vieira, a 1\u00aa Vara de Execu\u00e7\u00f5es Penais de S\u00e3o Lu\u00eds, autoriza a sa\u00edda tempor\u00e1ria para visita aos familiares em comemora\u00e7\u00e3o ao Dia das Crian\u00e7as de 231 apenados do sistema prisional. A sa\u00edda, na manh\u00e3 desta sexta-feira (10), tem retorno previsto para o pr\u00f3ximo dia 16, devendo os beneficiados retornar ao estabelecimento prisional de origem at\u00e9 \u00e0s 18h da data. Antes de sair dos estabelecimentos, os apenados participam de reuni\u00e3o para advert\u00eancias, esclarecimentos complementares e assinatura do termo de compromisso. O benef\u00edcio da sa\u00edda tempor\u00e1ria consta do art. 66, IV, da Lei de Execu\u00e7\u00e3o Penal \u2013 Lei 7.210\/84.<\/p>\n<p>Entre as exig\u00eancias a ser cumpridas pelos beneficiados, \u201crecolher-se \u00e0s suas resid\u00eancias at\u00e9 as 20h; n\u00e3o portar armas; n\u00e3o freq\u00fcentar festas, bares e\/ou similares\u201d. Tamb\u00e9m n\u00e3o \u00e9 permitido aos apenados ausentar-se do Estado.<\/p>\n<p>Ainda de acordo com a portaria (Portaria 037\/2014), os dirigentes de estabelecimentos prisionais devem comunicar o retorno dos beneficiados com a medida at\u00e9 as 12h do dia 20 de outubro. Eventuais altera\u00e7\u00f5es tamb\u00e9m devem ser comunicadas pelos dirigentes no mesmo prazo.<\/p>\n<p>A portaria da 1\u00aa Vara de Execu\u00e7\u00f5es Penais est\u00e1 dispon\u00edvel no anexo da mat\u00e9ria veiculada na p\u00e1gina da Corregedoria Geral da Justi\u00e7a: <a href=\"http:\/\/www.tjma.jus.br\/cgj\" target=\"_blank\">www.tjma.jus.br\/cgj<\/a>.<\/p>\n<p><strong>Fonte:<\/strong> Corregedoria Geral de Justi\u00e7a<\/p>\n","protected":false},"excerpt":{"rendered":"<p>Em portaria assinada pela ju\u00edza titular da unidade, Ana Maria Dias Vieira, a 1\u00aa Vara de Execu\u00e7\u00f5es Penais de S\u00e3o [&hellip;]<\/p>\n","protected":false},"author":0,"featured_media":0,"comment_status":"open","ping_status":"open","sticky":false,"template":"","format":"standard","meta":{"site-sidebar-layout":"default","site-content-layout":"","ast-site-content-layout":"default","site-content-style":"default","site-sidebar-style":"default","ast-global-header-display":"","ast-banner-title-visibility":"","ast-main-header-display":"","ast-hfb-above-header-display":"","ast-hfb-below-header-display":"","ast-hfb-mobile-header-display":"","site-post-title":"","ast-breadcrumbs-content":"","ast-featured-img":"","footer-sml-layout":"","ast-disable-related-posts":"","theme-transparent-header-meta":"","adv-header-id-meta":"","stick-header-meta":"","header-above-stick-meta":"","header-main-stick-meta":"","header-below-stick-meta":"","astra-migrate-meta-layouts":"default","ast-page-background-enabled":"default","ast-page-background-meta":{"desktop":{"background-color":"var(--ast-global-color-5)","background-image":"","background-repeat":"repeat","background-position":"center center","background-size":"auto","background-attachment":"scroll","background-type":"","background-media":"","overlay-type":"","overlay-color":"","overlay-opacity":"","overlay-gradient":""},"tablet":{"background-color":"","background-image":"","background-repeat":"repeat","background-position":"center center","background-size":"auto","background-attachment":"scroll","background-type":"","background-media":"","overlay-type":"","overlay-color":"","overlay-opacity":"","overlay-gradient":""},"mobile":{"background-color":"","background-image":"","background-repeat":"repeat","background-position":"center center","background-size":"auto","background-attachment":"scroll","background-type":"","background-media":"","overlay-type":"","overlay-color":"","overlay-opacity":"","overlay-gradient":""}},"ast-content-background-meta":{"desktop":{"background-color":"var(--ast-global-color-4)","background-image":"","background-repeat":"repeat","background-position":"center center","background-size":"auto","background-attachment":"scroll","background-type":"","background-media":"","overlay-type":"","overlay-color":"","overlay-opacity":"","overlay-gradient":""},"tablet":{"background-color":"var(--ast-global-color-4)","background-image":"","background-repeat":"repeat","background-position":"center center","background-size":"auto","background-attachment":"scroll","background-type":"","background-media":"","overlay-type":"","overlay-color":"","overlay-opacity":"","overlay-gradient":""},"mobile":{"background-color":"var(--ast-global-color-4)","background-image":"","background-repeat":"repeat","background-position":"center center","background-size":"auto","background-attachment":"scroll","background-type":"","background-media":"","overlay-type":"","overlay-color":"","overlay-opacity":"","overlay-gradient":""}},"footnotes":""},"categories":[1],"tags":[],"class_list":["post-19835","post","type-post","status-publish","format-standard","hentry","category-sem-categoria"],"yoast_head":"<!-- This site is optimized with the Yoast SEO plugin v26.6 - https:\/\/yoast.com\/wordpress\/plugins\/seo\/ -->\n<title>Justi\u00e7a libera 231 presos para o Dia das Crian\u00e7as - Daniel Matos<\/title>\n<meta name=\"robots\" content=\"index, follow, max-snippet:-1, max-image-preview:large, max-video-preview:-1\" \/>\n<link rel=\"canonical\" href=\"https:\/\/www.blogsoestado.com\/danielmatos\/justica-libera-231-presos-para-o-dia-das-criancas\/\" \/>\n<meta property=\"og:locale\" content=\"pt_BR\" \/>\n<meta property=\"og:type\" content=\"article\" \/>\n<meta property=\"og:title\" content=\"Justi\u00e7a libera 231 presos para o Dia das Crian\u00e7as - Daniel Matos\" \/>\n<meta property=\"og:description\" content=\"Em portaria assinada pela ju\u00edza titular da unidade, Ana Maria Dias Vieira, a 1\u00aa Vara de Execu\u00e7\u00f5es Penais de S\u00e3o [&hellip;]\" \/>\n<meta property=\"og:url\" content=\"https:\/\/www.blogsoestado.com\/danielmatos\/justica-libera-231-presos-para-o-dia-das-criancas\/\" \/>\n<meta property=\"og:site_name\" content=\"Daniel Matos\" \/>\n<meta property=\"article:published_time\" content=\"2014-10-10T13:39:42+00:00\" \/>\n<meta name=\"twitter:card\" content=\"summary_large_image\" \/>\n<meta name=\"twitter:label1\" content=\"Est. tempo de leitura\" \/>\n\t<meta name=\"twitter:data1\" content=\"1 minuto\" \/>\n<script type=\"application\/ld+json\" class=\"yoast-schema-graph\">{\"@context\":\"https:\/\/schema.org\",\"@graph\":[{\"@type\":\"WebPage\",\"@id\":\"https:\/\/www.blogsoestado.com\/danielmatos\/justica-libera-231-presos-para-o-dia-das-criancas\/\",\"url\":\"https:\/\/www.blogsoestado.com\/danielmatos\/justica-libera-231-presos-para-o-dia-das-criancas\/\",\"name\":\"Justi\u00e7a libera 231 presos para o Dia das Crian\u00e7as - Daniel Matos\",\"isPartOf\":{\"@id\":\"https:\/\/www.blogsoestado.com\/danielmatos\/#website\"},\"datePublished\":\"2014-10-10T13:39:42+00:00\",\"author\":{\"@id\":\"\"},\"breadcrumb\":{\"@id\":\"https:\/\/www.blogsoestado.com\/danielmatos\/justica-libera-231-presos-para-o-dia-das-criancas\/#breadcrumb\"},\"inLanguage\":\"pt-BR\",\"potentialAction\":[{\"@type\":\"ReadAction\",\"target\":[\"https:\/\/www.blogsoestado.com\/danielmatos\/justica-libera-231-presos-para-o-dia-das-criancas\/\"]}]},{\"@type\":\"BreadcrumbList\",\"@id\":\"https:\/\/www.blogsoestado.com\/danielmatos\/justica-libera-231-presos-para-o-dia-das-criancas\/#breadcrumb\",\"itemListElement\":[{\"@type\":\"ListItem\",\"position\":1,\"name\":\"In\u00edcio\",\"item\":\"https:\/\/www.blogsoestado.com\/danielmatos\/\"},{\"@type\":\"ListItem\",\"position\":2,\"name\":\"Justi\u00e7a libera 231 presos para o Dia das Crian\u00e7as\"}]},{\"@type\":\"WebSite\",\"@id\":\"https:\/\/www.blogsoestado.com\/danielmatos\/#website\",\"url\":\"https:\/\/www.blogsoestado.com\/danielmatos\/\",\"name\":\"Daniel Matos\",\"description\":\"\",\"potentialAction\":[{\"@type\":\"SearchAction\",\"target\":{\"@type\":\"EntryPoint\",\"urlTemplate\":\"https:\/\/www.blogsoestado.com\/danielmatos\/?s={search_term_string}\"},\"query-input\":{\"@type\":\"PropertyValueSpecification\",\"valueRequired\":true,\"valueName\":\"search_term_string\"}}],\"inLanguage\":\"pt-BR\"}]}<\/script>\n<!-- \/ Yoast SEO plugin. -->","yoast_head_json":{"title":"Justi\u00e7a libera 231 presos para o Dia das Crian\u00e7as - Daniel Matos","robots":{"index":"index","follow":"follow","max-snippet":"max-snippet:-1","max-image-preview":"max-image-preview:large","max-video-preview":"max-video-preview:-1"},"canonical":"https:\/\/www.blogsoestado.com\/danielmatos\/justica-libera-231-presos-para-o-dia-das-criancas\/","og_locale":"pt_BR","og_type":"article","og_title":"Justi\u00e7a libera 231 presos para o Dia das Crian\u00e7as - Daniel Matos","og_description":"Em portaria assinada pela ju\u00edza titular da unidade, Ana Maria Dias Vieira, a 1\u00aa Vara de Execu\u00e7\u00f5es Penais de S\u00e3o [&hellip;]","og_url":"https:\/\/www.blogsoestado.com\/danielmatos\/justica-libera-231-presos-para-o-dia-das-criancas\/","og_site_name":"Daniel Matos","article_published_time":"2014-10-10T13:39:42+00:00","twitter_card":"summary_large_image","twitter_misc":{"Est. tempo de leitura":"1 minuto"},"schema":{"@context":"https:\/\/schema.org","@graph":[{"@type":"WebPage","@id":"https:\/\/www.blogsoestado.com\/danielmatos\/justica-libera-231-presos-para-o-dia-das-criancas\/","url":"https:\/\/www.blogsoestado.com\/danielmatos\/justica-libera-231-presos-para-o-dia-das-criancas\/","name":"Justi\u00e7a libera 231 presos para o Dia das Crian\u00e7as - Daniel Matos","isPartOf":{"@id":"https:\/\/www.blogsoestado.com\/danielmatos\/#website"},"datePublished":"2014-10-10T13:39:42+00:00","author":{"@id":""},"breadcrumb":{"@id":"https:\/\/www.blogsoestado.com\/danielmatos\/justica-libera-231-presos-para-o-dia-das-criancas\/#breadcrumb"},"inLanguage":"pt-BR","potentialAction":[{"@type":"ReadAction","target":["https:\/\/www.blogsoestado.com\/danielmatos\/justica-libera-231-presos-para-o-dia-das-criancas\/"]}]},{"@type":"BreadcrumbList","@id":"https:\/\/www.blogsoestado.com\/danielmatos\/justica-libera-231-presos-para-o-dia-das-criancas\/#breadcrumb","itemListElement":[{"@type":"ListItem","position":1,"name":"In\u00edcio","item":"https:\/\/www.blogsoestado.com\/danielmatos\/"},{"@type":"ListItem","position":2,"name":"Justi\u00e7a libera 231 presos para o Dia das Crian\u00e7as"}]},{"@type":"WebSite","@id":"https:\/\/www.blogsoestado.com\/danielmatos\/#website","url":"https:\/\/www.blogsoestado.com\/danielmatos\/","name":"Daniel Matos","description":"","potentialAction":[{"@type":"SearchAction","target":{"@type":"EntryPoint","urlTemplate":"https:\/\/www.blogsoestado.com\/danielmatos\/?s={search_term_string}"},"query-input":{"@type":"PropertyValueSpecification","valueRequired":true,"valueName":"search_term_string"}}],"inLanguage":"pt-BR"}]}},"jetpack_featured_media_url":"","_links":{"self":[{"href":"https:\/\/www.blogsoestado.com\/danielmatos\/wp-json\/wp\/v2\/posts\/19835","targetHints":{"allow":["GET"]}}],"collection":[{"href":"https:\/\/www.blogsoestado.com\/danielmatos\/wp-json\/wp\/v2\/posts"}],"about":[{"href":"https:\/\/www.blogsoestado.com\/danielmatos\/wp-json\/wp\/v2\/types\/post"}],"replies":[{"embeddable":true,"href":"https:\/\/www.blogsoestado.com\/danielmatos\/wp-json\/wp\/v2\/comments?post=19835"}],"version-history":[{"count":0,"href":"https:\/\/www.blogsoestado.com\/danielmatos\/wp-json\/wp\/v2\/posts\/19835\/revisions"}],"wp:attachment":[{"href":"https:\/\/www.blogsoestado.com\/danielmatos\/wp-json\/wp\/v2\/media?parent=19835"}],"wp:term":[{"taxonomy":"category","embeddable":true,"href":"https:\/\/www.blogsoestado.com\/danielmatos\/wp-json\/wp\/v2\/categories?post=19835"},{"taxonomy":"post_tag","embeddable":true,"href":"https:\/\/www.blogsoestado.com\/danielmatos\/wp-json\/wp\/v2\/tags?post=19835"}],"curies":[{"name":"wp","href":"https:\/\/api.w.org\/{rel}","templated":true}]}}