{"id":19838,"date":"2014-10-10T11:40:21","date_gmt":"2014-10-10T14:40:21","guid":{"rendered":"https:\/\/www.blogsoestado.com\/danielmatos\/?p=19838"},"modified":"2014-10-10T11:40:21","modified_gmt":"2014-10-10T14:40:21","slug":"flavio-dino-confirma-marcelo-tavares-na-casa-civil-e-marcio-jerry-na-articulacao-politica","status":"publish","type":"post","link":"https:\/\/www.blogsoestado.com\/danielmatos\/flavio-dino-confirma-marcelo-tavares-na-casa-civil-e-marcio-jerry-na-articulacao-politica\/","title":{"rendered":"Fl\u00e1vio Dino confirma Marcelo Tavares na Casa Civil e M\u00e1rcio Jerry na Articula\u00e7\u00e3o Pol\u00edtica"},"content":{"rendered":"<p><a href=\"https:\/\/www.blogsoestado.com\/danielmatos\/files\/2014\/10\/dino-secretariado.png\"><img fetchpriority=\"high\" decoding=\"async\" class=\"aligncenter size-full wp-image-19839\" src=\"https:\/\/www.blogsoestado.com\/danielmatos\/files\/2014\/10\/dino-secretariado.png\" alt=\"dino secretariado\" width=\"592\" height=\"427\" \/><\/a><\/p>\n<p>O governador eleito Fl\u00e1vio Dino (PCdoB) divulgou esta manh\u00e3, em seu perfil no Twitter, os primeiros dois nomes do seu secretariado.\u00a0S\u00e3o eles o deputado estadual Marcelo Tavares, que foi coordenador pol\u00edtico da campanha vitoriosa do comunista ao Pal\u00e1cio dos Le\u00f5es, e o\u00a0presidente estadual do PCdoB e bra\u00e7o direito de Dino, M\u00e1rcio Jerry.<\/p>\n<p>At\u00e9 a posse,\u00a0Marcelo Tavares\u00a0ter\u00e1 a miss\u00e3o de\u00a0coordenar a equipe de transi\u00e7\u00e3o\u00a0administrativa. A\u00a0partir de 1\u00ba de janeiro de 2015, assumir\u00e1 o cargo de chefe da Casa Civil.<\/p>\n<p>M\u00e1rcio Jerry ser\u00e1 nomeado secret\u00e1rio de Articula\u00e7\u00e3o Pol\u00edtica \u00a0e Assuntos Federativos\u00a0e\u00a0ficar\u00e1 encarregado de dialogar com partidos pol\u00edticos e com a sociedade civil.<\/p>\n","protected":false},"excerpt":{"rendered":"<p>O governador eleito Fl\u00e1vio Dino (PCdoB) divulgou esta manh\u00e3, em seu perfil no Twitter, os primeiros dois nomes do seu [&hellip;]<\/p>\n","protected":false},"author":0,"featured_media":0,"comment_status":"open","ping_status":"open","sticky":false,"template":"","format":"standard","meta":{"site-sidebar-layout":"default","site-content-layout":"","ast-site-content-layout":"default","site-content-style":"default","site-sidebar-style":"default","ast-global-header-display":"","ast-banner-title-visibility":"","ast-main-header-display":"","ast-hfb-above-header-display":"","ast-hfb-below-header-display":"","ast-hfb-mobile-header-display":"","site-post-title":"","ast-breadcrumbs-content":"","ast-featured-img":"","footer-sml-layout":"","ast-disable-related-posts":"","theme-transparent-header-meta":"","adv-header-id-meta":"","stick-header-meta":"","header-above-stick-meta":"","header-main-stick-meta":"","header-below-stick-meta":"","astra-migrate-meta-layouts":"default","ast-page-background-enabled":"default","ast-page-background-meta":{"desktop":{"background-color":"var(--ast-global-color-5)","background-image":"","background-repeat":"repeat","background-position":"center center","background-size":"auto","background-attachment":"scroll","background-type":"","background-media":"","overlay-type":"","overlay-color":"","overlay-opacity":"","overlay-gradient":""},"tablet":{"background-color":"","background-image":"","background-repeat":"repeat","background-position":"center center","background-size":"auto","background-attachment":"scroll","background-type":"","background-media":"","overlay-type":"","overlay-color":"","overlay-opacity":"","overlay-gradient":""},"mobile":{"background-color":"","background-image":"","background-repeat":"repeat","background-position":"center center","background-size":"auto","background-attachment":"scroll","background-type":"","background-media":"","overlay-type":"","overlay-color":"","overlay-opacity":"","overlay-gradient":""}},"ast-content-background-meta":{"desktop":{"background-color":"var(--ast-global-color-4)","background-image":"","background-repeat":"repeat","background-position":"center center","background-size":"auto","background-attachment":"scroll","background-type":"","background-media":"","overlay-type":"","overlay-color":"","overlay-opacity":"","overlay-gradient":""},"tablet":{"background-color":"var(--ast-global-color-4)","background-image":"","background-repeat":"repeat","background-position":"center center","background-size":"auto","background-attachment":"scroll","background-type":"","background-media":"","overlay-type":"","overlay-color":"","overlay-opacity":"","overlay-gradient":""},"mobile":{"background-color":"var(--ast-global-color-4)","background-image":"","background-repeat":"repeat","background-position":"center center","background-size":"auto","background-attachment":"scroll","background-type":"","background-media":"","overlay-type":"","overlay-color":"","overlay-opacity":"","overlay-gradient":""}},"footnotes":""},"categories":[1],"tags":[],"class_list":["post-19838","post","type-post","status-publish","format-standard","hentry","category-sem-categoria"],"yoast_head":"<!-- This site is optimized with the Yoast SEO plugin v26.6 - https:\/\/yoast.com\/wordpress\/plugins\/seo\/ -->\n<title>Fl\u00e1vio Dino confirma Marcelo Tavares na Casa Civil e M\u00e1rcio Jerry na Articula\u00e7\u00e3o Pol\u00edtica - Daniel Matos<\/title>\n<meta name=\"robots\" content=\"index, follow, max-snippet:-1, max-image-preview:large, max-video-preview:-1\" \/>\n<link rel=\"canonical\" href=\"https:\/\/www.blogsoestado.com\/danielmatos\/flavio-dino-confirma-marcelo-tavares-na-casa-civil-e-marcio-jerry-na-articulacao-politica\/\" \/>\n<meta property=\"og:locale\" content=\"pt_BR\" \/>\n<meta property=\"og:type\" content=\"article\" \/>\n<meta property=\"og:title\" content=\"Fl\u00e1vio Dino confirma Marcelo Tavares na Casa Civil e M\u00e1rcio Jerry na Articula\u00e7\u00e3o Pol\u00edtica - Daniel Matos\" \/>\n<meta property=\"og:description\" content=\"O governador eleito Fl\u00e1vio Dino (PCdoB) divulgou esta manh\u00e3, em seu perfil no Twitter, os primeiros dois nomes do seu [&hellip;]\" \/>\n<meta property=\"og:url\" content=\"https:\/\/www.blogsoestado.com\/danielmatos\/flavio-dino-confirma-marcelo-tavares-na-casa-civil-e-marcio-jerry-na-articulacao-politica\/\" \/>\n<meta property=\"og:site_name\" content=\"Daniel Matos\" \/>\n<meta property=\"article:published_time\" content=\"2014-10-10T14:40:21+00:00\" \/>\n<meta property=\"og:image\" content=\"https:\/\/www.blogsoestado.com\/danielmatos\/files\/2014\/10\/dino-secretariado.png\" \/>\n<meta name=\"twitter:card\" content=\"summary_large_image\" \/>\n<meta name=\"twitter:label1\" content=\"Est. tempo de leitura\" \/>\n\t<meta name=\"twitter:data1\" content=\"1 minuto\" \/>\n<script type=\"application\/ld+json\" class=\"yoast-schema-graph\">{\"@context\":\"https:\/\/schema.org\",\"@graph\":[{\"@type\":\"WebPage\",\"@id\":\"https:\/\/www.blogsoestado.com\/danielmatos\/flavio-dino-confirma-marcelo-tavares-na-casa-civil-e-marcio-jerry-na-articulacao-politica\/\",\"url\":\"https:\/\/www.blogsoestado.com\/danielmatos\/flavio-dino-confirma-marcelo-tavares-na-casa-civil-e-marcio-jerry-na-articulacao-politica\/\",\"name\":\"Fl\u00e1vio Dino confirma Marcelo Tavares na Casa Civil e M\u00e1rcio Jerry na Articula\u00e7\u00e3o Pol\u00edtica - Daniel Matos\",\"isPartOf\":{\"@id\":\"https:\/\/www.blogsoestado.com\/danielmatos\/#website\"},\"primaryImageOfPage\":{\"@id\":\"https:\/\/www.blogsoestado.com\/danielmatos\/flavio-dino-confirma-marcelo-tavares-na-casa-civil-e-marcio-jerry-na-articulacao-politica\/#primaryimage\"},\"image\":{\"@id\":\"https:\/\/www.blogsoestado.com\/danielmatos\/flavio-dino-confirma-marcelo-tavares-na-casa-civil-e-marcio-jerry-na-articulacao-politica\/#primaryimage\"},\"thumbnailUrl\":\"https:\/\/www.blogsoestado.com\/danielmatos\/files\/2014\/10\/dino-secretariado.png\",\"datePublished\":\"2014-10-10T14:40:21+00:00\",\"author\":{\"@id\":\"\"},\"breadcrumb\":{\"@id\":\"https:\/\/www.blogsoestado.com\/danielmatos\/flavio-dino-confirma-marcelo-tavares-na-casa-civil-e-marcio-jerry-na-articulacao-politica\/#breadcrumb\"},\"inLanguage\":\"pt-BR\",\"potentialAction\":[{\"@type\":\"ReadAction\",\"target\":[\"https:\/\/www.blogsoestado.com\/danielmatos\/flavio-dino-confirma-marcelo-tavares-na-casa-civil-e-marcio-jerry-na-articulacao-politica\/\"]}]},{\"@type\":\"ImageObject\",\"inLanguage\":\"pt-BR\",\"@id\":\"https:\/\/www.blogsoestado.com\/danielmatos\/flavio-dino-confirma-marcelo-tavares-na-casa-civil-e-marcio-jerry-na-articulacao-politica\/#primaryimage\",\"url\":\"https:\/\/www.blogsoestado.com\/danielmatos\/files\/2014\/10\/dino-secretariado.png\",\"contentUrl\":\"https:\/\/www.blogsoestado.com\/danielmatos\/files\/2014\/10\/dino-secretariado.png\"},{\"@type\":\"BreadcrumbList\",\"@id\":\"https:\/\/www.blogsoestado.com\/danielmatos\/flavio-dino-confirma-marcelo-tavares-na-casa-civil-e-marcio-jerry-na-articulacao-politica\/#breadcrumb\",\"itemListElement\":[{\"@type\":\"ListItem\",\"position\":1,\"name\":\"In\u00edcio\",\"item\":\"https:\/\/www.blogsoestado.com\/danielmatos\/\"},{\"@type\":\"ListItem\",\"position\":2,\"name\":\"Fl\u00e1vio Dino confirma Marcelo Tavares na Casa Civil e M\u00e1rcio Jerry na Articula\u00e7\u00e3o Pol\u00edtica\"}]},{\"@type\":\"WebSite\",\"@id\":\"https:\/\/www.blogsoestado.com\/danielmatos\/#website\",\"url\":\"https:\/\/www.blogsoestado.com\/danielmatos\/\",\"name\":\"Daniel Matos\",\"description\":\"\",\"potentialAction\":[{\"@type\":\"SearchAction\",\"target\":{\"@type\":\"EntryPoint\",\"urlTemplate\":\"https:\/\/www.blogsoestado.com\/danielmatos\/?s={search_term_string}\"},\"query-input\":{\"@type\":\"PropertyValueSpecification\",\"valueRequired\":true,\"valueName\":\"search_term_string\"}}],\"inLanguage\":\"pt-BR\"}]}<\/script>\n<!-- \/ Yoast SEO plugin. -->","yoast_head_json":{"title":"Fl\u00e1vio Dino confirma Marcelo Tavares na Casa Civil e M\u00e1rcio Jerry na Articula\u00e7\u00e3o Pol\u00edtica - Daniel Matos","robots":{"index":"index","follow":"follow","max-snippet":"max-snippet:-1","max-image-preview":"max-image-preview:large","max-video-preview":"max-video-preview:-1"},"canonical":"https:\/\/www.blogsoestado.com\/danielmatos\/flavio-dino-confirma-marcelo-tavares-na-casa-civil-e-marcio-jerry-na-articulacao-politica\/","og_locale":"pt_BR","og_type":"article","og_title":"Fl\u00e1vio Dino confirma Marcelo Tavares na Casa Civil e M\u00e1rcio Jerry na Articula\u00e7\u00e3o Pol\u00edtica - Daniel Matos","og_description":"O governador eleito Fl\u00e1vio Dino (PCdoB) divulgou esta manh\u00e3, em seu perfil no Twitter, os primeiros dois nomes do seu [&hellip;]","og_url":"https:\/\/www.blogsoestado.com\/danielmatos\/flavio-dino-confirma-marcelo-tavares-na-casa-civil-e-marcio-jerry-na-articulacao-politica\/","og_site_name":"Daniel Matos","article_published_time":"2014-10-10T14:40:21+00:00","og_image":[{"url":"https:\/\/www.blogsoestado.com\/danielmatos\/files\/2014\/10\/dino-secretariado.png","type":"","width":"","height":""}],"twitter_card":"summary_large_image","twitter_misc":{"Est. tempo de leitura":"1 minuto"},"schema":{"@context":"https:\/\/schema.org","@graph":[{"@type":"WebPage","@id":"https:\/\/www.blogsoestado.com\/danielmatos\/flavio-dino-confirma-marcelo-tavares-na-casa-civil-e-marcio-jerry-na-articulacao-politica\/","url":"https:\/\/www.blogsoestado.com\/danielmatos\/flavio-dino-confirma-marcelo-tavares-na-casa-civil-e-marcio-jerry-na-articulacao-politica\/","name":"Fl\u00e1vio Dino confirma Marcelo Tavares na Casa Civil e M\u00e1rcio Jerry na Articula\u00e7\u00e3o Pol\u00edtica - Daniel Matos","isPartOf":{"@id":"https:\/\/www.blogsoestado.com\/danielmatos\/#website"},"primaryImageOfPage":{"@id":"https:\/\/www.blogsoestado.com\/danielmatos\/flavio-dino-confirma-marcelo-tavares-na-casa-civil-e-marcio-jerry-na-articulacao-politica\/#primaryimage"},"image":{"@id":"https:\/\/www.blogsoestado.com\/danielmatos\/flavio-dino-confirma-marcelo-tavares-na-casa-civil-e-marcio-jerry-na-articulacao-politica\/#primaryimage"},"thumbnailUrl":"https:\/\/www.blogsoestado.com\/danielmatos\/files\/2014\/10\/dino-secretariado.png","datePublished":"2014-10-10T14:40:21+00:00","author":{"@id":""},"breadcrumb":{"@id":"https:\/\/www.blogsoestado.com\/danielmatos\/flavio-dino-confirma-marcelo-tavares-na-casa-civil-e-marcio-jerry-na-articulacao-politica\/#breadcrumb"},"inLanguage":"pt-BR","potentialAction":[{"@type":"ReadAction","target":["https:\/\/www.blogsoestado.com\/danielmatos\/flavio-dino-confirma-marcelo-tavares-na-casa-civil-e-marcio-jerry-na-articulacao-politica\/"]}]},{"@type":"ImageObject","inLanguage":"pt-BR","@id":"https:\/\/www.blogsoestado.com\/danielmatos\/flavio-dino-confirma-marcelo-tavares-na-casa-civil-e-marcio-jerry-na-articulacao-politica\/#primaryimage","url":"https:\/\/www.blogsoestado.com\/danielmatos\/files\/2014\/10\/dino-secretariado.png","contentUrl":"https:\/\/www.blogsoestado.com\/danielmatos\/files\/2014\/10\/dino-secretariado.png"},{"@type":"BreadcrumbList","@id":"https:\/\/www.blogsoestado.com\/danielmatos\/flavio-dino-confirma-marcelo-tavares-na-casa-civil-e-marcio-jerry-na-articulacao-politica\/#breadcrumb","itemListElement":[{"@type":"ListItem","position":1,"name":"In\u00edcio","item":"https:\/\/www.blogsoestado.com\/danielmatos\/"},{"@type":"ListItem","position":2,"name":"Fl\u00e1vio Dino confirma Marcelo Tavares na Casa Civil e M\u00e1rcio Jerry na Articula\u00e7\u00e3o Pol\u00edtica"}]},{"@type":"WebSite","@id":"https:\/\/www.blogsoestado.com\/danielmatos\/#website","url":"https:\/\/www.blogsoestado.com\/danielmatos\/","name":"Daniel Matos","description":"","potentialAction":[{"@type":"SearchAction","target":{"@type":"EntryPoint","urlTemplate":"https:\/\/www.blogsoestado.com\/danielmatos\/?s={search_term_string}"},"query-input":{"@type":"PropertyValueSpecification","valueRequired":true,"valueName":"search_term_string"}}],"inLanguage":"pt-BR"}]}},"jetpack_featured_media_url":"","_links":{"self":[{"href":"https:\/\/www.blogsoestado.com\/danielmatos\/wp-json\/wp\/v2\/posts\/19838","targetHints":{"allow":["GET"]}}],"collection":[{"href":"https:\/\/www.blogsoestado.com\/danielmatos\/wp-json\/wp\/v2\/posts"}],"about":[{"href":"https:\/\/www.blogsoestado.com\/danielmatos\/wp-json\/wp\/v2\/types\/post"}],"replies":[{"embeddable":true,"href":"https:\/\/www.blogsoestado.com\/danielmatos\/wp-json\/wp\/v2\/comments?post=19838"}],"version-history":[{"count":0,"href":"https:\/\/www.blogsoestado.com\/danielmatos\/wp-json\/wp\/v2\/posts\/19838\/revisions"}],"wp:attachment":[{"href":"https:\/\/www.blogsoestado.com\/danielmatos\/wp-json\/wp\/v2\/media?parent=19838"}],"wp:term":[{"taxonomy":"category","embeddable":true,"href":"https:\/\/www.blogsoestado.com\/danielmatos\/wp-json\/wp\/v2\/categories?post=19838"},{"taxonomy":"post_tag","embeddable":true,"href":"https:\/\/www.blogsoestado.com\/danielmatos\/wp-json\/wp\/v2\/tags?post=19838"}],"curies":[{"name":"wp","href":"https:\/\/api.w.org\/{rel}","templated":true}]}}