{"id":19841,"date":"2014-10-10T16:17:52","date_gmt":"2014-10-10T19:17:52","guid":{"rendered":"https:\/\/www.blogsoestado.com\/danielmatos\/?p=19841"},"modified":"2014-10-10T16:17:52","modified_gmt":"2014-10-10T19:17:52","slug":"prefeitura-de-paco-do-lumiar-comeca-a-construir-upa-do-maiobao","status":"publish","type":"post","link":"https:\/\/www.blogsoestado.com\/danielmatos\/prefeitura-de-paco-do-lumiar-comeca-a-construir-upa-do-maiobao\/","title":{"rendered":"Prefeitura de Pa\u00e7o do Lumiar come\u00e7a a construir UPA do Maiob\u00e3o"},"content":{"rendered":"<figure id=\"attachment_19842\" aria-describedby=\"caption-attachment-19842\" style=\"width: 640px\" class=\"wp-caption aligncenter\"><a href=\"https:\/\/www.blogsoestado.com\/danielmatos\/files\/2014\/10\/upa-maiob\u00e3o.jpg\"><img fetchpriority=\"high\" decoding=\"async\" class=\"size-full wp-image-19842\" src=\"https:\/\/www.blogsoestado.com\/danielmatos\/files\/2014\/10\/upa-maiob\u00e3o.jpg\" alt=\"Placa com informa\u00e7\u00f5es sobre a constru\u00e7\u00e3o da UPA do Maiob\u00e3o, dever\u00e1 ser entregue em 180 dias e ter\u00e1 capacidade para atender at\u00e9 300 pacientes por dia\" width=\"640\" height=\"426\" \/><\/a><figcaption id=\"caption-attachment-19842\" class=\"wp-caption-text\">Placa com informa\u00e7\u00f5es sobre a constru\u00e7\u00e3o da UPA do Maiob\u00e3o, que dever\u00e1 ser entregue em 180 dias e ter\u00e1 capacidade para atender at\u00e9 300 pacientes por dia<\/figcaption><\/figure>\n<p>As obras de constru\u00e7\u00e3o da Unidade de Pronto Atendimento (UPA) do Maiob\u00e3o, em Pa\u00e7o do Lumiar,ser\u00e3o iniciadas na tarde desta sexta-feira, 10, com servi\u00e7os de terraplanagem. A unidade, que prestar\u00e1 atendimento aos pacientes de m\u00e9dia complexidade, faz parte de um projeto do Minist\u00e9rio da Sa\u00fade em parceria com a Prefeitura Municipal.<\/p>\n<p>A nova unidade, que contar\u00e1 com sala de espera, salas para atendimento de urg\u00eancias, observa\u00e7\u00e3o infantil e adulto, salas de exames, curativo, raios X, entre outras depend\u00eancias, ter\u00e1 capacidade para atender at\u00e9 300 pacientes por dia.<\/p>\n<p>A obra, cujo investimento total ser\u00e1 de R$ 1.404.260,31, ser\u00e1 executada pela Market Planejamento Engenharia e Constru\u00e7\u00f5es Ltda., e a previs\u00e3o de entrega \u00e9 de 180 dias.<\/p>\n<p>A secret\u00e1ria de Sa\u00fade, Nadi Morais, ressaltou que \u2018a unidade atender\u00e1 uma grande demanda de sa\u00fade que o munic\u00edpio necessita, devido ao alto percentual de usu\u00e1rios do Sistema \u00danico de Sa\u00fade &#8211; SUS\u201d.<\/p>\n<p>A UPA funcionar\u00e1 na avenida 8 do conjunto Maiob\u00e3o, local onde a Prefeitura de Pa\u00e7o do Lumiar obteve a reintegra\u00e7\u00e3o de posse de uma \u00e1rea p\u00fablica que era ocupada por um estabelecimento comercial.<\/p>\n<p style=\"text-align: center;\"><strong>Nota p\u00fablica<\/strong><\/p>\n<p>O Munic\u00edpio de Pa\u00e7o do Lumiar, por interm\u00e9dio da Secretaria Municipal de Infraestrutura, Urbanismo, Transporte e Tr\u00e2nsito &#8211; SINFRA e Procuradoria Geral do Munic\u00edpio. vem esclarecer os seguintes pontos em rela\u00e7\u00e3o \u00e0 desocupa\u00e7\u00e3o e demoli\u00e7\u00e3o do \u201cBar do Bigode\u201d, localizado irregularmente \u00e0 Avenida 08, casa 20-A do Conjunto Maiob\u00e3o, inserido em \u00e1rea institucional, na deten\u00e7\u00e3o do Senhor ROB\u00c9RIO CARLOS DA SILVEIRA:<\/p>\n<p>Em 15\/07\/2014, o Senhor Rob\u00e9rio Carlos da Silveira, visando permanecer irregularmente em \u00e1rea p\u00fablica municipal (\u00c1rea Institucional de n\u00ba 3), protocolou no Plant\u00e3o Judici\u00e1rio a A\u00e7\u00e3o de Interdito Proibit\u00f3rio com pedido de liminar, processo n\u00ba 1247\/2014, obtendo, a princ\u00edpio, \u00eaxito na medida liminar pleiteada, o que impedia, naquele momento, a desocupa\u00e7\u00e3o da \u00e1rea por parte do Munic\u00edpio.<\/p>\n<p>Em sequencia, a A\u00e7\u00e3o de Interdito Proibit\u00f3rio foi devidamente encaminhada pelo plant\u00e3o \u00e0 Comarca de Pa\u00e7o do Lumiar e distribu\u00edda por sorteio para a 1\u00aa Vara C\u00edvel, sob a titularidade da Doutora Jaqueline Reis Caracas que, de praxe, intimou o Munic\u00edpio para contestar os fatos alegados pelo Senhor Rob\u00e9rio.<\/p>\n<p>O Munic\u00edpio apresentou contesta\u00e7\u00e3o, sendo que, por for\u00e7a de todo o acervo documental acostado \u00e0 defesa, ensejou a expedi\u00e7\u00e3o de senten\u00e7a prolatada pela Excelent\u00edssima Ju\u00edza Dra. Jaqueline Reis Caracas, na data de 09\/10\/2014, em desfavor do autor nos seguintes termos:<\/p>\n<p>\u201c(&#8230;)Por tais raz\u00f5es, julgo improcedente o pedido inicial e, diante do car\u00e1ter d\u00faplice das a\u00e7\u00f5es possess\u00f3rias, julgo procedente o pedido contraposto, para determinar a imediata desocupa\u00e7\u00e3o pelo autor da \u00e1rea institucional 3, ficando desde j\u00e1 autorizada a demoli\u00e7\u00e3o da constru\u00e7\u00e3o por ele efetivada, sem direito \u00e0 indeniza\u00e7\u00e3o. Em consequ\u00eancia, revogo a liminar antes concedida. Expe\u00e7a-se de imediato em favor do Munic\u00edpio de Pa\u00e7o do Lumiar o mandado de reintegra\u00e7\u00e3o de posse, com autoriza\u00e7\u00e3o para demoli\u00e7\u00e3o(&#8230;) Pa\u00e7o do Lumiar, 09 de outubro de 2014. Jaqueline Reis Caracas &#8211; Ju\u00edza da 1\u00aa Vara &#8211; Resp: 093666\u201d<\/p>\n<p>Cientificadas as partes acerca do inteiro teor da senten\u00e7a,o ato de desocupa\u00e7\u00e3o e demoli\u00e7\u00e3o foi executado \u00e0s 10:30hs do dia 10\/10\/2014, na forma determinada pelo Poder Judici\u00e1rio, sob a orienta\u00e7\u00e3o de Oficial de Justi\u00e7a com o suporte da for\u00e7a policial eacompanhamento do Munic\u00edpio, por meio da Secretaria de Infraestrutura, Urbanismo, Transporte e Tr\u00e2nsito e da Procuradoria Geral do Munic\u00edpio, sem a incid\u00eancia de quaisquer empecilhos.<\/p>\n<p>Vale ressaltar que a administra\u00e7\u00e3o procedeu cuidadosamente \u00e0 retirada de todos os bens m\u00f3veis do Senhor Rob\u00e9rio, colocando \u00e0 disposi\u00e7\u00e3o for\u00e7a humana e transporte de seus pertences para o local porventura por ele indicado.<\/p>\n<p>Cabe observar que todo o ato de desocupa\u00e7\u00e3o e demoli\u00e7\u00e3o transcorreu dentro da legalidade, sem qualquer dano \u00e0 integridade f\u00edsica dos presentes.<\/p>\n<p>Por fim, esclarecemos que foi iniciada em ato cont\u00ednuo o recolhimento do entulho e a obra de terraplanagem para fins de constru\u00e7\u00e3o da Unidade de Pronto Atendimento designada para o local.<\/p>\n","protected":false},"excerpt":{"rendered":"<p>As obras de constru\u00e7\u00e3o da Unidade de Pronto Atendimento (UPA) do Maiob\u00e3o, em Pa\u00e7o do Lumiar,ser\u00e3o iniciadas na tarde desta [&hellip;]<\/p>\n","protected":false},"author":0,"featured_media":0,"comment_status":"open","ping_status":"open","sticky":false,"template":"","format":"standard","meta":{"site-sidebar-layout":"default","site-content-layout":"","ast-site-content-layout":"default","site-content-style":"default","site-sidebar-style":"default","ast-global-header-display":"","ast-banner-title-visibility":"","ast-main-header-display":"","ast-hfb-above-header-display":"","ast-hfb-below-header-display":"","ast-hfb-mobile-header-display":"","site-post-title":"","ast-breadcrumbs-content":"","ast-featured-img":"","footer-sml-layout":"","ast-disable-related-posts":"","theme-transparent-header-meta":"","adv-header-id-meta":"","stick-header-meta":"","header-above-stick-meta":"","header-main-stick-meta":"","header-below-stick-meta":"","astra-migrate-meta-layouts":"default","ast-page-background-enabled":"default","ast-page-background-meta":{"desktop":{"background-color":"var(--ast-global-color-5)","background-image":"","background-repeat":"repeat","background-position":"center center","background-size":"auto","background-attachment":"scroll","background-type":"","background-media":"","overlay-type":"","overlay-color":"","overlay-opacity":"","overlay-gradient":""},"tablet":{"background-color":"","background-image":"","background-repeat":"repeat","background-position":"center center","background-size":"auto","background-attachment":"scroll","background-type":"","background-media":"","overlay-type":"","overlay-color":"","overlay-opacity":"","overlay-gradient":""},"mobile":{"background-color":"","background-image":"","background-repeat":"repeat","background-position":"center center","background-size":"auto","background-attachment":"scroll","background-type":"","background-media":"","overlay-type":"","overlay-color":"","overlay-opacity":"","overlay-gradient":""}},"ast-content-background-meta":{"desktop":{"background-color":"var(--ast-global-color-4)","background-image":"","background-repeat":"repeat","background-position":"center center","background-size":"auto","background-attachment":"scroll","background-type":"","background-media":"","overlay-type":"","overlay-color":"","overlay-opacity":"","overlay-gradient":""},"tablet":{"background-color":"var(--ast-global-color-4)","background-image":"","background-repeat":"repeat","background-position":"center center","background-size":"auto","background-attachment":"scroll","background-type":"","background-media":"","overlay-type":"","overlay-color":"","overlay-opacity":"","overlay-gradient":""},"mobile":{"background-color":"var(--ast-global-color-4)","background-image":"","background-repeat":"repeat","background-position":"center center","background-size":"auto","background-attachment":"scroll","background-type":"","background-media":"","overlay-type":"","overlay-color":"","overlay-opacity":"","overlay-gradient":""}},"footnotes":""},"categories":[1],"tags":[],"class_list":["post-19841","post","type-post","status-publish","format-standard","hentry","category-sem-categoria"],"yoast_head":"<!-- This site is optimized with the Yoast SEO plugin v26.6 - https:\/\/yoast.com\/wordpress\/plugins\/seo\/ -->\n<title>Prefeitura de Pa\u00e7o do Lumiar come\u00e7a a construir UPA do Maiob\u00e3o - Daniel Matos<\/title>\n<meta name=\"robots\" content=\"index, follow, max-snippet:-1, max-image-preview:large, max-video-preview:-1\" \/>\n<link rel=\"canonical\" href=\"https:\/\/www.blogsoestado.com\/danielmatos\/prefeitura-de-paco-do-lumiar-comeca-a-construir-upa-do-maiobao\/\" \/>\n<meta property=\"og:locale\" content=\"pt_BR\" \/>\n<meta property=\"og:type\" content=\"article\" \/>\n<meta property=\"og:title\" content=\"Prefeitura de Pa\u00e7o do Lumiar come\u00e7a a construir UPA do Maiob\u00e3o - Daniel Matos\" \/>\n<meta property=\"og:description\" content=\"As obras de constru\u00e7\u00e3o da Unidade de Pronto Atendimento (UPA) do Maiob\u00e3o, em Pa\u00e7o do Lumiar,ser\u00e3o iniciadas na tarde desta [&hellip;]\" \/>\n<meta property=\"og:url\" content=\"https:\/\/www.blogsoestado.com\/danielmatos\/prefeitura-de-paco-do-lumiar-comeca-a-construir-upa-do-maiobao\/\" \/>\n<meta property=\"og:site_name\" content=\"Daniel Matos\" \/>\n<meta property=\"article:published_time\" content=\"2014-10-10T19:17:52+00:00\" \/>\n<meta name=\"twitter:card\" content=\"summary_large_image\" \/>\n<meta name=\"twitter:label1\" content=\"Est. tempo de leitura\" \/>\n\t<meta name=\"twitter:data1\" content=\"4 minutos\" \/>\n<script type=\"application\/ld+json\" class=\"yoast-schema-graph\">{\"@context\":\"https:\/\/schema.org\",\"@graph\":[{\"@type\":\"WebPage\",\"@id\":\"https:\/\/www.blogsoestado.com\/danielmatos\/prefeitura-de-paco-do-lumiar-comeca-a-construir-upa-do-maiobao\/\",\"url\":\"https:\/\/www.blogsoestado.com\/danielmatos\/prefeitura-de-paco-do-lumiar-comeca-a-construir-upa-do-maiobao\/\",\"name\":\"Prefeitura de Pa\u00e7o do Lumiar come\u00e7a a construir UPA do Maiob\u00e3o - Daniel Matos\",\"isPartOf\":{\"@id\":\"https:\/\/www.blogsoestado.com\/danielmatos\/#website\"},\"datePublished\":\"2014-10-10T19:17:52+00:00\",\"author\":{\"@id\":\"\"},\"breadcrumb\":{\"@id\":\"https:\/\/www.blogsoestado.com\/danielmatos\/prefeitura-de-paco-do-lumiar-comeca-a-construir-upa-do-maiobao\/#breadcrumb\"},\"inLanguage\":\"pt-BR\",\"potentialAction\":[{\"@type\":\"ReadAction\",\"target\":[\"https:\/\/www.blogsoestado.com\/danielmatos\/prefeitura-de-paco-do-lumiar-comeca-a-construir-upa-do-maiobao\/\"]}]},{\"@type\":\"BreadcrumbList\",\"@id\":\"https:\/\/www.blogsoestado.com\/danielmatos\/prefeitura-de-paco-do-lumiar-comeca-a-construir-upa-do-maiobao\/#breadcrumb\",\"itemListElement\":[{\"@type\":\"ListItem\",\"position\":1,\"name\":\"In\u00edcio\",\"item\":\"https:\/\/www.blogsoestado.com\/danielmatos\/\"},{\"@type\":\"ListItem\",\"position\":2,\"name\":\"Prefeitura de Pa\u00e7o do Lumiar come\u00e7a a construir UPA do Maiob\u00e3o\"}]},{\"@type\":\"WebSite\",\"@id\":\"https:\/\/www.blogsoestado.com\/danielmatos\/#website\",\"url\":\"https:\/\/www.blogsoestado.com\/danielmatos\/\",\"name\":\"Daniel Matos\",\"description\":\"\",\"potentialAction\":[{\"@type\":\"SearchAction\",\"target\":{\"@type\":\"EntryPoint\",\"urlTemplate\":\"https:\/\/www.blogsoestado.com\/danielmatos\/?s={search_term_string}\"},\"query-input\":{\"@type\":\"PropertyValueSpecification\",\"valueRequired\":true,\"valueName\":\"search_term_string\"}}],\"inLanguage\":\"pt-BR\"}]}<\/script>\n<!-- \/ Yoast SEO plugin. -->","yoast_head_json":{"title":"Prefeitura de Pa\u00e7o do Lumiar come\u00e7a a construir UPA do Maiob\u00e3o - Daniel Matos","robots":{"index":"index","follow":"follow","max-snippet":"max-snippet:-1","max-image-preview":"max-image-preview:large","max-video-preview":"max-video-preview:-1"},"canonical":"https:\/\/www.blogsoestado.com\/danielmatos\/prefeitura-de-paco-do-lumiar-comeca-a-construir-upa-do-maiobao\/","og_locale":"pt_BR","og_type":"article","og_title":"Prefeitura de Pa\u00e7o do Lumiar come\u00e7a a construir UPA do Maiob\u00e3o - Daniel Matos","og_description":"As obras de constru\u00e7\u00e3o da Unidade de Pronto Atendimento (UPA) do Maiob\u00e3o, em Pa\u00e7o do Lumiar,ser\u00e3o iniciadas na tarde desta [&hellip;]","og_url":"https:\/\/www.blogsoestado.com\/danielmatos\/prefeitura-de-paco-do-lumiar-comeca-a-construir-upa-do-maiobao\/","og_site_name":"Daniel Matos","article_published_time":"2014-10-10T19:17:52+00:00","twitter_card":"summary_large_image","twitter_misc":{"Est. tempo de leitura":"4 minutos"},"schema":{"@context":"https:\/\/schema.org","@graph":[{"@type":"WebPage","@id":"https:\/\/www.blogsoestado.com\/danielmatos\/prefeitura-de-paco-do-lumiar-comeca-a-construir-upa-do-maiobao\/","url":"https:\/\/www.blogsoestado.com\/danielmatos\/prefeitura-de-paco-do-lumiar-comeca-a-construir-upa-do-maiobao\/","name":"Prefeitura de Pa\u00e7o do Lumiar come\u00e7a a construir UPA do Maiob\u00e3o - Daniel Matos","isPartOf":{"@id":"https:\/\/www.blogsoestado.com\/danielmatos\/#website"},"datePublished":"2014-10-10T19:17:52+00:00","author":{"@id":""},"breadcrumb":{"@id":"https:\/\/www.blogsoestado.com\/danielmatos\/prefeitura-de-paco-do-lumiar-comeca-a-construir-upa-do-maiobao\/#breadcrumb"},"inLanguage":"pt-BR","potentialAction":[{"@type":"ReadAction","target":["https:\/\/www.blogsoestado.com\/danielmatos\/prefeitura-de-paco-do-lumiar-comeca-a-construir-upa-do-maiobao\/"]}]},{"@type":"BreadcrumbList","@id":"https:\/\/www.blogsoestado.com\/danielmatos\/prefeitura-de-paco-do-lumiar-comeca-a-construir-upa-do-maiobao\/#breadcrumb","itemListElement":[{"@type":"ListItem","position":1,"name":"In\u00edcio","item":"https:\/\/www.blogsoestado.com\/danielmatos\/"},{"@type":"ListItem","position":2,"name":"Prefeitura de Pa\u00e7o do Lumiar come\u00e7a a construir UPA do Maiob\u00e3o"}]},{"@type":"WebSite","@id":"https:\/\/www.blogsoestado.com\/danielmatos\/#website","url":"https:\/\/www.blogsoestado.com\/danielmatos\/","name":"Daniel Matos","description":"","potentialAction":[{"@type":"SearchAction","target":{"@type":"EntryPoint","urlTemplate":"https:\/\/www.blogsoestado.com\/danielmatos\/?s={search_term_string}"},"query-input":{"@type":"PropertyValueSpecification","valueRequired":true,"valueName":"search_term_string"}}],"inLanguage":"pt-BR"}]}},"jetpack_featured_media_url":"","_links":{"self":[{"href":"https:\/\/www.blogsoestado.com\/danielmatos\/wp-json\/wp\/v2\/posts\/19841","targetHints":{"allow":["GET"]}}],"collection":[{"href":"https:\/\/www.blogsoestado.com\/danielmatos\/wp-json\/wp\/v2\/posts"}],"about":[{"href":"https:\/\/www.blogsoestado.com\/danielmatos\/wp-json\/wp\/v2\/types\/post"}],"replies":[{"embeddable":true,"href":"https:\/\/www.blogsoestado.com\/danielmatos\/wp-json\/wp\/v2\/comments?post=19841"}],"version-history":[{"count":0,"href":"https:\/\/www.blogsoestado.com\/danielmatos\/wp-json\/wp\/v2\/posts\/19841\/revisions"}],"wp:attachment":[{"href":"https:\/\/www.blogsoestado.com\/danielmatos\/wp-json\/wp\/v2\/media?parent=19841"}],"wp:term":[{"taxonomy":"category","embeddable":true,"href":"https:\/\/www.blogsoestado.com\/danielmatos\/wp-json\/wp\/v2\/categories?post=19841"},{"taxonomy":"post_tag","embeddable":true,"href":"https:\/\/www.blogsoestado.com\/danielmatos\/wp-json\/wp\/v2\/tags?post=19841"}],"curies":[{"name":"wp","href":"https:\/\/api.w.org\/{rel}","templated":true}]}}