{"id":19845,"date":"2014-10-10T18:06:50","date_gmt":"2014-10-10T21:06:50","guid":{"rendered":"https:\/\/www.blogsoestado.com\/danielmatos\/?p=19845"},"modified":"2014-10-10T18:06:50","modified_gmt":"2014-10-10T21:06:50","slug":"prefeitura-mobiliza-200-estudantes-em-atividade-pelo-dia-das-criancas","status":"publish","type":"post","link":"https:\/\/www.blogsoestado.com\/danielmatos\/prefeitura-mobiliza-200-estudantes-em-atividade-pelo-dia-das-criancas\/","title":{"rendered":"Prefeitura mobiliza 200 estudantes em atividade pelo Dia das Crian\u00e7as"},"content":{"rendered":"<figure id=\"attachment_19846\" aria-describedby=\"caption-attachment-19846\" style=\"width: 640px\" class=\"wp-caption aligncenter\"><a href=\"https:\/\/www.blogsoestado.com\/danielmatos\/files\/2014\/10\/crian\u00e7as.jpg\"><img fetchpriority=\"high\" decoding=\"async\" class=\"size-full wp-image-19846\" src=\"https:\/\/www.blogsoestado.com\/danielmatos\/files\/2014\/10\/crian\u00e7as.jpg\" alt=\"Crian\u00e7as puderam interagir com personagens da literatura infantil, participar de oficinas e de conta\u00e7\u00e3o de hist\u00f3rias, entre outras atividades\" width=\"640\" height=\"424\" \/><\/a><figcaption id=\"caption-attachment-19846\" class=\"wp-caption-text\">Crian\u00e7as puderam interagir com personagens da literatura infantil, participar de oficinas e de conta\u00e7\u00e3o de hist\u00f3rias, entre outras atividades<\/figcaption><\/figure>\n<p>A Prefeitura de S\u00e3o Lu\u00eds promoveu ao longo da semana passada uma s\u00e9rie de atividades na rede municipal de ensino em comemora\u00e7\u00e3o ao Dia das Crian\u00e7as. Somente na \u00faltima sexta-feira (10), cerca de 200 crian\u00e7as de escolas p\u00fablicas do Munic\u00edpio participaram da Ciranda Brincar, realizada no Parque do Bom Menino, no Centro.<\/p>\n<p>\u201cPor meio desta atividade, a Prefeitura de S\u00e3o Lu\u00eds n\u00e3o s\u00f3 comemorou o Dia das Crian\u00e7as, mas garantiu o direito de brincar e possibilitou tamb\u00e9m atividades l\u00fadicas para o desenvolvimento social e cognitivo dos estudantes\u201d, destacou o secret\u00e1rio municipal de Educa\u00e7\u00e3o, Geraldo Castro Sobrinho.<\/p>\n<p>Na Ciranda do Brincar, as crian\u00e7as puderam interagir com personagens da literatura infantil, participar de oficinas e de momentos de conta\u00e7\u00e3o de hist\u00f3rias. Elas tamb\u00e9m assistiram a v\u00eddeos com tem\u00e1ticas voltadas para a preserva\u00e7\u00e3o ambiental e ainda desenharam, pintaram e participaram da pintura facial.<\/p>\n<p>\u201cAprendi o nome dos instrumentos e tamb\u00e9m toquei alguns. Estou gostando muito desta atividade. Est\u00e1 animada\u201d, afirmou Grazielle Martins, 9 anos, estudante da Unidade de Educa\u00e7\u00e3o B\u00e1sica (U.E.B.) Rivanda Berenice Braga. J\u00e1 o aluno Gabriel Muniz, 6 anos, da U.E.B. Alberto Pinheiro, aproveitou para pintar no rosto a m\u00e1scara do super-her\u00f3i preferido. \u201cVi alguns filmes, ouvi historinhas e depois pedi para a tia fazer a m\u00e1scara do Batman no meu rosto. Est\u00e1 muito legal esse Dia das Crian\u00e7as\u201d, contou.<\/p>\n<p>A Ciranda do Brincar foi organizada pela Prefeitura de S\u00e3o Lu\u00eds atrav\u00e9s da articula\u00e7\u00e3o das secretarias municipais de Educa\u00e7\u00e3o (Semed), de Desportos e Lazer (Semdel), da Crian\u00e7a e Assist\u00eancia Social (Semcas) e com o Instituto Municipal de Paisagem Urbana (Impur). Tamb\u00e9m foram parceiros na realiza\u00e7\u00e3o do evento o Centro de Cultura Negra, o Conselho Municipal dos Direitos da Crian\u00e7a e do Adolescente (CMDCA) e a Rede Amiga da Crian\u00e7a.<\/p>\n<p><strong>Fonte:<\/strong> Secretaria Municipal de Comunica\u00e7\u00e3o (Secom)<\/p>\n","protected":false},"excerpt":{"rendered":"<p>A Prefeitura de S\u00e3o Lu\u00eds promoveu ao longo da semana passada uma s\u00e9rie de atividades na rede municipal de ensino [&hellip;]<\/p>\n","protected":false},"author":0,"featured_media":0,"comment_status":"open","ping_status":"open","sticky":false,"template":"","format":"standard","meta":{"site-sidebar-layout":"default","site-content-layout":"","ast-site-content-layout":"default","site-content-style":"default","site-sidebar-style":"default","ast-global-header-display":"","ast-banner-title-visibility":"","ast-main-header-display":"","ast-hfb-above-header-display":"","ast-hfb-below-header-display":"","ast-hfb-mobile-header-display":"","site-post-title":"","ast-breadcrumbs-content":"","ast-featured-img":"","footer-sml-layout":"","ast-disable-related-posts":"","theme-transparent-header-meta":"","adv-header-id-meta":"","stick-header-meta":"","header-above-stick-meta":"","header-main-stick-meta":"","header-below-stick-meta":"","astra-migrate-meta-layouts":"default","ast-page-background-enabled":"default","ast-page-background-meta":{"desktop":{"background-color":"var(--ast-global-color-5)","background-image":"","background-repeat":"repeat","background-position":"center center","background-size":"auto","background-attachment":"scroll","background-type":"","background-media":"","overlay-type":"","overlay-color":"","overlay-opacity":"","overlay-gradient":""},"tablet":{"background-color":"","background-image":"","background-repeat":"repeat","background-position":"center center","background-size":"auto","background-attachment":"scroll","background-type":"","background-media":"","overlay-type":"","overlay-color":"","overlay-opacity":"","overlay-gradient":""},"mobile":{"background-color":"","background-image":"","background-repeat":"repeat","background-position":"center center","background-size":"auto","background-attachment":"scroll","background-type":"","background-media":"","overlay-type":"","overlay-color":"","overlay-opacity":"","overlay-gradient":""}},"ast-content-background-meta":{"desktop":{"background-color":"var(--ast-global-color-4)","background-image":"","background-repeat":"repeat","background-position":"center center","background-size":"auto","background-attachment":"scroll","background-type":"","background-media":"","overlay-type":"","overlay-color":"","overlay-opacity":"","overlay-gradient":""},"tablet":{"background-color":"var(--ast-global-color-4)","background-image":"","background-repeat":"repeat","background-position":"center center","background-size":"auto","background-attachment":"scroll","background-type":"","background-media":"","overlay-type":"","overlay-color":"","overlay-opacity":"","overlay-gradient":""},"mobile":{"background-color":"var(--ast-global-color-4)","background-image":"","background-repeat":"repeat","background-position":"center center","background-size":"auto","background-attachment":"scroll","background-type":"","background-media":"","overlay-type":"","overlay-color":"","overlay-opacity":"","overlay-gradient":""}},"footnotes":""},"categories":[1],"tags":[],"class_list":["post-19845","post","type-post","status-publish","format-standard","hentry","category-sem-categoria"],"yoast_head":"<!-- This site is optimized with the Yoast SEO plugin v26.6 - https:\/\/yoast.com\/wordpress\/plugins\/seo\/ -->\n<title>Prefeitura mobiliza 200 estudantes em atividade pelo Dia das Crian\u00e7as - Daniel Matos<\/title>\n<meta name=\"robots\" content=\"index, follow, max-snippet:-1, max-image-preview:large, max-video-preview:-1\" \/>\n<link rel=\"canonical\" href=\"https:\/\/www.blogsoestado.com\/danielmatos\/prefeitura-mobiliza-200-estudantes-em-atividade-pelo-dia-das-criancas\/\" \/>\n<meta property=\"og:locale\" content=\"pt_BR\" \/>\n<meta property=\"og:type\" content=\"article\" \/>\n<meta property=\"og:title\" content=\"Prefeitura mobiliza 200 estudantes em atividade pelo Dia das Crian\u00e7as - Daniel Matos\" \/>\n<meta property=\"og:description\" content=\"A Prefeitura de S\u00e3o Lu\u00eds promoveu ao longo da semana passada uma s\u00e9rie de atividades na rede municipal de ensino [&hellip;]\" \/>\n<meta property=\"og:url\" content=\"https:\/\/www.blogsoestado.com\/danielmatos\/prefeitura-mobiliza-200-estudantes-em-atividade-pelo-dia-das-criancas\/\" \/>\n<meta property=\"og:site_name\" content=\"Daniel Matos\" \/>\n<meta property=\"article:published_time\" content=\"2014-10-10T21:06:50+00:00\" \/>\n<meta name=\"twitter:card\" content=\"summary_large_image\" \/>\n<meta name=\"twitter:label1\" content=\"Est. tempo de leitura\" \/>\n\t<meta name=\"twitter:data1\" content=\"2 minutos\" \/>\n<script type=\"application\/ld+json\" class=\"yoast-schema-graph\">{\"@context\":\"https:\/\/schema.org\",\"@graph\":[{\"@type\":\"WebPage\",\"@id\":\"https:\/\/www.blogsoestado.com\/danielmatos\/prefeitura-mobiliza-200-estudantes-em-atividade-pelo-dia-das-criancas\/\",\"url\":\"https:\/\/www.blogsoestado.com\/danielmatos\/prefeitura-mobiliza-200-estudantes-em-atividade-pelo-dia-das-criancas\/\",\"name\":\"Prefeitura mobiliza 200 estudantes em atividade pelo Dia das Crian\u00e7as - Daniel Matos\",\"isPartOf\":{\"@id\":\"https:\/\/www.blogsoestado.com\/danielmatos\/#website\"},\"datePublished\":\"2014-10-10T21:06:50+00:00\",\"author\":{\"@id\":\"\"},\"breadcrumb\":{\"@id\":\"https:\/\/www.blogsoestado.com\/danielmatos\/prefeitura-mobiliza-200-estudantes-em-atividade-pelo-dia-das-criancas\/#breadcrumb\"},\"inLanguage\":\"pt-BR\",\"potentialAction\":[{\"@type\":\"ReadAction\",\"target\":[\"https:\/\/www.blogsoestado.com\/danielmatos\/prefeitura-mobiliza-200-estudantes-em-atividade-pelo-dia-das-criancas\/\"]}]},{\"@type\":\"BreadcrumbList\",\"@id\":\"https:\/\/www.blogsoestado.com\/danielmatos\/prefeitura-mobiliza-200-estudantes-em-atividade-pelo-dia-das-criancas\/#breadcrumb\",\"itemListElement\":[{\"@type\":\"ListItem\",\"position\":1,\"name\":\"In\u00edcio\",\"item\":\"https:\/\/www.blogsoestado.com\/danielmatos\/\"},{\"@type\":\"ListItem\",\"position\":2,\"name\":\"Prefeitura mobiliza 200 estudantes em atividade pelo Dia das Crian\u00e7as\"}]},{\"@type\":\"WebSite\",\"@id\":\"https:\/\/www.blogsoestado.com\/danielmatos\/#website\",\"url\":\"https:\/\/www.blogsoestado.com\/danielmatos\/\",\"name\":\"Daniel Matos\",\"description\":\"\",\"potentialAction\":[{\"@type\":\"SearchAction\",\"target\":{\"@type\":\"EntryPoint\",\"urlTemplate\":\"https:\/\/www.blogsoestado.com\/danielmatos\/?s={search_term_string}\"},\"query-input\":{\"@type\":\"PropertyValueSpecification\",\"valueRequired\":true,\"valueName\":\"search_term_string\"}}],\"inLanguage\":\"pt-BR\"}]}<\/script>\n<!-- \/ Yoast SEO plugin. -->","yoast_head_json":{"title":"Prefeitura mobiliza 200 estudantes em atividade pelo Dia das Crian\u00e7as - Daniel Matos","robots":{"index":"index","follow":"follow","max-snippet":"max-snippet:-1","max-image-preview":"max-image-preview:large","max-video-preview":"max-video-preview:-1"},"canonical":"https:\/\/www.blogsoestado.com\/danielmatos\/prefeitura-mobiliza-200-estudantes-em-atividade-pelo-dia-das-criancas\/","og_locale":"pt_BR","og_type":"article","og_title":"Prefeitura mobiliza 200 estudantes em atividade pelo Dia das Crian\u00e7as - Daniel Matos","og_description":"A Prefeitura de S\u00e3o Lu\u00eds promoveu ao longo da semana passada uma s\u00e9rie de atividades na rede municipal de ensino [&hellip;]","og_url":"https:\/\/www.blogsoestado.com\/danielmatos\/prefeitura-mobiliza-200-estudantes-em-atividade-pelo-dia-das-criancas\/","og_site_name":"Daniel Matos","article_published_time":"2014-10-10T21:06:50+00:00","twitter_card":"summary_large_image","twitter_misc":{"Est. tempo de leitura":"2 minutos"},"schema":{"@context":"https:\/\/schema.org","@graph":[{"@type":"WebPage","@id":"https:\/\/www.blogsoestado.com\/danielmatos\/prefeitura-mobiliza-200-estudantes-em-atividade-pelo-dia-das-criancas\/","url":"https:\/\/www.blogsoestado.com\/danielmatos\/prefeitura-mobiliza-200-estudantes-em-atividade-pelo-dia-das-criancas\/","name":"Prefeitura mobiliza 200 estudantes em atividade pelo Dia das Crian\u00e7as - Daniel Matos","isPartOf":{"@id":"https:\/\/www.blogsoestado.com\/danielmatos\/#website"},"datePublished":"2014-10-10T21:06:50+00:00","author":{"@id":""},"breadcrumb":{"@id":"https:\/\/www.blogsoestado.com\/danielmatos\/prefeitura-mobiliza-200-estudantes-em-atividade-pelo-dia-das-criancas\/#breadcrumb"},"inLanguage":"pt-BR","potentialAction":[{"@type":"ReadAction","target":["https:\/\/www.blogsoestado.com\/danielmatos\/prefeitura-mobiliza-200-estudantes-em-atividade-pelo-dia-das-criancas\/"]}]},{"@type":"BreadcrumbList","@id":"https:\/\/www.blogsoestado.com\/danielmatos\/prefeitura-mobiliza-200-estudantes-em-atividade-pelo-dia-das-criancas\/#breadcrumb","itemListElement":[{"@type":"ListItem","position":1,"name":"In\u00edcio","item":"https:\/\/www.blogsoestado.com\/danielmatos\/"},{"@type":"ListItem","position":2,"name":"Prefeitura mobiliza 200 estudantes em atividade pelo Dia das Crian\u00e7as"}]},{"@type":"WebSite","@id":"https:\/\/www.blogsoestado.com\/danielmatos\/#website","url":"https:\/\/www.blogsoestado.com\/danielmatos\/","name":"Daniel Matos","description":"","potentialAction":[{"@type":"SearchAction","target":{"@type":"EntryPoint","urlTemplate":"https:\/\/www.blogsoestado.com\/danielmatos\/?s={search_term_string}"},"query-input":{"@type":"PropertyValueSpecification","valueRequired":true,"valueName":"search_term_string"}}],"inLanguage":"pt-BR"}]}},"jetpack_featured_media_url":"","_links":{"self":[{"href":"https:\/\/www.blogsoestado.com\/danielmatos\/wp-json\/wp\/v2\/posts\/19845","targetHints":{"allow":["GET"]}}],"collection":[{"href":"https:\/\/www.blogsoestado.com\/danielmatos\/wp-json\/wp\/v2\/posts"}],"about":[{"href":"https:\/\/www.blogsoestado.com\/danielmatos\/wp-json\/wp\/v2\/types\/post"}],"replies":[{"embeddable":true,"href":"https:\/\/www.blogsoestado.com\/danielmatos\/wp-json\/wp\/v2\/comments?post=19845"}],"version-history":[{"count":0,"href":"https:\/\/www.blogsoestado.com\/danielmatos\/wp-json\/wp\/v2\/posts\/19845\/revisions"}],"wp:attachment":[{"href":"https:\/\/www.blogsoestado.com\/danielmatos\/wp-json\/wp\/v2\/media?parent=19845"}],"wp:term":[{"taxonomy":"category","embeddable":true,"href":"https:\/\/www.blogsoestado.com\/danielmatos\/wp-json\/wp\/v2\/categories?post=19845"},{"taxonomy":"post_tag","embeddable":true,"href":"https:\/\/www.blogsoestado.com\/danielmatos\/wp-json\/wp\/v2\/tags?post=19845"}],"curies":[{"name":"wp","href":"https:\/\/api.w.org\/{rel}","templated":true}]}}