{"id":19849,"date":"2014-10-13T08:00:30","date_gmt":"2014-10-13T11:00:30","guid":{"rendered":"https:\/\/www.blogsoestado.com\/danielmatos\/?p=19849"},"modified":"2014-10-13T08:00:30","modified_gmt":"2014-10-13T11:00:30","slug":"escolas-de-paco-do-lumiar-comemoram-dia-da-crianca","status":"publish","type":"post","link":"https:\/\/www.blogsoestado.com\/danielmatos\/escolas-de-paco-do-lumiar-comemoram-dia-da-crianca\/","title":{"rendered":"Escolas de Pa\u00e7o do Lumiar comemoram Dia da Crian\u00e7a"},"content":{"rendered":"<figure id=\"attachment_19850\" aria-describedby=\"caption-attachment-19850\" style=\"width: 640px\" class=\"wp-caption aligncenter\"><a href=\"https:\/\/www.blogsoestado.com\/danielmatos\/files\/2014\/10\/pa\u00e7o-crian\u00e7a2.jpg\"><img fetchpriority=\"high\" decoding=\"async\" class=\"size-full wp-image-19850\" src=\"https:\/\/www.blogsoestado.com\/danielmatos\/files\/2014\/10\/pa\u00e7o-crian\u00e7a2.jpg\" alt=\"Estudantes da Pindoba comemoram o Dia das Crian\u00e7as com muitas brincadeiras\" width=\"640\" height=\"427\" \/><\/a><figcaption id=\"caption-attachment-19850\" class=\"wp-caption-text\">Estudantes da Pindoba comemoram o Dia das Crian\u00e7as com muitas brincadeiras<\/figcaption><\/figure>\n<p>Os alunos da educa\u00e7\u00e3o infantil e fundamental I das escolas da rede municipal de ensino de Pa\u00e7o do Lumiar tiveram uma sexta-feira bem diferente das convencionais. Substitu\u00edram livros, cadernos e as salas de aula por brincadeiras nos p\u00e1tios, quadras, e passeios ao cinema para comemorar o Dia das Crian\u00e7as.<\/p>\n<p>Nas UEB Benjamim Peixoto e Olavo Melo, na comunidade da Pindoba, por exemplo, a festa foi levada para o barrac\u00e3o do bumba meu boi da Pindoba, onde gestoras, professores e monitores do programa \u201cMais Educa\u00e7\u00e3o\u201d recepcionaram os estudantes com muita pipoca, sorvete, algod\u00e3o doce, brinquedos, m\u00fasicas infantis e concurso de dan\u00e7a.<\/p>\n<figure id=\"attachment_19851\" aria-describedby=\"caption-attachment-19851\" style=\"width: 640px\" class=\"wp-caption aligncenter\"><a href=\"https:\/\/www.blogsoestado.com\/danielmatos\/files\/2014\/10\/pa\u00e7o-crian\u00e7a.jpg\"><img decoding=\"async\" class=\"size-full wp-image-19851\" src=\"https:\/\/www.blogsoestado.com\/danielmatos\/files\/2014\/10\/pa\u00e7o-crian\u00e7a.jpg\" alt=\"Crian\u00e7as foram recepcionadas com pipoca, sorvete, algod\u00e3o doce, brinquedos, m\u00fasicas infantis e concurso de dan\u00e7a\" width=\"640\" height=\"359\" \/><\/a><figcaption id=\"caption-attachment-19851\" class=\"wp-caption-text\">Crian\u00e7as foram recepcionadas com pipoca, sorvete, algod\u00e3o doce, brinquedos, m\u00fasicas infantis e concurso de dan\u00e7a<\/figcaption><\/figure>\n<p>Para a gestora da UEB Benjamim Peixoto Joc\u00e9lia Farias \u201ca inten\u00e7\u00e3o da festa foi fazer com que as crian\u00e7as das nossas escolas pudessem, de fato, resgatar os conceitos de uma inf\u00e2ncia feliz, com as brincadeiras tradicionais, fazendo do momento s\u00f3 delas\u201d.<\/p>\n","protected":false},"excerpt":{"rendered":"<p>Os alunos da educa\u00e7\u00e3o infantil e fundamental I das escolas da rede municipal de ensino de Pa\u00e7o do Lumiar tiveram [&hellip;]<\/p>\n","protected":false},"author":0,"featured_media":0,"comment_status":"open","ping_status":"open","sticky":false,"template":"","format":"standard","meta":{"site-sidebar-layout":"default","site-content-layout":"","ast-site-content-layout":"default","site-content-style":"default","site-sidebar-style":"default","ast-global-header-display":"","ast-banner-title-visibility":"","ast-main-header-display":"","ast-hfb-above-header-display":"","ast-hfb-below-header-display":"","ast-hfb-mobile-header-display":"","site-post-title":"","ast-breadcrumbs-content":"","ast-featured-img":"","footer-sml-layout":"","ast-disable-related-posts":"","theme-transparent-header-meta":"","adv-header-id-meta":"","stick-header-meta":"","header-above-stick-meta":"","header-main-stick-meta":"","header-below-stick-meta":"","astra-migrate-meta-layouts":"default","ast-page-background-enabled":"default","ast-page-background-meta":{"desktop":{"background-color":"var(--ast-global-color-5)","background-image":"","background-repeat":"repeat","background-position":"center center","background-size":"auto","background-attachment":"scroll","background-type":"","background-media":"","overlay-type":"","overlay-color":"","overlay-opacity":"","overlay-gradient":""},"tablet":{"background-color":"","background-image":"","background-repeat":"repeat","background-position":"center center","background-size":"auto","background-attachment":"scroll","background-type":"","background-media":"","overlay-type":"","overlay-color":"","overlay-opacity":"","overlay-gradient":""},"mobile":{"background-color":"","background-image":"","background-repeat":"repeat","background-position":"center center","background-size":"auto","background-attachment":"scroll","background-type":"","background-media":"","overlay-type":"","overlay-color":"","overlay-opacity":"","overlay-gradient":""}},"ast-content-background-meta":{"desktop":{"background-color":"var(--ast-global-color-4)","background-image":"","background-repeat":"repeat","background-position":"center center","background-size":"auto","background-attachment":"scroll","background-type":"","background-media":"","overlay-type":"","overlay-color":"","overlay-opacity":"","overlay-gradient":""},"tablet":{"background-color":"var(--ast-global-color-4)","background-image":"","background-repeat":"repeat","background-position":"center center","background-size":"auto","background-attachment":"scroll","background-type":"","background-media":"","overlay-type":"","overlay-color":"","overlay-opacity":"","overlay-gradient":""},"mobile":{"background-color":"var(--ast-global-color-4)","background-image":"","background-repeat":"repeat","background-position":"center center","background-size":"auto","background-attachment":"scroll","background-type":"","background-media":"","overlay-type":"","overlay-color":"","overlay-opacity":"","overlay-gradient":""}},"footnotes":""},"categories":[1],"tags":[],"class_list":["post-19849","post","type-post","status-publish","format-standard","hentry","category-sem-categoria"],"yoast_head":"<!-- This site is optimized with the Yoast SEO plugin v26.6 - https:\/\/yoast.com\/wordpress\/plugins\/seo\/ -->\n<title>Escolas de Pa\u00e7o do Lumiar comemoram Dia da Crian\u00e7a - Daniel Matos<\/title>\n<meta name=\"robots\" content=\"index, follow, max-snippet:-1, max-image-preview:large, max-video-preview:-1\" \/>\n<link rel=\"canonical\" href=\"https:\/\/www.blogsoestado.com\/danielmatos\/escolas-de-paco-do-lumiar-comemoram-dia-da-crianca\/\" \/>\n<meta property=\"og:locale\" content=\"pt_BR\" \/>\n<meta property=\"og:type\" content=\"article\" \/>\n<meta property=\"og:title\" content=\"Escolas de Pa\u00e7o do Lumiar comemoram Dia da Crian\u00e7a - Daniel Matos\" \/>\n<meta property=\"og:description\" content=\"Os alunos da educa\u00e7\u00e3o infantil e fundamental I das escolas da rede municipal de ensino de Pa\u00e7o do Lumiar tiveram [&hellip;]\" \/>\n<meta property=\"og:url\" content=\"https:\/\/www.blogsoestado.com\/danielmatos\/escolas-de-paco-do-lumiar-comemoram-dia-da-crianca\/\" \/>\n<meta property=\"og:site_name\" content=\"Daniel Matos\" \/>\n<meta property=\"article:published_time\" content=\"2014-10-13T11:00:30+00:00\" \/>\n<meta name=\"twitter:card\" content=\"summary_large_image\" \/>\n<meta name=\"twitter:label1\" content=\"Est. tempo de leitura\" \/>\n\t<meta name=\"twitter:data1\" content=\"1 minuto\" \/>\n<script type=\"application\/ld+json\" class=\"yoast-schema-graph\">{\"@context\":\"https:\/\/schema.org\",\"@graph\":[{\"@type\":\"WebPage\",\"@id\":\"https:\/\/www.blogsoestado.com\/danielmatos\/escolas-de-paco-do-lumiar-comemoram-dia-da-crianca\/\",\"url\":\"https:\/\/www.blogsoestado.com\/danielmatos\/escolas-de-paco-do-lumiar-comemoram-dia-da-crianca\/\",\"name\":\"Escolas de Pa\u00e7o do Lumiar comemoram Dia da Crian\u00e7a - Daniel Matos\",\"isPartOf\":{\"@id\":\"https:\/\/www.blogsoestado.com\/danielmatos\/#website\"},\"datePublished\":\"2014-10-13T11:00:30+00:00\",\"author\":{\"@id\":\"\"},\"breadcrumb\":{\"@id\":\"https:\/\/www.blogsoestado.com\/danielmatos\/escolas-de-paco-do-lumiar-comemoram-dia-da-crianca\/#breadcrumb\"},\"inLanguage\":\"pt-BR\",\"potentialAction\":[{\"@type\":\"ReadAction\",\"target\":[\"https:\/\/www.blogsoestado.com\/danielmatos\/escolas-de-paco-do-lumiar-comemoram-dia-da-crianca\/\"]}]},{\"@type\":\"BreadcrumbList\",\"@id\":\"https:\/\/www.blogsoestado.com\/danielmatos\/escolas-de-paco-do-lumiar-comemoram-dia-da-crianca\/#breadcrumb\",\"itemListElement\":[{\"@type\":\"ListItem\",\"position\":1,\"name\":\"In\u00edcio\",\"item\":\"https:\/\/www.blogsoestado.com\/danielmatos\/\"},{\"@type\":\"ListItem\",\"position\":2,\"name\":\"Escolas de Pa\u00e7o do Lumiar comemoram Dia da Crian\u00e7a\"}]},{\"@type\":\"WebSite\",\"@id\":\"https:\/\/www.blogsoestado.com\/danielmatos\/#website\",\"url\":\"https:\/\/www.blogsoestado.com\/danielmatos\/\",\"name\":\"Daniel Matos\",\"description\":\"\",\"potentialAction\":[{\"@type\":\"SearchAction\",\"target\":{\"@type\":\"EntryPoint\",\"urlTemplate\":\"https:\/\/www.blogsoestado.com\/danielmatos\/?s={search_term_string}\"},\"query-input\":{\"@type\":\"PropertyValueSpecification\",\"valueRequired\":true,\"valueName\":\"search_term_string\"}}],\"inLanguage\":\"pt-BR\"}]}<\/script>\n<!-- \/ Yoast SEO plugin. -->","yoast_head_json":{"title":"Escolas de Pa\u00e7o do Lumiar comemoram Dia da Crian\u00e7a - Daniel Matos","robots":{"index":"index","follow":"follow","max-snippet":"max-snippet:-1","max-image-preview":"max-image-preview:large","max-video-preview":"max-video-preview:-1"},"canonical":"https:\/\/www.blogsoestado.com\/danielmatos\/escolas-de-paco-do-lumiar-comemoram-dia-da-crianca\/","og_locale":"pt_BR","og_type":"article","og_title":"Escolas de Pa\u00e7o do Lumiar comemoram Dia da Crian\u00e7a - Daniel Matos","og_description":"Os alunos da educa\u00e7\u00e3o infantil e fundamental I das escolas da rede municipal de ensino de Pa\u00e7o do Lumiar tiveram [&hellip;]","og_url":"https:\/\/www.blogsoestado.com\/danielmatos\/escolas-de-paco-do-lumiar-comemoram-dia-da-crianca\/","og_site_name":"Daniel Matos","article_published_time":"2014-10-13T11:00:30+00:00","twitter_card":"summary_large_image","twitter_misc":{"Est. tempo de leitura":"1 minuto"},"schema":{"@context":"https:\/\/schema.org","@graph":[{"@type":"WebPage","@id":"https:\/\/www.blogsoestado.com\/danielmatos\/escolas-de-paco-do-lumiar-comemoram-dia-da-crianca\/","url":"https:\/\/www.blogsoestado.com\/danielmatos\/escolas-de-paco-do-lumiar-comemoram-dia-da-crianca\/","name":"Escolas de Pa\u00e7o do Lumiar comemoram Dia da Crian\u00e7a - Daniel Matos","isPartOf":{"@id":"https:\/\/www.blogsoestado.com\/danielmatos\/#website"},"datePublished":"2014-10-13T11:00:30+00:00","author":{"@id":""},"breadcrumb":{"@id":"https:\/\/www.blogsoestado.com\/danielmatos\/escolas-de-paco-do-lumiar-comemoram-dia-da-crianca\/#breadcrumb"},"inLanguage":"pt-BR","potentialAction":[{"@type":"ReadAction","target":["https:\/\/www.blogsoestado.com\/danielmatos\/escolas-de-paco-do-lumiar-comemoram-dia-da-crianca\/"]}]},{"@type":"BreadcrumbList","@id":"https:\/\/www.blogsoestado.com\/danielmatos\/escolas-de-paco-do-lumiar-comemoram-dia-da-crianca\/#breadcrumb","itemListElement":[{"@type":"ListItem","position":1,"name":"In\u00edcio","item":"https:\/\/www.blogsoestado.com\/danielmatos\/"},{"@type":"ListItem","position":2,"name":"Escolas de Pa\u00e7o do Lumiar comemoram Dia da Crian\u00e7a"}]},{"@type":"WebSite","@id":"https:\/\/www.blogsoestado.com\/danielmatos\/#website","url":"https:\/\/www.blogsoestado.com\/danielmatos\/","name":"Daniel Matos","description":"","potentialAction":[{"@type":"SearchAction","target":{"@type":"EntryPoint","urlTemplate":"https:\/\/www.blogsoestado.com\/danielmatos\/?s={search_term_string}"},"query-input":{"@type":"PropertyValueSpecification","valueRequired":true,"valueName":"search_term_string"}}],"inLanguage":"pt-BR"}]}},"jetpack_featured_media_url":"","_links":{"self":[{"href":"https:\/\/www.blogsoestado.com\/danielmatos\/wp-json\/wp\/v2\/posts\/19849","targetHints":{"allow":["GET"]}}],"collection":[{"href":"https:\/\/www.blogsoestado.com\/danielmatos\/wp-json\/wp\/v2\/posts"}],"about":[{"href":"https:\/\/www.blogsoestado.com\/danielmatos\/wp-json\/wp\/v2\/types\/post"}],"replies":[{"embeddable":true,"href":"https:\/\/www.blogsoestado.com\/danielmatos\/wp-json\/wp\/v2\/comments?post=19849"}],"version-history":[{"count":0,"href":"https:\/\/www.blogsoestado.com\/danielmatos\/wp-json\/wp\/v2\/posts\/19849\/revisions"}],"wp:attachment":[{"href":"https:\/\/www.blogsoestado.com\/danielmatos\/wp-json\/wp\/v2\/media?parent=19849"}],"wp:term":[{"taxonomy":"category","embeddable":true,"href":"https:\/\/www.blogsoestado.com\/danielmatos\/wp-json\/wp\/v2\/categories?post=19849"},{"taxonomy":"post_tag","embeddable":true,"href":"https:\/\/www.blogsoestado.com\/danielmatos\/wp-json\/wp\/v2\/tags?post=19849"}],"curies":[{"name":"wp","href":"https:\/\/api.w.org\/{rel}","templated":true}]}}