{"id":19853,"date":"2014-10-13T08:19:21","date_gmt":"2014-10-13T11:19:21","guid":{"rendered":"https:\/\/www.blogsoestado.com\/danielmatos\/?p=19853"},"modified":"2014-10-13T08:19:21","modified_gmt":"2014-10-13T11:19:21","slug":"roseana-escolhe-anna-graziella-neiva-e-joao-bernardo-bringel-para-coordenar-transicao","status":"publish","type":"post","link":"https:\/\/www.blogsoestado.com\/danielmatos\/roseana-escolhe-anna-graziella-neiva-e-joao-bernardo-bringel-para-coordenar-transicao\/","title":{"rendered":"Roseana escolhe Anna Graziella Neiva e Jo\u00e3o Bernardo Bringel para coordenar transi\u00e7\u00e3o"},"content":{"rendered":"<p><a href=\"http:\/\/www.oestadoma.com.br\" target=\"_blank\"><strong>O \u00a0Estado<\/strong><\/a><\/p>\n<p><a href=\"https:\/\/www.blogsoestado.com\/danielmatos\/files\/2014\/10\/transi\u00e7\u00e3o2.jpg\"><img fetchpriority=\"high\" decoding=\"async\" class=\"alignright size-full wp-image-19854\" src=\"https:\/\/www.blogsoestado.com\/danielmatos\/files\/2014\/10\/transi\u00e7\u00e3o2.jpg\" alt=\"transi\u00e7\u00e3o2\" width=\"320\" height=\"269\" \/><\/a>A secret\u00e1ria-chefe da Casa Civil do Governo do Estado, Anna Graziella Neiva, e o secret\u00e1rio de Estado de Planejamento, Jo\u00e3o Bernardo Bringel, foram escalados pela governadora Roseana Sarney (PMDB) para comandar a equipe de transi\u00e7\u00e3o do Executivo estadual.<\/p>\n<p>Eles atuar\u00e3o \u00e0 frente do grupo a ser formado assim que o governador eleito, Fl\u00e1vio Dino (PCdoB), encaminhar ao governo a lista completa da sua equipe de transi\u00e7\u00e3o. At\u00e9 o momento, o comunista informou apenas o nome do seu coordenador de transi\u00e7\u00e3o, o deputado estadual Marcelo Tavares (PSB) \u2013 indicado por ele como futuro chefe da Casa Civil.<\/p>\n<p>Segundo Anna Graziella, a determina\u00e7\u00e3o da governadora \u00e9 para que a transi\u00e7\u00e3o seja feita de forma \u201ctransparente e democr\u00e1tica\u201d e com total liberdade para que os servidores indicados forne\u00e7am todas as informa\u00e7\u00f5es solicitadas pelo novo governo.<\/p>\n<p>A auxiliar governamental acrescentou, contudo, que o Executivo ainda n\u00e3o foi procurado por ningu\u00e9m ligado a Fl\u00e1vio Dino.<\/p>\n<p>\u201cNo tocante \u00e0 transi\u00e7\u00e3o, antes mesmo de sermos procurados pela equipe do governador eleito, o que ainda n\u00e3o ocorreu, a governadora nos determinou que a transi\u00e7\u00e3o fosse feita de forma transparente e democr\u00e1tica.E tamb\u00e9m determinou que toda a equipe de governo estivesse \u00e0 disposi\u00e7\u00e3o para esse processo\u201d, declarou.<\/p>\n<p>Ainda de acordo com a chefe da Casa Civil, durante os trabalhos do governo de transi\u00e7\u00e3o, ser\u00e1 apresentado ao novo governo tudo o que foi feito na gest\u00e3o Roseana Sarney, os projetos que est\u00e3o em andamento e que necessitam de conclus\u00e3o; e os planejados para serem feitos.<\/p>\n<p>\u201cTerei toda a disponibilidade em responder aos questionamentos da equipe do novo governador. Teremos a chance de apresentar aos novos secret\u00e1rios o que o governo Roseana fez. E, claro, muito ainda h\u00e1 para fazer\u201d, completou.<\/p>\n<p><strong>Entrevista<\/strong><\/p>\n<p>Em entrevista distribu\u00edda pela assessoria de comunica\u00e7\u00e3o do governador eleito, o futuro chefe da Casa Civil e coordenador da transi\u00e7\u00e3o comunista, Marcelo Tavares, destacou que o objetivo da transi\u00e7\u00e3o \u00e9 \u201cfazer o reconhecimento de campo\u201d e projetar as primeiras a\u00e7\u00f5es da nova administra\u00e7\u00e3o.<\/p>\n<p>\u201cNeste momento, vamos fazer o reconhecimento de campo e j\u00e1 planejar os primeiros atos de governo para que as respostas sejam dadas com agilidade para a popula\u00e7\u00e3o, de forma transparente e prezando sempre pela honestidade com a coisa p\u00fablica\u201d, pontuou.<\/p>\n<p>Ele voltou a ressaltar que acredita na colabora\u00e7\u00e3o do Governo do Estado durante o processo de transi\u00e7\u00e3o.<\/p>\n<p>\u201cAcredito que o atual Governo n\u00e3o tem raz\u00f5es para atrapalhar e a transi\u00e7\u00e3o feita de forma transparente \u00e9 muito importante para que iniciemos 2015 sem perder muito tempo\u201d, completou.<\/p>\n","protected":false},"excerpt":{"rendered":"<p>O \u00a0Estado A secret\u00e1ria-chefe da Casa Civil do Governo do Estado, Anna Graziella Neiva, e o secret\u00e1rio de Estado de [&hellip;]<\/p>\n","protected":false},"author":0,"featured_media":0,"comment_status":"open","ping_status":"open","sticky":false,"template":"","format":"standard","meta":{"site-sidebar-layout":"default","site-content-layout":"","ast-site-content-layout":"default","site-content-style":"default","site-sidebar-style":"default","ast-global-header-display":"","ast-banner-title-visibility":"","ast-main-header-display":"","ast-hfb-above-header-display":"","ast-hfb-below-header-display":"","ast-hfb-mobile-header-display":"","site-post-title":"","ast-breadcrumbs-content":"","ast-featured-img":"","footer-sml-layout":"","ast-disable-related-posts":"","theme-transparent-header-meta":"","adv-header-id-meta":"","stick-header-meta":"","header-above-stick-meta":"","header-main-stick-meta":"","header-below-stick-meta":"","astra-migrate-meta-layouts":"default","ast-page-background-enabled":"default","ast-page-background-meta":{"desktop":{"background-color":"var(--ast-global-color-5)","background-image":"","background-repeat":"repeat","background-position":"center center","background-size":"auto","background-attachment":"scroll","background-type":"","background-media":"","overlay-type":"","overlay-color":"","overlay-opacity":"","overlay-gradient":""},"tablet":{"background-color":"","background-image":"","background-repeat":"repeat","background-position":"center center","background-size":"auto","background-attachment":"scroll","background-type":"","background-media":"","overlay-type":"","overlay-color":"","overlay-opacity":"","overlay-gradient":""},"mobile":{"background-color":"","background-image":"","background-repeat":"repeat","background-position":"center center","background-size":"auto","background-attachment":"scroll","background-type":"","background-media":"","overlay-type":"","overlay-color":"","overlay-opacity":"","overlay-gradient":""}},"ast-content-background-meta":{"desktop":{"background-color":"var(--ast-global-color-4)","background-image":"","background-repeat":"repeat","background-position":"center center","background-size":"auto","background-attachment":"scroll","background-type":"","background-media":"","overlay-type":"","overlay-color":"","overlay-opacity":"","overlay-gradient":""},"tablet":{"background-color":"var(--ast-global-color-4)","background-image":"","background-repeat":"repeat","background-position":"center center","background-size":"auto","background-attachment":"scroll","background-type":"","background-media":"","overlay-type":"","overlay-color":"","overlay-opacity":"","overlay-gradient":""},"mobile":{"background-color":"var(--ast-global-color-4)","background-image":"","background-repeat":"repeat","background-position":"center center","background-size":"auto","background-attachment":"scroll","background-type":"","background-media":"","overlay-type":"","overlay-color":"","overlay-opacity":"","overlay-gradient":""}},"footnotes":""},"categories":[1],"tags":[],"class_list":["post-19853","post","type-post","status-publish","format-standard","hentry","category-sem-categoria"],"yoast_head":"<!-- This site is optimized with the Yoast SEO plugin v26.6 - https:\/\/yoast.com\/wordpress\/plugins\/seo\/ -->\n<title>Roseana escolhe Anna Graziella Neiva e Jo\u00e3o Bernardo Bringel para coordenar transi\u00e7\u00e3o - Daniel Matos<\/title>\n<meta name=\"robots\" content=\"index, follow, max-snippet:-1, max-image-preview:large, max-video-preview:-1\" \/>\n<link rel=\"canonical\" href=\"https:\/\/www.blogsoestado.com\/danielmatos\/roseana-escolhe-anna-graziella-neiva-e-joao-bernardo-bringel-para-coordenar-transicao\/\" \/>\n<meta property=\"og:locale\" content=\"pt_BR\" \/>\n<meta property=\"og:type\" content=\"article\" \/>\n<meta property=\"og:title\" content=\"Roseana escolhe Anna Graziella Neiva e Jo\u00e3o Bernardo Bringel para coordenar transi\u00e7\u00e3o - Daniel Matos\" \/>\n<meta property=\"og:description\" content=\"O \u00a0Estado A secret\u00e1ria-chefe da Casa Civil do Governo do Estado, Anna Graziella Neiva, e o secret\u00e1rio de Estado de [&hellip;]\" \/>\n<meta property=\"og:url\" content=\"https:\/\/www.blogsoestado.com\/danielmatos\/roseana-escolhe-anna-graziella-neiva-e-joao-bernardo-bringel-para-coordenar-transicao\/\" \/>\n<meta property=\"og:site_name\" content=\"Daniel Matos\" \/>\n<meta property=\"article:published_time\" content=\"2014-10-13T11:19:21+00:00\" \/>\n<meta name=\"twitter:card\" content=\"summary_large_image\" \/>\n<meta name=\"twitter:label1\" content=\"Est. tempo de leitura\" \/>\n\t<meta name=\"twitter:data1\" content=\"2 minutos\" \/>\n<script type=\"application\/ld+json\" class=\"yoast-schema-graph\">{\"@context\":\"https:\/\/schema.org\",\"@graph\":[{\"@type\":\"WebPage\",\"@id\":\"https:\/\/www.blogsoestado.com\/danielmatos\/roseana-escolhe-anna-graziella-neiva-e-joao-bernardo-bringel-para-coordenar-transicao\/\",\"url\":\"https:\/\/www.blogsoestado.com\/danielmatos\/roseana-escolhe-anna-graziella-neiva-e-joao-bernardo-bringel-para-coordenar-transicao\/\",\"name\":\"Roseana escolhe Anna Graziella Neiva e Jo\u00e3o Bernardo Bringel para coordenar transi\u00e7\u00e3o - Daniel Matos\",\"isPartOf\":{\"@id\":\"https:\/\/www.blogsoestado.com\/danielmatos\/#website\"},\"datePublished\":\"2014-10-13T11:19:21+00:00\",\"author\":{\"@id\":\"\"},\"breadcrumb\":{\"@id\":\"https:\/\/www.blogsoestado.com\/danielmatos\/roseana-escolhe-anna-graziella-neiva-e-joao-bernardo-bringel-para-coordenar-transicao\/#breadcrumb\"},\"inLanguage\":\"pt-BR\",\"potentialAction\":[{\"@type\":\"ReadAction\",\"target\":[\"https:\/\/www.blogsoestado.com\/danielmatos\/roseana-escolhe-anna-graziella-neiva-e-joao-bernardo-bringel-para-coordenar-transicao\/\"]}]},{\"@type\":\"BreadcrumbList\",\"@id\":\"https:\/\/www.blogsoestado.com\/danielmatos\/roseana-escolhe-anna-graziella-neiva-e-joao-bernardo-bringel-para-coordenar-transicao\/#breadcrumb\",\"itemListElement\":[{\"@type\":\"ListItem\",\"position\":1,\"name\":\"In\u00edcio\",\"item\":\"https:\/\/www.blogsoestado.com\/danielmatos\/\"},{\"@type\":\"ListItem\",\"position\":2,\"name\":\"Roseana escolhe Anna Graziella Neiva e Jo\u00e3o Bernardo Bringel para coordenar transi\u00e7\u00e3o\"}]},{\"@type\":\"WebSite\",\"@id\":\"https:\/\/www.blogsoestado.com\/danielmatos\/#website\",\"url\":\"https:\/\/www.blogsoestado.com\/danielmatos\/\",\"name\":\"Daniel Matos\",\"description\":\"\",\"potentialAction\":[{\"@type\":\"SearchAction\",\"target\":{\"@type\":\"EntryPoint\",\"urlTemplate\":\"https:\/\/www.blogsoestado.com\/danielmatos\/?s={search_term_string}\"},\"query-input\":{\"@type\":\"PropertyValueSpecification\",\"valueRequired\":true,\"valueName\":\"search_term_string\"}}],\"inLanguage\":\"pt-BR\"}]}<\/script>\n<!-- \/ Yoast SEO plugin. -->","yoast_head_json":{"title":"Roseana escolhe Anna Graziella Neiva e Jo\u00e3o Bernardo Bringel para coordenar transi\u00e7\u00e3o - Daniel Matos","robots":{"index":"index","follow":"follow","max-snippet":"max-snippet:-1","max-image-preview":"max-image-preview:large","max-video-preview":"max-video-preview:-1"},"canonical":"https:\/\/www.blogsoestado.com\/danielmatos\/roseana-escolhe-anna-graziella-neiva-e-joao-bernardo-bringel-para-coordenar-transicao\/","og_locale":"pt_BR","og_type":"article","og_title":"Roseana escolhe Anna Graziella Neiva e Jo\u00e3o Bernardo Bringel para coordenar transi\u00e7\u00e3o - Daniel Matos","og_description":"O \u00a0Estado A secret\u00e1ria-chefe da Casa Civil do Governo do Estado, Anna Graziella Neiva, e o secret\u00e1rio de Estado de [&hellip;]","og_url":"https:\/\/www.blogsoestado.com\/danielmatos\/roseana-escolhe-anna-graziella-neiva-e-joao-bernardo-bringel-para-coordenar-transicao\/","og_site_name":"Daniel Matos","article_published_time":"2014-10-13T11:19:21+00:00","twitter_card":"summary_large_image","twitter_misc":{"Est. tempo de leitura":"2 minutos"},"schema":{"@context":"https:\/\/schema.org","@graph":[{"@type":"WebPage","@id":"https:\/\/www.blogsoestado.com\/danielmatos\/roseana-escolhe-anna-graziella-neiva-e-joao-bernardo-bringel-para-coordenar-transicao\/","url":"https:\/\/www.blogsoestado.com\/danielmatos\/roseana-escolhe-anna-graziella-neiva-e-joao-bernardo-bringel-para-coordenar-transicao\/","name":"Roseana escolhe Anna Graziella Neiva e Jo\u00e3o Bernardo Bringel para coordenar transi\u00e7\u00e3o - Daniel Matos","isPartOf":{"@id":"https:\/\/www.blogsoestado.com\/danielmatos\/#website"},"datePublished":"2014-10-13T11:19:21+00:00","author":{"@id":""},"breadcrumb":{"@id":"https:\/\/www.blogsoestado.com\/danielmatos\/roseana-escolhe-anna-graziella-neiva-e-joao-bernardo-bringel-para-coordenar-transicao\/#breadcrumb"},"inLanguage":"pt-BR","potentialAction":[{"@type":"ReadAction","target":["https:\/\/www.blogsoestado.com\/danielmatos\/roseana-escolhe-anna-graziella-neiva-e-joao-bernardo-bringel-para-coordenar-transicao\/"]}]},{"@type":"BreadcrumbList","@id":"https:\/\/www.blogsoestado.com\/danielmatos\/roseana-escolhe-anna-graziella-neiva-e-joao-bernardo-bringel-para-coordenar-transicao\/#breadcrumb","itemListElement":[{"@type":"ListItem","position":1,"name":"In\u00edcio","item":"https:\/\/www.blogsoestado.com\/danielmatos\/"},{"@type":"ListItem","position":2,"name":"Roseana escolhe Anna Graziella Neiva e Jo\u00e3o Bernardo Bringel para coordenar transi\u00e7\u00e3o"}]},{"@type":"WebSite","@id":"https:\/\/www.blogsoestado.com\/danielmatos\/#website","url":"https:\/\/www.blogsoestado.com\/danielmatos\/","name":"Daniel Matos","description":"","potentialAction":[{"@type":"SearchAction","target":{"@type":"EntryPoint","urlTemplate":"https:\/\/www.blogsoestado.com\/danielmatos\/?s={search_term_string}"},"query-input":{"@type":"PropertyValueSpecification","valueRequired":true,"valueName":"search_term_string"}}],"inLanguage":"pt-BR"}]}},"jetpack_featured_media_url":"","_links":{"self":[{"href":"https:\/\/www.blogsoestado.com\/danielmatos\/wp-json\/wp\/v2\/posts\/19853","targetHints":{"allow":["GET"]}}],"collection":[{"href":"https:\/\/www.blogsoestado.com\/danielmatos\/wp-json\/wp\/v2\/posts"}],"about":[{"href":"https:\/\/www.blogsoestado.com\/danielmatos\/wp-json\/wp\/v2\/types\/post"}],"replies":[{"embeddable":true,"href":"https:\/\/www.blogsoestado.com\/danielmatos\/wp-json\/wp\/v2\/comments?post=19853"}],"version-history":[{"count":0,"href":"https:\/\/www.blogsoestado.com\/danielmatos\/wp-json\/wp\/v2\/posts\/19853\/revisions"}],"wp:attachment":[{"href":"https:\/\/www.blogsoestado.com\/danielmatos\/wp-json\/wp\/v2\/media?parent=19853"}],"wp:term":[{"taxonomy":"category","embeddable":true,"href":"https:\/\/www.blogsoestado.com\/danielmatos\/wp-json\/wp\/v2\/categories?post=19853"},{"taxonomy":"post_tag","embeddable":true,"href":"https:\/\/www.blogsoestado.com\/danielmatos\/wp-json\/wp\/v2\/tags?post=19853"}],"curies":[{"name":"wp","href":"https:\/\/api.w.org\/{rel}","templated":true}]}}