{"id":19857,"date":"2014-10-13T08:59:05","date_gmt":"2014-10-13T11:59:05","guid":{"rendered":"https:\/\/www.blogsoestado.com\/danielmatos\/?p=19857"},"modified":"2014-10-13T08:59:05","modified_gmt":"2014-10-13T11:59:05","slug":"livraria-belas-artes-lanca-livro-sobre-sao-luis","status":"publish","type":"post","link":"https:\/\/www.blogsoestado.com\/danielmatos\/livraria-belas-artes-lanca-livro-sobre-sao-luis\/","title":{"rendered":"Livraria Belas Artes lan\u00e7a livro &#8220;Sobre S\u00e3o Lu\u00eds&#8221;"},"content":{"rendered":"<figure id=\"attachment_19858\" aria-describedby=\"caption-attachment-19858\" style=\"width: 640px\" class=\"wp-caption aligncenter\"><a href=\"https:\/\/www.blogsoestado.com\/danielmatos\/files\/2014\/10\/fecury-belas-artes.jpg\"><img fetchpriority=\"high\" decoding=\"async\" class=\"size-full wp-image-19858\" src=\"https:\/\/www.blogsoestado.com\/danielmatos\/files\/2014\/10\/fecury-belas-artes.jpg\" alt=\"Meireles Jr. com o o suplente de senador Cl\u00f3vis Fecury e sua esposa, Carla\" width=\"640\" height=\"427\" \/><\/a><figcaption id=\"caption-attachment-19858\" class=\"wp-caption-text\">Meireles Jr. com o o suplente de senador Cl\u00f3vis Fecury e sua esposa, Carla, no lan\u00e7amento do livro &#8220;Sobre S\u00e3o Lu\u00eds&#8221;<\/figcaption><\/figure>\n<p>A Livraria Belas Artes promoveu o coquetel de lan\u00e7amento do mais novo livro do fot\u00f3grafo Meireles Jr, intitulado \u201cSobre S\u00e3o Lu\u00eds\u201d. O evento foi realizado na noite da \u00faltima quarta-feira (8), em frente \u00e0 Livraria, na pra\u00e7a de servi\u00e7os da Universidade Ceuma, campus Renascen\u00e7a.<\/p>\n<p>O livro chama aten\u00e7\u00e3o para a import\u00e2ncia da preserva\u00e7\u00e3o do patrim\u00f4nio cultural e natural de S\u00e3o Lu\u00eds. O fotografo utilizou um helic\u00f3ptero para capturar diferentes imagens da capital maranhense. \u201cO livro \u00e9 uma colet\u00e2nea de imagens que j\u00e1 venho fazendo desde 2005. Elas mostram um pouco da evolu\u00e7\u00e3o da cidade, da parte arquitet\u00f4nica e muita coisa da natureza. S\u00e3o mostrados os manguezais, praias virgens, a parte das ind\u00fastrias, o centro hist\u00f3rico, o folclore. Fizemos um giro na ilha e que teve como cap\u00edtulo importante a parte noturna da cidade\u201d, explicou o fot\u00f3grafo.<\/p>\n<p>Para ele, a import\u00e2ncia de estar lan\u00e7ado o livro na Universidade Ceuma \u00e9 muito grande, pois d\u00e1 acesso a todas essas pessoas da \u00e1rea de Turismo, Comunica\u00e7\u00e3o de conhecer sua cidade.<\/p>\n<figure id=\"attachment_19859\" aria-describedby=\"caption-attachment-19859\" style=\"width: 640px\" class=\"wp-caption aligncenter\"><a href=\"https:\/\/www.blogsoestado.com\/danielmatos\/files\/2014\/10\/fecury-belas-artes2.jpg\"><img decoding=\"async\" class=\"size-full wp-image-19859\" src=\"https:\/\/www.blogsoestado.com\/danielmatos\/files\/2014\/10\/fecury-belas-artes2.jpg\" alt=\"Fot\u00f3grafo Meireles Jr. autografa o livro de sua autoria, com belas imagens da capital maranhense\" width=\"640\" height=\"427\" \/><\/a><figcaption id=\"caption-attachment-19859\" class=\"wp-caption-text\">Fot\u00f3grafo Meireles Jr. autografa o livro de sua autoria, com belas imagens da capital maranhense<\/figcaption><\/figure>\n<p>Ao longo dos nove anos, foram registradas 40 mil imagens, das quais foram escolhidas 72 para compor o livro. Foram realizadas pesquisas com base em outros trabalhos de profissionais da \u00e1rea. A obra \u00e9 inspirada em cidades famosas, a exemplo de Paris e Rio de Janeiro, vistas do c\u00e9u. No m\u00eas de setembro, o livro foi exposto no programa Mais Voc\u00ea, da Rede Globo.<\/p>\n<p>O livro est\u00e1 dispon\u00edvel em todas as lojas da Livraria Belas Artes.<\/p>\n","protected":false},"excerpt":{"rendered":"<p>A Livraria Belas Artes promoveu o coquetel de lan\u00e7amento do mais novo livro do fot\u00f3grafo Meireles Jr, intitulado \u201cSobre S\u00e3o [&hellip;]<\/p>\n","protected":false},"author":0,"featured_media":0,"comment_status":"open","ping_status":"open","sticky":false,"template":"","format":"standard","meta":{"site-sidebar-layout":"default","site-content-layout":"","ast-site-content-layout":"default","site-content-style":"default","site-sidebar-style":"default","ast-global-header-display":"","ast-banner-title-visibility":"","ast-main-header-display":"","ast-hfb-above-header-display":"","ast-hfb-below-header-display":"","ast-hfb-mobile-header-display":"","site-post-title":"","ast-breadcrumbs-content":"","ast-featured-img":"","footer-sml-layout":"","ast-disable-related-posts":"","theme-transparent-header-meta":"","adv-header-id-meta":"","stick-header-meta":"","header-above-stick-meta":"","header-main-stick-meta":"","header-below-stick-meta":"","astra-migrate-meta-layouts":"default","ast-page-background-enabled":"default","ast-page-background-meta":{"desktop":{"background-color":"var(--ast-global-color-5)","background-image":"","background-repeat":"repeat","background-position":"center center","background-size":"auto","background-attachment":"scroll","background-type":"","background-media":"","overlay-type":"","overlay-color":"","overlay-opacity":"","overlay-gradient":""},"tablet":{"background-color":"","background-image":"","background-repeat":"repeat","background-position":"center center","background-size":"auto","background-attachment":"scroll","background-type":"","background-media":"","overlay-type":"","overlay-color":"","overlay-opacity":"","overlay-gradient":""},"mobile":{"background-color":"","background-image":"","background-repeat":"repeat","background-position":"center center","background-size":"auto","background-attachment":"scroll","background-type":"","background-media":"","overlay-type":"","overlay-color":"","overlay-opacity":"","overlay-gradient":""}},"ast-content-background-meta":{"desktop":{"background-color":"var(--ast-global-color-4)","background-image":"","background-repeat":"repeat","background-position":"center center","background-size":"auto","background-attachment":"scroll","background-type":"","background-media":"","overlay-type":"","overlay-color":"","overlay-opacity":"","overlay-gradient":""},"tablet":{"background-color":"var(--ast-global-color-4)","background-image":"","background-repeat":"repeat","background-position":"center center","background-size":"auto","background-attachment":"scroll","background-type":"","background-media":"","overlay-type":"","overlay-color":"","overlay-opacity":"","overlay-gradient":""},"mobile":{"background-color":"var(--ast-global-color-4)","background-image":"","background-repeat":"repeat","background-position":"center center","background-size":"auto","background-attachment":"scroll","background-type":"","background-media":"","overlay-type":"","overlay-color":"","overlay-opacity":"","overlay-gradient":""}},"footnotes":""},"categories":[1],"tags":[],"class_list":["post-19857","post","type-post","status-publish","format-standard","hentry","category-sem-categoria"],"yoast_head":"<!-- This site is optimized with the Yoast SEO plugin v26.6 - https:\/\/yoast.com\/wordpress\/plugins\/seo\/ -->\n<title>Livraria Belas Artes lan\u00e7a livro &quot;Sobre S\u00e3o Lu\u00eds&quot; - Daniel Matos<\/title>\n<meta name=\"robots\" content=\"index, follow, max-snippet:-1, max-image-preview:large, max-video-preview:-1\" \/>\n<link rel=\"canonical\" href=\"https:\/\/www.blogsoestado.com\/danielmatos\/livraria-belas-artes-lanca-livro-sobre-sao-luis\/\" \/>\n<meta property=\"og:locale\" content=\"pt_BR\" \/>\n<meta property=\"og:type\" content=\"article\" \/>\n<meta property=\"og:title\" content=\"Livraria Belas Artes lan\u00e7a livro &quot;Sobre S\u00e3o Lu\u00eds&quot; - Daniel Matos\" \/>\n<meta property=\"og:description\" content=\"A Livraria Belas Artes promoveu o coquetel de lan\u00e7amento do mais novo livro do fot\u00f3grafo Meireles Jr, intitulado \u201cSobre S\u00e3o [&hellip;]\" \/>\n<meta property=\"og:url\" content=\"https:\/\/www.blogsoestado.com\/danielmatos\/livraria-belas-artes-lanca-livro-sobre-sao-luis\/\" \/>\n<meta property=\"og:site_name\" content=\"Daniel Matos\" \/>\n<meta property=\"article:published_time\" content=\"2014-10-13T11:59:05+00:00\" \/>\n<meta property=\"og:image\" content=\"https:\/\/www.blogsoestado.com\/danielmatos\/files\/2014\/10\/fecury-belas-artes.jpg\" \/>\n<meta name=\"twitter:card\" content=\"summary_large_image\" \/>\n<meta name=\"twitter:label1\" content=\"Est. tempo de leitura\" \/>\n\t<meta name=\"twitter:data1\" content=\"2 minutos\" \/>\n<script type=\"application\/ld+json\" class=\"yoast-schema-graph\">{\"@context\":\"https:\/\/schema.org\",\"@graph\":[{\"@type\":\"WebPage\",\"@id\":\"https:\/\/www.blogsoestado.com\/danielmatos\/livraria-belas-artes-lanca-livro-sobre-sao-luis\/\",\"url\":\"https:\/\/www.blogsoestado.com\/danielmatos\/livraria-belas-artes-lanca-livro-sobre-sao-luis\/\",\"name\":\"Livraria Belas Artes lan\u00e7a livro \\\"Sobre S\u00e3o Lu\u00eds\\\" - Daniel Matos\",\"isPartOf\":{\"@id\":\"https:\/\/www.blogsoestado.com\/danielmatos\/#website\"},\"primaryImageOfPage\":{\"@id\":\"https:\/\/www.blogsoestado.com\/danielmatos\/livraria-belas-artes-lanca-livro-sobre-sao-luis\/#primaryimage\"},\"image\":{\"@id\":\"https:\/\/www.blogsoestado.com\/danielmatos\/livraria-belas-artes-lanca-livro-sobre-sao-luis\/#primaryimage\"},\"thumbnailUrl\":\"https:\/\/www.blogsoestado.com\/danielmatos\/files\/2014\/10\/fecury-belas-artes.jpg\",\"datePublished\":\"2014-10-13T11:59:05+00:00\",\"author\":{\"@id\":\"\"},\"breadcrumb\":{\"@id\":\"https:\/\/www.blogsoestado.com\/danielmatos\/livraria-belas-artes-lanca-livro-sobre-sao-luis\/#breadcrumb\"},\"inLanguage\":\"pt-BR\",\"potentialAction\":[{\"@type\":\"ReadAction\",\"target\":[\"https:\/\/www.blogsoestado.com\/danielmatos\/livraria-belas-artes-lanca-livro-sobre-sao-luis\/\"]}]},{\"@type\":\"ImageObject\",\"inLanguage\":\"pt-BR\",\"@id\":\"https:\/\/www.blogsoestado.com\/danielmatos\/livraria-belas-artes-lanca-livro-sobre-sao-luis\/#primaryimage\",\"url\":\"https:\/\/www.blogsoestado.com\/danielmatos\/files\/2014\/10\/fecury-belas-artes.jpg\",\"contentUrl\":\"https:\/\/www.blogsoestado.com\/danielmatos\/files\/2014\/10\/fecury-belas-artes.jpg\"},{\"@type\":\"BreadcrumbList\",\"@id\":\"https:\/\/www.blogsoestado.com\/danielmatos\/livraria-belas-artes-lanca-livro-sobre-sao-luis\/#breadcrumb\",\"itemListElement\":[{\"@type\":\"ListItem\",\"position\":1,\"name\":\"In\u00edcio\",\"item\":\"https:\/\/www.blogsoestado.com\/danielmatos\/\"},{\"@type\":\"ListItem\",\"position\":2,\"name\":\"Livraria Belas Artes lan\u00e7a livro &#8220;Sobre S\u00e3o Lu\u00eds&#8221;\"}]},{\"@type\":\"WebSite\",\"@id\":\"https:\/\/www.blogsoestado.com\/danielmatos\/#website\",\"url\":\"https:\/\/www.blogsoestado.com\/danielmatos\/\",\"name\":\"Daniel Matos\",\"description\":\"\",\"potentialAction\":[{\"@type\":\"SearchAction\",\"target\":{\"@type\":\"EntryPoint\",\"urlTemplate\":\"https:\/\/www.blogsoestado.com\/danielmatos\/?s={search_term_string}\"},\"query-input\":{\"@type\":\"PropertyValueSpecification\",\"valueRequired\":true,\"valueName\":\"search_term_string\"}}],\"inLanguage\":\"pt-BR\"}]}<\/script>\n<!-- \/ Yoast SEO plugin. -->","yoast_head_json":{"title":"Livraria Belas Artes lan\u00e7a livro \"Sobre S\u00e3o Lu\u00eds\" - Daniel Matos","robots":{"index":"index","follow":"follow","max-snippet":"max-snippet:-1","max-image-preview":"max-image-preview:large","max-video-preview":"max-video-preview:-1"},"canonical":"https:\/\/www.blogsoestado.com\/danielmatos\/livraria-belas-artes-lanca-livro-sobre-sao-luis\/","og_locale":"pt_BR","og_type":"article","og_title":"Livraria Belas Artes lan\u00e7a livro \"Sobre S\u00e3o Lu\u00eds\" - Daniel Matos","og_description":"A Livraria Belas Artes promoveu o coquetel de lan\u00e7amento do mais novo livro do fot\u00f3grafo Meireles Jr, intitulado \u201cSobre S\u00e3o [&hellip;]","og_url":"https:\/\/www.blogsoestado.com\/danielmatos\/livraria-belas-artes-lanca-livro-sobre-sao-luis\/","og_site_name":"Daniel Matos","article_published_time":"2014-10-13T11:59:05+00:00","og_image":[{"url":"https:\/\/www.blogsoestado.com\/danielmatos\/files\/2014\/10\/fecury-belas-artes.jpg","type":"","width":"","height":""}],"twitter_card":"summary_large_image","twitter_misc":{"Est. tempo de leitura":"2 minutos"},"schema":{"@context":"https:\/\/schema.org","@graph":[{"@type":"WebPage","@id":"https:\/\/www.blogsoestado.com\/danielmatos\/livraria-belas-artes-lanca-livro-sobre-sao-luis\/","url":"https:\/\/www.blogsoestado.com\/danielmatos\/livraria-belas-artes-lanca-livro-sobre-sao-luis\/","name":"Livraria Belas Artes lan\u00e7a livro \"Sobre S\u00e3o Lu\u00eds\" - Daniel Matos","isPartOf":{"@id":"https:\/\/www.blogsoestado.com\/danielmatos\/#website"},"primaryImageOfPage":{"@id":"https:\/\/www.blogsoestado.com\/danielmatos\/livraria-belas-artes-lanca-livro-sobre-sao-luis\/#primaryimage"},"image":{"@id":"https:\/\/www.blogsoestado.com\/danielmatos\/livraria-belas-artes-lanca-livro-sobre-sao-luis\/#primaryimage"},"thumbnailUrl":"https:\/\/www.blogsoestado.com\/danielmatos\/files\/2014\/10\/fecury-belas-artes.jpg","datePublished":"2014-10-13T11:59:05+00:00","author":{"@id":""},"breadcrumb":{"@id":"https:\/\/www.blogsoestado.com\/danielmatos\/livraria-belas-artes-lanca-livro-sobre-sao-luis\/#breadcrumb"},"inLanguage":"pt-BR","potentialAction":[{"@type":"ReadAction","target":["https:\/\/www.blogsoestado.com\/danielmatos\/livraria-belas-artes-lanca-livro-sobre-sao-luis\/"]}]},{"@type":"ImageObject","inLanguage":"pt-BR","@id":"https:\/\/www.blogsoestado.com\/danielmatos\/livraria-belas-artes-lanca-livro-sobre-sao-luis\/#primaryimage","url":"https:\/\/www.blogsoestado.com\/danielmatos\/files\/2014\/10\/fecury-belas-artes.jpg","contentUrl":"https:\/\/www.blogsoestado.com\/danielmatos\/files\/2014\/10\/fecury-belas-artes.jpg"},{"@type":"BreadcrumbList","@id":"https:\/\/www.blogsoestado.com\/danielmatos\/livraria-belas-artes-lanca-livro-sobre-sao-luis\/#breadcrumb","itemListElement":[{"@type":"ListItem","position":1,"name":"In\u00edcio","item":"https:\/\/www.blogsoestado.com\/danielmatos\/"},{"@type":"ListItem","position":2,"name":"Livraria Belas Artes lan\u00e7a livro &#8220;Sobre S\u00e3o Lu\u00eds&#8221;"}]},{"@type":"WebSite","@id":"https:\/\/www.blogsoestado.com\/danielmatos\/#website","url":"https:\/\/www.blogsoestado.com\/danielmatos\/","name":"Daniel Matos","description":"","potentialAction":[{"@type":"SearchAction","target":{"@type":"EntryPoint","urlTemplate":"https:\/\/www.blogsoestado.com\/danielmatos\/?s={search_term_string}"},"query-input":{"@type":"PropertyValueSpecification","valueRequired":true,"valueName":"search_term_string"}}],"inLanguage":"pt-BR"}]}},"jetpack_featured_media_url":"","_links":{"self":[{"href":"https:\/\/www.blogsoestado.com\/danielmatos\/wp-json\/wp\/v2\/posts\/19857","targetHints":{"allow":["GET"]}}],"collection":[{"href":"https:\/\/www.blogsoestado.com\/danielmatos\/wp-json\/wp\/v2\/posts"}],"about":[{"href":"https:\/\/www.blogsoestado.com\/danielmatos\/wp-json\/wp\/v2\/types\/post"}],"replies":[{"embeddable":true,"href":"https:\/\/www.blogsoestado.com\/danielmatos\/wp-json\/wp\/v2\/comments?post=19857"}],"version-history":[{"count":0,"href":"https:\/\/www.blogsoestado.com\/danielmatos\/wp-json\/wp\/v2\/posts\/19857\/revisions"}],"wp:attachment":[{"href":"https:\/\/www.blogsoestado.com\/danielmatos\/wp-json\/wp\/v2\/media?parent=19857"}],"wp:term":[{"taxonomy":"category","embeddable":true,"href":"https:\/\/www.blogsoestado.com\/danielmatos\/wp-json\/wp\/v2\/categories?post=19857"},{"taxonomy":"post_tag","embeddable":true,"href":"https:\/\/www.blogsoestado.com\/danielmatos\/wp-json\/wp\/v2\/tags?post=19857"}],"curies":[{"name":"wp","href":"https:\/\/api.w.org\/{rel}","templated":true}]}}