{"id":19862,"date":"2014-10-13T11:16:31","date_gmt":"2014-10-13T14:16:31","guid":{"rendered":"https:\/\/www.blogsoestado.com\/danielmatos\/?p=19862"},"modified":"2014-10-13T11:16:31","modified_gmt":"2014-10-13T14:16:31","slug":"com-servicos-prestados-a-campanha-de-flavio-dino-cesar-bombeiro-mira-sejap","status":"publish","type":"post","link":"https:\/\/www.blogsoestado.com\/danielmatos\/com-servicos-prestados-a-campanha-de-flavio-dino-cesar-bombeiro-mira-sejap\/","title":{"rendered":"Com &#8220;servi\u00e7os prestados&#8221; \u00e0 campanha de Fl\u00e1vio Dino, C\u00e9sar Bombeiro mira Sejap"},"content":{"rendered":"<figure id=\"attachment_19863\" aria-describedby=\"caption-attachment-19863\" style=\"width: 640px\" class=\"wp-caption aligncenter\"><a href=\"https:\/\/www.blogsoestado.com\/danielmatos\/files\/2014\/10\/cezar-bombeiro.jpg\"><img fetchpriority=\"high\" decoding=\"async\" class=\"size-full wp-image-19863\" src=\"https:\/\/www.blogsoestado.com\/danielmatos\/files\/2014\/10\/cezar-bombeiro.jpg\" alt=\"Cezar Bombeiro (centro) liderou recente paralisa\u00e7\u00e3o de servidores do sistema penitenci\u00e1rio \" width=\"640\" height=\"480\" \/><\/a><figcaption id=\"caption-attachment-19863\" class=\"wp-caption-text\">Cezar Bombeiro (centro) liderou recente paralisa\u00e7\u00e3o de servidores do Complexo de Pedrinhas, dominado pela barb\u00e1rie durante a campanha eleitoral<\/figcaption><\/figure>\n<p>O agente penitenci\u00e1rio e ex-presidente do sindicato da categoria C\u00e9sar Castro, mais conhecido como C\u00e9sar Bombeiro, se movimenta nos bastidores para tentar se viabilizar como futuro secret\u00e1rio de Estado de Justi\u00e7a e Administra\u00e7\u00e3o Penitenci\u00e1ria no governo de Fl\u00e1vio Dino (PCdoB). Bombeiro se acha no direito de reivindicar o cargo em raz\u00e3o dos &#8220;relevantes servi\u00e7os&#8221; que teria prestado em sua \u00e1rea de atua\u00e7\u00e3o \u00e0 campanha vitoriosa do comunista ao Pal\u00e1cio dos Le\u00f5es.<\/p>\n<p>A sucess\u00e3o estadual\u00a0foi marcada por uma s\u00e9rie de\u00a0fugas, assassinatos, paralisa\u00e7\u00e3o de servidores\u00a0e tentativas de rebeli\u00e3o no Complexo Penitenci\u00e1rio de Pedrinhas, com graves consequ\u00eancias nas ruas. Observadores atentos das cenas pol\u00edtica\u00a0e\u00a0policial logo enxergaram liga\u00e7\u00e3o entre a viol\u00eancia no sistema prisional e o per\u00edodo eleitoral.\u00a0E\u00a0foram al\u00e9m: apontaram C\u00e9sar Bombeiro como principal mentor da barb\u00e1rie, por seu vasto conhecimento na \u00e1rea, pela influ\u00eancia entre os colegas e por sua postura combativa em rela\u00e7\u00e3o \u00e0 Sejap, cuja gest\u00e3o tenta desmoralizar a todo instante no atual governo.<\/p>\n<p>Pois bem, agora, no momento em que Fl\u00e1vio Dino come\u00e7a a montar seu secretariado,\u00a0C\u00e9sar\u00a0Bombeiro\u00a0tenta capitalizar a\u00a0culpa a seu favor, cobrando para\u00a0si o controle do sistema prisional. \u00c9 um projeto ambicioso, ainda mais para um servidor de baixo escal\u00e3o, egresso\u00a0das lides sindicais e que at\u00e9 onde se sabe n\u00e3o conta com nenhum padrinho forte\u00a0para al\u00e7\u00e1-lo ao cargo.<\/p>\n<p>Sacramentado o resultado das urnas, surge um forte ind\u00edcio de que as atrocidades ocorridas em Pedrinhas at\u00e9 poucos dias antes da elei\u00e7\u00e3o foram motivadas pela disputa pol\u00edtica. Ao pretender o cargo, C\u00e9sar Bombeiro, opositor ferrenho das \u00faltimas gest\u00f5es da Sejap\u00a0e profundo conhecedor das fragilidades do sistema prisional, s\u00f3 refor\u00e7a a suspeita\u00a0levantada durante a campanha.<\/p>\n<p>Ao mesmo tempo em que Dino pregava a paz\u00a0na disputa, o terror era\u00a0usado em favor de sua candidatura.\u00a0Disposto a tudo para chegar ao poder, o comunista, ao que tudo indica, estimulou o p\u00e2nico entre os cidad\u00e3os, a maioria\u00a0seus pr\u00f3prios eleitores.<\/p>\n","protected":false},"excerpt":{"rendered":"<p>O agente penitenci\u00e1rio e ex-presidente do sindicato da categoria C\u00e9sar Castro, mais conhecido como C\u00e9sar Bombeiro, se movimenta nos bastidores [&hellip;]<\/p>\n","protected":false},"author":0,"featured_media":0,"comment_status":"open","ping_status":"open","sticky":false,"template":"","format":"standard","meta":{"site-sidebar-layout":"default","site-content-layout":"","ast-site-content-layout":"default","site-content-style":"default","site-sidebar-style":"default","ast-global-header-display":"","ast-banner-title-visibility":"","ast-main-header-display":"","ast-hfb-above-header-display":"","ast-hfb-below-header-display":"","ast-hfb-mobile-header-display":"","site-post-title":"","ast-breadcrumbs-content":"","ast-featured-img":"","footer-sml-layout":"","ast-disable-related-posts":"","theme-transparent-header-meta":"","adv-header-id-meta":"","stick-header-meta":"","header-above-stick-meta":"","header-main-stick-meta":"","header-below-stick-meta":"","astra-migrate-meta-layouts":"default","ast-page-background-enabled":"default","ast-page-background-meta":{"desktop":{"background-color":"var(--ast-global-color-5)","background-image":"","background-repeat":"repeat","background-position":"center center","background-size":"auto","background-attachment":"scroll","background-type":"","background-media":"","overlay-type":"","overlay-color":"","overlay-opacity":"","overlay-gradient":""},"tablet":{"background-color":"","background-image":"","background-repeat":"repeat","background-position":"center center","background-size":"auto","background-attachment":"scroll","background-type":"","background-media":"","overlay-type":"","overlay-color":"","overlay-opacity":"","overlay-gradient":""},"mobile":{"background-color":"","background-image":"","background-repeat":"repeat","background-position":"center center","background-size":"auto","background-attachment":"scroll","background-type":"","background-media":"","overlay-type":"","overlay-color":"","overlay-opacity":"","overlay-gradient":""}},"ast-content-background-meta":{"desktop":{"background-color":"var(--ast-global-color-4)","background-image":"","background-repeat":"repeat","background-position":"center center","background-size":"auto","background-attachment":"scroll","background-type":"","background-media":"","overlay-type":"","overlay-color":"","overlay-opacity":"","overlay-gradient":""},"tablet":{"background-color":"var(--ast-global-color-4)","background-image":"","background-repeat":"repeat","background-position":"center center","background-size":"auto","background-attachment":"scroll","background-type":"","background-media":"","overlay-type":"","overlay-color":"","overlay-opacity":"","overlay-gradient":""},"mobile":{"background-color":"var(--ast-global-color-4)","background-image":"","background-repeat":"repeat","background-position":"center center","background-size":"auto","background-attachment":"scroll","background-type":"","background-media":"","overlay-type":"","overlay-color":"","overlay-opacity":"","overlay-gradient":""}},"footnotes":""},"categories":[1],"tags":[],"class_list":["post-19862","post","type-post","status-publish","format-standard","hentry","category-sem-categoria"],"yoast_head":"<!-- This site is optimized with the Yoast SEO plugin v26.6 - https:\/\/yoast.com\/wordpress\/plugins\/seo\/ -->\n<title>Com &quot;servi\u00e7os prestados&quot; \u00e0 campanha de Fl\u00e1vio Dino, C\u00e9sar Bombeiro mira Sejap - Daniel Matos<\/title>\n<meta name=\"robots\" content=\"index, follow, max-snippet:-1, max-image-preview:large, max-video-preview:-1\" \/>\n<link rel=\"canonical\" href=\"https:\/\/www.blogsoestado.com\/danielmatos\/com-servicos-prestados-a-campanha-de-flavio-dino-cesar-bombeiro-mira-sejap\/\" \/>\n<meta property=\"og:locale\" content=\"pt_BR\" \/>\n<meta property=\"og:type\" content=\"article\" \/>\n<meta property=\"og:title\" content=\"Com &quot;servi\u00e7os prestados&quot; \u00e0 campanha de Fl\u00e1vio Dino, C\u00e9sar Bombeiro mira Sejap - Daniel Matos\" \/>\n<meta property=\"og:description\" content=\"O agente penitenci\u00e1rio e ex-presidente do sindicato da categoria C\u00e9sar Castro, mais conhecido como C\u00e9sar Bombeiro, se movimenta nos bastidores [&hellip;]\" \/>\n<meta property=\"og:url\" content=\"https:\/\/www.blogsoestado.com\/danielmatos\/com-servicos-prestados-a-campanha-de-flavio-dino-cesar-bombeiro-mira-sejap\/\" \/>\n<meta property=\"og:site_name\" content=\"Daniel Matos\" \/>\n<meta property=\"article:published_time\" content=\"2014-10-13T14:16:31+00:00\" \/>\n<meta property=\"og:image\" content=\"https:\/\/www.blogsoestado.com\/danielmatos\/files\/2014\/10\/cezar-bombeiro.jpg\" \/>\n<meta name=\"twitter:card\" content=\"summary_large_image\" \/>\n<meta name=\"twitter:label1\" content=\"Est. tempo de leitura\" \/>\n\t<meta name=\"twitter:data1\" content=\"2 minutos\" \/>\n<script type=\"application\/ld+json\" class=\"yoast-schema-graph\">{\"@context\":\"https:\/\/schema.org\",\"@graph\":[{\"@type\":\"WebPage\",\"@id\":\"https:\/\/www.blogsoestado.com\/danielmatos\/com-servicos-prestados-a-campanha-de-flavio-dino-cesar-bombeiro-mira-sejap\/\",\"url\":\"https:\/\/www.blogsoestado.com\/danielmatos\/com-servicos-prestados-a-campanha-de-flavio-dino-cesar-bombeiro-mira-sejap\/\",\"name\":\"Com \\\"servi\u00e7os prestados\\\" \u00e0 campanha de Fl\u00e1vio Dino, C\u00e9sar Bombeiro mira Sejap - Daniel Matos\",\"isPartOf\":{\"@id\":\"https:\/\/www.blogsoestado.com\/danielmatos\/#website\"},\"primaryImageOfPage\":{\"@id\":\"https:\/\/www.blogsoestado.com\/danielmatos\/com-servicos-prestados-a-campanha-de-flavio-dino-cesar-bombeiro-mira-sejap\/#primaryimage\"},\"image\":{\"@id\":\"https:\/\/www.blogsoestado.com\/danielmatos\/com-servicos-prestados-a-campanha-de-flavio-dino-cesar-bombeiro-mira-sejap\/#primaryimage\"},\"thumbnailUrl\":\"https:\/\/www.blogsoestado.com\/danielmatos\/files\/2014\/10\/cezar-bombeiro.jpg\",\"datePublished\":\"2014-10-13T14:16:31+00:00\",\"author\":{\"@id\":\"\"},\"breadcrumb\":{\"@id\":\"https:\/\/www.blogsoestado.com\/danielmatos\/com-servicos-prestados-a-campanha-de-flavio-dino-cesar-bombeiro-mira-sejap\/#breadcrumb\"},\"inLanguage\":\"pt-BR\",\"potentialAction\":[{\"@type\":\"ReadAction\",\"target\":[\"https:\/\/www.blogsoestado.com\/danielmatos\/com-servicos-prestados-a-campanha-de-flavio-dino-cesar-bombeiro-mira-sejap\/\"]}]},{\"@type\":\"ImageObject\",\"inLanguage\":\"pt-BR\",\"@id\":\"https:\/\/www.blogsoestado.com\/danielmatos\/com-servicos-prestados-a-campanha-de-flavio-dino-cesar-bombeiro-mira-sejap\/#primaryimage\",\"url\":\"https:\/\/www.blogsoestado.com\/danielmatos\/files\/2014\/10\/cezar-bombeiro.jpg\",\"contentUrl\":\"https:\/\/www.blogsoestado.com\/danielmatos\/files\/2014\/10\/cezar-bombeiro.jpg\"},{\"@type\":\"BreadcrumbList\",\"@id\":\"https:\/\/www.blogsoestado.com\/danielmatos\/com-servicos-prestados-a-campanha-de-flavio-dino-cesar-bombeiro-mira-sejap\/#breadcrumb\",\"itemListElement\":[{\"@type\":\"ListItem\",\"position\":1,\"name\":\"In\u00edcio\",\"item\":\"https:\/\/www.blogsoestado.com\/danielmatos\/\"},{\"@type\":\"ListItem\",\"position\":2,\"name\":\"Com &#8220;servi\u00e7os prestados&#8221; \u00e0 campanha de Fl\u00e1vio Dino, C\u00e9sar Bombeiro mira Sejap\"}]},{\"@type\":\"WebSite\",\"@id\":\"https:\/\/www.blogsoestado.com\/danielmatos\/#website\",\"url\":\"https:\/\/www.blogsoestado.com\/danielmatos\/\",\"name\":\"Daniel Matos\",\"description\":\"\",\"potentialAction\":[{\"@type\":\"SearchAction\",\"target\":{\"@type\":\"EntryPoint\",\"urlTemplate\":\"https:\/\/www.blogsoestado.com\/danielmatos\/?s={search_term_string}\"},\"query-input\":{\"@type\":\"PropertyValueSpecification\",\"valueRequired\":true,\"valueName\":\"search_term_string\"}}],\"inLanguage\":\"pt-BR\"}]}<\/script>\n<!-- \/ Yoast SEO plugin. -->","yoast_head_json":{"title":"Com \"servi\u00e7os prestados\" \u00e0 campanha de Fl\u00e1vio Dino, C\u00e9sar Bombeiro mira Sejap - Daniel Matos","robots":{"index":"index","follow":"follow","max-snippet":"max-snippet:-1","max-image-preview":"max-image-preview:large","max-video-preview":"max-video-preview:-1"},"canonical":"https:\/\/www.blogsoestado.com\/danielmatos\/com-servicos-prestados-a-campanha-de-flavio-dino-cesar-bombeiro-mira-sejap\/","og_locale":"pt_BR","og_type":"article","og_title":"Com \"servi\u00e7os prestados\" \u00e0 campanha de Fl\u00e1vio Dino, C\u00e9sar Bombeiro mira Sejap - Daniel Matos","og_description":"O agente penitenci\u00e1rio e ex-presidente do sindicato da categoria C\u00e9sar Castro, mais conhecido como C\u00e9sar Bombeiro, se movimenta nos bastidores [&hellip;]","og_url":"https:\/\/www.blogsoestado.com\/danielmatos\/com-servicos-prestados-a-campanha-de-flavio-dino-cesar-bombeiro-mira-sejap\/","og_site_name":"Daniel Matos","article_published_time":"2014-10-13T14:16:31+00:00","og_image":[{"url":"https:\/\/www.blogsoestado.com\/danielmatos\/files\/2014\/10\/cezar-bombeiro.jpg","type":"","width":"","height":""}],"twitter_card":"summary_large_image","twitter_misc":{"Est. tempo de leitura":"2 minutos"},"schema":{"@context":"https:\/\/schema.org","@graph":[{"@type":"WebPage","@id":"https:\/\/www.blogsoestado.com\/danielmatos\/com-servicos-prestados-a-campanha-de-flavio-dino-cesar-bombeiro-mira-sejap\/","url":"https:\/\/www.blogsoestado.com\/danielmatos\/com-servicos-prestados-a-campanha-de-flavio-dino-cesar-bombeiro-mira-sejap\/","name":"Com \"servi\u00e7os prestados\" \u00e0 campanha de Fl\u00e1vio Dino, C\u00e9sar Bombeiro mira Sejap - Daniel Matos","isPartOf":{"@id":"https:\/\/www.blogsoestado.com\/danielmatos\/#website"},"primaryImageOfPage":{"@id":"https:\/\/www.blogsoestado.com\/danielmatos\/com-servicos-prestados-a-campanha-de-flavio-dino-cesar-bombeiro-mira-sejap\/#primaryimage"},"image":{"@id":"https:\/\/www.blogsoestado.com\/danielmatos\/com-servicos-prestados-a-campanha-de-flavio-dino-cesar-bombeiro-mira-sejap\/#primaryimage"},"thumbnailUrl":"https:\/\/www.blogsoestado.com\/danielmatos\/files\/2014\/10\/cezar-bombeiro.jpg","datePublished":"2014-10-13T14:16:31+00:00","author":{"@id":""},"breadcrumb":{"@id":"https:\/\/www.blogsoestado.com\/danielmatos\/com-servicos-prestados-a-campanha-de-flavio-dino-cesar-bombeiro-mira-sejap\/#breadcrumb"},"inLanguage":"pt-BR","potentialAction":[{"@type":"ReadAction","target":["https:\/\/www.blogsoestado.com\/danielmatos\/com-servicos-prestados-a-campanha-de-flavio-dino-cesar-bombeiro-mira-sejap\/"]}]},{"@type":"ImageObject","inLanguage":"pt-BR","@id":"https:\/\/www.blogsoestado.com\/danielmatos\/com-servicos-prestados-a-campanha-de-flavio-dino-cesar-bombeiro-mira-sejap\/#primaryimage","url":"https:\/\/www.blogsoestado.com\/danielmatos\/files\/2014\/10\/cezar-bombeiro.jpg","contentUrl":"https:\/\/www.blogsoestado.com\/danielmatos\/files\/2014\/10\/cezar-bombeiro.jpg"},{"@type":"BreadcrumbList","@id":"https:\/\/www.blogsoestado.com\/danielmatos\/com-servicos-prestados-a-campanha-de-flavio-dino-cesar-bombeiro-mira-sejap\/#breadcrumb","itemListElement":[{"@type":"ListItem","position":1,"name":"In\u00edcio","item":"https:\/\/www.blogsoestado.com\/danielmatos\/"},{"@type":"ListItem","position":2,"name":"Com &#8220;servi\u00e7os prestados&#8221; \u00e0 campanha de Fl\u00e1vio Dino, C\u00e9sar Bombeiro mira Sejap"}]},{"@type":"WebSite","@id":"https:\/\/www.blogsoestado.com\/danielmatos\/#website","url":"https:\/\/www.blogsoestado.com\/danielmatos\/","name":"Daniel Matos","description":"","potentialAction":[{"@type":"SearchAction","target":{"@type":"EntryPoint","urlTemplate":"https:\/\/www.blogsoestado.com\/danielmatos\/?s={search_term_string}"},"query-input":{"@type":"PropertyValueSpecification","valueRequired":true,"valueName":"search_term_string"}}],"inLanguage":"pt-BR"}]}},"jetpack_featured_media_url":"","_links":{"self":[{"href":"https:\/\/www.blogsoestado.com\/danielmatos\/wp-json\/wp\/v2\/posts\/19862","targetHints":{"allow":["GET"]}}],"collection":[{"href":"https:\/\/www.blogsoestado.com\/danielmatos\/wp-json\/wp\/v2\/posts"}],"about":[{"href":"https:\/\/www.blogsoestado.com\/danielmatos\/wp-json\/wp\/v2\/types\/post"}],"replies":[{"embeddable":true,"href":"https:\/\/www.blogsoestado.com\/danielmatos\/wp-json\/wp\/v2\/comments?post=19862"}],"version-history":[{"count":0,"href":"https:\/\/www.blogsoestado.com\/danielmatos\/wp-json\/wp\/v2\/posts\/19862\/revisions"}],"wp:attachment":[{"href":"https:\/\/www.blogsoestado.com\/danielmatos\/wp-json\/wp\/v2\/media?parent=19862"}],"wp:term":[{"taxonomy":"category","embeddable":true,"href":"https:\/\/www.blogsoestado.com\/danielmatos\/wp-json\/wp\/v2\/categories?post=19862"},{"taxonomy":"post_tag","embeddable":true,"href":"https:\/\/www.blogsoestado.com\/danielmatos\/wp-json\/wp\/v2\/tags?post=19862"}],"curies":[{"name":"wp","href":"https:\/\/api.w.org\/{rel}","templated":true}]}}