{"id":19867,"date":"2014-10-13T15:38:36","date_gmt":"2014-10-13T18:38:36","guid":{"rendered":"https:\/\/www.blogsoestado.com\/danielmatos\/?p=19867"},"modified":"2014-10-13T15:38:36","modified_gmt":"2014-10-13T18:38:36","slug":"natalino-salgado-parabeniza-flavio-dino-pela-eleicao","status":"publish","type":"post","link":"https:\/\/www.blogsoestado.com\/danielmatos\/natalino-salgado-parabeniza-flavio-dino-pela-eleicao\/","title":{"rendered":"Natalino Salgado parabeniza Fl\u00e1vio Dino pela elei\u00e7\u00e3o"},"content":{"rendered":"<figure id=\"attachment_19868\" aria-describedby=\"caption-attachment-19868\" style=\"width: 319px\" class=\"wp-caption alignleft\"><a href=\"https:\/\/www.blogsoestado.com\/danielmatos\/files\/2014\/10\/natalino.jpg\"><img fetchpriority=\"high\" decoding=\"async\" class=\"size-full wp-image-19868\" src=\"https:\/\/www.blogsoestado.com\/danielmatos\/files\/2014\/10\/natalino.jpg\" alt=\"Reitor da UFMA, Natalino Salgado\" width=\"319\" height=\"240\" \/><\/a><figcaption id=\"caption-attachment-19868\" class=\"wp-caption-text\">Reitor da UFMA, professor-doutor Natalino Salgado Filho<\/figcaption><\/figure>\n<p>O reitor da Universidade Federal do Maranh\u00e3o, Natalino Salgado, encaminhou mensagem de congratula\u00e7\u00f5es ao governador eleito do Maranh\u00e3o Fl\u00e1vio Dino pela sua vit\u00f3ria nas urnas, resultado, diz a nota, \u201cde sua hist\u00f3ria de vida sempre dedicada \u00e0s lutas pelos ideais de justi\u00e7a, liberdade e igualdade\u201d. Dino \u00e9 integrante do corpo docente da institui\u00e7\u00e3o, onde ministrava aulas no curso de Direito. A \u00edntegra da nota pode ser lida abaixo.<\/p>\n<p>Em nome da Universidade Federal do Maranh\u00e3o, transmitimo-lhe nossos Parab\u00e9ns pela sua elei\u00e7\u00e3o para o cargo de Governador do Estado do Maranh\u00e3o.<\/p>\n<p>Sua elei\u00e7\u00e3o muito nos honra e alegra por ser voc\u00ea um dos mais renomados, atuantes e competentes professores do Curso de Direito da nossa Institui\u00e7\u00e3o.<\/p>\n<p>Sua consagradora vit\u00f3ria nas urnas \u00e9 o resultado de muito trabalho e de sua hist\u00f3ria de vida, sempre dedicada \u00e0s lutas pelos ideais de justi\u00e7a, liberdade e igualdade.<\/p>\n<p>Reconhecemos que voc\u00ea sempre foi um grande parceiro e colaborador da nossa Universidade. Colocamos a nossa Institui\u00e7\u00e3o \u00e0 disposi\u00e7\u00e3o de seu Governo para colaborar, com o conhecimento aqui produzido, na constru\u00e7\u00e3o de um Maranh\u00e3o desenvolvido, moderno, com possibilidades iguais para todos.<\/p>\n<p style=\"text-align: center;\">Que Deus lhe aben\u00e7oe, proteja e ilumine para que voc\u00ea conduza o nosso estado com sabedoria, discernimento, paz, humildade, \u00e9tica, justi\u00e7a, honestidade e muita compet\u00eancia. \u00c9 o que todos n\u00f3s que sufragamos seu nome nas urnas esperamos e desejamos.<\/p>\n<p style=\"text-align: center;\">NATALINO SALGADO FILHO<br \/>\nReitor<\/p>\n","protected":false},"excerpt":{"rendered":"<p>O reitor da Universidade Federal do Maranh\u00e3o, Natalino Salgado, encaminhou mensagem de congratula\u00e7\u00f5es ao governador eleito do Maranh\u00e3o Fl\u00e1vio Dino [&hellip;]<\/p>\n","protected":false},"author":0,"featured_media":0,"comment_status":"open","ping_status":"open","sticky":false,"template":"","format":"standard","meta":{"site-sidebar-layout":"default","site-content-layout":"","ast-site-content-layout":"default","site-content-style":"default","site-sidebar-style":"default","ast-global-header-display":"","ast-banner-title-visibility":"","ast-main-header-display":"","ast-hfb-above-header-display":"","ast-hfb-below-header-display":"","ast-hfb-mobile-header-display":"","site-post-title":"","ast-breadcrumbs-content":"","ast-featured-img":"","footer-sml-layout":"","ast-disable-related-posts":"","theme-transparent-header-meta":"","adv-header-id-meta":"","stick-header-meta":"","header-above-stick-meta":"","header-main-stick-meta":"","header-below-stick-meta":"","astra-migrate-meta-layouts":"default","ast-page-background-enabled":"default","ast-page-background-meta":{"desktop":{"background-color":"var(--ast-global-color-5)","background-image":"","background-repeat":"repeat","background-position":"center center","background-size":"auto","background-attachment":"scroll","background-type":"","background-media":"","overlay-type":"","overlay-color":"","overlay-opacity":"","overlay-gradient":""},"tablet":{"background-color":"","background-image":"","background-repeat":"repeat","background-position":"center center","background-size":"auto","background-attachment":"scroll","background-type":"","background-media":"","overlay-type":"","overlay-color":"","overlay-opacity":"","overlay-gradient":""},"mobile":{"background-color":"","background-image":"","background-repeat":"repeat","background-position":"center center","background-size":"auto","background-attachment":"scroll","background-type":"","background-media":"","overlay-type":"","overlay-color":"","overlay-opacity":"","overlay-gradient":""}},"ast-content-background-meta":{"desktop":{"background-color":"var(--ast-global-color-4)","background-image":"","background-repeat":"repeat","background-position":"center center","background-size":"auto","background-attachment":"scroll","background-type":"","background-media":"","overlay-type":"","overlay-color":"","overlay-opacity":"","overlay-gradient":""},"tablet":{"background-color":"var(--ast-global-color-4)","background-image":"","background-repeat":"repeat","background-position":"center center","background-size":"auto","background-attachment":"scroll","background-type":"","background-media":"","overlay-type":"","overlay-color":"","overlay-opacity":"","overlay-gradient":""},"mobile":{"background-color":"var(--ast-global-color-4)","background-image":"","background-repeat":"repeat","background-position":"center center","background-size":"auto","background-attachment":"scroll","background-type":"","background-media":"","overlay-type":"","overlay-color":"","overlay-opacity":"","overlay-gradient":""}},"footnotes":""},"categories":[1],"tags":[],"class_list":["post-19867","post","type-post","status-publish","format-standard","hentry","category-sem-categoria"],"yoast_head":"<!-- This site is optimized with the Yoast SEO plugin v26.6 - https:\/\/yoast.com\/wordpress\/plugins\/seo\/ -->\n<title>Natalino Salgado parabeniza Fl\u00e1vio Dino pela elei\u00e7\u00e3o - Daniel Matos<\/title>\n<meta name=\"robots\" content=\"index, follow, max-snippet:-1, max-image-preview:large, max-video-preview:-1\" \/>\n<link rel=\"canonical\" href=\"https:\/\/www.blogsoestado.com\/danielmatos\/natalino-salgado-parabeniza-flavio-dino-pela-eleicao\/\" \/>\n<meta property=\"og:locale\" content=\"pt_BR\" \/>\n<meta property=\"og:type\" content=\"article\" \/>\n<meta property=\"og:title\" content=\"Natalino Salgado parabeniza Fl\u00e1vio Dino pela elei\u00e7\u00e3o - Daniel Matos\" \/>\n<meta property=\"og:description\" content=\"O reitor da Universidade Federal do Maranh\u00e3o, Natalino Salgado, encaminhou mensagem de congratula\u00e7\u00f5es ao governador eleito do Maranh\u00e3o Fl\u00e1vio Dino [&hellip;]\" \/>\n<meta property=\"og:url\" content=\"https:\/\/www.blogsoestado.com\/danielmatos\/natalino-salgado-parabeniza-flavio-dino-pela-eleicao\/\" \/>\n<meta property=\"og:site_name\" content=\"Daniel Matos\" \/>\n<meta property=\"article:published_time\" content=\"2014-10-13T18:38:36+00:00\" \/>\n<meta property=\"og:image\" content=\"https:\/\/www.blogsoestado.com\/danielmatos\/files\/2014\/10\/natalino.jpg\" \/>\n<meta name=\"twitter:card\" content=\"summary_large_image\" \/>\n<meta name=\"twitter:label1\" content=\"Est. tempo de leitura\" \/>\n\t<meta name=\"twitter:data1\" content=\"1 minuto\" \/>\n<script type=\"application\/ld+json\" class=\"yoast-schema-graph\">{\"@context\":\"https:\/\/schema.org\",\"@graph\":[{\"@type\":\"WebPage\",\"@id\":\"https:\/\/www.blogsoestado.com\/danielmatos\/natalino-salgado-parabeniza-flavio-dino-pela-eleicao\/\",\"url\":\"https:\/\/www.blogsoestado.com\/danielmatos\/natalino-salgado-parabeniza-flavio-dino-pela-eleicao\/\",\"name\":\"Natalino Salgado parabeniza Fl\u00e1vio Dino pela elei\u00e7\u00e3o - Daniel Matos\",\"isPartOf\":{\"@id\":\"https:\/\/www.blogsoestado.com\/danielmatos\/#website\"},\"primaryImageOfPage\":{\"@id\":\"https:\/\/www.blogsoestado.com\/danielmatos\/natalino-salgado-parabeniza-flavio-dino-pela-eleicao\/#primaryimage\"},\"image\":{\"@id\":\"https:\/\/www.blogsoestado.com\/danielmatos\/natalino-salgado-parabeniza-flavio-dino-pela-eleicao\/#primaryimage\"},\"thumbnailUrl\":\"https:\/\/www.blogsoestado.com\/danielmatos\/files\/2014\/10\/natalino.jpg\",\"datePublished\":\"2014-10-13T18:38:36+00:00\",\"author\":{\"@id\":\"\"},\"breadcrumb\":{\"@id\":\"https:\/\/www.blogsoestado.com\/danielmatos\/natalino-salgado-parabeniza-flavio-dino-pela-eleicao\/#breadcrumb\"},\"inLanguage\":\"pt-BR\",\"potentialAction\":[{\"@type\":\"ReadAction\",\"target\":[\"https:\/\/www.blogsoestado.com\/danielmatos\/natalino-salgado-parabeniza-flavio-dino-pela-eleicao\/\"]}]},{\"@type\":\"ImageObject\",\"inLanguage\":\"pt-BR\",\"@id\":\"https:\/\/www.blogsoestado.com\/danielmatos\/natalino-salgado-parabeniza-flavio-dino-pela-eleicao\/#primaryimage\",\"url\":\"https:\/\/www.blogsoestado.com\/danielmatos\/files\/2014\/10\/natalino.jpg\",\"contentUrl\":\"https:\/\/www.blogsoestado.com\/danielmatos\/files\/2014\/10\/natalino.jpg\"},{\"@type\":\"BreadcrumbList\",\"@id\":\"https:\/\/www.blogsoestado.com\/danielmatos\/natalino-salgado-parabeniza-flavio-dino-pela-eleicao\/#breadcrumb\",\"itemListElement\":[{\"@type\":\"ListItem\",\"position\":1,\"name\":\"In\u00edcio\",\"item\":\"https:\/\/www.blogsoestado.com\/danielmatos\/\"},{\"@type\":\"ListItem\",\"position\":2,\"name\":\"Natalino Salgado parabeniza Fl\u00e1vio Dino pela elei\u00e7\u00e3o\"}]},{\"@type\":\"WebSite\",\"@id\":\"https:\/\/www.blogsoestado.com\/danielmatos\/#website\",\"url\":\"https:\/\/www.blogsoestado.com\/danielmatos\/\",\"name\":\"Daniel Matos\",\"description\":\"\",\"potentialAction\":[{\"@type\":\"SearchAction\",\"target\":{\"@type\":\"EntryPoint\",\"urlTemplate\":\"https:\/\/www.blogsoestado.com\/danielmatos\/?s={search_term_string}\"},\"query-input\":{\"@type\":\"PropertyValueSpecification\",\"valueRequired\":true,\"valueName\":\"search_term_string\"}}],\"inLanguage\":\"pt-BR\"}]}<\/script>\n<!-- \/ Yoast SEO plugin. -->","yoast_head_json":{"title":"Natalino Salgado parabeniza Fl\u00e1vio Dino pela elei\u00e7\u00e3o - Daniel Matos","robots":{"index":"index","follow":"follow","max-snippet":"max-snippet:-1","max-image-preview":"max-image-preview:large","max-video-preview":"max-video-preview:-1"},"canonical":"https:\/\/www.blogsoestado.com\/danielmatos\/natalino-salgado-parabeniza-flavio-dino-pela-eleicao\/","og_locale":"pt_BR","og_type":"article","og_title":"Natalino Salgado parabeniza Fl\u00e1vio Dino pela elei\u00e7\u00e3o - Daniel Matos","og_description":"O reitor da Universidade Federal do Maranh\u00e3o, Natalino Salgado, encaminhou mensagem de congratula\u00e7\u00f5es ao governador eleito do Maranh\u00e3o Fl\u00e1vio Dino [&hellip;]","og_url":"https:\/\/www.blogsoestado.com\/danielmatos\/natalino-salgado-parabeniza-flavio-dino-pela-eleicao\/","og_site_name":"Daniel Matos","article_published_time":"2014-10-13T18:38:36+00:00","og_image":[{"url":"https:\/\/www.blogsoestado.com\/danielmatos\/files\/2014\/10\/natalino.jpg","type":"","width":"","height":""}],"twitter_card":"summary_large_image","twitter_misc":{"Est. tempo de leitura":"1 minuto"},"schema":{"@context":"https:\/\/schema.org","@graph":[{"@type":"WebPage","@id":"https:\/\/www.blogsoestado.com\/danielmatos\/natalino-salgado-parabeniza-flavio-dino-pela-eleicao\/","url":"https:\/\/www.blogsoestado.com\/danielmatos\/natalino-salgado-parabeniza-flavio-dino-pela-eleicao\/","name":"Natalino Salgado parabeniza Fl\u00e1vio Dino pela elei\u00e7\u00e3o - Daniel Matos","isPartOf":{"@id":"https:\/\/www.blogsoestado.com\/danielmatos\/#website"},"primaryImageOfPage":{"@id":"https:\/\/www.blogsoestado.com\/danielmatos\/natalino-salgado-parabeniza-flavio-dino-pela-eleicao\/#primaryimage"},"image":{"@id":"https:\/\/www.blogsoestado.com\/danielmatos\/natalino-salgado-parabeniza-flavio-dino-pela-eleicao\/#primaryimage"},"thumbnailUrl":"https:\/\/www.blogsoestado.com\/danielmatos\/files\/2014\/10\/natalino.jpg","datePublished":"2014-10-13T18:38:36+00:00","author":{"@id":""},"breadcrumb":{"@id":"https:\/\/www.blogsoestado.com\/danielmatos\/natalino-salgado-parabeniza-flavio-dino-pela-eleicao\/#breadcrumb"},"inLanguage":"pt-BR","potentialAction":[{"@type":"ReadAction","target":["https:\/\/www.blogsoestado.com\/danielmatos\/natalino-salgado-parabeniza-flavio-dino-pela-eleicao\/"]}]},{"@type":"ImageObject","inLanguage":"pt-BR","@id":"https:\/\/www.blogsoestado.com\/danielmatos\/natalino-salgado-parabeniza-flavio-dino-pela-eleicao\/#primaryimage","url":"https:\/\/www.blogsoestado.com\/danielmatos\/files\/2014\/10\/natalino.jpg","contentUrl":"https:\/\/www.blogsoestado.com\/danielmatos\/files\/2014\/10\/natalino.jpg"},{"@type":"BreadcrumbList","@id":"https:\/\/www.blogsoestado.com\/danielmatos\/natalino-salgado-parabeniza-flavio-dino-pela-eleicao\/#breadcrumb","itemListElement":[{"@type":"ListItem","position":1,"name":"In\u00edcio","item":"https:\/\/www.blogsoestado.com\/danielmatos\/"},{"@type":"ListItem","position":2,"name":"Natalino Salgado parabeniza Fl\u00e1vio Dino pela elei\u00e7\u00e3o"}]},{"@type":"WebSite","@id":"https:\/\/www.blogsoestado.com\/danielmatos\/#website","url":"https:\/\/www.blogsoestado.com\/danielmatos\/","name":"Daniel Matos","description":"","potentialAction":[{"@type":"SearchAction","target":{"@type":"EntryPoint","urlTemplate":"https:\/\/www.blogsoestado.com\/danielmatos\/?s={search_term_string}"},"query-input":{"@type":"PropertyValueSpecification","valueRequired":true,"valueName":"search_term_string"}}],"inLanguage":"pt-BR"}]}},"jetpack_featured_media_url":"","_links":{"self":[{"href":"https:\/\/www.blogsoestado.com\/danielmatos\/wp-json\/wp\/v2\/posts\/19867","targetHints":{"allow":["GET"]}}],"collection":[{"href":"https:\/\/www.blogsoestado.com\/danielmatos\/wp-json\/wp\/v2\/posts"}],"about":[{"href":"https:\/\/www.blogsoestado.com\/danielmatos\/wp-json\/wp\/v2\/types\/post"}],"replies":[{"embeddable":true,"href":"https:\/\/www.blogsoestado.com\/danielmatos\/wp-json\/wp\/v2\/comments?post=19867"}],"version-history":[{"count":0,"href":"https:\/\/www.blogsoestado.com\/danielmatos\/wp-json\/wp\/v2\/posts\/19867\/revisions"}],"wp:attachment":[{"href":"https:\/\/www.blogsoestado.com\/danielmatos\/wp-json\/wp\/v2\/media?parent=19867"}],"wp:term":[{"taxonomy":"category","embeddable":true,"href":"https:\/\/www.blogsoestado.com\/danielmatos\/wp-json\/wp\/v2\/categories?post=19867"},{"taxonomy":"post_tag","embeddable":true,"href":"https:\/\/www.blogsoestado.com\/danielmatos\/wp-json\/wp\/v2\/tags?post=19867"}],"curies":[{"name":"wp","href":"https:\/\/api.w.org\/{rel}","templated":true}]}}