{"id":19872,"date":"2014-10-13T16:55:25","date_gmt":"2014-10-13T19:55:25","guid":{"rendered":"https:\/\/www.blogsoestado.com\/danielmatos\/?p=19872"},"modified":"2014-10-13T16:55:25","modified_gmt":"2014-10-13T19:55:25","slug":"flavio-dino-anuncia-nomes-para-emap-e-pge","status":"publish","type":"post","link":"https:\/\/www.blogsoestado.com\/danielmatos\/flavio-dino-anuncia-nomes-para-emap-e-pge\/","title":{"rendered":"Fl\u00e1vio Dino anuncia nomes para Emap e PGE"},"content":{"rendered":"<figure id=\"attachment_19873\" aria-describedby=\"caption-attachment-19873\" style=\"width: 255px\" class=\"wp-caption alignright\"><a href=\"https:\/\/www.blogsoestado.com\/danielmatos\/files\/2014\/10\/ted-lago.jpg\"><img fetchpriority=\"high\" decoding=\"async\" class=\"size-full wp-image-19873\" src=\"https:\/\/www.blogsoestado.com\/danielmatos\/files\/2014\/10\/ted-lago.jpg\" alt=\"Ted Lago presidir\u00e1 a Emap \" width=\"255\" height=\"305\" \/><\/a><figcaption id=\"caption-attachment-19873\" class=\"wp-caption-text\">Ted Lago presidir\u00e1 a Emap no governo de Dino<\/figcaption><\/figure>\n<p>O governador eleito Fl\u00e1vio Dino (PCdoB) anunciou hoje, nas redes sociais, mais dois nomes da sua equipe de auxiliares. Depois de ter confirmado, na \u00faltima sexta-feira, o deputado estadual Marcelo Tavares (PSB) como chefe da Casa Civil e o presidente estadual do PCdoB, M\u00e1rcio Jerry, na Secretaria de Articula\u00e7\u00e3o Pol\u00edtica e Assuntos Federativos, Dino adiantou que o empres\u00e1rio Ted Lago ser\u00e1 o presidente da Empresa Maranhense de Administra\u00e7\u00e3o Portu\u00e1ria (Emap) e que o atual secret\u00e1rio de Meio Ambiente de S\u00e3o Lu\u00eds, Rodrigo Maia, chefiar\u00e1 a Procuradoria Geral do Estado (PGE).<\/p>\n<p>Ted Lago \u00e9\u00a0administrador de empresas com p\u00f3s-gradua\u00e7\u00e3o em Administra\u00e7\u00e3o e Finan\u00e7as pela Pontif\u00edcia Universidade Cat\u00f3lica do Rio de Janeiro (PUC-RJ). O futuro presidente da Emap foi secret\u00e1rio municipal de Desenvolvimento Econ\u00f4mico no in\u00edcio da gest\u00e3o do prefeito de S\u00e3o Lu\u00eds, Edivaldo Holanda J\u00fanior\u00a0e tem forte milit\u00e2ncia como l\u00edder empresarial, sendo\u00a0membro fundador do Instituto de Cidadania Empresarial do Maranh\u00e3o (ICE-MA).<\/p>\n<p><strong>PGE<\/strong><\/p>\n<figure id=\"attachment_19874\" aria-describedby=\"caption-attachment-19874\" style=\"width: 179px\" class=\"wp-caption alignleft\"><a href=\"https:\/\/www.blogsoestado.com\/danielmatos\/files\/2014\/10\/rodrigo-maia.jpg\"><img decoding=\"async\" class=\"size-full wp-image-19874\" src=\"https:\/\/www.blogsoestado.com\/danielmatos\/files\/2014\/10\/rodrigo-maia.jpg\" alt=\"Rodrigo Maia assumir\u00e1 comando da PGE\" width=\"179\" height=\"269\" \/><\/a><figcaption id=\"caption-attachment-19874\" class=\"wp-caption-text\">Rodrigo Maia chefiar\u00e1\u00a0a PGE<\/figcaption><\/figure>\n<p>Formado em Direito pela Universidade Federal do Maranh\u00e3o (UFMA), Rodrigo Maia \u00e9 procurador do Estado h\u00e1 mais de 10 anos e atualmente exerce o cargo de secret\u00e1rio municipal de Meio Ambiente.<\/p>\n<p>\u00c9 professor da Escola Superior de Advogacia na OAB-MA e foi vice-presidente da Comiss\u00e3o de Advocacia P\u00fablica da Ordem. \u00c9 p\u00f3s-graduado em Ci\u00eancias Criminais (CEUMA) e p\u00f3s-graduando em Direito Ambiental (UFPR). Comp\u00f4s por tr\u00eas mandatos consecutivos o Conselho Estadual de Direitos Humanos.<\/p>\n<p>Ocupa\u00a0ainda\u00a0a diretoria da Associa\u00e7\u00e3o Nacional de \u00d3rg\u00e3os Municipais de Meio Ambiente (ANAMMA) desde agosto do ano passado e \u00e9 membro do Plen\u00e1rio e da C\u00e2mara T\u00e9cnica de Assuntos Jur\u00eddicos do Conselho Nacional de Meio Ambiente, ligado ao Governo Federal.<\/p>\n<p>* <strong>Algumas informa\u00e7\u00f5es reproduzidas do <a href=\"http:\/\/www.blogdojorgearagao.com.br\" target=\"_blank\">Blog do Jorge Arag\u00e3o<\/a><\/strong><\/p>\n","protected":false},"excerpt":{"rendered":"<p>O governador eleito Fl\u00e1vio Dino (PCdoB) anunciou hoje, nas redes sociais, mais dois nomes da sua equipe de auxiliares. Depois [&hellip;]<\/p>\n","protected":false},"author":0,"featured_media":0,"comment_status":"open","ping_status":"open","sticky":false,"template":"","format":"standard","meta":{"site-sidebar-layout":"default","site-content-layout":"","ast-site-content-layout":"default","site-content-style":"default","site-sidebar-style":"default","ast-global-header-display":"","ast-banner-title-visibility":"","ast-main-header-display":"","ast-hfb-above-header-display":"","ast-hfb-below-header-display":"","ast-hfb-mobile-header-display":"","site-post-title":"","ast-breadcrumbs-content":"","ast-featured-img":"","footer-sml-layout":"","ast-disable-related-posts":"","theme-transparent-header-meta":"","adv-header-id-meta":"","stick-header-meta":"","header-above-stick-meta":"","header-main-stick-meta":"","header-below-stick-meta":"","astra-migrate-meta-layouts":"default","ast-page-background-enabled":"default","ast-page-background-meta":{"desktop":{"background-color":"var(--ast-global-color-5)","background-image":"","background-repeat":"repeat","background-position":"center center","background-size":"auto","background-attachment":"scroll","background-type":"","background-media":"","overlay-type":"","overlay-color":"","overlay-opacity":"","overlay-gradient":""},"tablet":{"background-color":"","background-image":"","background-repeat":"repeat","background-position":"center center","background-size":"auto","background-attachment":"scroll","background-type":"","background-media":"","overlay-type":"","overlay-color":"","overlay-opacity":"","overlay-gradient":""},"mobile":{"background-color":"","background-image":"","background-repeat":"repeat","background-position":"center center","background-size":"auto","background-attachment":"scroll","background-type":"","background-media":"","overlay-type":"","overlay-color":"","overlay-opacity":"","overlay-gradient":""}},"ast-content-background-meta":{"desktop":{"background-color":"var(--ast-global-color-4)","background-image":"","background-repeat":"repeat","background-position":"center center","background-size":"auto","background-attachment":"scroll","background-type":"","background-media":"","overlay-type":"","overlay-color":"","overlay-opacity":"","overlay-gradient":""},"tablet":{"background-color":"var(--ast-global-color-4)","background-image":"","background-repeat":"repeat","background-position":"center center","background-size":"auto","background-attachment":"scroll","background-type":"","background-media":"","overlay-type":"","overlay-color":"","overlay-opacity":"","overlay-gradient":""},"mobile":{"background-color":"var(--ast-global-color-4)","background-image":"","background-repeat":"repeat","background-position":"center center","background-size":"auto","background-attachment":"scroll","background-type":"","background-media":"","overlay-type":"","overlay-color":"","overlay-opacity":"","overlay-gradient":""}},"footnotes":""},"categories":[1],"tags":[],"class_list":["post-19872","post","type-post","status-publish","format-standard","hentry","category-sem-categoria"],"yoast_head":"<!-- This site is optimized with the Yoast SEO plugin v26.6 - https:\/\/yoast.com\/wordpress\/plugins\/seo\/ -->\n<title>Fl\u00e1vio Dino anuncia nomes para Emap e PGE - Daniel Matos<\/title>\n<meta name=\"robots\" content=\"index, follow, max-snippet:-1, max-image-preview:large, max-video-preview:-1\" \/>\n<link rel=\"canonical\" href=\"https:\/\/www.blogsoestado.com\/danielmatos\/flavio-dino-anuncia-nomes-para-emap-e-pge\/\" \/>\n<meta property=\"og:locale\" content=\"pt_BR\" \/>\n<meta property=\"og:type\" content=\"article\" \/>\n<meta property=\"og:title\" content=\"Fl\u00e1vio Dino anuncia nomes para Emap e PGE - Daniel Matos\" \/>\n<meta property=\"og:description\" content=\"O governador eleito Fl\u00e1vio Dino (PCdoB) anunciou hoje, nas redes sociais, mais dois nomes da sua equipe de auxiliares. Depois [&hellip;]\" \/>\n<meta property=\"og:url\" content=\"https:\/\/www.blogsoestado.com\/danielmatos\/flavio-dino-anuncia-nomes-para-emap-e-pge\/\" \/>\n<meta property=\"og:site_name\" content=\"Daniel Matos\" \/>\n<meta property=\"article:published_time\" content=\"2014-10-13T19:55:25+00:00\" \/>\n<meta property=\"og:image\" content=\"https:\/\/www.blogsoestado.com\/danielmatos\/files\/2014\/10\/ted-lago.jpg\" \/>\n<meta name=\"twitter:card\" content=\"summary_large_image\" \/>\n<meta name=\"twitter:label1\" content=\"Est. tempo de leitura\" \/>\n\t<meta name=\"twitter:data1\" content=\"2 minutos\" \/>\n<script type=\"application\/ld+json\" class=\"yoast-schema-graph\">{\"@context\":\"https:\/\/schema.org\",\"@graph\":[{\"@type\":\"WebPage\",\"@id\":\"https:\/\/www.blogsoestado.com\/danielmatos\/flavio-dino-anuncia-nomes-para-emap-e-pge\/\",\"url\":\"https:\/\/www.blogsoestado.com\/danielmatos\/flavio-dino-anuncia-nomes-para-emap-e-pge\/\",\"name\":\"Fl\u00e1vio Dino anuncia nomes para Emap e PGE - Daniel Matos\",\"isPartOf\":{\"@id\":\"https:\/\/www.blogsoestado.com\/danielmatos\/#website\"},\"primaryImageOfPage\":{\"@id\":\"https:\/\/www.blogsoestado.com\/danielmatos\/flavio-dino-anuncia-nomes-para-emap-e-pge\/#primaryimage\"},\"image\":{\"@id\":\"https:\/\/www.blogsoestado.com\/danielmatos\/flavio-dino-anuncia-nomes-para-emap-e-pge\/#primaryimage\"},\"thumbnailUrl\":\"https:\/\/www.blogsoestado.com\/danielmatos\/files\/2014\/10\/ted-lago.jpg\",\"datePublished\":\"2014-10-13T19:55:25+00:00\",\"author\":{\"@id\":\"\"},\"breadcrumb\":{\"@id\":\"https:\/\/www.blogsoestado.com\/danielmatos\/flavio-dino-anuncia-nomes-para-emap-e-pge\/#breadcrumb\"},\"inLanguage\":\"pt-BR\",\"potentialAction\":[{\"@type\":\"ReadAction\",\"target\":[\"https:\/\/www.blogsoestado.com\/danielmatos\/flavio-dino-anuncia-nomes-para-emap-e-pge\/\"]}]},{\"@type\":\"ImageObject\",\"inLanguage\":\"pt-BR\",\"@id\":\"https:\/\/www.blogsoestado.com\/danielmatos\/flavio-dino-anuncia-nomes-para-emap-e-pge\/#primaryimage\",\"url\":\"https:\/\/www.blogsoestado.com\/danielmatos\/files\/2014\/10\/ted-lago.jpg\",\"contentUrl\":\"https:\/\/www.blogsoestado.com\/danielmatos\/files\/2014\/10\/ted-lago.jpg\"},{\"@type\":\"BreadcrumbList\",\"@id\":\"https:\/\/www.blogsoestado.com\/danielmatos\/flavio-dino-anuncia-nomes-para-emap-e-pge\/#breadcrumb\",\"itemListElement\":[{\"@type\":\"ListItem\",\"position\":1,\"name\":\"In\u00edcio\",\"item\":\"https:\/\/www.blogsoestado.com\/danielmatos\/\"},{\"@type\":\"ListItem\",\"position\":2,\"name\":\"Fl\u00e1vio Dino anuncia nomes para Emap e PGE\"}]},{\"@type\":\"WebSite\",\"@id\":\"https:\/\/www.blogsoestado.com\/danielmatos\/#website\",\"url\":\"https:\/\/www.blogsoestado.com\/danielmatos\/\",\"name\":\"Daniel Matos\",\"description\":\"\",\"potentialAction\":[{\"@type\":\"SearchAction\",\"target\":{\"@type\":\"EntryPoint\",\"urlTemplate\":\"https:\/\/www.blogsoestado.com\/danielmatos\/?s={search_term_string}\"},\"query-input\":{\"@type\":\"PropertyValueSpecification\",\"valueRequired\":true,\"valueName\":\"search_term_string\"}}],\"inLanguage\":\"pt-BR\"}]}<\/script>\n<!-- \/ Yoast SEO plugin. -->","yoast_head_json":{"title":"Fl\u00e1vio Dino anuncia nomes para Emap e PGE - Daniel Matos","robots":{"index":"index","follow":"follow","max-snippet":"max-snippet:-1","max-image-preview":"max-image-preview:large","max-video-preview":"max-video-preview:-1"},"canonical":"https:\/\/www.blogsoestado.com\/danielmatos\/flavio-dino-anuncia-nomes-para-emap-e-pge\/","og_locale":"pt_BR","og_type":"article","og_title":"Fl\u00e1vio Dino anuncia nomes para Emap e PGE - Daniel Matos","og_description":"O governador eleito Fl\u00e1vio Dino (PCdoB) anunciou hoje, nas redes sociais, mais dois nomes da sua equipe de auxiliares. Depois [&hellip;]","og_url":"https:\/\/www.blogsoestado.com\/danielmatos\/flavio-dino-anuncia-nomes-para-emap-e-pge\/","og_site_name":"Daniel Matos","article_published_time":"2014-10-13T19:55:25+00:00","og_image":[{"url":"https:\/\/www.blogsoestado.com\/danielmatos\/files\/2014\/10\/ted-lago.jpg","type":"","width":"","height":""}],"twitter_card":"summary_large_image","twitter_misc":{"Est. tempo de leitura":"2 minutos"},"schema":{"@context":"https:\/\/schema.org","@graph":[{"@type":"WebPage","@id":"https:\/\/www.blogsoestado.com\/danielmatos\/flavio-dino-anuncia-nomes-para-emap-e-pge\/","url":"https:\/\/www.blogsoestado.com\/danielmatos\/flavio-dino-anuncia-nomes-para-emap-e-pge\/","name":"Fl\u00e1vio Dino anuncia nomes para Emap e PGE - Daniel Matos","isPartOf":{"@id":"https:\/\/www.blogsoestado.com\/danielmatos\/#website"},"primaryImageOfPage":{"@id":"https:\/\/www.blogsoestado.com\/danielmatos\/flavio-dino-anuncia-nomes-para-emap-e-pge\/#primaryimage"},"image":{"@id":"https:\/\/www.blogsoestado.com\/danielmatos\/flavio-dino-anuncia-nomes-para-emap-e-pge\/#primaryimage"},"thumbnailUrl":"https:\/\/www.blogsoestado.com\/danielmatos\/files\/2014\/10\/ted-lago.jpg","datePublished":"2014-10-13T19:55:25+00:00","author":{"@id":""},"breadcrumb":{"@id":"https:\/\/www.blogsoestado.com\/danielmatos\/flavio-dino-anuncia-nomes-para-emap-e-pge\/#breadcrumb"},"inLanguage":"pt-BR","potentialAction":[{"@type":"ReadAction","target":["https:\/\/www.blogsoestado.com\/danielmatos\/flavio-dino-anuncia-nomes-para-emap-e-pge\/"]}]},{"@type":"ImageObject","inLanguage":"pt-BR","@id":"https:\/\/www.blogsoestado.com\/danielmatos\/flavio-dino-anuncia-nomes-para-emap-e-pge\/#primaryimage","url":"https:\/\/www.blogsoestado.com\/danielmatos\/files\/2014\/10\/ted-lago.jpg","contentUrl":"https:\/\/www.blogsoestado.com\/danielmatos\/files\/2014\/10\/ted-lago.jpg"},{"@type":"BreadcrumbList","@id":"https:\/\/www.blogsoestado.com\/danielmatos\/flavio-dino-anuncia-nomes-para-emap-e-pge\/#breadcrumb","itemListElement":[{"@type":"ListItem","position":1,"name":"In\u00edcio","item":"https:\/\/www.blogsoestado.com\/danielmatos\/"},{"@type":"ListItem","position":2,"name":"Fl\u00e1vio Dino anuncia nomes para Emap e PGE"}]},{"@type":"WebSite","@id":"https:\/\/www.blogsoestado.com\/danielmatos\/#website","url":"https:\/\/www.blogsoestado.com\/danielmatos\/","name":"Daniel Matos","description":"","potentialAction":[{"@type":"SearchAction","target":{"@type":"EntryPoint","urlTemplate":"https:\/\/www.blogsoestado.com\/danielmatos\/?s={search_term_string}"},"query-input":{"@type":"PropertyValueSpecification","valueRequired":true,"valueName":"search_term_string"}}],"inLanguage":"pt-BR"}]}},"jetpack_featured_media_url":"","_links":{"self":[{"href":"https:\/\/www.blogsoestado.com\/danielmatos\/wp-json\/wp\/v2\/posts\/19872","targetHints":{"allow":["GET"]}}],"collection":[{"href":"https:\/\/www.blogsoestado.com\/danielmatos\/wp-json\/wp\/v2\/posts"}],"about":[{"href":"https:\/\/www.blogsoestado.com\/danielmatos\/wp-json\/wp\/v2\/types\/post"}],"replies":[{"embeddable":true,"href":"https:\/\/www.blogsoestado.com\/danielmatos\/wp-json\/wp\/v2\/comments?post=19872"}],"version-history":[{"count":0,"href":"https:\/\/www.blogsoestado.com\/danielmatos\/wp-json\/wp\/v2\/posts\/19872\/revisions"}],"wp:attachment":[{"href":"https:\/\/www.blogsoestado.com\/danielmatos\/wp-json\/wp\/v2\/media?parent=19872"}],"wp:term":[{"taxonomy":"category","embeddable":true,"href":"https:\/\/www.blogsoestado.com\/danielmatos\/wp-json\/wp\/v2\/categories?post=19872"},{"taxonomy":"post_tag","embeddable":true,"href":"https:\/\/www.blogsoestado.com\/danielmatos\/wp-json\/wp\/v2\/tags?post=19872"}],"curies":[{"name":"wp","href":"https:\/\/api.w.org\/{rel}","templated":true}]}}