{"id":19898,"date":"2014-10-15T07:53:19","date_gmt":"2014-10-15T10:53:19","guid":{"rendered":"https:\/\/www.blogsoestado.com\/danielmatos\/?p=19898"},"modified":"2014-10-15T07:53:19","modified_gmt":"2014-10-15T10:53:19","slug":"edivaldo-garante-aposentadoria-para-mais-de-100-professores-municipais","status":"publish","type":"post","link":"https:\/\/www.blogsoestado.com\/danielmatos\/edivaldo-garante-aposentadoria-para-mais-de-100-professores-municipais\/","title":{"rendered":"Edivaldo garante aposentadoria para mais de 100 professores municipais"},"content":{"rendered":"<p>Como parte das a\u00e7\u00f5es da atual gest\u00e3o em prol da valoriza\u00e7\u00e3o dos servidores e integrando as homenagens por ocasi\u00e3o do Dia do Professor, o prefeito Edivaldo garantiu a aposentadoria de 126 docentes da rede municipal de ensino. O decreto que regulamenta a a\u00e7\u00e3o foi assinado na tarde desta ter\u00e7a-feira (14).<\/p>\n<p>\u201cPor meio desta a\u00e7\u00e3o, cumprimos mais um compromisso com os nossos servidores e com a popula\u00e7\u00e3o de nossa cidade em geral: o de instituir e manter a celeridade nos processos administrativos, finalizando pend\u00eancias e garantindo, neste caso, os direitos dos nossos professores e professoras\u201d, disse o prefeito Edivaldo.<\/p>\n<p>As aposentadorias oficializadas pela Prefeitura nesta semana eram um anseio da classe e s\u00e3o a primeira parte de um conjunto de cerca de 400 processos que dever\u00e3o ser homologados nas pr\u00f3ximas semanas. O secret\u00e1rio municipal de Educa\u00e7\u00e3o, Geraldo Castro Sobrinho, lembrou que a a\u00e7\u00e3o \u00e9 fruto do trabalho conjunto das pastas de Educa\u00e7\u00e3o (Semed), Administra\u00e7\u00e3o (Semad), Governo (Semgov), Instituto de Previd\u00eancia e Assist\u00eancia do Munic\u00edpio (Ipam) e Procuradoria Geral do Munic\u00edpio (PGM), que promoveram a avalia\u00e7\u00e3o e revis\u00e3o de todos os processos.<\/p>\n<p>\u201cFoi um esfor\u00e7o conjunto, dentro da perspectiva defendida pelo prefeito Edivaldo de valorizar os servidores p\u00fablicos. Agrade\u00e7o imensamente o esfor\u00e7o em prol dos colegas professores\u201d, disse Castro. O titular da pasta de Educa\u00e7\u00e3o agradeceu ainda a parceria do Minist\u00e9rio P\u00fablico, pela media\u00e7\u00e3o e acompanhamento dos processos. \u201cO trabalho conciliador da promotora de Justi\u00e7a Luciane Belo foi de fundamental import\u00e2ncia para este bom resultado que agora celebramos\u201d, frisou.<\/p>\n<p>Ao longo da atual gest\u00e3o, a Prefeitura de S\u00e3o Lu\u00eds tem promovido diversas a\u00e7\u00f5es de valoriza\u00e7\u00e3o do servidor, como a implanta\u00e7\u00e3o do ter\u00e7o de hora-atividade. Isso significa que o professor tem direito de usar um ter\u00e7o de sua carga hor\u00e1ria para atividades extraclasse, como o planejamento de aulas, corre\u00e7\u00e3o de provas ou cursos de aprimoramento profissional.<\/p>\n<p><strong>Fonte:<\/strong> Secretaria Municipal de Comunica\u00e7\u00e3o (Secom)<\/p>\n","protected":false},"excerpt":{"rendered":"<p>Como parte das a\u00e7\u00f5es da atual gest\u00e3o em prol da valoriza\u00e7\u00e3o dos servidores e integrando as homenagens por ocasi\u00e3o do [&hellip;]<\/p>\n","protected":false},"author":0,"featured_media":0,"comment_status":"open","ping_status":"open","sticky":false,"template":"","format":"standard","meta":{"site-sidebar-layout":"default","site-content-layout":"","ast-site-content-layout":"default","site-content-style":"default","site-sidebar-style":"default","ast-global-header-display":"","ast-banner-title-visibility":"","ast-main-header-display":"","ast-hfb-above-header-display":"","ast-hfb-below-header-display":"","ast-hfb-mobile-header-display":"","site-post-title":"","ast-breadcrumbs-content":"","ast-featured-img":"","footer-sml-layout":"","ast-disable-related-posts":"","theme-transparent-header-meta":"","adv-header-id-meta":"","stick-header-meta":"","header-above-stick-meta":"","header-main-stick-meta":"","header-below-stick-meta":"","astra-migrate-meta-layouts":"default","ast-page-background-enabled":"default","ast-page-background-meta":{"desktop":{"background-color":"var(--ast-global-color-5)","background-image":"","background-repeat":"repeat","background-position":"center center","background-size":"auto","background-attachment":"scroll","background-type":"","background-media":"","overlay-type":"","overlay-color":"","overlay-opacity":"","overlay-gradient":""},"tablet":{"background-color":"","background-image":"","background-repeat":"repeat","background-position":"center center","background-size":"auto","background-attachment":"scroll","background-type":"","background-media":"","overlay-type":"","overlay-color":"","overlay-opacity":"","overlay-gradient":""},"mobile":{"background-color":"","background-image":"","background-repeat":"repeat","background-position":"center center","background-size":"auto","background-attachment":"scroll","background-type":"","background-media":"","overlay-type":"","overlay-color":"","overlay-opacity":"","overlay-gradient":""}},"ast-content-background-meta":{"desktop":{"background-color":"var(--ast-global-color-4)","background-image":"","background-repeat":"repeat","background-position":"center center","background-size":"auto","background-attachment":"scroll","background-type":"","background-media":"","overlay-type":"","overlay-color":"","overlay-opacity":"","overlay-gradient":""},"tablet":{"background-color":"var(--ast-global-color-4)","background-image":"","background-repeat":"repeat","background-position":"center center","background-size":"auto","background-attachment":"scroll","background-type":"","background-media":"","overlay-type":"","overlay-color":"","overlay-opacity":"","overlay-gradient":""},"mobile":{"background-color":"var(--ast-global-color-4)","background-image":"","background-repeat":"repeat","background-position":"center center","background-size":"auto","background-attachment":"scroll","background-type":"","background-media":"","overlay-type":"","overlay-color":"","overlay-opacity":"","overlay-gradient":""}},"footnotes":""},"categories":[1],"tags":[],"class_list":["post-19898","post","type-post","status-publish","format-standard","hentry","category-sem-categoria"],"yoast_head":"<!-- This site is optimized with the Yoast SEO plugin v26.6 - https:\/\/yoast.com\/wordpress\/plugins\/seo\/ -->\n<title>Edivaldo garante aposentadoria para mais de 100 professores municipais - Daniel Matos<\/title>\n<meta name=\"robots\" content=\"index, follow, max-snippet:-1, max-image-preview:large, max-video-preview:-1\" \/>\n<link rel=\"canonical\" href=\"https:\/\/www.blogsoestado.com\/danielmatos\/edivaldo-garante-aposentadoria-para-mais-de-100-professores-municipais\/\" \/>\n<meta property=\"og:locale\" content=\"pt_BR\" \/>\n<meta property=\"og:type\" content=\"article\" \/>\n<meta property=\"og:title\" content=\"Edivaldo garante aposentadoria para mais de 100 professores municipais - Daniel Matos\" \/>\n<meta property=\"og:description\" content=\"Como parte das a\u00e7\u00f5es da atual gest\u00e3o em prol da valoriza\u00e7\u00e3o dos servidores e integrando as homenagens por ocasi\u00e3o do [&hellip;]\" \/>\n<meta property=\"og:url\" content=\"https:\/\/www.blogsoestado.com\/danielmatos\/edivaldo-garante-aposentadoria-para-mais-de-100-professores-municipais\/\" \/>\n<meta property=\"og:site_name\" content=\"Daniel Matos\" \/>\n<meta property=\"article:published_time\" content=\"2014-10-15T10:53:19+00:00\" \/>\n<meta name=\"twitter:card\" content=\"summary_large_image\" \/>\n<meta name=\"twitter:label1\" content=\"Est. tempo de leitura\" \/>\n\t<meta name=\"twitter:data1\" content=\"2 minutos\" \/>\n<script type=\"application\/ld+json\" class=\"yoast-schema-graph\">{\"@context\":\"https:\/\/schema.org\",\"@graph\":[{\"@type\":\"WebPage\",\"@id\":\"https:\/\/www.blogsoestado.com\/danielmatos\/edivaldo-garante-aposentadoria-para-mais-de-100-professores-municipais\/\",\"url\":\"https:\/\/www.blogsoestado.com\/danielmatos\/edivaldo-garante-aposentadoria-para-mais-de-100-professores-municipais\/\",\"name\":\"Edivaldo garante aposentadoria para mais de 100 professores municipais - Daniel Matos\",\"isPartOf\":{\"@id\":\"https:\/\/www.blogsoestado.com\/danielmatos\/#website\"},\"datePublished\":\"2014-10-15T10:53:19+00:00\",\"author\":{\"@id\":\"\"},\"breadcrumb\":{\"@id\":\"https:\/\/www.blogsoestado.com\/danielmatos\/edivaldo-garante-aposentadoria-para-mais-de-100-professores-municipais\/#breadcrumb\"},\"inLanguage\":\"pt-BR\",\"potentialAction\":[{\"@type\":\"ReadAction\",\"target\":[\"https:\/\/www.blogsoestado.com\/danielmatos\/edivaldo-garante-aposentadoria-para-mais-de-100-professores-municipais\/\"]}]},{\"@type\":\"BreadcrumbList\",\"@id\":\"https:\/\/www.blogsoestado.com\/danielmatos\/edivaldo-garante-aposentadoria-para-mais-de-100-professores-municipais\/#breadcrumb\",\"itemListElement\":[{\"@type\":\"ListItem\",\"position\":1,\"name\":\"In\u00edcio\",\"item\":\"https:\/\/www.blogsoestado.com\/danielmatos\/\"},{\"@type\":\"ListItem\",\"position\":2,\"name\":\"Edivaldo garante aposentadoria para mais de 100 professores municipais\"}]},{\"@type\":\"WebSite\",\"@id\":\"https:\/\/www.blogsoestado.com\/danielmatos\/#website\",\"url\":\"https:\/\/www.blogsoestado.com\/danielmatos\/\",\"name\":\"Daniel Matos\",\"description\":\"\",\"potentialAction\":[{\"@type\":\"SearchAction\",\"target\":{\"@type\":\"EntryPoint\",\"urlTemplate\":\"https:\/\/www.blogsoestado.com\/danielmatos\/?s={search_term_string}\"},\"query-input\":{\"@type\":\"PropertyValueSpecification\",\"valueRequired\":true,\"valueName\":\"search_term_string\"}}],\"inLanguage\":\"pt-BR\"}]}<\/script>\n<!-- \/ Yoast SEO plugin. -->","yoast_head_json":{"title":"Edivaldo garante aposentadoria para mais de 100 professores municipais - Daniel Matos","robots":{"index":"index","follow":"follow","max-snippet":"max-snippet:-1","max-image-preview":"max-image-preview:large","max-video-preview":"max-video-preview:-1"},"canonical":"https:\/\/www.blogsoestado.com\/danielmatos\/edivaldo-garante-aposentadoria-para-mais-de-100-professores-municipais\/","og_locale":"pt_BR","og_type":"article","og_title":"Edivaldo garante aposentadoria para mais de 100 professores municipais - Daniel Matos","og_description":"Como parte das a\u00e7\u00f5es da atual gest\u00e3o em prol da valoriza\u00e7\u00e3o dos servidores e integrando as homenagens por ocasi\u00e3o do [&hellip;]","og_url":"https:\/\/www.blogsoestado.com\/danielmatos\/edivaldo-garante-aposentadoria-para-mais-de-100-professores-municipais\/","og_site_name":"Daniel Matos","article_published_time":"2014-10-15T10:53:19+00:00","twitter_card":"summary_large_image","twitter_misc":{"Est. tempo de leitura":"2 minutos"},"schema":{"@context":"https:\/\/schema.org","@graph":[{"@type":"WebPage","@id":"https:\/\/www.blogsoestado.com\/danielmatos\/edivaldo-garante-aposentadoria-para-mais-de-100-professores-municipais\/","url":"https:\/\/www.blogsoestado.com\/danielmatos\/edivaldo-garante-aposentadoria-para-mais-de-100-professores-municipais\/","name":"Edivaldo garante aposentadoria para mais de 100 professores municipais - Daniel Matos","isPartOf":{"@id":"https:\/\/www.blogsoestado.com\/danielmatos\/#website"},"datePublished":"2014-10-15T10:53:19+00:00","author":{"@id":""},"breadcrumb":{"@id":"https:\/\/www.blogsoestado.com\/danielmatos\/edivaldo-garante-aposentadoria-para-mais-de-100-professores-municipais\/#breadcrumb"},"inLanguage":"pt-BR","potentialAction":[{"@type":"ReadAction","target":["https:\/\/www.blogsoestado.com\/danielmatos\/edivaldo-garante-aposentadoria-para-mais-de-100-professores-municipais\/"]}]},{"@type":"BreadcrumbList","@id":"https:\/\/www.blogsoestado.com\/danielmatos\/edivaldo-garante-aposentadoria-para-mais-de-100-professores-municipais\/#breadcrumb","itemListElement":[{"@type":"ListItem","position":1,"name":"In\u00edcio","item":"https:\/\/www.blogsoestado.com\/danielmatos\/"},{"@type":"ListItem","position":2,"name":"Edivaldo garante aposentadoria para mais de 100 professores municipais"}]},{"@type":"WebSite","@id":"https:\/\/www.blogsoestado.com\/danielmatos\/#website","url":"https:\/\/www.blogsoestado.com\/danielmatos\/","name":"Daniel Matos","description":"","potentialAction":[{"@type":"SearchAction","target":{"@type":"EntryPoint","urlTemplate":"https:\/\/www.blogsoestado.com\/danielmatos\/?s={search_term_string}"},"query-input":{"@type":"PropertyValueSpecification","valueRequired":true,"valueName":"search_term_string"}}],"inLanguage":"pt-BR"}]}},"jetpack_featured_media_url":"","_links":{"self":[{"href":"https:\/\/www.blogsoestado.com\/danielmatos\/wp-json\/wp\/v2\/posts\/19898","targetHints":{"allow":["GET"]}}],"collection":[{"href":"https:\/\/www.blogsoestado.com\/danielmatos\/wp-json\/wp\/v2\/posts"}],"about":[{"href":"https:\/\/www.blogsoestado.com\/danielmatos\/wp-json\/wp\/v2\/types\/post"}],"replies":[{"embeddable":true,"href":"https:\/\/www.blogsoestado.com\/danielmatos\/wp-json\/wp\/v2\/comments?post=19898"}],"version-history":[{"count":0,"href":"https:\/\/www.blogsoestado.com\/danielmatos\/wp-json\/wp\/v2\/posts\/19898\/revisions"}],"wp:attachment":[{"href":"https:\/\/www.blogsoestado.com\/danielmatos\/wp-json\/wp\/v2\/media?parent=19898"}],"wp:term":[{"taxonomy":"category","embeddable":true,"href":"https:\/\/www.blogsoestado.com\/danielmatos\/wp-json\/wp\/v2\/categories?post=19898"},{"taxonomy":"post_tag","embeddable":true,"href":"https:\/\/www.blogsoestado.com\/danielmatos\/wp-json\/wp\/v2\/tags?post=19898"}],"curies":[{"name":"wp","href":"https:\/\/api.w.org\/{rel}","templated":true}]}}