{"id":19901,"date":"2014-10-15T08:18:37","date_gmt":"2014-10-15T11:18:37","guid":{"rendered":"https:\/\/www.blogsoestado.com\/danielmatos\/?p=19901"},"modified":"2014-10-15T08:18:37","modified_gmt":"2014-10-15T11:18:37","slug":"banda-calypso-cancela-show-em-bom-jesus-das-selvas","status":"publish","type":"post","link":"https:\/\/www.blogsoestado.com\/danielmatos\/banda-calypso-cancela-show-em-bom-jesus-das-selvas\/","title":{"rendered":"Banda Calypso cancela show em Bom Jesus das Selvas"},"content":{"rendered":"<p><a href=\"https:\/\/www.blogsoestado.com\/danielmatos\/files\/2014\/10\/calypso.jpg\"><img fetchpriority=\"high\" decoding=\"async\" class=\"alignright size-full wp-image-19902\" src=\"https:\/\/www.blogsoestado.com\/danielmatos\/files\/2014\/10\/calypso.jpg\" alt=\"calypso\" width=\"359\" height=\"336\" \/><\/a>A Power Promo\u00e7\u00f5es Art\u00edsticas, representante exclusiva da banda Calypso, e a Great Assessoria, respons\u00e1vel pela assessoria de imprensa dos artistas, comunicam que o show da banda, marcado para o dia 17 de outubro, no Gin\u00e1sio de Esportes, na cidade de Bom Jesus das Silvas (MA), foi cancelado devido ao n\u00e3o cumprimento das cl\u00e1usulas contratuais por parte do contratante.<\/p>\n<p>Vale ressaltar que a banda Calypso, em respeito aos f\u00e3s, jamais deixaria de comparecer a um evento previamente agendado.<\/p>\n<p>Os artistas lamentam profundamente o ocorrido e esperam, em breve, estar junto a seus f\u00e3s da cidade de Bom Jesus das Silvas e de toda a regi\u00e3o.<\/p>\n<p>Para informa\u00e7\u00f5es \u00e0\u00a0imprensa, entre em contato com a Great Assessoria (11) 5051-2400.<\/p>\n","protected":false},"excerpt":{"rendered":"<p>A Power Promo\u00e7\u00f5es Art\u00edsticas, representante exclusiva da banda Calypso, e a Great Assessoria, respons\u00e1vel pela assessoria de imprensa dos artistas, [&hellip;]<\/p>\n","protected":false},"author":0,"featured_media":0,"comment_status":"open","ping_status":"open","sticky":false,"template":"","format":"standard","meta":{"site-sidebar-layout":"default","site-content-layout":"","ast-site-content-layout":"default","site-content-style":"default","site-sidebar-style":"default","ast-global-header-display":"","ast-banner-title-visibility":"","ast-main-header-display":"","ast-hfb-above-header-display":"","ast-hfb-below-header-display":"","ast-hfb-mobile-header-display":"","site-post-title":"","ast-breadcrumbs-content":"","ast-featured-img":"","footer-sml-layout":"","ast-disable-related-posts":"","theme-transparent-header-meta":"","adv-header-id-meta":"","stick-header-meta":"","header-above-stick-meta":"","header-main-stick-meta":"","header-below-stick-meta":"","astra-migrate-meta-layouts":"default","ast-page-background-enabled":"default","ast-page-background-meta":{"desktop":{"background-color":"var(--ast-global-color-5)","background-image":"","background-repeat":"repeat","background-position":"center center","background-size":"auto","background-attachment":"scroll","background-type":"","background-media":"","overlay-type":"","overlay-color":"","overlay-opacity":"","overlay-gradient":""},"tablet":{"background-color":"","background-image":"","background-repeat":"repeat","background-position":"center center","background-size":"auto","background-attachment":"scroll","background-type":"","background-media":"","overlay-type":"","overlay-color":"","overlay-opacity":"","overlay-gradient":""},"mobile":{"background-color":"","background-image":"","background-repeat":"repeat","background-position":"center center","background-size":"auto","background-attachment":"scroll","background-type":"","background-media":"","overlay-type":"","overlay-color":"","overlay-opacity":"","overlay-gradient":""}},"ast-content-background-meta":{"desktop":{"background-color":"var(--ast-global-color-4)","background-image":"","background-repeat":"repeat","background-position":"center center","background-size":"auto","background-attachment":"scroll","background-type":"","background-media":"","overlay-type":"","overlay-color":"","overlay-opacity":"","overlay-gradient":""},"tablet":{"background-color":"var(--ast-global-color-4)","background-image":"","background-repeat":"repeat","background-position":"center center","background-size":"auto","background-attachment":"scroll","background-type":"","background-media":"","overlay-type":"","overlay-color":"","overlay-opacity":"","overlay-gradient":""},"mobile":{"background-color":"var(--ast-global-color-4)","background-image":"","background-repeat":"repeat","background-position":"center center","background-size":"auto","background-attachment":"scroll","background-type":"","background-media":"","overlay-type":"","overlay-color":"","overlay-opacity":"","overlay-gradient":""}},"footnotes":""},"categories":[1],"tags":[],"class_list":["post-19901","post","type-post","status-publish","format-standard","hentry","category-sem-categoria"],"yoast_head":"<!-- This site is optimized with the Yoast SEO plugin v26.6 - https:\/\/yoast.com\/wordpress\/plugins\/seo\/ -->\n<title>Banda Calypso cancela show em Bom Jesus das Selvas - Daniel Matos<\/title>\n<meta name=\"robots\" content=\"index, follow, max-snippet:-1, max-image-preview:large, max-video-preview:-1\" \/>\n<link rel=\"canonical\" href=\"https:\/\/www.blogsoestado.com\/danielmatos\/banda-calypso-cancela-show-em-bom-jesus-das-selvas\/\" \/>\n<meta property=\"og:locale\" content=\"pt_BR\" \/>\n<meta property=\"og:type\" content=\"article\" \/>\n<meta property=\"og:title\" content=\"Banda Calypso cancela show em Bom Jesus das Selvas - Daniel Matos\" \/>\n<meta property=\"og:description\" content=\"A Power Promo\u00e7\u00f5es Art\u00edsticas, representante exclusiva da banda Calypso, e a Great Assessoria, respons\u00e1vel pela assessoria de imprensa dos artistas, [&hellip;]\" \/>\n<meta property=\"og:url\" content=\"https:\/\/www.blogsoestado.com\/danielmatos\/banda-calypso-cancela-show-em-bom-jesus-das-selvas\/\" \/>\n<meta property=\"og:site_name\" content=\"Daniel Matos\" \/>\n<meta property=\"article:published_time\" content=\"2014-10-15T11:18:37+00:00\" \/>\n<meta property=\"og:image\" content=\"https:\/\/www.blogsoestado.com\/danielmatos\/files\/2014\/10\/calypso.jpg\" \/>\n<meta name=\"twitter:card\" content=\"summary_large_image\" \/>\n<meta name=\"twitter:label1\" content=\"Est. tempo de leitura\" \/>\n\t<meta name=\"twitter:data1\" content=\"1 minuto\" \/>\n<script type=\"application\/ld+json\" class=\"yoast-schema-graph\">{\"@context\":\"https:\/\/schema.org\",\"@graph\":[{\"@type\":\"WebPage\",\"@id\":\"https:\/\/www.blogsoestado.com\/danielmatos\/banda-calypso-cancela-show-em-bom-jesus-das-selvas\/\",\"url\":\"https:\/\/www.blogsoestado.com\/danielmatos\/banda-calypso-cancela-show-em-bom-jesus-das-selvas\/\",\"name\":\"Banda Calypso cancela show em Bom Jesus das Selvas - Daniel Matos\",\"isPartOf\":{\"@id\":\"https:\/\/www.blogsoestado.com\/danielmatos\/#website\"},\"primaryImageOfPage\":{\"@id\":\"https:\/\/www.blogsoestado.com\/danielmatos\/banda-calypso-cancela-show-em-bom-jesus-das-selvas\/#primaryimage\"},\"image\":{\"@id\":\"https:\/\/www.blogsoestado.com\/danielmatos\/banda-calypso-cancela-show-em-bom-jesus-das-selvas\/#primaryimage\"},\"thumbnailUrl\":\"https:\/\/www.blogsoestado.com\/danielmatos\/files\/2014\/10\/calypso.jpg\",\"datePublished\":\"2014-10-15T11:18:37+00:00\",\"author\":{\"@id\":\"\"},\"breadcrumb\":{\"@id\":\"https:\/\/www.blogsoestado.com\/danielmatos\/banda-calypso-cancela-show-em-bom-jesus-das-selvas\/#breadcrumb\"},\"inLanguage\":\"pt-BR\",\"potentialAction\":[{\"@type\":\"ReadAction\",\"target\":[\"https:\/\/www.blogsoestado.com\/danielmatos\/banda-calypso-cancela-show-em-bom-jesus-das-selvas\/\"]}]},{\"@type\":\"ImageObject\",\"inLanguage\":\"pt-BR\",\"@id\":\"https:\/\/www.blogsoestado.com\/danielmatos\/banda-calypso-cancela-show-em-bom-jesus-das-selvas\/#primaryimage\",\"url\":\"https:\/\/www.blogsoestado.com\/danielmatos\/files\/2014\/10\/calypso.jpg\",\"contentUrl\":\"https:\/\/www.blogsoestado.com\/danielmatos\/files\/2014\/10\/calypso.jpg\"},{\"@type\":\"BreadcrumbList\",\"@id\":\"https:\/\/www.blogsoestado.com\/danielmatos\/banda-calypso-cancela-show-em-bom-jesus-das-selvas\/#breadcrumb\",\"itemListElement\":[{\"@type\":\"ListItem\",\"position\":1,\"name\":\"In\u00edcio\",\"item\":\"https:\/\/www.blogsoestado.com\/danielmatos\/\"},{\"@type\":\"ListItem\",\"position\":2,\"name\":\"Banda Calypso cancela show em Bom Jesus das Selvas\"}]},{\"@type\":\"WebSite\",\"@id\":\"https:\/\/www.blogsoestado.com\/danielmatos\/#website\",\"url\":\"https:\/\/www.blogsoestado.com\/danielmatos\/\",\"name\":\"Daniel Matos\",\"description\":\"\",\"potentialAction\":[{\"@type\":\"SearchAction\",\"target\":{\"@type\":\"EntryPoint\",\"urlTemplate\":\"https:\/\/www.blogsoestado.com\/danielmatos\/?s={search_term_string}\"},\"query-input\":{\"@type\":\"PropertyValueSpecification\",\"valueRequired\":true,\"valueName\":\"search_term_string\"}}],\"inLanguage\":\"pt-BR\"}]}<\/script>\n<!-- \/ Yoast SEO plugin. -->","yoast_head_json":{"title":"Banda Calypso cancela show em Bom Jesus das Selvas - Daniel Matos","robots":{"index":"index","follow":"follow","max-snippet":"max-snippet:-1","max-image-preview":"max-image-preview:large","max-video-preview":"max-video-preview:-1"},"canonical":"https:\/\/www.blogsoestado.com\/danielmatos\/banda-calypso-cancela-show-em-bom-jesus-das-selvas\/","og_locale":"pt_BR","og_type":"article","og_title":"Banda Calypso cancela show em Bom Jesus das Selvas - Daniel Matos","og_description":"A Power Promo\u00e7\u00f5es Art\u00edsticas, representante exclusiva da banda Calypso, e a Great Assessoria, respons\u00e1vel pela assessoria de imprensa dos artistas, [&hellip;]","og_url":"https:\/\/www.blogsoestado.com\/danielmatos\/banda-calypso-cancela-show-em-bom-jesus-das-selvas\/","og_site_name":"Daniel Matos","article_published_time":"2014-10-15T11:18:37+00:00","og_image":[{"url":"https:\/\/www.blogsoestado.com\/danielmatos\/files\/2014\/10\/calypso.jpg","type":"","width":"","height":""}],"twitter_card":"summary_large_image","twitter_misc":{"Est. tempo de leitura":"1 minuto"},"schema":{"@context":"https:\/\/schema.org","@graph":[{"@type":"WebPage","@id":"https:\/\/www.blogsoestado.com\/danielmatos\/banda-calypso-cancela-show-em-bom-jesus-das-selvas\/","url":"https:\/\/www.blogsoestado.com\/danielmatos\/banda-calypso-cancela-show-em-bom-jesus-das-selvas\/","name":"Banda Calypso cancela show em Bom Jesus das Selvas - Daniel Matos","isPartOf":{"@id":"https:\/\/www.blogsoestado.com\/danielmatos\/#website"},"primaryImageOfPage":{"@id":"https:\/\/www.blogsoestado.com\/danielmatos\/banda-calypso-cancela-show-em-bom-jesus-das-selvas\/#primaryimage"},"image":{"@id":"https:\/\/www.blogsoestado.com\/danielmatos\/banda-calypso-cancela-show-em-bom-jesus-das-selvas\/#primaryimage"},"thumbnailUrl":"https:\/\/www.blogsoestado.com\/danielmatos\/files\/2014\/10\/calypso.jpg","datePublished":"2014-10-15T11:18:37+00:00","author":{"@id":""},"breadcrumb":{"@id":"https:\/\/www.blogsoestado.com\/danielmatos\/banda-calypso-cancela-show-em-bom-jesus-das-selvas\/#breadcrumb"},"inLanguage":"pt-BR","potentialAction":[{"@type":"ReadAction","target":["https:\/\/www.blogsoestado.com\/danielmatos\/banda-calypso-cancela-show-em-bom-jesus-das-selvas\/"]}]},{"@type":"ImageObject","inLanguage":"pt-BR","@id":"https:\/\/www.blogsoestado.com\/danielmatos\/banda-calypso-cancela-show-em-bom-jesus-das-selvas\/#primaryimage","url":"https:\/\/www.blogsoestado.com\/danielmatos\/files\/2014\/10\/calypso.jpg","contentUrl":"https:\/\/www.blogsoestado.com\/danielmatos\/files\/2014\/10\/calypso.jpg"},{"@type":"BreadcrumbList","@id":"https:\/\/www.blogsoestado.com\/danielmatos\/banda-calypso-cancela-show-em-bom-jesus-das-selvas\/#breadcrumb","itemListElement":[{"@type":"ListItem","position":1,"name":"In\u00edcio","item":"https:\/\/www.blogsoestado.com\/danielmatos\/"},{"@type":"ListItem","position":2,"name":"Banda Calypso cancela show em Bom Jesus das Selvas"}]},{"@type":"WebSite","@id":"https:\/\/www.blogsoestado.com\/danielmatos\/#website","url":"https:\/\/www.blogsoestado.com\/danielmatos\/","name":"Daniel Matos","description":"","potentialAction":[{"@type":"SearchAction","target":{"@type":"EntryPoint","urlTemplate":"https:\/\/www.blogsoestado.com\/danielmatos\/?s={search_term_string}"},"query-input":{"@type":"PropertyValueSpecification","valueRequired":true,"valueName":"search_term_string"}}],"inLanguage":"pt-BR"}]}},"jetpack_featured_media_url":"","_links":{"self":[{"href":"https:\/\/www.blogsoestado.com\/danielmatos\/wp-json\/wp\/v2\/posts\/19901","targetHints":{"allow":["GET"]}}],"collection":[{"href":"https:\/\/www.blogsoestado.com\/danielmatos\/wp-json\/wp\/v2\/posts"}],"about":[{"href":"https:\/\/www.blogsoestado.com\/danielmatos\/wp-json\/wp\/v2\/types\/post"}],"replies":[{"embeddable":true,"href":"https:\/\/www.blogsoestado.com\/danielmatos\/wp-json\/wp\/v2\/comments?post=19901"}],"version-history":[{"count":0,"href":"https:\/\/www.blogsoestado.com\/danielmatos\/wp-json\/wp\/v2\/posts\/19901\/revisions"}],"wp:attachment":[{"href":"https:\/\/www.blogsoestado.com\/danielmatos\/wp-json\/wp\/v2\/media?parent=19901"}],"wp:term":[{"taxonomy":"category","embeddable":true,"href":"https:\/\/www.blogsoestado.com\/danielmatos\/wp-json\/wp\/v2\/categories?post=19901"},{"taxonomy":"post_tag","embeddable":true,"href":"https:\/\/www.blogsoestado.com\/danielmatos\/wp-json\/wp\/v2\/tags?post=19901"}],"curies":[{"name":"wp","href":"https:\/\/api.w.org\/{rel}","templated":true}]}}