{"id":19906,"date":"2014-10-15T11:15:46","date_gmt":"2014-10-15T14:15:46","guid":{"rendered":"https:\/\/www.blogsoestado.com\/danielmatos\/?p=19906"},"modified":"2014-10-15T11:15:46","modified_gmt":"2014-10-15T14:15:46","slug":"professor-valoroso","status":"publish","type":"post","link":"https:\/\/www.blogsoestado.com\/danielmatos\/professor-valoroso\/","title":{"rendered":"Professor valoroso"},"content":{"rendered":"<figure id=\"attachment_19907\" aria-describedby=\"caption-attachment-19907\" style=\"width: 640px\" class=\"wp-caption aligncenter\"><a href=\"https:\/\/www.blogsoestado.com\/danielmatos\/files\/2014\/10\/geraldo-professora.jpg\"><img fetchpriority=\"high\" decoding=\"async\" class=\"size-full wp-image-19907\" src=\"https:\/\/www.blogsoestado.com\/danielmatos\/files\/2014\/10\/geraldo-professora.jpg\" alt=\"Em visita a escola, secret\u00e1rio Geraldo Castro conversa com professora em sala de aula\" width=\"640\" height=\"414\" \/><\/a><figcaption id=\"caption-attachment-19907\" class=\"wp-caption-text\">Em visita a escola municipal, secret\u00e1rio Geraldo Castro Sobrinho conversa com professora em sala de aula<\/figcaption><\/figure>\n<p>O Dia do Professor, celebrado hoje, \u00e9 uma data prop\u00edcia \u00e0 reflex\u00e3o\u00a0sobre o papel e as condi\u00e7\u00f5es de trabalho\u00a0de quem exerce o dever heroico de educar. Esses\u00a0profissionais abnegados merecem todo o reconhecimento, conquista ainda n\u00e3o alcan\u00e7ada em sua plenitude, mas que aos poucos vai tomando forma em S\u00e3o Lu\u00eds.\u00a0Disposto a oferecer aos docentes o melhor tratamento poss\u00edvel, o secret\u00e1rio municipal de Educa\u00e7\u00e3o, Geraldo Castro Sobrinho, vem\u00a0abrindo caminho rumo \u00e0 valoriza\u00e7\u00e3o da classe, da qual tamb\u00e9m \u00e9 membro leg\u00edtimo,\u00a0demonstrando total\u00a0empenho e sensibilidade com a causa e a bandeira de luta dos colegas de of\u00edcio.<\/p>\n<p>H\u00e1 quase um ano como titular da Semed, Geraldo Castro Sobrinho\u00a0iniciou\u00a0uma gest\u00e3o inovadora, digna dos mais sinceros e entusiasmados elogios. Um dos seus principais focos foi justamente o professor, tratado com todo respeito. Mesmo diante das limita\u00e7\u00f5es or\u00e7ament\u00e1rias, que ainda imp\u00f5em graves dificuldades ao dia a dia dos educadores, percebe-se a inten\u00e7\u00e3o do secret\u00e1rio de\u00a0proporcionar aos colegas condi\u00e7\u00f5es dignas para lecionar. Se a realidade ainda n\u00e3o \u00e9 a ideal, \u00e9 certo que h\u00e1 o\u00a0compromisso de mud\u00e1-la, no menor prazo poss\u00edvel.<\/p>\n<p>O bom trabalho desempenhado foi interrompido pela greve no ensino municipal, que se estendeu por mais de 100 dias, entre junho e setembro, e s\u00f3 foi encerrada porque o secret\u00e1rio, tendo o Minist\u00e9rio P\u00fablico como mediador, jamais se furtou ao di\u00e1logo. Superado o obst\u00e1culo, as a\u00e7\u00f5es positivas foram retomadas\u00a0com pleno vigor e a expectativa \u00e9 que os estudantes encerrem o ano letivo com o melhor aproveitamento poss\u00edvel dos conte\u00fados.<\/p>\n<p>O empenho e a compet\u00eancia de Geraldo \u00e0 frente da\u00a0rede municipal de ensino t\u00eam\u00a0rendido bons frutos. Ontem mesmo, foi garantida a aposentadoria para 126 professores que j\u00e1 faziam jus ao benef\u00edcio e enfrentavam problemas de ordem burocr\u00e1tica.\u00a0Firmado durante a negocia\u00e7\u00e3o que p\u00f4s fim \u00e0 greve, o compromisso foi cumprido apenas\u00a040 dias ap\u00f3s selado o acordo. Outras conquistas importantes como premia\u00e7\u00f5es em concursos e aperfei\u00e7oamento profissional s\u00e3o marcas registradas da atual gest\u00e3o.<\/p>\n<p>Se os professores merecem todas as homenagens pelo seu dia, a educa\u00e7\u00e3o do Munic\u00edpio\u00a0tamb\u00e9m est\u00e1 de parab\u00e9ns por ser\u00a0conduzida no momento por algu\u00e9m do ramo, capaz\u00a0de\u00a0cumprir com rara dedica\u00e7\u00e3o e efici\u00eancia a nobre miss\u00e3o de preparar as\u00a0gera\u00e7\u00f5es futuras.<\/p>\n","protected":false},"excerpt":{"rendered":"<p>O Dia do Professor, celebrado hoje, \u00e9 uma data prop\u00edcia \u00e0 reflex\u00e3o\u00a0sobre o papel e as condi\u00e7\u00f5es de trabalho\u00a0de quem [&hellip;]<\/p>\n","protected":false},"author":0,"featured_media":0,"comment_status":"open","ping_status":"open","sticky":false,"template":"","format":"standard","meta":{"site-sidebar-layout":"default","site-content-layout":"","ast-site-content-layout":"default","site-content-style":"default","site-sidebar-style":"default","ast-global-header-display":"","ast-banner-title-visibility":"","ast-main-header-display":"","ast-hfb-above-header-display":"","ast-hfb-below-header-display":"","ast-hfb-mobile-header-display":"","site-post-title":"","ast-breadcrumbs-content":"","ast-featured-img":"","footer-sml-layout":"","ast-disable-related-posts":"","theme-transparent-header-meta":"","adv-header-id-meta":"","stick-header-meta":"","header-above-stick-meta":"","header-main-stick-meta":"","header-below-stick-meta":"","astra-migrate-meta-layouts":"default","ast-page-background-enabled":"default","ast-page-background-meta":{"desktop":{"background-color":"var(--ast-global-color-5)","background-image":"","background-repeat":"repeat","background-position":"center center","background-size":"auto","background-attachment":"scroll","background-type":"","background-media":"","overlay-type":"","overlay-color":"","overlay-opacity":"","overlay-gradient":""},"tablet":{"background-color":"","background-image":"","background-repeat":"repeat","background-position":"center center","background-size":"auto","background-attachment":"scroll","background-type":"","background-media":"","overlay-type":"","overlay-color":"","overlay-opacity":"","overlay-gradient":""},"mobile":{"background-color":"","background-image":"","background-repeat":"repeat","background-position":"center center","background-size":"auto","background-attachment":"scroll","background-type":"","background-media":"","overlay-type":"","overlay-color":"","overlay-opacity":"","overlay-gradient":""}},"ast-content-background-meta":{"desktop":{"background-color":"var(--ast-global-color-4)","background-image":"","background-repeat":"repeat","background-position":"center center","background-size":"auto","background-attachment":"scroll","background-type":"","background-media":"","overlay-type":"","overlay-color":"","overlay-opacity":"","overlay-gradient":""},"tablet":{"background-color":"var(--ast-global-color-4)","background-image":"","background-repeat":"repeat","background-position":"center center","background-size":"auto","background-attachment":"scroll","background-type":"","background-media":"","overlay-type":"","overlay-color":"","overlay-opacity":"","overlay-gradient":""},"mobile":{"background-color":"var(--ast-global-color-4)","background-image":"","background-repeat":"repeat","background-position":"center center","background-size":"auto","background-attachment":"scroll","background-type":"","background-media":"","overlay-type":"","overlay-color":"","overlay-opacity":"","overlay-gradient":""}},"footnotes":""},"categories":[1],"tags":[],"class_list":["post-19906","post","type-post","status-publish","format-standard","hentry","category-sem-categoria"],"yoast_head":"<!-- This site is optimized with the Yoast SEO plugin v26.6 - https:\/\/yoast.com\/wordpress\/plugins\/seo\/ -->\n<title>Professor valoroso - Daniel Matos<\/title>\n<meta name=\"robots\" content=\"index, follow, max-snippet:-1, max-image-preview:large, max-video-preview:-1\" \/>\n<link rel=\"canonical\" href=\"https:\/\/www.blogsoestado.com\/danielmatos\/professor-valoroso\/\" \/>\n<meta property=\"og:locale\" content=\"pt_BR\" \/>\n<meta property=\"og:type\" content=\"article\" \/>\n<meta property=\"og:title\" content=\"Professor valoroso - Daniel Matos\" \/>\n<meta property=\"og:description\" content=\"O Dia do Professor, celebrado hoje, \u00e9 uma data prop\u00edcia \u00e0 reflex\u00e3o\u00a0sobre o papel e as condi\u00e7\u00f5es de trabalho\u00a0de quem [&hellip;]\" \/>\n<meta property=\"og:url\" content=\"https:\/\/www.blogsoestado.com\/danielmatos\/professor-valoroso\/\" \/>\n<meta property=\"og:site_name\" content=\"Daniel Matos\" \/>\n<meta property=\"article:published_time\" content=\"2014-10-15T14:15:46+00:00\" \/>\n<meta property=\"og:image\" content=\"https:\/\/www.blogsoestado.com\/danielmatos\/files\/2014\/10\/geraldo-professora.jpg\" \/>\n<meta name=\"twitter:card\" content=\"summary_large_image\" \/>\n<meta name=\"twitter:label1\" content=\"Est. tempo de leitura\" \/>\n\t<meta name=\"twitter:data1\" content=\"2 minutos\" \/>\n<script type=\"application\/ld+json\" class=\"yoast-schema-graph\">{\"@context\":\"https:\/\/schema.org\",\"@graph\":[{\"@type\":\"WebPage\",\"@id\":\"https:\/\/www.blogsoestado.com\/danielmatos\/professor-valoroso\/\",\"url\":\"https:\/\/www.blogsoestado.com\/danielmatos\/professor-valoroso\/\",\"name\":\"Professor valoroso - Daniel Matos\",\"isPartOf\":{\"@id\":\"https:\/\/www.blogsoestado.com\/danielmatos\/#website\"},\"primaryImageOfPage\":{\"@id\":\"https:\/\/www.blogsoestado.com\/danielmatos\/professor-valoroso\/#primaryimage\"},\"image\":{\"@id\":\"https:\/\/www.blogsoestado.com\/danielmatos\/professor-valoroso\/#primaryimage\"},\"thumbnailUrl\":\"https:\/\/www.blogsoestado.com\/danielmatos\/files\/2014\/10\/geraldo-professora.jpg\",\"datePublished\":\"2014-10-15T14:15:46+00:00\",\"author\":{\"@id\":\"\"},\"breadcrumb\":{\"@id\":\"https:\/\/www.blogsoestado.com\/danielmatos\/professor-valoroso\/#breadcrumb\"},\"inLanguage\":\"pt-BR\",\"potentialAction\":[{\"@type\":\"ReadAction\",\"target\":[\"https:\/\/www.blogsoestado.com\/danielmatos\/professor-valoroso\/\"]}]},{\"@type\":\"ImageObject\",\"inLanguage\":\"pt-BR\",\"@id\":\"https:\/\/www.blogsoestado.com\/danielmatos\/professor-valoroso\/#primaryimage\",\"url\":\"https:\/\/www.blogsoestado.com\/danielmatos\/files\/2014\/10\/geraldo-professora.jpg\",\"contentUrl\":\"https:\/\/www.blogsoestado.com\/danielmatos\/files\/2014\/10\/geraldo-professora.jpg\"},{\"@type\":\"BreadcrumbList\",\"@id\":\"https:\/\/www.blogsoestado.com\/danielmatos\/professor-valoroso\/#breadcrumb\",\"itemListElement\":[{\"@type\":\"ListItem\",\"position\":1,\"name\":\"In\u00edcio\",\"item\":\"https:\/\/www.blogsoestado.com\/danielmatos\/\"},{\"@type\":\"ListItem\",\"position\":2,\"name\":\"Professor valoroso\"}]},{\"@type\":\"WebSite\",\"@id\":\"https:\/\/www.blogsoestado.com\/danielmatos\/#website\",\"url\":\"https:\/\/www.blogsoestado.com\/danielmatos\/\",\"name\":\"Daniel Matos\",\"description\":\"\",\"potentialAction\":[{\"@type\":\"SearchAction\",\"target\":{\"@type\":\"EntryPoint\",\"urlTemplate\":\"https:\/\/www.blogsoestado.com\/danielmatos\/?s={search_term_string}\"},\"query-input\":{\"@type\":\"PropertyValueSpecification\",\"valueRequired\":true,\"valueName\":\"search_term_string\"}}],\"inLanguage\":\"pt-BR\"}]}<\/script>\n<!-- \/ Yoast SEO plugin. -->","yoast_head_json":{"title":"Professor valoroso - Daniel Matos","robots":{"index":"index","follow":"follow","max-snippet":"max-snippet:-1","max-image-preview":"max-image-preview:large","max-video-preview":"max-video-preview:-1"},"canonical":"https:\/\/www.blogsoestado.com\/danielmatos\/professor-valoroso\/","og_locale":"pt_BR","og_type":"article","og_title":"Professor valoroso - Daniel Matos","og_description":"O Dia do Professor, celebrado hoje, \u00e9 uma data prop\u00edcia \u00e0 reflex\u00e3o\u00a0sobre o papel e as condi\u00e7\u00f5es de trabalho\u00a0de quem [&hellip;]","og_url":"https:\/\/www.blogsoestado.com\/danielmatos\/professor-valoroso\/","og_site_name":"Daniel Matos","article_published_time":"2014-10-15T14:15:46+00:00","og_image":[{"url":"https:\/\/www.blogsoestado.com\/danielmatos\/files\/2014\/10\/geraldo-professora.jpg","type":"","width":"","height":""}],"twitter_card":"summary_large_image","twitter_misc":{"Est. tempo de leitura":"2 minutos"},"schema":{"@context":"https:\/\/schema.org","@graph":[{"@type":"WebPage","@id":"https:\/\/www.blogsoestado.com\/danielmatos\/professor-valoroso\/","url":"https:\/\/www.blogsoestado.com\/danielmatos\/professor-valoroso\/","name":"Professor valoroso - Daniel Matos","isPartOf":{"@id":"https:\/\/www.blogsoestado.com\/danielmatos\/#website"},"primaryImageOfPage":{"@id":"https:\/\/www.blogsoestado.com\/danielmatos\/professor-valoroso\/#primaryimage"},"image":{"@id":"https:\/\/www.blogsoestado.com\/danielmatos\/professor-valoroso\/#primaryimage"},"thumbnailUrl":"https:\/\/www.blogsoestado.com\/danielmatos\/files\/2014\/10\/geraldo-professora.jpg","datePublished":"2014-10-15T14:15:46+00:00","author":{"@id":""},"breadcrumb":{"@id":"https:\/\/www.blogsoestado.com\/danielmatos\/professor-valoroso\/#breadcrumb"},"inLanguage":"pt-BR","potentialAction":[{"@type":"ReadAction","target":["https:\/\/www.blogsoestado.com\/danielmatos\/professor-valoroso\/"]}]},{"@type":"ImageObject","inLanguage":"pt-BR","@id":"https:\/\/www.blogsoestado.com\/danielmatos\/professor-valoroso\/#primaryimage","url":"https:\/\/www.blogsoestado.com\/danielmatos\/files\/2014\/10\/geraldo-professora.jpg","contentUrl":"https:\/\/www.blogsoestado.com\/danielmatos\/files\/2014\/10\/geraldo-professora.jpg"},{"@type":"BreadcrumbList","@id":"https:\/\/www.blogsoestado.com\/danielmatos\/professor-valoroso\/#breadcrumb","itemListElement":[{"@type":"ListItem","position":1,"name":"In\u00edcio","item":"https:\/\/www.blogsoestado.com\/danielmatos\/"},{"@type":"ListItem","position":2,"name":"Professor valoroso"}]},{"@type":"WebSite","@id":"https:\/\/www.blogsoestado.com\/danielmatos\/#website","url":"https:\/\/www.blogsoestado.com\/danielmatos\/","name":"Daniel Matos","description":"","potentialAction":[{"@type":"SearchAction","target":{"@type":"EntryPoint","urlTemplate":"https:\/\/www.blogsoestado.com\/danielmatos\/?s={search_term_string}"},"query-input":{"@type":"PropertyValueSpecification","valueRequired":true,"valueName":"search_term_string"}}],"inLanguage":"pt-BR"}]}},"jetpack_featured_media_url":"","_links":{"self":[{"href":"https:\/\/www.blogsoestado.com\/danielmatos\/wp-json\/wp\/v2\/posts\/19906","targetHints":{"allow":["GET"]}}],"collection":[{"href":"https:\/\/www.blogsoestado.com\/danielmatos\/wp-json\/wp\/v2\/posts"}],"about":[{"href":"https:\/\/www.blogsoestado.com\/danielmatos\/wp-json\/wp\/v2\/types\/post"}],"replies":[{"embeddable":true,"href":"https:\/\/www.blogsoestado.com\/danielmatos\/wp-json\/wp\/v2\/comments?post=19906"}],"version-history":[{"count":0,"href":"https:\/\/www.blogsoestado.com\/danielmatos\/wp-json\/wp\/v2\/posts\/19906\/revisions"}],"wp:attachment":[{"href":"https:\/\/www.blogsoestado.com\/danielmatos\/wp-json\/wp\/v2\/media?parent=19906"}],"wp:term":[{"taxonomy":"category","embeddable":true,"href":"https:\/\/www.blogsoestado.com\/danielmatos\/wp-json\/wp\/v2\/categories?post=19906"},{"taxonomy":"post_tag","embeddable":true,"href":"https:\/\/www.blogsoestado.com\/danielmatos\/wp-json\/wp\/v2\/tags?post=19906"}],"curies":[{"name":"wp","href":"https:\/\/api.w.org\/{rel}","templated":true}]}}