{"id":19915,"date":"2014-10-15T17:15:15","date_gmt":"2014-10-15T20:15:15","guid":{"rendered":"https:\/\/www.blogsoestado.com\/danielmatos\/?p=19915"},"modified":"2014-10-15T17:15:15","modified_gmt":"2014-10-15T20:15:15","slug":"mpt-ma-processa-colonia-de-pescadores-de-timon","status":"publish","type":"post","link":"https:\/\/www.blogsoestado.com\/danielmatos\/mpt-ma-processa-colonia-de-pescadores-de-timon\/","title":{"rendered":"MPT-MA processa Col\u00f4nia de Pescadores de Timon"},"content":{"rendered":"<p>O Minist\u00e9rio P\u00fablico do Trabalho no Maranh\u00e3o (MPT-MA) ajuizou uma a\u00e7\u00e3o civil p\u00fablica em face de in\u00fameras irregularidades cometidas pela diretoria da Col\u00f4nia de Pescadores Z 106 de Timon. Al\u00e9m da destitui\u00e7\u00e3o dos membros da diretoria, a a\u00e7\u00e3o cobra o pagamento indeniza\u00e7\u00e3o por dano moral coletivo de R$ 250 mil.<\/p>\n<p>Se condenado, o presidente da Col\u00f4nia de Pescadores, Bernardo Vieira Filho, poder\u00e1 pagar R$ 100 mil de indeniza\u00e7\u00e3o e ainda ter\u00e1 que devolver as taxas e honor\u00e1rios de advogados cobrados indevidamente aos associados. Os outros cinco membros da diretoria poder\u00e3o desembolsar R$ 30 mil cada um, totalizando mais R$ 150 mil. S\u00e3o eles: Jorge Adelino de Oliveira Vieira (vice-presidente); Edson Lima Alves (1\u00ba secret\u00e1rio); Zilda Maria Cunha de Carvalho (2\u00aa secret\u00e1ria); Edmilson Pereira do Nascimento (1\u00ba tesoureiro) e Eronilde Barbosa da Silva (2\u00ba tesoureiro).<\/p>\n<p>De acordo com o procurador Marcos Duanne de Almeida, da Procuradoria do Trabalho de Caxias, o presidente da Col\u00f4nia nunca realizou elei\u00e7\u00e3o para a escolha dos membros da diretoria e ainda colocou o pr\u00f3prio filho como vice-presidente da entidade.<\/p>\n<p><strong>Investiga\u00e7\u00e3o<\/strong><\/p>\n<p>As investiga\u00e7\u00f5es do MPT-MA identificaram a cobran\u00e7a de taxas indevidas aos associados, bem como irregularidades na presta\u00e7\u00e3o de contas. No per\u00edodo do Seguro Defeso, era cobrada uma taxa de R$ 100,00 para o pagamento de advogados. Al\u00e9m disso, para obter a carteira de associado, o trabalhador tinha que desembolsar a quantia de R$ 4 mil.<\/p>\n<p>\u201cN\u00e3o h\u00e1 controle adequado das receitas e gastos. Os balan\u00e7os financeiros discriminam gastos com transporte, alimenta\u00e7\u00e3o, despesas administrativas e combust\u00edvel da diretoria, mas n\u00e3o h\u00e1 qualquer justificativa \u00e0 necessidade desses gastos serem custeados pela associa\u00e7\u00e3o. O atual presidente n\u00e3o presta e nunca prestou contas de sua administra\u00e7\u00e3o\u201d, explica Duanne.<\/p>\n<p><strong>Ilegitimidade<\/strong><\/p>\n<p>Segundo o procurador, nenhum dos membros da diretoria possui legitimidade para exercer os cargos, tendo em vista a transgress\u00e3o \u00e0s regras que estabelecem as elei\u00e7\u00f5es. \u201cA ata da assembleia geral que \u2018aprovou\u2019 o novo mandato da Diretoria s\u00f3 registrou a presen\u00e7a de sete pessoas e que tal n\u00e3o corresponde a 20% do total de associados. Tal delibera\u00e7\u00e3o n\u00e3o foi v\u00e1lida\u201d, acrescenta ele.<\/p>\n<p>Na a\u00e7\u00e3o, o MPT-MA pede a destitui\u00e7\u00e3o de todos os atuais membros da Diretoria da Col\u00f4nia de Pescadores Z 106 de Timon, bem como que eles abstenham-se de realizar qualquer assembleia ordin\u00e1ria ou extraordin\u00e1ria que impliquem na altera\u00e7\u00e3o da diretoria, do estatuto ou atos de gest\u00e3o do patrim\u00f4nio da entidade.<\/p>\n<p>O MPT requer ainda a nomea\u00e7\u00e3o de um administrador provis\u00f3rio para a col\u00f4nia, que ficar\u00e1 respons\u00e1vel por apresentar um relato minucioso sobre a situa\u00e7\u00e3o administrativa e financeira da entidade, prestar contas das medidas adotadas por ele e convocar assembleia geral dos trabalhadores.<\/p>\n<p>Os R$ 250 mil de dano moral coletivo (R$ 100 mil do presidente e R$ 150 mil dos demais diretores) poder\u00e3o ser utilizados para aquisi\u00e7\u00e3o de sede pr\u00f3pria da Col\u00f4nia ou destinados ao FAT (Fundo de Amparo ao Trabalhador).<\/p>\n<p><strong>Fonte:<\/strong> Minist\u00e9rio P\u00fablico do Trabalho (MPT-MA)<\/p>\n","protected":false},"excerpt":{"rendered":"<p>O Minist\u00e9rio P\u00fablico do Trabalho no Maranh\u00e3o (MPT-MA) ajuizou uma a\u00e7\u00e3o civil p\u00fablica em face de in\u00fameras irregularidades cometidas pela [&hellip;]<\/p>\n","protected":false},"author":0,"featured_media":0,"comment_status":"open","ping_status":"open","sticky":false,"template":"","format":"standard","meta":{"site-sidebar-layout":"default","site-content-layout":"","ast-site-content-layout":"default","site-content-style":"default","site-sidebar-style":"default","ast-global-header-display":"","ast-banner-title-visibility":"","ast-main-header-display":"","ast-hfb-above-header-display":"","ast-hfb-below-header-display":"","ast-hfb-mobile-header-display":"","site-post-title":"","ast-breadcrumbs-content":"","ast-featured-img":"","footer-sml-layout":"","ast-disable-related-posts":"","theme-transparent-header-meta":"","adv-header-id-meta":"","stick-header-meta":"","header-above-stick-meta":"","header-main-stick-meta":"","header-below-stick-meta":"","astra-migrate-meta-layouts":"default","ast-page-background-enabled":"default","ast-page-background-meta":{"desktop":{"background-color":"var(--ast-global-color-5)","background-image":"","background-repeat":"repeat","background-position":"center center","background-size":"auto","background-attachment":"scroll","background-type":"","background-media":"","overlay-type":"","overlay-color":"","overlay-opacity":"","overlay-gradient":""},"tablet":{"background-color":"","background-image":"","background-repeat":"repeat","background-position":"center center","background-size":"auto","background-attachment":"scroll","background-type":"","background-media":"","overlay-type":"","overlay-color":"","overlay-opacity":"","overlay-gradient":""},"mobile":{"background-color":"","background-image":"","background-repeat":"repeat","background-position":"center center","background-size":"auto","background-attachment":"scroll","background-type":"","background-media":"","overlay-type":"","overlay-color":"","overlay-opacity":"","overlay-gradient":""}},"ast-content-background-meta":{"desktop":{"background-color":"var(--ast-global-color-4)","background-image":"","background-repeat":"repeat","background-position":"center center","background-size":"auto","background-attachment":"scroll","background-type":"","background-media":"","overlay-type":"","overlay-color":"","overlay-opacity":"","overlay-gradient":""},"tablet":{"background-color":"var(--ast-global-color-4)","background-image":"","background-repeat":"repeat","background-position":"center center","background-size":"auto","background-attachment":"scroll","background-type":"","background-media":"","overlay-type":"","overlay-color":"","overlay-opacity":"","overlay-gradient":""},"mobile":{"background-color":"var(--ast-global-color-4)","background-image":"","background-repeat":"repeat","background-position":"center center","background-size":"auto","background-attachment":"scroll","background-type":"","background-media":"","overlay-type":"","overlay-color":"","overlay-opacity":"","overlay-gradient":""}},"footnotes":""},"categories":[1],"tags":[],"class_list":["post-19915","post","type-post","status-publish","format-standard","hentry","category-sem-categoria"],"yoast_head":"<!-- This site is optimized with the Yoast SEO plugin v26.6 - https:\/\/yoast.com\/wordpress\/plugins\/seo\/ -->\n<title>MPT-MA processa Col\u00f4nia de Pescadores de Timon - Daniel Matos<\/title>\n<meta name=\"robots\" content=\"index, follow, max-snippet:-1, max-image-preview:large, max-video-preview:-1\" \/>\n<link rel=\"canonical\" href=\"https:\/\/www.blogsoestado.com\/danielmatos\/mpt-ma-processa-colonia-de-pescadores-de-timon\/\" \/>\n<meta property=\"og:locale\" content=\"pt_BR\" \/>\n<meta property=\"og:type\" content=\"article\" \/>\n<meta property=\"og:title\" content=\"MPT-MA processa Col\u00f4nia de Pescadores de Timon - Daniel Matos\" \/>\n<meta property=\"og:description\" content=\"O Minist\u00e9rio P\u00fablico do Trabalho no Maranh\u00e3o (MPT-MA) ajuizou uma a\u00e7\u00e3o civil p\u00fablica em face de in\u00fameras irregularidades cometidas pela [&hellip;]\" \/>\n<meta property=\"og:url\" content=\"https:\/\/www.blogsoestado.com\/danielmatos\/mpt-ma-processa-colonia-de-pescadores-de-timon\/\" \/>\n<meta property=\"og:site_name\" content=\"Daniel Matos\" \/>\n<meta property=\"article:published_time\" content=\"2014-10-15T20:15:15+00:00\" \/>\n<meta name=\"twitter:card\" content=\"summary_large_image\" \/>\n<meta name=\"twitter:label1\" content=\"Est. tempo de leitura\" \/>\n\t<meta name=\"twitter:data1\" content=\"3 minutos\" \/>\n<script type=\"application\/ld+json\" class=\"yoast-schema-graph\">{\"@context\":\"https:\/\/schema.org\",\"@graph\":[{\"@type\":\"WebPage\",\"@id\":\"https:\/\/www.blogsoestado.com\/danielmatos\/mpt-ma-processa-colonia-de-pescadores-de-timon\/\",\"url\":\"https:\/\/www.blogsoestado.com\/danielmatos\/mpt-ma-processa-colonia-de-pescadores-de-timon\/\",\"name\":\"MPT-MA processa Col\u00f4nia de Pescadores de Timon - Daniel Matos\",\"isPartOf\":{\"@id\":\"https:\/\/www.blogsoestado.com\/danielmatos\/#website\"},\"datePublished\":\"2014-10-15T20:15:15+00:00\",\"author\":{\"@id\":\"\"},\"breadcrumb\":{\"@id\":\"https:\/\/www.blogsoestado.com\/danielmatos\/mpt-ma-processa-colonia-de-pescadores-de-timon\/#breadcrumb\"},\"inLanguage\":\"pt-BR\",\"potentialAction\":[{\"@type\":\"ReadAction\",\"target\":[\"https:\/\/www.blogsoestado.com\/danielmatos\/mpt-ma-processa-colonia-de-pescadores-de-timon\/\"]}]},{\"@type\":\"BreadcrumbList\",\"@id\":\"https:\/\/www.blogsoestado.com\/danielmatos\/mpt-ma-processa-colonia-de-pescadores-de-timon\/#breadcrumb\",\"itemListElement\":[{\"@type\":\"ListItem\",\"position\":1,\"name\":\"In\u00edcio\",\"item\":\"https:\/\/www.blogsoestado.com\/danielmatos\/\"},{\"@type\":\"ListItem\",\"position\":2,\"name\":\"MPT-MA processa Col\u00f4nia de Pescadores de Timon\"}]},{\"@type\":\"WebSite\",\"@id\":\"https:\/\/www.blogsoestado.com\/danielmatos\/#website\",\"url\":\"https:\/\/www.blogsoestado.com\/danielmatos\/\",\"name\":\"Daniel Matos\",\"description\":\"\",\"potentialAction\":[{\"@type\":\"SearchAction\",\"target\":{\"@type\":\"EntryPoint\",\"urlTemplate\":\"https:\/\/www.blogsoestado.com\/danielmatos\/?s={search_term_string}\"},\"query-input\":{\"@type\":\"PropertyValueSpecification\",\"valueRequired\":true,\"valueName\":\"search_term_string\"}}],\"inLanguage\":\"pt-BR\"}]}<\/script>\n<!-- \/ Yoast SEO plugin. -->","yoast_head_json":{"title":"MPT-MA processa Col\u00f4nia de Pescadores de Timon - Daniel Matos","robots":{"index":"index","follow":"follow","max-snippet":"max-snippet:-1","max-image-preview":"max-image-preview:large","max-video-preview":"max-video-preview:-1"},"canonical":"https:\/\/www.blogsoestado.com\/danielmatos\/mpt-ma-processa-colonia-de-pescadores-de-timon\/","og_locale":"pt_BR","og_type":"article","og_title":"MPT-MA processa Col\u00f4nia de Pescadores de Timon - Daniel Matos","og_description":"O Minist\u00e9rio P\u00fablico do Trabalho no Maranh\u00e3o (MPT-MA) ajuizou uma a\u00e7\u00e3o civil p\u00fablica em face de in\u00fameras irregularidades cometidas pela [&hellip;]","og_url":"https:\/\/www.blogsoestado.com\/danielmatos\/mpt-ma-processa-colonia-de-pescadores-de-timon\/","og_site_name":"Daniel Matos","article_published_time":"2014-10-15T20:15:15+00:00","twitter_card":"summary_large_image","twitter_misc":{"Est. tempo de leitura":"3 minutos"},"schema":{"@context":"https:\/\/schema.org","@graph":[{"@type":"WebPage","@id":"https:\/\/www.blogsoestado.com\/danielmatos\/mpt-ma-processa-colonia-de-pescadores-de-timon\/","url":"https:\/\/www.blogsoestado.com\/danielmatos\/mpt-ma-processa-colonia-de-pescadores-de-timon\/","name":"MPT-MA processa Col\u00f4nia de Pescadores de Timon - Daniel Matos","isPartOf":{"@id":"https:\/\/www.blogsoestado.com\/danielmatos\/#website"},"datePublished":"2014-10-15T20:15:15+00:00","author":{"@id":""},"breadcrumb":{"@id":"https:\/\/www.blogsoestado.com\/danielmatos\/mpt-ma-processa-colonia-de-pescadores-de-timon\/#breadcrumb"},"inLanguage":"pt-BR","potentialAction":[{"@type":"ReadAction","target":["https:\/\/www.blogsoestado.com\/danielmatos\/mpt-ma-processa-colonia-de-pescadores-de-timon\/"]}]},{"@type":"BreadcrumbList","@id":"https:\/\/www.blogsoestado.com\/danielmatos\/mpt-ma-processa-colonia-de-pescadores-de-timon\/#breadcrumb","itemListElement":[{"@type":"ListItem","position":1,"name":"In\u00edcio","item":"https:\/\/www.blogsoestado.com\/danielmatos\/"},{"@type":"ListItem","position":2,"name":"MPT-MA processa Col\u00f4nia de Pescadores de Timon"}]},{"@type":"WebSite","@id":"https:\/\/www.blogsoestado.com\/danielmatos\/#website","url":"https:\/\/www.blogsoestado.com\/danielmatos\/","name":"Daniel Matos","description":"","potentialAction":[{"@type":"SearchAction","target":{"@type":"EntryPoint","urlTemplate":"https:\/\/www.blogsoestado.com\/danielmatos\/?s={search_term_string}"},"query-input":{"@type":"PropertyValueSpecification","valueRequired":true,"valueName":"search_term_string"}}],"inLanguage":"pt-BR"}]}},"jetpack_featured_media_url":"","_links":{"self":[{"href":"https:\/\/www.blogsoestado.com\/danielmatos\/wp-json\/wp\/v2\/posts\/19915","targetHints":{"allow":["GET"]}}],"collection":[{"href":"https:\/\/www.blogsoestado.com\/danielmatos\/wp-json\/wp\/v2\/posts"}],"about":[{"href":"https:\/\/www.blogsoestado.com\/danielmatos\/wp-json\/wp\/v2\/types\/post"}],"replies":[{"embeddable":true,"href":"https:\/\/www.blogsoestado.com\/danielmatos\/wp-json\/wp\/v2\/comments?post=19915"}],"version-history":[{"count":0,"href":"https:\/\/www.blogsoestado.com\/danielmatos\/wp-json\/wp\/v2\/posts\/19915\/revisions"}],"wp:attachment":[{"href":"https:\/\/www.blogsoestado.com\/danielmatos\/wp-json\/wp\/v2\/media?parent=19915"}],"wp:term":[{"taxonomy":"category","embeddable":true,"href":"https:\/\/www.blogsoestado.com\/danielmatos\/wp-json\/wp\/v2\/categories?post=19915"},{"taxonomy":"post_tag","embeddable":true,"href":"https:\/\/www.blogsoestado.com\/danielmatos\/wp-json\/wp\/v2\/tags?post=19915"}],"curies":[{"name":"wp","href":"https:\/\/api.w.org\/{rel}","templated":true}]}}