{"id":19931,"date":"2014-10-16T10:35:05","date_gmt":"2014-10-16T13:35:05","guid":{"rendered":"https:\/\/www.blogsoestado.com\/danielmatos\/?p=19931"},"modified":"2014-10-16T10:35:05","modified_gmt":"2014-10-16T13:35:05","slug":"ministro-ricardo-berzoini-faz-campanha-para-dilma-em-sao-luis","status":"publish","type":"post","link":"https:\/\/www.blogsoestado.com\/danielmatos\/ministro-ricardo-berzoini-faz-campanha-para-dilma-em-sao-luis\/","title":{"rendered":"Ministro Ricardo Berzoini faz campanha para Dilma em S\u00e3o Lu\u00eds"},"content":{"rendered":"<figure id=\"attachment_19932\" aria-describedby=\"caption-attachment-19932\" style=\"width: 448px\" class=\"wp-caption alignright\"><a href=\"https:\/\/www.blogsoestado.com\/danielmatos\/files\/2014\/10\/berzoini.jpg\"><img fetchpriority=\"high\" decoding=\"async\" class=\"size-full wp-image-19932\" src=\"https:\/\/www.blogsoestado.com\/danielmatos\/files\/2014\/10\/berzoini.jpg\" alt=\"Ricardo Berzoini promover\u00e1 agenda &quot;Dilma 13&quot; em S\u00e3o Lu\u00eds\" width=\"448\" height=\"327\" \/><\/a><figcaption id=\"caption-attachment-19932\" class=\"wp-caption-text\">Ministro Ricardo Berzoini promover\u00e1 agenda &#8220;Dilma 13&#8221; em S\u00e3o Lu\u00eds<\/figcaption><\/figure>\n<p>O ministro das Rela\u00e7\u00f5es Institucionais, Ricardo Berzoini, estar\u00e1 em S\u00e3o Lu\u00eds para agenda de campanha da presidente Dilma Rousseff, hoje\u00a0e amanh\u00e3. O petista chega \u00e0 capital maranhense, na quinta-feira, por volta das 12 h e segue para almo\u00e7o com a governadora Roseana Sarney e classe pol\u00edtica. O encontro tem como objetivo fortalecer ainda mais a campanha de reelei\u00e7\u00e3o de Dilma, no Maranh\u00e3o. No primeiro turno, Dilma obteve no primeiro turno cerca de 70 % dos votos v\u00e1lidos.<\/p>\n<p>A caminhada com \u201cDilma 13\u201d \u00e9 uma a\u00e7\u00e3o dos partidos coligados e aliados \u00e0 petista. A caminhada ser\u00e1 encerrada com o ato pol\u00edtico no bairro Sol e Mar. A agenda da noite do ministro Berzoini ter\u00e1 como principal evento, um jantar com o prefeito de S\u00e3o Lu\u00eds, Edivaldo Holanda J\u00fanior, os gestores municipais e vereadores da capital.<\/p>\n<p>Na sexta-feira (17), ter\u00e1 uma coletiva com a imprensa, \u00e0s 9h30, no hotel Saint Louis, no S\u00e3o Francisco. \u00c0 tarde, provavelmente, \u00e0s 16h30, como encerramento da agenda do ministro Berzoini, em S\u00e3o Lu\u00eds, ser\u00e1 feita uma grande \u201cCaminhada Dilma 13\u201d, no centro comercial de S\u00e3o Lu\u00eds, passando pela Rua Grande.\u00a0No ato, o ministro estar\u00e1 acompanhado lideran\u00e7as partid\u00e1rias, estudantis, sociais e militantes partid\u00e1rios.<\/p>\n","protected":false},"excerpt":{"rendered":"<p>O ministro das Rela\u00e7\u00f5es Institucionais, Ricardo Berzoini, estar\u00e1 em S\u00e3o Lu\u00eds para agenda de campanha da presidente Dilma Rousseff, hoje\u00a0e [&hellip;]<\/p>\n","protected":false},"author":0,"featured_media":0,"comment_status":"open","ping_status":"open","sticky":false,"template":"","format":"standard","meta":{"site-sidebar-layout":"default","site-content-layout":"","ast-site-content-layout":"default","site-content-style":"default","site-sidebar-style":"default","ast-global-header-display":"","ast-banner-title-visibility":"","ast-main-header-display":"","ast-hfb-above-header-display":"","ast-hfb-below-header-display":"","ast-hfb-mobile-header-display":"","site-post-title":"","ast-breadcrumbs-content":"","ast-featured-img":"","footer-sml-layout":"","ast-disable-related-posts":"","theme-transparent-header-meta":"","adv-header-id-meta":"","stick-header-meta":"","header-above-stick-meta":"","header-main-stick-meta":"","header-below-stick-meta":"","astra-migrate-meta-layouts":"default","ast-page-background-enabled":"default","ast-page-background-meta":{"desktop":{"background-color":"var(--ast-global-color-5)","background-image":"","background-repeat":"repeat","background-position":"center center","background-size":"auto","background-attachment":"scroll","background-type":"","background-media":"","overlay-type":"","overlay-color":"","overlay-opacity":"","overlay-gradient":""},"tablet":{"background-color":"","background-image":"","background-repeat":"repeat","background-position":"center center","background-size":"auto","background-attachment":"scroll","background-type":"","background-media":"","overlay-type":"","overlay-color":"","overlay-opacity":"","overlay-gradient":""},"mobile":{"background-color":"","background-image":"","background-repeat":"repeat","background-position":"center center","background-size":"auto","background-attachment":"scroll","background-type":"","background-media":"","overlay-type":"","overlay-color":"","overlay-opacity":"","overlay-gradient":""}},"ast-content-background-meta":{"desktop":{"background-color":"var(--ast-global-color-4)","background-image":"","background-repeat":"repeat","background-position":"center center","background-size":"auto","background-attachment":"scroll","background-type":"","background-media":"","overlay-type":"","overlay-color":"","overlay-opacity":"","overlay-gradient":""},"tablet":{"background-color":"var(--ast-global-color-4)","background-image":"","background-repeat":"repeat","background-position":"center center","background-size":"auto","background-attachment":"scroll","background-type":"","background-media":"","overlay-type":"","overlay-color":"","overlay-opacity":"","overlay-gradient":""},"mobile":{"background-color":"var(--ast-global-color-4)","background-image":"","background-repeat":"repeat","background-position":"center center","background-size":"auto","background-attachment":"scroll","background-type":"","background-media":"","overlay-type":"","overlay-color":"","overlay-opacity":"","overlay-gradient":""}},"footnotes":""},"categories":[1],"tags":[],"class_list":["post-19931","post","type-post","status-publish","format-standard","hentry","category-sem-categoria"],"yoast_head":"<!-- This site is optimized with the Yoast SEO plugin v26.6 - https:\/\/yoast.com\/wordpress\/plugins\/seo\/ -->\n<title>Ministro Ricardo Berzoini faz campanha para Dilma em S\u00e3o Lu\u00eds - Daniel Matos<\/title>\n<meta name=\"robots\" content=\"index, follow, max-snippet:-1, max-image-preview:large, max-video-preview:-1\" \/>\n<link rel=\"canonical\" href=\"https:\/\/www.blogsoestado.com\/danielmatos\/ministro-ricardo-berzoini-faz-campanha-para-dilma-em-sao-luis\/\" \/>\n<meta property=\"og:locale\" content=\"pt_BR\" \/>\n<meta property=\"og:type\" content=\"article\" \/>\n<meta property=\"og:title\" content=\"Ministro Ricardo Berzoini faz campanha para Dilma em S\u00e3o Lu\u00eds - Daniel Matos\" \/>\n<meta property=\"og:description\" content=\"O ministro das Rela\u00e7\u00f5es Institucionais, Ricardo Berzoini, estar\u00e1 em S\u00e3o Lu\u00eds para agenda de campanha da presidente Dilma Rousseff, hoje\u00a0e [&hellip;]\" \/>\n<meta property=\"og:url\" content=\"https:\/\/www.blogsoestado.com\/danielmatos\/ministro-ricardo-berzoini-faz-campanha-para-dilma-em-sao-luis\/\" \/>\n<meta property=\"og:site_name\" content=\"Daniel Matos\" \/>\n<meta property=\"article:published_time\" content=\"2014-10-16T13:35:05+00:00\" \/>\n<meta property=\"og:image\" content=\"https:\/\/www.blogsoestado.com\/danielmatos\/files\/2014\/10\/berzoini.jpg\" \/>\n<meta name=\"twitter:card\" content=\"summary_large_image\" \/>\n<meta name=\"twitter:label1\" content=\"Est. tempo de leitura\" \/>\n\t<meta name=\"twitter:data1\" content=\"1 minuto\" \/>\n<script type=\"application\/ld+json\" class=\"yoast-schema-graph\">{\"@context\":\"https:\/\/schema.org\",\"@graph\":[{\"@type\":\"WebPage\",\"@id\":\"https:\/\/www.blogsoestado.com\/danielmatos\/ministro-ricardo-berzoini-faz-campanha-para-dilma-em-sao-luis\/\",\"url\":\"https:\/\/www.blogsoestado.com\/danielmatos\/ministro-ricardo-berzoini-faz-campanha-para-dilma-em-sao-luis\/\",\"name\":\"Ministro Ricardo Berzoini faz campanha para Dilma em S\u00e3o Lu\u00eds - Daniel Matos\",\"isPartOf\":{\"@id\":\"https:\/\/www.blogsoestado.com\/danielmatos\/#website\"},\"primaryImageOfPage\":{\"@id\":\"https:\/\/www.blogsoestado.com\/danielmatos\/ministro-ricardo-berzoini-faz-campanha-para-dilma-em-sao-luis\/#primaryimage\"},\"image\":{\"@id\":\"https:\/\/www.blogsoestado.com\/danielmatos\/ministro-ricardo-berzoini-faz-campanha-para-dilma-em-sao-luis\/#primaryimage\"},\"thumbnailUrl\":\"https:\/\/www.blogsoestado.com\/danielmatos\/files\/2014\/10\/berzoini.jpg\",\"datePublished\":\"2014-10-16T13:35:05+00:00\",\"author\":{\"@id\":\"\"},\"breadcrumb\":{\"@id\":\"https:\/\/www.blogsoestado.com\/danielmatos\/ministro-ricardo-berzoini-faz-campanha-para-dilma-em-sao-luis\/#breadcrumb\"},\"inLanguage\":\"pt-BR\",\"potentialAction\":[{\"@type\":\"ReadAction\",\"target\":[\"https:\/\/www.blogsoestado.com\/danielmatos\/ministro-ricardo-berzoini-faz-campanha-para-dilma-em-sao-luis\/\"]}]},{\"@type\":\"ImageObject\",\"inLanguage\":\"pt-BR\",\"@id\":\"https:\/\/www.blogsoestado.com\/danielmatos\/ministro-ricardo-berzoini-faz-campanha-para-dilma-em-sao-luis\/#primaryimage\",\"url\":\"https:\/\/www.blogsoestado.com\/danielmatos\/files\/2014\/10\/berzoini.jpg\",\"contentUrl\":\"https:\/\/www.blogsoestado.com\/danielmatos\/files\/2014\/10\/berzoini.jpg\"},{\"@type\":\"BreadcrumbList\",\"@id\":\"https:\/\/www.blogsoestado.com\/danielmatos\/ministro-ricardo-berzoini-faz-campanha-para-dilma-em-sao-luis\/#breadcrumb\",\"itemListElement\":[{\"@type\":\"ListItem\",\"position\":1,\"name\":\"In\u00edcio\",\"item\":\"https:\/\/www.blogsoestado.com\/danielmatos\/\"},{\"@type\":\"ListItem\",\"position\":2,\"name\":\"Ministro Ricardo Berzoini faz campanha para Dilma em S\u00e3o Lu\u00eds\"}]},{\"@type\":\"WebSite\",\"@id\":\"https:\/\/www.blogsoestado.com\/danielmatos\/#website\",\"url\":\"https:\/\/www.blogsoestado.com\/danielmatos\/\",\"name\":\"Daniel Matos\",\"description\":\"\",\"potentialAction\":[{\"@type\":\"SearchAction\",\"target\":{\"@type\":\"EntryPoint\",\"urlTemplate\":\"https:\/\/www.blogsoestado.com\/danielmatos\/?s={search_term_string}\"},\"query-input\":{\"@type\":\"PropertyValueSpecification\",\"valueRequired\":true,\"valueName\":\"search_term_string\"}}],\"inLanguage\":\"pt-BR\"}]}<\/script>\n<!-- \/ Yoast SEO plugin. -->","yoast_head_json":{"title":"Ministro Ricardo Berzoini faz campanha para Dilma em S\u00e3o Lu\u00eds - Daniel Matos","robots":{"index":"index","follow":"follow","max-snippet":"max-snippet:-1","max-image-preview":"max-image-preview:large","max-video-preview":"max-video-preview:-1"},"canonical":"https:\/\/www.blogsoestado.com\/danielmatos\/ministro-ricardo-berzoini-faz-campanha-para-dilma-em-sao-luis\/","og_locale":"pt_BR","og_type":"article","og_title":"Ministro Ricardo Berzoini faz campanha para Dilma em S\u00e3o Lu\u00eds - Daniel Matos","og_description":"O ministro das Rela\u00e7\u00f5es Institucionais, Ricardo Berzoini, estar\u00e1 em S\u00e3o Lu\u00eds para agenda de campanha da presidente Dilma Rousseff, hoje\u00a0e [&hellip;]","og_url":"https:\/\/www.blogsoestado.com\/danielmatos\/ministro-ricardo-berzoini-faz-campanha-para-dilma-em-sao-luis\/","og_site_name":"Daniel Matos","article_published_time":"2014-10-16T13:35:05+00:00","og_image":[{"url":"https:\/\/www.blogsoestado.com\/danielmatos\/files\/2014\/10\/berzoini.jpg","type":"","width":"","height":""}],"twitter_card":"summary_large_image","twitter_misc":{"Est. tempo de leitura":"1 minuto"},"schema":{"@context":"https:\/\/schema.org","@graph":[{"@type":"WebPage","@id":"https:\/\/www.blogsoestado.com\/danielmatos\/ministro-ricardo-berzoini-faz-campanha-para-dilma-em-sao-luis\/","url":"https:\/\/www.blogsoestado.com\/danielmatos\/ministro-ricardo-berzoini-faz-campanha-para-dilma-em-sao-luis\/","name":"Ministro Ricardo Berzoini faz campanha para Dilma em S\u00e3o Lu\u00eds - Daniel Matos","isPartOf":{"@id":"https:\/\/www.blogsoestado.com\/danielmatos\/#website"},"primaryImageOfPage":{"@id":"https:\/\/www.blogsoestado.com\/danielmatos\/ministro-ricardo-berzoini-faz-campanha-para-dilma-em-sao-luis\/#primaryimage"},"image":{"@id":"https:\/\/www.blogsoestado.com\/danielmatos\/ministro-ricardo-berzoini-faz-campanha-para-dilma-em-sao-luis\/#primaryimage"},"thumbnailUrl":"https:\/\/www.blogsoestado.com\/danielmatos\/files\/2014\/10\/berzoini.jpg","datePublished":"2014-10-16T13:35:05+00:00","author":{"@id":""},"breadcrumb":{"@id":"https:\/\/www.blogsoestado.com\/danielmatos\/ministro-ricardo-berzoini-faz-campanha-para-dilma-em-sao-luis\/#breadcrumb"},"inLanguage":"pt-BR","potentialAction":[{"@type":"ReadAction","target":["https:\/\/www.blogsoestado.com\/danielmatos\/ministro-ricardo-berzoini-faz-campanha-para-dilma-em-sao-luis\/"]}]},{"@type":"ImageObject","inLanguage":"pt-BR","@id":"https:\/\/www.blogsoestado.com\/danielmatos\/ministro-ricardo-berzoini-faz-campanha-para-dilma-em-sao-luis\/#primaryimage","url":"https:\/\/www.blogsoestado.com\/danielmatos\/files\/2014\/10\/berzoini.jpg","contentUrl":"https:\/\/www.blogsoestado.com\/danielmatos\/files\/2014\/10\/berzoini.jpg"},{"@type":"BreadcrumbList","@id":"https:\/\/www.blogsoestado.com\/danielmatos\/ministro-ricardo-berzoini-faz-campanha-para-dilma-em-sao-luis\/#breadcrumb","itemListElement":[{"@type":"ListItem","position":1,"name":"In\u00edcio","item":"https:\/\/www.blogsoestado.com\/danielmatos\/"},{"@type":"ListItem","position":2,"name":"Ministro Ricardo Berzoini faz campanha para Dilma em S\u00e3o Lu\u00eds"}]},{"@type":"WebSite","@id":"https:\/\/www.blogsoestado.com\/danielmatos\/#website","url":"https:\/\/www.blogsoestado.com\/danielmatos\/","name":"Daniel Matos","description":"","potentialAction":[{"@type":"SearchAction","target":{"@type":"EntryPoint","urlTemplate":"https:\/\/www.blogsoestado.com\/danielmatos\/?s={search_term_string}"},"query-input":{"@type":"PropertyValueSpecification","valueRequired":true,"valueName":"search_term_string"}}],"inLanguage":"pt-BR"}]}},"jetpack_featured_media_url":"","_links":{"self":[{"href":"https:\/\/www.blogsoestado.com\/danielmatos\/wp-json\/wp\/v2\/posts\/19931","targetHints":{"allow":["GET"]}}],"collection":[{"href":"https:\/\/www.blogsoestado.com\/danielmatos\/wp-json\/wp\/v2\/posts"}],"about":[{"href":"https:\/\/www.blogsoestado.com\/danielmatos\/wp-json\/wp\/v2\/types\/post"}],"replies":[{"embeddable":true,"href":"https:\/\/www.blogsoestado.com\/danielmatos\/wp-json\/wp\/v2\/comments?post=19931"}],"version-history":[{"count":0,"href":"https:\/\/www.blogsoestado.com\/danielmatos\/wp-json\/wp\/v2\/posts\/19931\/revisions"}],"wp:attachment":[{"href":"https:\/\/www.blogsoestado.com\/danielmatos\/wp-json\/wp\/v2\/media?parent=19931"}],"wp:term":[{"taxonomy":"category","embeddable":true,"href":"https:\/\/www.blogsoestado.com\/danielmatos\/wp-json\/wp\/v2\/categories?post=19931"},{"taxonomy":"post_tag","embeddable":true,"href":"https:\/\/www.blogsoestado.com\/danielmatos\/wp-json\/wp\/v2\/tags?post=19931"}],"curies":[{"name":"wp","href":"https:\/\/api.w.org\/{rel}","templated":true}]}}