{"id":19949,"date":"2014-10-17T11:15:55","date_gmt":"2014-10-17T14:15:55","guid":{"rendered":"https:\/\/www.blogsoestado.com\/danielmatos\/?p=19949"},"modified":"2014-10-17T11:15:55","modified_gmt":"2014-10-17T14:15:55","slug":"acusado-de-matar-dois-policiais-militares-e-condenado-em-santa-helena","status":"publish","type":"post","link":"https:\/\/www.blogsoestado.com\/danielmatos\/acusado-de-matar-dois-policiais-militares-e-condenado-em-santa-helena\/","title":{"rendered":"Acusado de matar dois policiais militares \u00e9 condenado em Santa Helena"},"content":{"rendered":"<p>O juiz Ant\u00f4nio Agenor Gomes, titular de Santa Helena, realizou na quarta-feira (15) uma sess\u00e3o do Tribunal do J\u00fari. No banco dos r\u00e9us, Paulo S\u00e9rgio Silva, considerado culpado pelo conselho de senten\u00e7a e condenado \u00e0 pena de 36 anos de pris\u00e3o, a ser cumprida inicialmente fechado. Paulo S\u00e9rgio foi julgado pela morte dos policiais militares C\u00edrio Edson Correa Pereira e Mousaniel Carvalho Mota. O duplo assassinato ocorreu em abril de 2007.<\/p>\n<p>Consta na den\u00fancia que o acusado havia matado a companheira, no Povoado Faxina. Os policiais, ent\u00e3o, foram \u00e0 sua captura. Paulo S\u00e9rgio estava escondido debaixo da cama, na casa de uma irm\u00e3, quando os policiais chegaram. Um dos policiais, Edson C\u00edrio, se agachou para falar com o acusado, sendo alvejado. Em seguida, o policial Mousaniel levantou o colch\u00e3o, tamb\u00e9m sendo alvejado e depois conduzido ao hospital, aonde faleceu.<\/p>\n<p>Os policiais, em seguida, atearam fogo na casa, obrigando Paulo S\u00e9rgio a sair. Na tentativa de prend\u00ea-lo sem utilizar a for\u00e7a, C\u00edrio Edson foi novamente alvejado, desta vez no rosto, tamb\u00e9m sendo levado para o hospital. O policial n\u00e3o resistiu aos ferimentos e morreu. O acusado conseguiu fugir dos policiais, somente sendo capturado em 2012, na cidade de Bonito, no Par\u00e1, e conduzido para a Penitenci\u00e1ria de Pedrinhas, em S\u00e3o Lu\u00eds.<\/p>\n<p>Paulo S\u00e9rgio Silva foi considerado culpado pelos dois crimes por maioria dos jurados, reconhecendo-o como autor dos homic\u00eddios qualificados e por motivo f\u00fatil sem chance de defesa. Pela morte de Edson C\u00edrio, ele levou a pena de 18 anos, e pela morte de Mousaniel, a pena tamb\u00e9m foi de 18 anos. O acusado n\u00e3o poder\u00e1 recorrer em liberdade.<\/p>\n<p>Al\u00e9m do juiz Ant\u00f4nio Agenor Gomes, presidente da sess\u00e3o, atuaram no julgamento o promotor de Justi\u00e7a Andr\u00e9 Oliveira e na defesa o advogado Henrique Moreira Filho.<\/p>\n<p><strong>Fonte:<\/strong> Corregedoria Geral de Justi\u00e7a<\/p>\n","protected":false},"excerpt":{"rendered":"<p>O juiz Ant\u00f4nio Agenor Gomes, titular de Santa Helena, realizou na quarta-feira (15) uma sess\u00e3o do Tribunal do J\u00fari. No [&hellip;]<\/p>\n","protected":false},"author":0,"featured_media":0,"comment_status":"open","ping_status":"open","sticky":false,"template":"","format":"standard","meta":{"site-sidebar-layout":"default","site-content-layout":"","ast-site-content-layout":"default","site-content-style":"default","site-sidebar-style":"default","ast-global-header-display":"","ast-banner-title-visibility":"","ast-main-header-display":"","ast-hfb-above-header-display":"","ast-hfb-below-header-display":"","ast-hfb-mobile-header-display":"","site-post-title":"","ast-breadcrumbs-content":"","ast-featured-img":"","footer-sml-layout":"","ast-disable-related-posts":"","theme-transparent-header-meta":"","adv-header-id-meta":"","stick-header-meta":"","header-above-stick-meta":"","header-main-stick-meta":"","header-below-stick-meta":"","astra-migrate-meta-layouts":"default","ast-page-background-enabled":"default","ast-page-background-meta":{"desktop":{"background-color":"var(--ast-global-color-5)","background-image":"","background-repeat":"repeat","background-position":"center center","background-size":"auto","background-attachment":"scroll","background-type":"","background-media":"","overlay-type":"","overlay-color":"","overlay-opacity":"","overlay-gradient":""},"tablet":{"background-color":"","background-image":"","background-repeat":"repeat","background-position":"center center","background-size":"auto","background-attachment":"scroll","background-type":"","background-media":"","overlay-type":"","overlay-color":"","overlay-opacity":"","overlay-gradient":""},"mobile":{"background-color":"","background-image":"","background-repeat":"repeat","background-position":"center center","background-size":"auto","background-attachment":"scroll","background-type":"","background-media":"","overlay-type":"","overlay-color":"","overlay-opacity":"","overlay-gradient":""}},"ast-content-background-meta":{"desktop":{"background-color":"var(--ast-global-color-4)","background-image":"","background-repeat":"repeat","background-position":"center center","background-size":"auto","background-attachment":"scroll","background-type":"","background-media":"","overlay-type":"","overlay-color":"","overlay-opacity":"","overlay-gradient":""},"tablet":{"background-color":"var(--ast-global-color-4)","background-image":"","background-repeat":"repeat","background-position":"center center","background-size":"auto","background-attachment":"scroll","background-type":"","background-media":"","overlay-type":"","overlay-color":"","overlay-opacity":"","overlay-gradient":""},"mobile":{"background-color":"var(--ast-global-color-4)","background-image":"","background-repeat":"repeat","background-position":"center center","background-size":"auto","background-attachment":"scroll","background-type":"","background-media":"","overlay-type":"","overlay-color":"","overlay-opacity":"","overlay-gradient":""}},"footnotes":""},"categories":[1],"tags":[],"class_list":["post-19949","post","type-post","status-publish","format-standard","hentry","category-sem-categoria"],"yoast_head":"<!-- This site is optimized with the Yoast SEO plugin v26.6 - https:\/\/yoast.com\/wordpress\/plugins\/seo\/ -->\n<title>Acusado de matar dois policiais militares \u00e9 condenado em Santa Helena - Daniel Matos<\/title>\n<meta name=\"robots\" content=\"index, follow, max-snippet:-1, max-image-preview:large, max-video-preview:-1\" \/>\n<link rel=\"canonical\" href=\"https:\/\/www.blogsoestado.com\/danielmatos\/acusado-de-matar-dois-policiais-militares-e-condenado-em-santa-helena\/\" \/>\n<meta property=\"og:locale\" content=\"pt_BR\" \/>\n<meta property=\"og:type\" content=\"article\" \/>\n<meta property=\"og:title\" content=\"Acusado de matar dois policiais militares \u00e9 condenado em Santa Helena - Daniel Matos\" \/>\n<meta property=\"og:description\" content=\"O juiz Ant\u00f4nio Agenor Gomes, titular de Santa Helena, realizou na quarta-feira (15) uma sess\u00e3o do Tribunal do J\u00fari. No [&hellip;]\" \/>\n<meta property=\"og:url\" content=\"https:\/\/www.blogsoestado.com\/danielmatos\/acusado-de-matar-dois-policiais-militares-e-condenado-em-santa-helena\/\" \/>\n<meta property=\"og:site_name\" content=\"Daniel Matos\" \/>\n<meta property=\"article:published_time\" content=\"2014-10-17T14:15:55+00:00\" \/>\n<meta name=\"twitter:card\" content=\"summary_large_image\" \/>\n<meta name=\"twitter:label1\" content=\"Est. tempo de leitura\" \/>\n\t<meta name=\"twitter:data1\" content=\"2 minutos\" \/>\n<script type=\"application\/ld+json\" class=\"yoast-schema-graph\">{\"@context\":\"https:\/\/schema.org\",\"@graph\":[{\"@type\":\"WebPage\",\"@id\":\"https:\/\/www.blogsoestado.com\/danielmatos\/acusado-de-matar-dois-policiais-militares-e-condenado-em-santa-helena\/\",\"url\":\"https:\/\/www.blogsoestado.com\/danielmatos\/acusado-de-matar-dois-policiais-militares-e-condenado-em-santa-helena\/\",\"name\":\"Acusado de matar dois policiais militares \u00e9 condenado em Santa Helena - Daniel Matos\",\"isPartOf\":{\"@id\":\"https:\/\/www.blogsoestado.com\/danielmatos\/#website\"},\"datePublished\":\"2014-10-17T14:15:55+00:00\",\"author\":{\"@id\":\"\"},\"breadcrumb\":{\"@id\":\"https:\/\/www.blogsoestado.com\/danielmatos\/acusado-de-matar-dois-policiais-militares-e-condenado-em-santa-helena\/#breadcrumb\"},\"inLanguage\":\"pt-BR\",\"potentialAction\":[{\"@type\":\"ReadAction\",\"target\":[\"https:\/\/www.blogsoestado.com\/danielmatos\/acusado-de-matar-dois-policiais-militares-e-condenado-em-santa-helena\/\"]}]},{\"@type\":\"BreadcrumbList\",\"@id\":\"https:\/\/www.blogsoestado.com\/danielmatos\/acusado-de-matar-dois-policiais-militares-e-condenado-em-santa-helena\/#breadcrumb\",\"itemListElement\":[{\"@type\":\"ListItem\",\"position\":1,\"name\":\"In\u00edcio\",\"item\":\"https:\/\/www.blogsoestado.com\/danielmatos\/\"},{\"@type\":\"ListItem\",\"position\":2,\"name\":\"Acusado de matar dois policiais militares \u00e9 condenado em Santa Helena\"}]},{\"@type\":\"WebSite\",\"@id\":\"https:\/\/www.blogsoestado.com\/danielmatos\/#website\",\"url\":\"https:\/\/www.blogsoestado.com\/danielmatos\/\",\"name\":\"Daniel Matos\",\"description\":\"\",\"potentialAction\":[{\"@type\":\"SearchAction\",\"target\":{\"@type\":\"EntryPoint\",\"urlTemplate\":\"https:\/\/www.blogsoestado.com\/danielmatos\/?s={search_term_string}\"},\"query-input\":{\"@type\":\"PropertyValueSpecification\",\"valueRequired\":true,\"valueName\":\"search_term_string\"}}],\"inLanguage\":\"pt-BR\"}]}<\/script>\n<!-- \/ Yoast SEO plugin. -->","yoast_head_json":{"title":"Acusado de matar dois policiais militares \u00e9 condenado em Santa Helena - Daniel Matos","robots":{"index":"index","follow":"follow","max-snippet":"max-snippet:-1","max-image-preview":"max-image-preview:large","max-video-preview":"max-video-preview:-1"},"canonical":"https:\/\/www.blogsoestado.com\/danielmatos\/acusado-de-matar-dois-policiais-militares-e-condenado-em-santa-helena\/","og_locale":"pt_BR","og_type":"article","og_title":"Acusado de matar dois policiais militares \u00e9 condenado em Santa Helena - Daniel Matos","og_description":"O juiz Ant\u00f4nio Agenor Gomes, titular de Santa Helena, realizou na quarta-feira (15) uma sess\u00e3o do Tribunal do J\u00fari. No [&hellip;]","og_url":"https:\/\/www.blogsoestado.com\/danielmatos\/acusado-de-matar-dois-policiais-militares-e-condenado-em-santa-helena\/","og_site_name":"Daniel Matos","article_published_time":"2014-10-17T14:15:55+00:00","twitter_card":"summary_large_image","twitter_misc":{"Est. tempo de leitura":"2 minutos"},"schema":{"@context":"https:\/\/schema.org","@graph":[{"@type":"WebPage","@id":"https:\/\/www.blogsoestado.com\/danielmatos\/acusado-de-matar-dois-policiais-militares-e-condenado-em-santa-helena\/","url":"https:\/\/www.blogsoestado.com\/danielmatos\/acusado-de-matar-dois-policiais-militares-e-condenado-em-santa-helena\/","name":"Acusado de matar dois policiais militares \u00e9 condenado em Santa Helena - Daniel Matos","isPartOf":{"@id":"https:\/\/www.blogsoestado.com\/danielmatos\/#website"},"datePublished":"2014-10-17T14:15:55+00:00","author":{"@id":""},"breadcrumb":{"@id":"https:\/\/www.blogsoestado.com\/danielmatos\/acusado-de-matar-dois-policiais-militares-e-condenado-em-santa-helena\/#breadcrumb"},"inLanguage":"pt-BR","potentialAction":[{"@type":"ReadAction","target":["https:\/\/www.blogsoestado.com\/danielmatos\/acusado-de-matar-dois-policiais-militares-e-condenado-em-santa-helena\/"]}]},{"@type":"BreadcrumbList","@id":"https:\/\/www.blogsoestado.com\/danielmatos\/acusado-de-matar-dois-policiais-militares-e-condenado-em-santa-helena\/#breadcrumb","itemListElement":[{"@type":"ListItem","position":1,"name":"In\u00edcio","item":"https:\/\/www.blogsoestado.com\/danielmatos\/"},{"@type":"ListItem","position":2,"name":"Acusado de matar dois policiais militares \u00e9 condenado em Santa Helena"}]},{"@type":"WebSite","@id":"https:\/\/www.blogsoestado.com\/danielmatos\/#website","url":"https:\/\/www.blogsoestado.com\/danielmatos\/","name":"Daniel Matos","description":"","potentialAction":[{"@type":"SearchAction","target":{"@type":"EntryPoint","urlTemplate":"https:\/\/www.blogsoestado.com\/danielmatos\/?s={search_term_string}"},"query-input":{"@type":"PropertyValueSpecification","valueRequired":true,"valueName":"search_term_string"}}],"inLanguage":"pt-BR"}]}},"jetpack_featured_media_url":"","_links":{"self":[{"href":"https:\/\/www.blogsoestado.com\/danielmatos\/wp-json\/wp\/v2\/posts\/19949","targetHints":{"allow":["GET"]}}],"collection":[{"href":"https:\/\/www.blogsoestado.com\/danielmatos\/wp-json\/wp\/v2\/posts"}],"about":[{"href":"https:\/\/www.blogsoestado.com\/danielmatos\/wp-json\/wp\/v2\/types\/post"}],"replies":[{"embeddable":true,"href":"https:\/\/www.blogsoestado.com\/danielmatos\/wp-json\/wp\/v2\/comments?post=19949"}],"version-history":[{"count":0,"href":"https:\/\/www.blogsoestado.com\/danielmatos\/wp-json\/wp\/v2\/posts\/19949\/revisions"}],"wp:attachment":[{"href":"https:\/\/www.blogsoestado.com\/danielmatos\/wp-json\/wp\/v2\/media?parent=19949"}],"wp:term":[{"taxonomy":"category","embeddable":true,"href":"https:\/\/www.blogsoestado.com\/danielmatos\/wp-json\/wp\/v2\/categories?post=19949"},{"taxonomy":"post_tag","embeddable":true,"href":"https:\/\/www.blogsoestado.com\/danielmatos\/wp-json\/wp\/v2\/tags?post=19949"}],"curies":[{"name":"wp","href":"https:\/\/api.w.org\/{rel}","templated":true}]}}