{"id":19951,"date":"2014-10-17T16:18:34","date_gmt":"2014-10-17T19:18:34","guid":{"rendered":"https:\/\/www.blogsoestado.com\/danielmatos\/?p=19951"},"modified":"2014-10-17T16:18:34","modified_gmt":"2014-10-17T19:18:34","slug":"paco-do-lumiar-retoma-servico-de-coleta-de-lixo","status":"publish","type":"post","link":"https:\/\/www.blogsoestado.com\/danielmatos\/paco-do-lumiar-retoma-servico-de-coleta-de-lixo\/","title":{"rendered":"Pa\u00e7o do Lumiar retoma servi\u00e7o de coleta de lixo"},"content":{"rendered":"<figure id=\"attachment_19952\" aria-describedby=\"caption-attachment-19952\" style=\"width: 640px\" class=\"wp-caption aligncenter\"><a href=\"https:\/\/www.blogsoestado.com\/danielmatos\/files\/2014\/10\/pa\u00e7o-coleta-retoma.jpg\"><img fetchpriority=\"high\" decoding=\"async\" class=\"size-full wp-image-19952\" src=\"https:\/\/www.blogsoestado.com\/danielmatos\/files\/2014\/10\/pa\u00e7o-coleta-retoma.jpg\" alt=\"For\u00e7a tarefa pretende retirar todo lixo acumulado durante os dias de paralisa\u00e7\u00e3o\" width=\"640\" height=\"466\" \/><\/a><figcaption id=\"caption-attachment-19952\" class=\"wp-caption-text\">For\u00e7a tarefa pretende retirar todo lixo acumulado na cidade durante os dias de paralisa\u00e7\u00e3o<\/figcaption><\/figure>\n<p>A Prefeitura de Pa\u00e7o do Lumiar retomou no in\u00edcio da tarde desta sexta-feira, 17\/10, o servi\u00e7o de coleta de lixo em todo o munic\u00edpio. O servi\u00e7o estava comprometido h\u00e1 aproximadamente uma semana por conta do bloqueio da estrada de acesso ao lix\u00e3o do Munic\u00edpio, situado na \u00e1rea do Igua\u00edba.<\/p>\n<p>Ap\u00f3s audi\u00eancia com o representante dos moradores de Igua\u00edba e Pindoba, na manh\u00e3 de hoje, a gest\u00e3o municipal designou uma for\u00e7a tarefa para o recolhimento de todo o lixo acumulado nas ruas do Munic\u00edpio durante os dias de paralisa\u00e7\u00e3o.<\/p>\n<p>A secret\u00e1ria de Infraestrutura, Urbanismo, Transporte e Tr\u00e2nsito, Andreia Feitosa, refor\u00e7ou que a gest\u00e3o sempre manteve um di\u00e1logo com os moradores da Pindoba e Igua\u00edba, regi\u00e3o onde est\u00e1 localizado o lix\u00e3o, no sentido de se chegar um consenso e regularizar o servi\u00e7o o mais r\u00e1pido poss\u00edvel.<\/p>\n<p>\u201cO lix\u00e3o est\u00e1 estabelecido h\u00e1 mais de 13 anos na regi\u00e3o, e \u00e9 considerado um problema de sa\u00fade p\u00fablica. Mas, em cumprimento \u00e0 Lei Nacional de Pol\u00edticas de Res\u00edduos S\u00f3lidos e objetivando sanar, tamb\u00e9m, os impactos ambientais, estamos finalizando o Plano Municipal que prev\u00ea pol\u00edticas de sele\u00e7\u00e3o, coleta, reciclagem e instala\u00e7\u00e3o do aterro\u201d, frisou Andreia Feitosa, que afirmou ainda, a ci\u00eancia e participa\u00e7\u00e3o das comunidades no processo de elabora\u00e7\u00e3o e discuss\u00e3o do plano.<\/p>\n<p><strong>Catadores <\/strong><\/p>\n<p>A Secretaria Municipal de Desenvolvimento Social (Semdes) vem dando apoio aos catadores de materiais recicl\u00e1veis do munic\u00edpio, por meio do programa Pro Catadores, com a realiza\u00e7\u00e3o de reuni\u00f5es, oficinas e capacita\u00e7\u00f5es, no sentido de sensibiliz\u00e1-los para a regulariza\u00e7\u00e3o e formaliza\u00e7\u00e3o da atividade econ\u00f4mica que desenvolvem.<\/p>\n<p>O Pro Catadores \u00e9 desenvolvido pela Secretaria de Estado do Trabalho e da Economia Solid\u00e1ria \u2013 Setres em parceria com a Prefeitura, para auxiliar este momento de transi\u00e7\u00e3o para a nova Pol\u00edtica Nacional dos Res\u00edduos S\u00f3lidos, criada pela Lei Federal n\u00ba 12.305. A lei determina o fechamento de todos os lix\u00f5es e aterros sanit\u00e1rios do pa\u00eds.<\/p>\n<p>O PMRS de Pa\u00e7o do Lumiar est\u00e1 a disposi\u00e7\u00e3o para consulta e questionamentos no sitio eletr\u00f4nico <a href=\"http:\/\/www.pacodolumiar.ma.gov.br\" target=\"_blank\">www.pacodolumiar.ma.gov.br<\/a>.<\/p>\n","protected":false},"excerpt":{"rendered":"<p>A Prefeitura de Pa\u00e7o do Lumiar retomou no in\u00edcio da tarde desta sexta-feira, 17\/10, o servi\u00e7o de coleta de lixo [&hellip;]<\/p>\n","protected":false},"author":0,"featured_media":0,"comment_status":"open","ping_status":"open","sticky":false,"template":"","format":"standard","meta":{"site-sidebar-layout":"default","site-content-layout":"","ast-site-content-layout":"default","site-content-style":"default","site-sidebar-style":"default","ast-global-header-display":"","ast-banner-title-visibility":"","ast-main-header-display":"","ast-hfb-above-header-display":"","ast-hfb-below-header-display":"","ast-hfb-mobile-header-display":"","site-post-title":"","ast-breadcrumbs-content":"","ast-featured-img":"","footer-sml-layout":"","ast-disable-related-posts":"","theme-transparent-header-meta":"","adv-header-id-meta":"","stick-header-meta":"","header-above-stick-meta":"","header-main-stick-meta":"","header-below-stick-meta":"","astra-migrate-meta-layouts":"default","ast-page-background-enabled":"default","ast-page-background-meta":{"desktop":{"background-color":"var(--ast-global-color-5)","background-image":"","background-repeat":"repeat","background-position":"center center","background-size":"auto","background-attachment":"scroll","background-type":"","background-media":"","overlay-type":"","overlay-color":"","overlay-opacity":"","overlay-gradient":""},"tablet":{"background-color":"","background-image":"","background-repeat":"repeat","background-position":"center center","background-size":"auto","background-attachment":"scroll","background-type":"","background-media":"","overlay-type":"","overlay-color":"","overlay-opacity":"","overlay-gradient":""},"mobile":{"background-color":"","background-image":"","background-repeat":"repeat","background-position":"center center","background-size":"auto","background-attachment":"scroll","background-type":"","background-media":"","overlay-type":"","overlay-color":"","overlay-opacity":"","overlay-gradient":""}},"ast-content-background-meta":{"desktop":{"background-color":"var(--ast-global-color-4)","background-image":"","background-repeat":"repeat","background-position":"center center","background-size":"auto","background-attachment":"scroll","background-type":"","background-media":"","overlay-type":"","overlay-color":"","overlay-opacity":"","overlay-gradient":""},"tablet":{"background-color":"var(--ast-global-color-4)","background-image":"","background-repeat":"repeat","background-position":"center center","background-size":"auto","background-attachment":"scroll","background-type":"","background-media":"","overlay-type":"","overlay-color":"","overlay-opacity":"","overlay-gradient":""},"mobile":{"background-color":"var(--ast-global-color-4)","background-image":"","background-repeat":"repeat","background-position":"center center","background-size":"auto","background-attachment":"scroll","background-type":"","background-media":"","overlay-type":"","overlay-color":"","overlay-opacity":"","overlay-gradient":""}},"footnotes":""},"categories":[1],"tags":[],"class_list":["post-19951","post","type-post","status-publish","format-standard","hentry","category-sem-categoria"],"yoast_head":"<!-- This site is optimized with the Yoast SEO plugin v26.6 - https:\/\/yoast.com\/wordpress\/plugins\/seo\/ -->\n<title>Pa\u00e7o do Lumiar retoma servi\u00e7o de coleta de lixo - Daniel Matos<\/title>\n<meta name=\"robots\" content=\"index, follow, max-snippet:-1, max-image-preview:large, max-video-preview:-1\" \/>\n<link rel=\"canonical\" href=\"https:\/\/www.blogsoestado.com\/danielmatos\/paco-do-lumiar-retoma-servico-de-coleta-de-lixo\/\" \/>\n<meta property=\"og:locale\" content=\"pt_BR\" \/>\n<meta property=\"og:type\" content=\"article\" \/>\n<meta property=\"og:title\" content=\"Pa\u00e7o do Lumiar retoma servi\u00e7o de coleta de lixo - Daniel Matos\" \/>\n<meta property=\"og:description\" content=\"A Prefeitura de Pa\u00e7o do Lumiar retomou no in\u00edcio da tarde desta sexta-feira, 17\/10, o servi\u00e7o de coleta de lixo [&hellip;]\" \/>\n<meta property=\"og:url\" content=\"https:\/\/www.blogsoestado.com\/danielmatos\/paco-do-lumiar-retoma-servico-de-coleta-de-lixo\/\" \/>\n<meta property=\"og:site_name\" content=\"Daniel Matos\" \/>\n<meta property=\"article:published_time\" content=\"2014-10-17T19:18:34+00:00\" \/>\n<meta name=\"twitter:card\" content=\"summary_large_image\" \/>\n<meta name=\"twitter:label1\" content=\"Est. tempo de leitura\" \/>\n\t<meta name=\"twitter:data1\" content=\"2 minutos\" \/>\n<script type=\"application\/ld+json\" class=\"yoast-schema-graph\">{\"@context\":\"https:\/\/schema.org\",\"@graph\":[{\"@type\":\"WebPage\",\"@id\":\"https:\/\/www.blogsoestado.com\/danielmatos\/paco-do-lumiar-retoma-servico-de-coleta-de-lixo\/\",\"url\":\"https:\/\/www.blogsoestado.com\/danielmatos\/paco-do-lumiar-retoma-servico-de-coleta-de-lixo\/\",\"name\":\"Pa\u00e7o do Lumiar retoma servi\u00e7o de coleta de lixo - Daniel Matos\",\"isPartOf\":{\"@id\":\"https:\/\/www.blogsoestado.com\/danielmatos\/#website\"},\"datePublished\":\"2014-10-17T19:18:34+00:00\",\"author\":{\"@id\":\"\"},\"breadcrumb\":{\"@id\":\"https:\/\/www.blogsoestado.com\/danielmatos\/paco-do-lumiar-retoma-servico-de-coleta-de-lixo\/#breadcrumb\"},\"inLanguage\":\"pt-BR\",\"potentialAction\":[{\"@type\":\"ReadAction\",\"target\":[\"https:\/\/www.blogsoestado.com\/danielmatos\/paco-do-lumiar-retoma-servico-de-coleta-de-lixo\/\"]}]},{\"@type\":\"BreadcrumbList\",\"@id\":\"https:\/\/www.blogsoestado.com\/danielmatos\/paco-do-lumiar-retoma-servico-de-coleta-de-lixo\/#breadcrumb\",\"itemListElement\":[{\"@type\":\"ListItem\",\"position\":1,\"name\":\"In\u00edcio\",\"item\":\"https:\/\/www.blogsoestado.com\/danielmatos\/\"},{\"@type\":\"ListItem\",\"position\":2,\"name\":\"Pa\u00e7o do Lumiar retoma servi\u00e7o de coleta de lixo\"}]},{\"@type\":\"WebSite\",\"@id\":\"https:\/\/www.blogsoestado.com\/danielmatos\/#website\",\"url\":\"https:\/\/www.blogsoestado.com\/danielmatos\/\",\"name\":\"Daniel Matos\",\"description\":\"\",\"potentialAction\":[{\"@type\":\"SearchAction\",\"target\":{\"@type\":\"EntryPoint\",\"urlTemplate\":\"https:\/\/www.blogsoestado.com\/danielmatos\/?s={search_term_string}\"},\"query-input\":{\"@type\":\"PropertyValueSpecification\",\"valueRequired\":true,\"valueName\":\"search_term_string\"}}],\"inLanguage\":\"pt-BR\"}]}<\/script>\n<!-- \/ Yoast SEO plugin. -->","yoast_head_json":{"title":"Pa\u00e7o do Lumiar retoma servi\u00e7o de coleta de lixo - Daniel Matos","robots":{"index":"index","follow":"follow","max-snippet":"max-snippet:-1","max-image-preview":"max-image-preview:large","max-video-preview":"max-video-preview:-1"},"canonical":"https:\/\/www.blogsoestado.com\/danielmatos\/paco-do-lumiar-retoma-servico-de-coleta-de-lixo\/","og_locale":"pt_BR","og_type":"article","og_title":"Pa\u00e7o do Lumiar retoma servi\u00e7o de coleta de lixo - Daniel Matos","og_description":"A Prefeitura de Pa\u00e7o do Lumiar retomou no in\u00edcio da tarde desta sexta-feira, 17\/10, o servi\u00e7o de coleta de lixo [&hellip;]","og_url":"https:\/\/www.blogsoestado.com\/danielmatos\/paco-do-lumiar-retoma-servico-de-coleta-de-lixo\/","og_site_name":"Daniel Matos","article_published_time":"2014-10-17T19:18:34+00:00","twitter_card":"summary_large_image","twitter_misc":{"Est. tempo de leitura":"2 minutos"},"schema":{"@context":"https:\/\/schema.org","@graph":[{"@type":"WebPage","@id":"https:\/\/www.blogsoestado.com\/danielmatos\/paco-do-lumiar-retoma-servico-de-coleta-de-lixo\/","url":"https:\/\/www.blogsoestado.com\/danielmatos\/paco-do-lumiar-retoma-servico-de-coleta-de-lixo\/","name":"Pa\u00e7o do Lumiar retoma servi\u00e7o de coleta de lixo - Daniel Matos","isPartOf":{"@id":"https:\/\/www.blogsoestado.com\/danielmatos\/#website"},"datePublished":"2014-10-17T19:18:34+00:00","author":{"@id":""},"breadcrumb":{"@id":"https:\/\/www.blogsoestado.com\/danielmatos\/paco-do-lumiar-retoma-servico-de-coleta-de-lixo\/#breadcrumb"},"inLanguage":"pt-BR","potentialAction":[{"@type":"ReadAction","target":["https:\/\/www.blogsoestado.com\/danielmatos\/paco-do-lumiar-retoma-servico-de-coleta-de-lixo\/"]}]},{"@type":"BreadcrumbList","@id":"https:\/\/www.blogsoestado.com\/danielmatos\/paco-do-lumiar-retoma-servico-de-coleta-de-lixo\/#breadcrumb","itemListElement":[{"@type":"ListItem","position":1,"name":"In\u00edcio","item":"https:\/\/www.blogsoestado.com\/danielmatos\/"},{"@type":"ListItem","position":2,"name":"Pa\u00e7o do Lumiar retoma servi\u00e7o de coleta de lixo"}]},{"@type":"WebSite","@id":"https:\/\/www.blogsoestado.com\/danielmatos\/#website","url":"https:\/\/www.blogsoestado.com\/danielmatos\/","name":"Daniel Matos","description":"","potentialAction":[{"@type":"SearchAction","target":{"@type":"EntryPoint","urlTemplate":"https:\/\/www.blogsoestado.com\/danielmatos\/?s={search_term_string}"},"query-input":{"@type":"PropertyValueSpecification","valueRequired":true,"valueName":"search_term_string"}}],"inLanguage":"pt-BR"}]}},"jetpack_featured_media_url":"","_links":{"self":[{"href":"https:\/\/www.blogsoestado.com\/danielmatos\/wp-json\/wp\/v2\/posts\/19951","targetHints":{"allow":["GET"]}}],"collection":[{"href":"https:\/\/www.blogsoestado.com\/danielmatos\/wp-json\/wp\/v2\/posts"}],"about":[{"href":"https:\/\/www.blogsoestado.com\/danielmatos\/wp-json\/wp\/v2\/types\/post"}],"replies":[{"embeddable":true,"href":"https:\/\/www.blogsoestado.com\/danielmatos\/wp-json\/wp\/v2\/comments?post=19951"}],"version-history":[{"count":0,"href":"https:\/\/www.blogsoestado.com\/danielmatos\/wp-json\/wp\/v2\/posts\/19951\/revisions"}],"wp:attachment":[{"href":"https:\/\/www.blogsoestado.com\/danielmatos\/wp-json\/wp\/v2\/media?parent=19951"}],"wp:term":[{"taxonomy":"category","embeddable":true,"href":"https:\/\/www.blogsoestado.com\/danielmatos\/wp-json\/wp\/v2\/categories?post=19951"},{"taxonomy":"post_tag","embeddable":true,"href":"https:\/\/www.blogsoestado.com\/danielmatos\/wp-json\/wp\/v2\/tags?post=19951"}],"curies":[{"name":"wp","href":"https:\/\/api.w.org\/{rel}","templated":true}]}}